{"id":988,"date":"2020-08-26T15:53:55","date_gmt":"2020-08-26T15:53:55","guid":{"rendered":"https:\/\/concejocuruzucuatia.gob.ar\/wp\/2020\/08\/26\/informe-de-prensa-hcd-sesion-26-de-agosto-de-2020\/"},"modified":"2020-08-26T15:53:55","modified_gmt":"2020-08-26T15:53:55","slug":"informe-de-prensa-hcd-sesion-26-de-agosto-de-2020","status":"publish","type":"post","link":"https:\/\/concejocuruzucuatia.gob.ar\/wp\/2020\/08\/26\/informe-de-prensa-hcd-sesion-26-de-agosto-de-2020\/","title":{"rendered":"Informe de Prensa HCD \/ Sesi\u00f3n 26 de agosto de 2020"},"content":{"rendered":"<p class=\"MsoNormal\" style=\"text-align: justify;\"><img decoding=\"async\" src=\"images\/260820-sesion-3.jpg\" alt=\"\" \/><\/p>\n<p>\u00a0<span style=\"font-size: 12.0pt; line-height: 115%; font-family: 'Arial','sans-serif';\">A las 10hs. del mi\u00e9rcoles 26 de agosto, el presidente del cuerpo Sr. Marcos Isusi y la prosecretaria Dra. Priscila Fonseca, con la ausencia justificada del concejal Santini, dieron inicio a la sesi\u00f3n del d\u00eda de la fecha.\u00a0<\/span><\/p>\n<p>\u00a0<\/p>\n<p class=\"MsoNormal\" style=\"text-align: justify;\"><span style=\"font-size: 12.0pt; line-height: 115%; font-family: 'Arial','sans-serif';\">La concejal Quiroz hizo uso del art. 132 del reglamento interno, para recordar que el pasado 23 de agosto se celebr\u00f3 el d\u00eda del Deportista Trasplantado en conmemoraci\u00f3n de la primera vez que se realizaron en Latinoam\u00e9rica los \u201cJuegos Mundiales para Trasplantados\u201d y el otro tema que trajo al recinto fue la preocupaci\u00f3n de los incendios forestales que azotan en la provincia de corrientes, dejando como mensaje que se tome conciencia del da\u00f1o.<span style=\"mso-spacerun: yes;\">\u00a0\u00a0 <\/span><\/span><\/p>\n<p>\u00a0<\/p>\n<p class=\"MsoNormal\" style=\"text-align: justify;\"><span style=\"font-size: 12.0pt; line-height: 115%; font-family: 'Arial','sans-serif';\">Primeramente someti\u00f3 a votaci\u00f3n el orden del d\u00eda el que fue aprobado un\u00e1nimemente. <\/span><\/p>\n<p>\u00a0<\/p>\n<p class=\"MsoNormal\" style=\"text-align: justify;\"><span style=\"font-size: 12.0pt; line-height: 115%; font-family: 'Arial','sans-serif';\">A continuaci\u00f3n se trat\u00f3 el primer punto referido a la lectura y consideraci\u00f3n del acta N\u00ba 1548, la que fue aprobada.<\/span><\/p>\n<p>\u00a0<\/p>\n<p class=\"MsoNormal\" style=\"text-align: justify;\"><span style=\"font-size: 12.0pt; line-height: 115%; font-family: 'Arial','sans-serif';\">El 2\u00b0 punto tratado fue el de los despachos de la comisi\u00f3n de Presupuesto, el Expte. N\u00b0 5342\/2020 referido a la Resoluci\u00f3n del DEM, de observar parcialmente la Ordenanza 3.229\/2020. La concejal Muller coment\u00f3 que luego de ver las observaciones del DEM, se trabaj\u00f3 en ello por ello se solicita el acompa\u00f1amiento de los Sres. concejales para su aprobaci\u00f3n solicitando se apruebe con vistos y considerandos. El presidente somete a votaci\u00f3n la que es aprobada un\u00e1nimemente.<\/span><\/p>\n<p>\u00a0<\/p>\n<p class=\"MsoNormal\" style=\"text-align: justify;\"><span style=\"font-size: 12.0pt; line-height: 115%; font-family: 'Arial','sans-serif';\"><span style=\"mso-spacerun: yes;\">\u00a0<\/span><\/span><\/p>\n<p>\u00a0<\/p>\n<p class=\"MsoNormal\" style=\"text-align: center;\" align=\"center\"><span style=\"font-size: 12.0pt; line-height: 115%; font-family: 'Arial','sans-serif';\">EL HONORABLE CONCEJO DELIBERANTE<\/span><\/p>\n<p>\u00a0<\/p>\n<p class=\"MsoNormal\" style=\"text-align: center;\" align=\"center\"><span style=\"font-size: 12.0pt; line-height: 115%; font-family: 'Arial','sans-serif';\">DE CURUZ\u00da CUATI\u00c1<\/span><\/p>\n<p>\u00a0<\/p>\n<p class=\"MsoNormal\" style=\"text-align: center;\" align=\"center\"><span style=\"font-size: 12.0pt; line-height: 115%; font-family: 'Arial','sans-serif';\">SANCIONA CON FUERZA DE<\/span><\/p>\n<p>\u00a0<\/p>\n<p class=\"MsoNormal\" style=\"text-align: center;\" align=\"center\"><span style=\"font-size: 12.0pt; line-height: 115%; font-family: 'Arial','sans-serif';\">ORDENANZA<\/span><\/p>\n<p>\u00a0<\/p>\n<p class=\"MsoNormal\" style=\"text-align: justify;\"><span style=\"font-size: 12.0pt; line-height: 115%; font-family: 'Arial','sans-serif';\">\u00a0<\/span><\/p>\n<p>\u00a0<\/p>\n<p class=\"MsoNormal\" style=\"text-align: justify;\"><span style=\"font-size: 12.0pt; line-height: 115%; font-family: 'Arial','sans-serif';\">Art.1\u00b0.- EST\u00c1N EXENTOS del pago del impuesto a los Automotores y otros Rodados, los modelos cuyos a\u00f1os de fabricaci\u00f3n superen los 20 a\u00f1os.<\/span><\/p>\n<p>\u00a0<\/p>\n<p class=\"MsoNormal\" style=\"text-align: justify;\"><span style=\"font-size: 12.0pt; line-height: 115%; font-family: 'Arial','sans-serif';\">\u00a0<\/span><\/p>\n<p>\u00a0<\/p>\n<p class=\"MsoNormal\" style=\"text-align: justify;\"><span style=\"font-size: 12.0pt; line-height: 115%; font-family: 'Arial','sans-serif';\">Art. 2\u00b0.- EL BENEFICIO establecido por la presente, tendr\u00e1 vigencia a partir del 01 de enero de 2021.-<\/span><\/p>\n<p>\u00a0<\/p>\n<p class=\"MsoNormal\" style=\"text-align: justify;\"><span style=\"font-size: 12.0pt; line-height: 115%; font-family: 'Arial','sans-serif';\">\u00a0<\/span><\/p>\n<p>\u00a0<\/p>\n<p class=\"MsoNormal\" style=\"text-align: justify;\"><span style=\"font-size: 12.0pt; line-height: 115%; font-family: 'Arial','sans-serif';\">Art. 3\u00b0.- De Forma.-<\/span><\/p>\n<p>\u00a0<\/p>\n<p class=\"MsoNormal\" style=\"text-align: justify;\"><span style=\"font-size: 12.0pt; line-height: 115%; font-family: 'Arial','sans-serif';\">\u00a0<img decoding=\"async\" src=\"images\/260820-sesion-4.jpg\" alt=\"\" \/><\/span><\/p>\n<p>\u00a0<\/p>\n<p class=\"MsoNormal\" style=\"text-align: justify;\"><span style=\"font-size: 12.0pt; line-height: 115%; font-family: 'Arial','sans-serif';\">Luego se trat\u00f3 el despacho de la comisi\u00f3n de peticiones, el Expte.<span style=\"mso-spacerun: yes;\">\u00a0 <\/span>N\u00b0 5110\/19 referido a la Nota del<span style=\"mso-spacerun: yes;\">\u00a0 <\/span>Defensor del Pueblo, solicitando se evalu\u00e9 el dictado de un protocolo ante la situaci\u00f3n de violencia de g\u00e9nero, la concejal Muller explic\u00f3 que se solicita el pase a archivo del mismo por caducidad de tratamiento, el que es aprobado.<\/span><\/p>\n<p>\u00a0<\/p>\n<p class=\"MsoNormal\" style=\"text-align: justify;\"><span style=\"font-size: 12.0pt; line-height: 115%; font-family: 'Arial','sans-serif';\">El mismo tratamiento tuvieron los expedientes de la comisi\u00f3n de obras, el concejal Ortiz coment\u00f3 que seg\u00fan lo establece el art\u00edculo 69 del reglamento interno caducaron por no tener tratamiento. El Expte. N\u00b0 5146\/19, nota de los propietarios de los lotes ubicado al sureste del ejido de Curuz\u00fa Cuati\u00e1, solicitando prestaci\u00f3n de servicios correspondientes y el Expte. N\u00b0 5160\/19 Nota de los vecinos del Barrio Centenario solicitando, autorizaci\u00f3n para el uso de la vereda. Pasaron a archivo.<\/span><\/p>\n<p>\u00a0<\/p>\n<p class=\"MsoNormal\" style=\"text-align: justify;\"><span style=\"font-size: 12.0pt; line-height: 115%; font-family: 'Arial','sans-serif';\">\u00a0<img decoding=\"async\" src=\"images\/260820-sesion-2.jpg\" alt=\"\" \/><\/span><\/p>\n<p>\u00a0<\/p>\n<p class=\"MsoNormal\" style=\"text-align: justify;\"><span style=\"font-size: 12.0pt; line-height: 115%; font-family: 'Arial','sans-serif';\">El 3\u00b0 punto tratado fue el de proyectos ingresados, de Ordenanza del<span style=\"mso-spacerun: yes;\">\u00a0 <\/span>Bloque<span style=\"mso-spacerun: yes;\">\u00a0 <\/span>Proyecto Corrientes, de Designar<span style=\"mso-spacerun: yes;\">\u00a0 <\/span>con el nombre de \u201cPA\u00cd JULIAN ZINI\u201d a la calle p\u00fablica ubicada al norte de la manzana N\u00b0 832 de esta ciudad, pas\u00f3 a comisi\u00f3n de Gobierno.<\/span><\/p>\n<p>\u00a0<\/p>\n<p class=\"MsoNormal\" style=\"text-align: justify;\"><span style=\"font-size: 12.0pt; line-height: 115%; font-family: 'Arial','sans-serif';\">Del<span style=\"mso-spacerun: yes;\">\u00a0 <\/span>Bloque<span style=\"mso-spacerun: yes;\">\u00a0 <\/span>Peronismo de Todos, de Declarar<span style=\"mso-spacerun: yes;\">\u00a0 <\/span>aplicable al sistema municipal de la salud p\u00fablica las disposiciones de la Ley Nacional N\u00b0 27.350 de \u201cInvestigaci\u00f3n M\u00e9dica y Cient\u00edfica del Uso Medicinal de la Planta de Cannabis y sus derivados\u201d,<span style=\"mso-spacerun: yes;\">\u00a0 <\/span>y La Ley Provincial N\u00b0 6.457, pas\u00f3 a comisi\u00f3n de Gobierno y Salud.<\/span><\/p>\n<p>\u00a0<\/p>\n<p class=\"MsoNormal\" style=\"text-align: justify;\"><span style=\"font-size: 12.0pt; line-height: 115%; font-family: 'Arial','sans-serif';\">Proyectos ingresados de Resoluci\u00f3n, del Bloque Peronismo de Todos, de requerir<span style=\"mso-spacerun: yes;\">\u00a0 <\/span>al Intendente Municipal el inmediato cumplimiento de lo dispuesto por el Art. 149 de la Carta Org\u00e1nica, pas\u00f3 a comisi\u00f3n de Gobierno. <\/span><\/p>\n<p>\u00a0<\/p>\n<p class=\"MsoNormal\" style=\"text-align: justify;\"><span style=\"font-size: 12.0pt; line-height: 115%; font-family: 'Arial','sans-serif';\">Del Bloque<span style=\"mso-spacerun: yes;\">\u00a0\u00a0 <\/span>Partido Justicialista,<span style=\"mso-spacerun: yes;\">\u00a0 <\/span>de solicitar<span style=\"mso-spacerun: yes;\">\u00a0 <\/span>al Ejecutivo Municipal informe al HCD<span style=\"mso-spacerun: yes;\">\u00a0 <\/span>los datos de la empresa encargada del mantenimiento de c\u00e1maras, domos de seguridad,<span style=\"mso-spacerun: yes;\">\u00a0 <\/span>monto y modo en que se abona el mismo, pas\u00f3 a comisi\u00f3n de Presupuesto.<\/span><\/p>\n<p>\u00a0<\/p>\n<p class=\"MsoNormal\" style=\"text-align: justify;\"><span style=\"font-size: 12.0pt; line-height: 115%; font-family: 'Arial','sans-serif';\">Solicitar<span style=\"mso-spacerun: yes;\">\u00a0 <\/span>al gobierno de la provincia de Corrientes, el dominio de los lotes 3, 4, 5, 6 y parte del 18 ubicado en la manzana N\u00b0 621 del Barrio Abel Grela, en la intersecci\u00f3n de las calles Per\u00fa y Ecuador, pas\u00f3 a comisi\u00f3n de Gobierno.<\/span><\/p>\n<p>\u00a0<\/p>\n<p class=\"MsoNormal\" style=\"text-align: justify;\"><span style=\"font-size: 12.0pt; line-height: 115%; font-family: 'Arial','sans-serif';\">Solicitar<span style=\"mso-spacerun: yes;\">\u00a0 <\/span>al ejecutivo municipal a trav\u00e9s del \u00e1rea de bromatolog\u00eda, brinde informaci\u00f3n al HCD sobre las actuaciones realizadas el s\u00e1bado 22 de agosto y madrugada del domingo 23 en el domicilio ubicado en Ber\u00f3n de Astrada<span style=\"mso-spacerun: yes;\">\u00a0 <\/span>al 1.200. La concejal Marchi mocion\u00f3<span style=\"mso-spacerun: yes;\">\u00a0 <\/span>por su tratamiento sobre tablas y la concejal Naya el pase a comisi\u00f3n de Gobierno. El presidente pone a consideraci\u00f3n y se aprueba su pase a comisi\u00f3n de gobierno por 7 votos positivos a 3 negativos.<span style=\"mso-spacerun: yes;\">\u00a0 <\/span><\/span><\/p>\n<p>\u00a0<\/p>\n<p class=\"MsoNormal\" style=\"text-align: justify;\"><span style=\"font-size: 12.0pt; line-height: 115%; font-family: 'Arial','sans-serif';\">\u00a0<img decoding=\"async\" src=\"images\/260820-sesion-1.jpg\" alt=\"\" \/><\/span><\/p>\n<p>\u00a0<\/p>\n<p class=\"MsoNormal\" style=\"text-align: justify;\"><span style=\"font-size: 12.0pt; line-height: 115%; font-family: 'Arial','sans-serif';\">El 4\u00b0 punto tratado de comunicaciones oficiales, del DEM los Boletines<span style=\"mso-spacerun: yes;\">\u00a0\u00a0 <\/span>Oficiales: N\u00b0 3.320 y N\u00b0 3.321, quedaron en secretar\u00eda.<\/span><\/p>\n<p>\u00a0<\/p>\n<p class=\"MsoNormal\" style=\"text-align: justify;\"><span style=\"font-size: 12.0pt; line-height: 115%; font-family: 'Arial','sans-serif';\">Adjuntando, Pliego de Bases y Condiciones referente a la Licitaci\u00f3n P\u00fablica Nacional 01\/2020, autorizada por la Ordenanza N\u00b0 3.254, pas\u00f3 a comisi\u00f3n de Gobierno y Presupuesto.<\/span><\/p>\n<p>\u00a0<\/p>\n<p class=\"MsoNormal\" style=\"text-align: justify;\"><span style=\"font-size: 12.0pt; line-height: 115%; font-family: 'Arial','sans-serif';\">De Auditoria Municipal, Nota de la Auditora Suplente Cdra. Nilda M. Victoria Ocampo: Modificando su opini\u00f3n adversa respecto al dictamen sobre los periodos<span style=\"mso-spacerun: yes;\">\u00a0 <\/span>del a\u00f1o 2018, pas\u00f3 a comisi\u00f3n de Control.<\/span><\/p>\n<p>\u00a0<\/p>\n<p class=\"MsoNormal\" style=\"text-align: justify;\"><span style=\"font-size: 12.0pt; line-height: 115%; font-family: 'Arial','sans-serif';\">De la Secretar\u00eda de Econom\u00eda y Finanzas,<span style=\"mso-spacerun: yes;\">\u00a0 <\/span>informando los movimientos asignados al H.C.D, en el per\u00edodo Junio 2020 e<span style=\"mso-spacerun: yes;\">\u00a0 <\/span>informando los movimientos asignados al H.C.D, en el per\u00edodo Julio 2020, pas\u00f3 a comisi\u00f3n de Control.<\/span><\/p>\n<p>\u00a0<\/p>\n<p class=\"MsoNormal\" style=\"text-align: justify;\"><span style=\"font-size: 12.0pt; line-height: 115%; font-family: 'Arial','sans-serif';\">Luego se trat\u00f3 el 5\u00b0 punto notas privadas, de la Sra. Rojas Marta solicitando se revea<span style=\"mso-spacerun: yes;\">\u00a0 <\/span>el Anexo del Art. 9 a la Ord. N\u00b0 984, por considerarlo arbitrario, pas\u00f3 a comisi\u00f3n de Gobierno.<\/span><\/p>\n<p>\u00a0<\/p>\n<p class=\"MsoNormal\" style=\"text-align: justify;\"><span style=\"font-size: 12.0pt; line-height: 115%; font-family: 'Arial','sans-serif';\">De la Dra. Mar\u00eda Bel\u00e9n Blanco: Solicitando se evite un mayor da\u00f1o ecol\u00f3gico por la tala realizada en el Parque Mitre, pas\u00f3 a comisi\u00f3n de Medio Ambiente.<\/span><\/p>\n<p>\u00a0<\/p>\n<p class=\"MsoNormal\" style=\"text-align: justify;\"><span style=\"font-size: 12.0pt; line-height: 115%; font-family: 'Arial','sans-serif';\">Del Se\u00f1or Lapalma Miguel Crist\u00f3bal: Solicitando condonaci\u00f3n de deuda, pas\u00f3 a comisi\u00f3n de Presupuesto.<\/span><\/p>\n<p>\u00a0<\/p>\n<p class=\"MsoNormal\" style=\"text-align: justify;\"><span style=\"font-size: 12.0pt; line-height: 115%; font-family: 'Arial','sans-serif';\">Del Se\u00f1or Cabrera Ram\u00f3n: Solicitando condonaci\u00f3n de deuda, pas\u00f3 a comisi\u00f3n de Presupuesto.<\/span><\/p>\n<p>\u00a0<\/p>\n<p class=\"MsoNormal\" style=\"text-align: justify;\"><span style=\"font-size: 12.0pt; line-height: 115%; font-family: 'Arial','sans-serif';\">De los Vecinos del Barrio Intendente Dr. Eugenio Grela: Solicitando que les<span style=\"mso-spacerun: yes;\">\u00a0 <\/span>cedan el terreno ubicado al costado del JIN 44, para la construcci\u00f3n de un dispensario o plaza, pas\u00f3 a comisi\u00f3n de Gobierno adjuntando al expediente existente.<\/span><\/p>\n<p>\u00a0<\/p>\n<p class=\"MsoNormal\" style=\"text-align: justify;\"><span style=\"font-size: 12.0pt; line-height: 115%; font-family: 'Arial','sans-serif';\">De la Sra. Sandra Isabel Mart\u00ednez: Repudio a la Ordenanza 3258\/2020, sancionada por el HCD el d\u00eda 19 de Agosto del 2020, pas\u00f3 a comisi\u00f3n de Gobierno.<\/span><\/p>\n<p>\u00a0<\/p>\n<p class=\"MsoNormal\" style=\"text-align: justify;\"><span style=\"font-size: 12.0pt; line-height: 115%; font-family: 'Arial','sans-serif';\">Del Delegado de la Sede Regional de Curuz\u00fa Cuati\u00e1 de la UCP: Invitando a participar el 3 y 4 de septiembre de la actividad virtual organizada junto con<span style=\"mso-spacerun: yes;\">\u00a0 <\/span>el Banco de Sangre de la Provincia de Corrientes para fomentar la donaci\u00f3n de sangre , plasma y c\u00e9lulas madre.<\/span><\/p>\n<p class=\"MsoNormal\" style=\"text-align: justify;\"><span style=\"font-size: 12.0pt; line-height: 115%; font-family: 'Arial','sans-serif';\"><img decoding=\"async\" src=\"images\/260820-sesion-5.jpg\" alt=\"\" \/><\/span><\/p>\n<p>\u00a0<\/p>\n<p class=\"MsoNormal\" style=\"text-align: justify;\"><span style=\"font-size: 12.0pt; line-height: 115%; font-family: 'Arial','sans-serif';\">El 6\u00b0 punto Resoluciones del DEM:<\/span><\/p>\n<p>\u00a0<\/p>\n<p class=\"MsoNormal\" style=\"text-align: justify;\"><span style=\"font-size: 12.0pt; line-height: 115%; font-family: 'Arial','sans-serif';\">6\u00b0.- RESOLUCIONES DEL DEM:<\/span><\/p>\n<p>\u00a0<\/p>\n<p class=\"MsoNormal\" style=\"text-align: justify;\"><span style=\"font-size: 12.0pt; line-height: 115%; font-family: 'Arial','sans-serif';\">N\u00b0<span style=\"mso-spacerun: yes;\">\u00a0 <\/span>289: Adjudicaci\u00f3n<span style=\"mso-spacerun: yes;\">\u00a0 <\/span>de la camioneta KIA K2500.<\/span><\/p>\n<p>\u00a0<\/p>\n<p class=\"MsoNormal\" style=\"text-align: justify;\"><span style=\"font-size: 12.0pt; line-height: 115%; font-family: 'Arial','sans-serif';\">N\u00b0 290: Instruir informaci\u00f3n sumaria al agente municipal Sra. Botello Myriam Itat\u00ed. <\/span><\/p>\n<p>\u00a0<\/p>\n<p class=\"MsoNormal\" style=\"text-align: justify;\"><span style=\"font-size: 12.0pt; line-height: 115%; font-family: 'Arial','sans-serif';\">N\u00b0 291: Promulgar y Ordenar<span style=\"mso-spacerun: yes;\">\u00a0 <\/span>la publicaci\u00f3n en el Bolet\u00edn Oficial de la Ordenanza N\u00b0 3.257.<\/span><\/p>\n<p>\u00a0<\/p>\n<p class=\"MsoNormal\" style=\"text-align: justify;\"><span style=\"font-size: 12.0pt; line-height: 115%; font-family: 'Arial','sans-serif';\">N\u00b0 292: Promulgar y Ordenar<span style=\"mso-spacerun: yes;\">\u00a0 <\/span>la publicaci\u00f3n en el Bolet\u00edn Oficial de la Ordenanza N\u00b0 3.256.<\/span><\/p>\n<p>\u00a0<\/p>\n<p class=\"MsoNormal\" style=\"text-align: justify;\"><span style=\"font-size: 12.0pt; line-height: 115%; font-family: 'Arial','sans-serif';\">N\u00b0 293: Promulgar y Ordenar<span style=\"mso-spacerun: yes;\">\u00a0 <\/span>la publicaci\u00f3n en el Bolet\u00edn Oficial de la Ordenanza N\u00b0 3.255.<\/span><\/p>\n<p>\u00a0<\/p>\n<p class=\"MsoNormal\" style=\"text-align: justify;\"><span style=\"font-size: 12.0pt; line-height: 115%; font-family: 'Arial','sans-serif';\">N\u00b0 294: Promulgar y Ordenar<span style=\"mso-spacerun: yes;\">\u00a0 <\/span>la publicaci\u00f3n en el Bolet\u00edn Oficial de la Ordenanza N\u00b0<span style=\"mso-spacerun: yes;\">\u00a0 <\/span>3.253.<\/span><\/p>\n<p>\u00a0<\/p>\n<p class=\"MsoNormal\" style=\"text-align: justify;\"><span style=\"font-size: 12.0pt; line-height: 115%; font-family: 'Arial','sans-serif';\">N\u00b0 295: Promulgar y Ordenar<span style=\"mso-spacerun: yes;\">\u00a0 <\/span>la publicaci\u00f3n en el Bolet\u00edn Oficial de la Ordenanza N\u00b0 3.254.<\/span><\/p>\n<p>\u00a0<\/p>\n<p class=\"MsoNormal\" style=\"text-align: justify;\"><span style=\"font-size: 12.0pt; line-height: 115%; font-family: 'Arial','sans-serif';\">N\u00b0<span style=\"mso-spacerun: yes;\">\u00a0 <\/span>296: Adjudicar oferta a Mauro Hern\u00e1n Ruiz.<\/span><\/p>\n<p>\u00a0<\/p>\n<p class=\"MsoNormal\" style=\"text-align: justify;\"><span style=\"font-size: 12.0pt; line-height: 115%; font-family: 'Arial','sans-serif';\">N\u00b0 297: Autorizar la compra de Piedra Destape Triturado, para la realizaci\u00f3n de la obra de enripiado.<\/span><\/p>\n<p>\u00a0<\/p>\n<p class=\"MsoNormal\" style=\"text-align: justify;\"><span style=\"font-size: 12.0pt; line-height: 115%; font-family: 'Arial','sans-serif';\">N\u00b0<span style=\"mso-spacerun: yes;\">\u00a0 <\/span>298: Otorgar ayuda econ\u00f3mica a la Sra. Silvia Godoy.<\/span><\/p>\n<p>\u00a0<\/p>\n<p class=\"MsoNormal\" style=\"text-align: justify;\"><span style=\"font-size: 12.0pt; line-height: 115%; font-family: 'Arial','sans-serif';\">N\u00b0 299: Promulgar y Ordenar<span style=\"mso-spacerun: yes;\">\u00a0 <\/span>la publicaci\u00f3n en el Bolet\u00edn Oficial de la Ordenanza N\u00b0 3.259.<\/span><\/p>\n<p>\u00a0<\/p>\n<p class=\"MsoNormal\" style=\"text-align: justify;\"><span style=\"font-size: 12.0pt; line-height: 115%; font-family: 'Arial','sans-serif';\">N\u00b0<span style=\"mso-spacerun: yes;\">\u00a0 <\/span>300: Otorgar ayuda econ\u00f3mica a la Sra. Valeria Ledesma.<\/span><\/p>\n<p>\u00a0<\/p>\n<p class=\"MsoNormal\" style=\"text-align: justify;\"><span style=\"font-size: 12.0pt; line-height: 115%; font-family: 'Arial','sans-serif';\">N\u00b0<span style=\"mso-spacerun: yes;\">\u00a0 <\/span>301: Otorgar ayuda econ\u00f3mica a la Sra. Silvia Mart\u00ednez.<\/span><\/p>\n<p>\u00a0<\/p>\n<p class=\"MsoNormal\" style=\"text-align: justify;\"><span style=\"font-size: 12.0pt; line-height: 115%; font-family: 'Arial','sans-serif';\">N\u00b0<span style=\"mso-spacerun: yes;\">\u00a0 <\/span>302: Otorgar ayuda econ\u00f3mica al Sr. Cresp\u00edn Odulio Maciel<\/span><\/p>\n<p>\u00a0<\/p>\n<p class=\"MsoNormal\" style=\"text-align: justify;\"><span style=\"font-size: 12.0pt; line-height: 115%; font-family: 'Arial','sans-serif';\">N\u00b0<span style=\"mso-spacerun: yes;\">\u00a0 <\/span>303: Otorgar ayuda econ\u00f3mica a la Sra. Noelia Sol\u00eds.<\/span><\/p>\n<p>\u00a0<\/p>\n<p class=\"MsoNormal\" style=\"text-align: justify;\"><span style=\"font-size: 12.0pt; line-height: 115%; font-family: 'Arial','sans-serif';\">N\u00b0 304: Obs\u00e9rvese la Ordenanza N\u00b0 3.258\/2020 sancionada por el Honorable Concejo Deliberante, pas\u00f3 a comisi\u00f3n de Gobierno.<\/span><\/p>\n<p>\u00a0<\/p>\n<p class=\"MsoNormal\" style=\"text-align: justify;\"><span style=\"font-size: 12.0pt; line-height: 115%; font-family: 'Arial','sans-serif';\">N\u00b0<span style=\"mso-spacerun: yes;\">\u00a0 <\/span>305: Otorgar ayuda econ\u00f3mica a la Sra. Elisa S\u00e1nchez Escurra.<\/span><\/p>\n<p>\u00a0<\/p>\n<p class=\"MsoNormal\" style=\"text-align: justify;\"><span style=\"font-size: 12.0pt; line-height: 115%; font-family: 'Arial','sans-serif';\">\u00a0<\/span><\/p>\n<p>\u00a0<\/p>\n<p class=\"MsoNormal\" style=\"text-align: justify;\"><span style=\"font-size: 12.0pt; line-height: 115%; font-family: 'Arial','sans-serif';\">El concejal Farinon solicit\u00f3 un cuarto intermedio, el que fue aprobado en el que se le escuch\u00f3 al Sr. Almiron presidente de la comisi\u00f3n de los barrios 30 y 12 viviendas.<\/span><\/p>\n<p>\u00a0<\/p>\n<p class=\"MsoNormal\" style=\"text-align: justify;\"><span style=\"font-size: 12.0pt; line-height: 115%; font-family: 'Arial','sans-serif';\">Para finalizar el presidente convoc\u00f3 a los se\u00f1ores concejales para el mi\u00e9rcoles 2 de septiembre del 2020 a las 10hs en el recinto de sesiones.<\/span><\/p>\n","protected":false},"excerpt":{"rendered":"<p class=\"MsoNormal\" style=\"text-align: justify;\"><img decoding=\"async\" src=\"images\/260820-sesion-3.jpg\" alt=\"\" \/><\/p>\n<p>\u00a0<span style=\"font-size: 12.0pt; line-height: 115%; font-family: 'Arial','sans-serif';\">A las 10hs. del mi\u00e9rcoles 26 de agosto, el presidente del cuerpo Sr. Marcos Isusi y la prosecretaria Dra. Priscila Fonseca, con la ausencia justificada del concejal Santini, dieron inicio a la sesi\u00f3n del d\u00eda de la fecha.\u00a0<\/span><\/p>\n","protected":false},"author":1,"featured_media":987,"comment_status":"open","ping_status":"open","sticky":false,"template":"","format":"standard","meta":{"footnotes":""},"categories":[3],"tags":[],"class_list":["post-988","post","type-post","status-publish","format-standard","has-post-thumbnail","hentry","category-uncategorised"],"brizy_media":[],"_links":{"self":[{"href":"https:\/\/concejocuruzucuatia.gob.ar\/wp\/wp-json\/wp\/v2\/posts\/988","targetHints":{"allow":["GET"]}}],"collection":[{"href":"https:\/\/concejocuruzucuatia.gob.ar\/wp\/wp-json\/wp\/v2\/posts"}],"about":[{"href":"https:\/\/concejocuruzucuatia.gob.ar\/wp\/wp-json\/wp\/v2\/types\/post"}],"author":[{"embeddable":true,"href":"https:\/\/concejocuruzucuatia.gob.ar\/wp\/wp-json\/wp\/v2\/users\/1"}],"replies":[{"embeddable":true,"href":"https:\/\/concejocuruzucuatia.gob.ar\/wp\/wp-json\/wp\/v2\/comments?post=988"}],"version-history":[{"count":0,"href":"https:\/\/concejocuruzucuatia.gob.ar\/wp\/wp-json\/wp\/v2\/posts\/988\/revisions"}],"wp:featuredmedia":[{"embeddable":true,"href":"https:\/\/concejocuruzucuatia.gob.ar\/wp\/wp-json\/wp\/v2\/media\/987"}],"wp:attachment":[{"href":"https:\/\/concejocuruzucuatia.gob.ar\/wp\/wp-json\/wp\/v2\/media?parent=988"}],"wp:term":[{"taxonomy":"category","embeddable":true,"href":"https:\/\/concejocuruzucuatia.gob.ar\/wp\/wp-json\/wp\/v2\/categories?post=988"},{"taxonomy":"post_tag","embeddable":true,"href":"https:\/\/concejocuruzucuatia.gob.ar\/wp\/wp-json\/wp\/v2\/tags?post=988"}],"curies":[{"name":"wp","href":"https:\/\/api.w.org\/{rel}","templated":true}]}}