{"id":974,"date":"2020-08-05T15:27:39","date_gmt":"2020-08-05T15:27:39","guid":{"rendered":"https:\/\/concejocuruzucuatia.gob.ar\/wp\/2020\/08\/05\/informe-de-prensa-hcd-sesion-5-de-agosto-de-2020\/"},"modified":"2020-08-05T15:27:39","modified_gmt":"2020-08-05T15:27:39","slug":"informe-de-prensa-hcd-sesion-5-de-agosto-de-2020","status":"publish","type":"post","link":"https:\/\/concejocuruzucuatia.gob.ar\/wp\/2020\/08\/05\/informe-de-prensa-hcd-sesion-5-de-agosto-de-2020\/","title":{"rendered":"Informe de Prensa HCD \/ Sesi\u00f3n 5 de agosto de 2020"},"content":{"rendered":"<p class=\"MsoNormal\" style=\"text-align: center;\"><img decoding=\"async\" src=\"images\/050820-sesion--1.jpg\" alt=\"\" \/><\/p>\n<p class=\"MsoNormal\" style=\"text-align: justify;\"><span style=\"font-size: 12.0pt; line-height: 115%; font-family: 'Arial','sans-serif';\">A las 10hs. del mi\u00e9rcoles 5 de agosto, el presidente del cuerpo Sr. Marcos Isusi y la pro secretaria Dra. Priscila Fonseca, con la totalidad de los concejales presentes, se dio inicio a la sesi\u00f3n del d\u00eda de la fecha.<\/span><\/p>\n<p class=\"MsoNormal\" style=\"text-align: justify;\"><span style=\"font-family: Arial, sans-serif;\"><span style=\"font-size: 16px;\">Luego el presidente someti\u00f3 a votaci\u00f3n el orden del d\u00eda el que fue aprobado un\u00e1nimemente.\u00a0<\/span><\/span><\/p>\n<p class=\"MsoNormal\" style=\"text-align: justify;\"><span style=\"font-family: Arial, sans-serif;\"><span style=\"font-size: 16px;\">A continuaci\u00f3n se trat\u00f3 el primer punto referido a la lectura y consideraci\u00f3n del acta N\u00ba 1545, la que fue aprobada.<\/span><\/span><\/p>\n<p class=\"MsoNormal\" style=\"text-align: justify;\"><span style=\"font-family: Arial, sans-serif;\"><span style=\"font-size: 16px;\">El 2\u00b0 punto tratado fue de los despachos, primeramente de la comisi\u00f3n de Gobierno, el concejal Santini solicit\u00f3 la palabra y explic\u00f3 que los siguientes expedientes ya fueron solucionados, algunos se cumplieron y otros vencidos, por ello solicit\u00f3 el pase a archivo de los siguientes expedientes:<\/span><\/span><\/p>\n<p class=\"MsoNormal\" style=\"text-align: justify;\"><span style=\"font-family: Arial, sans-serif;\"><span style=\"font-size: 16px;\">Expte.\u00a0 N\u00b0 5081\/19 referido a la nota de Asesor\u00eda Legal remitiendo nota del Defensor del Pueblo, solicitando Protocolo para prevenci\u00f3n, detecci\u00f3n y abordaje de violencia de g\u00e9nero.<\/span><\/span><\/p>\n<p class=\"MsoNormal\" style=\"text-align: justify;\"><span style=\"font-family: Arial, sans-serif;\"><span style=\"font-size: 16px;\">Expte.\u00a0 N\u00b0 5097\/19 sobre la nota al Presidente de la Comisi\u00f3n de Barrio 216 Viv., Solicitudes varias.<\/span><\/span><\/p>\n<p class=\"MsoNormal\" style=\"text-align: justify;\"><span style=\"font-family: Arial, sans-serif;\"><span style=\"font-size: 16px;\">Expte.\u00a0 N\u00b0 5114\/19 de la solicitud de documentaci\u00f3n a la Direcci\u00f3n de Personal.<\/span><\/span><\/p>\n<p class=\"MsoNormal\" style=\"text-align: justify;\"><span style=\"font-family: Arial, sans-serif;\"><span style=\"font-size: 16px;\">Expte. N\u00b0 5129\/19 en relaci\u00f3n al proyecto de Resoluci\u00f3n Bloque PJ, convocar a una reuni\u00f3n con los cuerpos que conforman\u00a0 el Concejo de Seguridad.<\/span><\/span><\/p>\n<p class=\"MsoNormal\" style=\"text-align: justify;\"><span style=\"font-family: Arial, sans-serif;\"><span style=\"font-size: 16px;\">Expte. N\u00b0 5133\/19 sobre la nota de vecinos de la Primera Secci\u00f3n Chacra Sur, solicitando extensi\u00f3n del recorrido del colectivo urbano.<\/span><\/span><\/p>\n<p class=\"MsoNormal\" style=\"text-align: justify;\"><span style=\"font-family: Arial, sans-serif;\"><span style=\"font-size: 16px;\">Expte.\u00a0 N\u00b0 5153\/19 en referencia a la nota de los Vecinos del Barrio\u00a0 Yagu\u00e1 Rinc\u00f3n, solicitando extensi\u00f3n de recorrido del colectivo urbano de L\u00ednea 1 y agregar contenedor de residuos.<\/span><\/span><\/p>\n<p class=\"MsoNormal\" style=\"text-align: justify;\"><span style=\"font-family: Arial, sans-serif;\"><span style=\"font-size: 16px;\">Expte.\u00a0 N\u00b0 5157\/19 notas de padres del Colegio Mam\u00e1 Margarita, solicitando una soluci\u00f3n para el ascenso y descenso de alumnos.<\/span><\/span><\/p>\n<p class=\"MsoNormal\" style=\"text-align: justify;\"><span style=\"font-family: Arial, sans-serif;\"><span style=\"font-size: 16px;\">Expte.\u00a0 N\u00b0 5165\/19 referido a la nota del Defensor del Pueblo, solicitando se evalu\u00e9 el dictado de ordenanza\u00a0 que establezca una medida de fomento para el reciclado de residuos.<\/span><\/span><\/p>\n<p class=\"MsoNormal\" style=\"text-align: justify;\"><span style=\"font-family: Arial, sans-serif;\"><span style=\"font-size: 16px;\">Expte.\u00a0 N\u00b0 5167\/19 en relaci\u00f3n a la nota de La Casa Partido Dem\u00f3crata Cristiano, referente a tierras municipales.<\/span><\/span><\/p>\n<p class=\"MsoNormal\" style=\"text-align: justify;\"><span style=\"font-family: Arial, sans-serif;\"><span style=\"font-size: 16px;\">Expte. N\u00b0 5169\/19 nota de la Casa De Derechos Humanos solicitando\u00a0 dar nombre a plazoleta.<\/span><\/span><\/p>\n<p class=\"MsoNormal\" style=\"text-align: center;\"><span style=\"font-family: Arial, sans-serif;\"><span style=\"font-size: 16px;\"><img decoding=\"async\" src=\"images\/050820-sesion--3.jpg\" alt=\"\" \/><\/span><\/span><\/p>\n<p class=\"MsoNormal\" style=\"text-align: justify;\"><span style=\"font-family: Arial, sans-serif;\"><span style=\"font-size: 16px;\">Luego se trat\u00f3 el Expte. N\u00b0 5353\/2020 sobre el proyecto de Ordenanza de derogar la Ordenanza N\u00b0 3226, y llamar a Licitaci\u00f3n P\u00fablica para la venta de inmueble terreno de la Municipalidad. El concejal Santini que este despacho es de las dos comisiones de Gobierno y Presupuesto, y coment\u00f3 que este proyecto se corrigi\u00f3 los datos del terreno aprobados en la Ordenanza N\u00b0 3226 y se modific\u00f3 el monto del mismo, por esto pidi\u00f3 el acompa\u00f1amiento de los Sres. concejales. De igual manera la concejal Muller, como miembro informante de la comisi\u00f3n de presupuesto acompa\u00f1\u00f3 lo dicho por el concejal Santini teniendo el mismo despacho. El presidente puso a consideraci\u00f3n y fue aprobada un\u00e1nimemente.<\/span><\/span><\/p>\n<p class=\"MsoNormal\" style=\"text-align: justify;\"><span style=\"font-family: Arial, sans-serif;\"><span style=\"font-size: 16px;\">\u00a0<\/span><\/span><\/p>\n<p class=\"MsoNormal\" style=\"text-align: justify;\"><span style=\"font-family: Arial, sans-serif;\"><span style=\"font-size: 16px;\">POR ELLO<\/span><\/span><\/p>\n<p class=\"MsoNormal\" style=\"text-align: center;\"><span style=\"font-family: Arial, sans-serif;\"><span style=\"font-size: 16px;\">EL HONORABLE CONCEJO DELIBERANTE<\/span><\/span><\/p>\n<p class=\"MsoNormal\" style=\"text-align: center;\"><span style=\"font-family: Arial, sans-serif;\"><span style=\"font-size: 16px;\">DE CURUZ\u00da CUATI\u00c1<\/span><\/span><\/p>\n<p class=\"MsoNormal\" style=\"text-align: center;\"><span style=\"font-family: Arial, sans-serif;\"><span style=\"font-size: 16px;\">SANCIONA CON FUERZA DE\u00a0<\/span><\/span><\/p>\n<p class=\"MsoNormal\" style=\"text-align: center;\"><span style=\"font-family: Arial, sans-serif;\"><span style=\"font-size: 16px;\">ORDENANZA<\/span><\/span><\/p>\n<p class=\"MsoNormal\"><span style=\"font-family: Arial, sans-serif;\"><span style=\"font-size: 16px;\">Art\u00edculo 1\u00b0- Derogar la Ordenanza nro.3226 sancionada por el HCD de Curuz\u00fa Cuati\u00e1.<\/span><\/span><\/p>\n<p class=\"MsoNormal\" style=\"text-align: justify;\"><span style=\"font-family: Arial, sans-serif;\"><span style=\"font-size: 16px;\">Art\u00edculo 2\u00b0- Llamar a licitaci\u00f3n p\u00fablica para la venta de un inmueble individualizado a continuaci\u00f3n: terreno propiedad de la Municipalidad de Curuz\u00fa Cuati\u00e1, Ubicado en la intersecci\u00f3n de las calles Chiclana y Tarrag\u00f3 Ros, en la mza nro. 199 esquina lote B de la mensura nro. 7660- Folio Real matr\u00edcula nro. 10500 a\u00f1o 2014E.M.E partida inmobiliaria E1- 15185-1 con superficie de 1556,25 m2. Con el cargo de la instalaci\u00f3n de una estaci\u00f3n de expendi\u00f3 de GNC y anexos estableciendo como m\u00ednimo un valor de oferta de 10.000.000 (PESOS DIEZ MILLONES), ASIMISMO, AUTORIZAR el uso del suelo del inmueble indicado precedentemente. \u2013<\/span><\/span><\/p>\n<p class=\"MsoNormal\" style=\"text-align: justify;\"><span style=\"font-family: Arial, sans-serif;\"><span style=\"font-size: 16px;\">Art\u00edculo 3\u00b0- Establecer que los fondos resultantes de dicha licitaci\u00f3n y venta tengan como destino espec\u00edfico la formaci\u00f3n de un fondo que permita el otorgamiento de PR\u00c9STAMOS PARA REPARACI\u00d3N DE VIVIENDAS Y CONSTRUCCI\u00d3N DE LAS MISMAS destinados a sectores con escaso acceso al cr\u00e9dito y\/o ADQUISICI\u00d3N DE TERRENOS para id\u00e9ntico objeto. &#8211;<\/span><\/span><\/p>\n<p class=\"MsoNormal\" style=\"text-align: justify;\"><span style=\"font-family: Arial, sans-serif;\"><span style=\"font-size: 16px;\">Articulo 4\u00b0- El marco regulatorio de la presente es la Ordenanza nro.3215\/19.-<\/span><\/span><\/p>\n<p class=\"MsoNormal\" style=\"text-align: justify;\"><span style=\"font-family: Arial, sans-serif;\"><span style=\"font-size: 16px;\">Art\u00edculo 5\u00b0- El DEM tendr\u00e1 a su cargo el pliego de bases y condiciones a las pautas expresadas en los art\u00edculos anteriores Ad Refer\u00e9ndum del HCD.<\/span><\/span><\/p>\n<p class=\"MsoNormal\" style=\"text-align: justify;\"><span style=\"font-family: Arial, sans-serif;\"><span style=\"font-size: 16px;\">Art\u00edculo 6\u00b0- De forma.<\/span><\/span><\/p>\n<p class=\"MsoNormal\" style=\"text-align: justify;\"><span style=\"font-family: Arial, sans-serif;\"><span style=\"font-size: 16px;\">\u00a0<\/span><\/span><\/p>\n<p class=\"MsoNormal\" style=\"text-align: justify;\"><span style=\"font-family: Arial, sans-serif;\"><span style=\"font-size: 16px;\">Luego se trat\u00f3 el Expte. N\u00b0 5355\/2020 sobre el proyecto de Ordenanza modificar el punto 2.2.4 Zona Industrial\u201d Ord. 2410,\u00a0 modificada por la Ordenanza 3140. El concejal Santini expres\u00f3 que como se viene trabajando con los diferentes barrios y en este sector se ubicaron residencias particulares y el proyecto lo que solicita es pasar la zona que figura como industrial a zona urbana especial. Luego de lo expresado el presidente pone a consideraci\u00f3n y es aprobado como ordenanza de manera un\u00e1nime.<\/span><\/span><\/p>\n<p class=\"MsoNormal\" style=\"text-align: justify;\"><span style=\"font-family: Arial, sans-serif;\"><span style=\"font-size: 16px;\">\u00a0<\/span><\/span><\/p>\n<p class=\"MsoNormal\" style=\"text-align: justify;\"><span style=\"font-family: Arial, sans-serif;\"><span style=\"font-size: 16px;\">Por ello<\/span><\/span><\/p>\n<p class=\"MsoNormal\" style=\"text-align: justify;\"><span style=\"font-family: Arial, sans-serif;\"><span style=\"font-size: 16px;\">\u00a0<\/span><\/span><\/p>\n<p class=\"MsoNormal\" style=\"text-align: center;\"><span style=\"font-family: Arial, sans-serif;\"><span style=\"font-size: 16px;\">EL HONORABLE CONCEJO DELIBERANTE<\/span><\/span><\/p>\n<p class=\"MsoNormal\" style=\"text-align: center;\"><span style=\"font-family: Arial, sans-serif;\"><span style=\"font-size: 16px;\">DE CURUZU CUATIA<\/span><\/span><\/p>\n<p class=\"MsoNormal\" style=\"text-align: center;\"><span style=\"font-family: Arial, sans-serif;\"><span style=\"font-size: 16px;\">SANCIONA CON FUERZA DE<\/span><\/span><\/p>\n<p class=\"MsoNormal\" style=\"text-align: center;\"><span style=\"font-family: Arial, sans-serif;\"><span style=\"font-size: 16px;\">ORDENANZA<\/span><\/span><\/p>\n<p class=\"MsoNormal\" style=\"text-align: justify;\"><span style=\"font-family: Arial, sans-serif;\"><span style=\"font-size: 16px;\">Art.1.- MODIFICAR el punto 2.2.4 \u201cZona Industrial de la Ordenanza N\u00b0 2410, modificada por la Ordenanza N\u00b0 3140, que quedar\u00e1 redactada de la siguiente manera:<\/span><\/span><\/p>\n<p class=\"MsoNormal\" style=\"text-align: justify;\"><span style=\"font-family: Arial, sans-serif;\"><span style=\"font-size: 16px;\">\u201c2.2.4- Zona Industrial<\/span><\/span><\/p>\n<p class=\"MsoNormal\" style=\"text-align: justify;\"><span style=\"font-family: Arial, sans-serif;\"><span style=\"font-size: 16px;\">La zona comprende la franja de 300 metros hacia el lado Este y 1.000 metros del lado Oeste de la Ruta Nacional N\u00b0 119 en el trayecto que corresponde a la trama urbana que va de Norte a Sur, exceptuando el sector limitado al Norte: ruta provincial N\u00b0 158; al Oeste: ruta provincial N\u00b0 158; al Sur: calle p\u00fablica y al Este: Ruta Nacional N\u00b0 119,\u00a0 y la franja de 300 metros hacia el norte de la Ruta Provincial N\u00b0 126 y 1000 metros al Sur de la misma, en el trayecto que corresponde a la trama urbana que va de este a oeste. Tambi\u00e9n comprenden los predios de la Sociedad Rural, Frigor\u00edfico Ganadero, ubicados entre la Avenida Mariano Moreno, Ruta Provincial N\u00b0 126, Arroyo Castillo y V\u00edas del Ferrocarril y los inmuebles individualizados\u00a0 con las Adremas E1-2851-3 y E1-2850-3 ubicados sobre la Ruta Provincial N\u00b0 126. De conformidad al croquis que como Anexo \u201cD\u201d forma parte de la presente.\u201d\u00a0 \u00a0\u00a0<\/span><\/span><\/p>\n<p class=\"MsoNormal\" style=\"text-align: justify;\"><span style=\"font-family: Arial, sans-serif;\"><span style=\"font-size: 16px;\">ART. 2\u00b0: MODIFICAR al punto 2.2.5. \u201cZona de Urbanizaci\u00f3n Especial\u201d de la Ordenanza N\u00b0 2410,\u00a0 que quedar\u00e1 redactada de la siguiente manera:<\/span><\/span><\/p>\n<p class=\"MsoNormal\" style=\"text-align: justify;\"><span style=\"font-family: Arial, sans-serif;\"><span style=\"font-size: 16px;\">\u201c2.2.5.\u00a0 \u00a0 \u00a0Zona de Urbanizaci\u00f3n Especial<\/span><\/span><\/p>\n<p class=\"MsoNormal\" style=\"text-align: justify;\"><span style=\"font-family: Arial, sans-serif;\"><span style=\"font-size: 16px;\">Corresponde a terrenos del Ferrocarril Nacional Argentino, predio ubicado entre calle Azcu\u00e9naga (norte), Beruti (sur), Rodr\u00edguez Pe\u00f1a (oeste), y Avda. Alberdi y predio ubicado entre calle Irastorza (norte), El Maestro (sur), Misia Anto\u00f1ita V\u00e1zquez (oeste) y Monteagudo (este), los predios que pertenecen al Ej\u00e9rcito Argentino, ubicados entre calle Don Bosco (norte), Chiclana (sur), ex ruta N\u00ba 14 (oeste) y Avda. Laprida (este) y la zona limitada al Norte: por ruta provincial N\u00b0 158; al Oeste: ruta provincial N\u00b0 158; al Sur: calle p\u00fablica y al Este: Ruta Nacional N\u00b0 119. De conformidad al croquis que como anexo E forma parte de la presente.\u201d<\/span><\/span><\/p>\n<p class=\"MsoNormal\" style=\"text-align: justify;\"><span style=\"font-family: Arial, sans-serif;\"><span style=\"font-size: 16px;\">ART. 3\u00b0 De Forma\u00a0\u00a0<\/span><\/span><\/p>\n<p class=\"MsoNormal\" style=\"text-align: center;\"><span style=\"font-family: Arial, sans-serif;\"><span style=\"font-size: 16px;\"><img decoding=\"async\" src=\"images\/050820-sesion--4.jpg\" alt=\"\" \/><\/span><\/span><\/p>\n<p class=\"MsoNormal\" style=\"text-align: justify;\"><span style=\"font-family: Arial, sans-serif;\"><span style=\"font-size: 16px;\">Para finalizar los despachos de Gobierno se trat\u00f3 el Expte. N\u00b0 5358\/2020 en relaci\u00f3n al proyecto de Ordenanza del Presidente HCD, de designar con el nombre de \u201cPaso Ancho\u201d al grupo habitacional de los Barrios 26, 40 y 76 Viv. El concejal Santini tom\u00f3 la palabra y coment\u00f3 que como se viene trabajando con las comisiones barriales y esto forma parte de un proceso urban\u00edstico y este grupo habitacional no cuenta con un nombre ni sus calles, por ello es importante darles uno. Luego de la lectura del despacho en un cuarto intermedio se modific\u00f3 en el art. 2 Inc. B el nombre de \u201clas v\u00edas\u201d por \u201clos Fresnos\u201d, lo que fue aprobado un\u00e1nimemente la modificaci\u00f3n y luego de sometido en general y particular se aprueba un\u00e1nimemente en primera lectura, fij\u00e1ndose la audiencia p\u00fablica para el d\u00eda 12 de agosto de 2020 a las 9.30hs en el recinto de sesiones.<\/span><\/span><\/p>\n<p class=\"MsoNormal\" style=\"text-align: justify;\"><span style=\"font-family: Arial, sans-serif;\"><span style=\"font-size: 16px;\">\u00a0<\/span><\/span><\/p>\n<p class=\"MsoNormal\" style=\"text-align: center;\"><span style=\"font-family: Arial, sans-serif;\"><span style=\"font-size: 16px;\">ORDENANZA APROBADA EN PRIMERA LECTURA<\/span><\/span><\/p>\n<p class=\"MsoNormal\" style=\"text-align: center;\"><span style=\"font-family: Arial, sans-serif;\"><span style=\"font-size: 16px;\">\u00a0<\/span><\/span><\/p>\n<p class=\"MsoNormal\" style=\"text-align: center;\"><span style=\"font-family: Arial, sans-serif;\"><span style=\"font-size: 16px;\">EL HONORABLE CONCEJO DELIBERANTE<\/span><\/span><\/p>\n<p class=\"MsoNormal\" style=\"text-align: center;\"><span style=\"font-family: Arial, sans-serif;\"><span style=\"font-size: 16px;\">DE CURUZU CUATIA<\/span><\/span><\/p>\n<p class=\"MsoNormal\" style=\"text-align: center;\"><span style=\"font-family: Arial, sans-serif;\"><span style=\"font-size: 16px;\">SANCIONA CON FUERZA DE ORDENANZA<\/span><\/span><\/p>\n<p class=\"MsoNormal\" style=\"text-align: justify;\"><span style=\"font-family: Arial, sans-serif;\"><span style=\"font-size: 16px;\">\u00a0<\/span><\/span><\/p>\n<p class=\"MsoNormal\" style=\"text-align: justify;\"><span style=\"font-family: Arial, sans-serif;\"><span style=\"font-size: 16px;\">ART. 1\u00b0- DESIGNAR con el nombre \u201cPaso Ancho\u201d al grupo habitacional 26,40 y 76 viviendas que comprenden las manzanas 824, 825, 826, 827, 833,834,835,836,837,838,839,841,842,843 del casco de la Ciudad delimitado por v\u00edas de Ferrocarril al Norte, secci\u00f3n Chacra al Este, al Sur Secci\u00f3n Chacra y al Este Secci\u00f3n Chacra.<\/span><\/span><\/p>\n<p class=\"MsoNormal\" style=\"text-align: justify;\"><span style=\"font-family: Arial, sans-serif;\"><span style=\"font-size: 16px;\">ART. 2\u00b0- IMPONER a las calles del Barrio Paso Ancho las denominaciones que se expresan a continuaci\u00f3n, de acuerdo al plano que forma parte de la presente como anexo 1:\u00a0<\/span><\/span><\/p>\n<p class=\"MsoNormal\" style=\"text-align: justify;\"><span style=\"font-family: Arial, sans-serif;\"><span style=\"font-size: 16px;\">a) \u201cJacarand\u00e1\u201d a la calle ubicada al Sur de las Manzanas 835,836,837,838 y 839.<\/span><\/span><\/p>\n<p class=\"MsoNormal\" style=\"text-align: justify;\"><span style=\"font-family: Arial, sans-serif;\"><span style=\"font-size: 16px;\">b) \u201cLos Fresnos\u201d a la calle ubicada al Norte de las Manzanas 833,834,835,836,837,838 y839.<\/span><\/span><\/p>\n<p class=\"MsoNormal\" style=\"text-align: justify;\"><span style=\"font-family: Arial, sans-serif;\"><span style=\"font-size: 16px;\">c) \u201cLapachito\u201d a la calle ubicada al Este de la manzana 835.<\/span><\/span><\/p>\n<p class=\"MsoNormal\" style=\"text-align: justify;\"><span style=\"font-family: Arial, sans-serif;\"><span style=\"font-size: 16px;\">d) \u201cOmb\u00fa\u201d a la calle ubicada al Este de la Manzana 836.<\/span><\/span><\/p>\n<p class=\"MsoNormal\" style=\"text-align: justify;\"><span style=\"font-family: Arial, sans-serif;\"><span style=\"font-size: 16px;\">e) \u201cTimb\u00f3\u201d ubicada al Este de la Manzana 837.<\/span><\/span><\/p>\n<p class=\"MsoNormal\" style=\"text-align: justify;\"><span style=\"font-family: Arial, sans-serif;\"><span style=\"font-size: 16px;\">f) \u201cAromitos\u201d a la calle ubicada al Este de la manzana 838.<\/span><\/span><\/p>\n<p class=\"MsoNormal\" style=\"text-align: justify;\"><span style=\"font-family: Arial, sans-serif;\"><span style=\"font-size: 16px;\">g) \u201cJuncal\u201d a la calle ubicada al Este de la Manzana 825 y 839.<\/span><\/span><\/p>\n<p class=\"MsoNormal\" style=\"text-align: justify;\"><span style=\"font-family: Arial, sans-serif;\"><span style=\"font-size: 16px;\">h) \u201cEspinillo\u201d a la calle ubicada al Este de la Manzana 826.<\/span><\/span><\/p>\n<p class=\"MsoNormal\" style=\"text-align: justify;\"><span style=\"font-family: Arial, sans-serif;\"><span style=\"font-size: 16px;\">i) \u201cLos Sauces\u201d a la calle ubicada al Este de la manzana 841 y 842.<\/span><\/span><\/p>\n<p class=\"MsoNormal\" style=\"text-align: justify;\"><span style=\"font-family: Arial, sans-serif;\"><span style=\"font-size: 16px;\">j) \u201cAlgarrobal\u201d a la calle ubicada al Sur de la Manzana 841 y al Norte de la manzana 842.<\/span><\/span><\/p>\n<p class=\"MsoNormal\" style=\"text-align: justify;\"><span style=\"font-family: Arial, sans-serif;\"><span style=\"font-size: 16px;\">k) \u201cUrunday\u201d a la calle ubicada al Sur de la Manzana 842 y al Norte de la Manzana 834.<\/span><\/span><\/p>\n<p class=\"MsoNormal\" style=\"text-align: justify;\"><span style=\"font-family: Arial, sans-serif;\"><span style=\"font-size: 16px;\">l) \u201cEl Ceibo\u201d a la calle ubicada al Este de las Manzanas 833,834 y 827.<\/span><\/span><\/p>\n<p class=\"MsoNormal\" style=\"text-align: justify;\"><span style=\"font-family: Arial, sans-serif;\"><span style=\"font-size: 16px;\">m) \u201cPalo Borracho\u201d a la calle ubicada al Sur de la Manzana 827.\u00a0 \u00a0<\/span><\/span><\/p>\n<p class=\"MsoNormal\" style=\"text-align: justify;\"><span style=\"font-family: Arial, sans-serif;\"><span style=\"font-size: 16px;\">\u00a0 \u00a0 \u00a0<\/span><\/span><\/p>\n<p class=\"MsoNormal\" style=\"text-align: justify;\"><span style=\"font-family: Arial, sans-serif;\"><span style=\"font-size: 16px;\">ART. 3\u00b0- IMPONER el nombre de \u201cIbir\u00e1 Pit\u00e1\u201d al espacio verde ubicado al norte de la manzana 843, al Este de la manzana 842, al Sur de la manzana 833 y al Oeste de la manzana 841.<\/span><\/span><\/p>\n<p class=\"MsoNormal\" style=\"text-align: justify;\"><span style=\"font-family: Arial, sans-serif;\"><span style=\"font-size: 16px;\">ART. 4\u00b0- DE FORMA. &#8211;<\/span><\/span><\/p>\n<p class=\"MsoNormal\" style=\"text-align: center;\"><span style=\"font-family: Arial, sans-serif;\"><span style=\"font-size: 16px;\"><img decoding=\"async\" src=\"images\/050820-sesion--2.jpg\" alt=\"\" \/><\/span><\/span><\/p>\n<p class=\"MsoNormal\" style=\"text-align: justify;\"><span style=\"font-family: Arial, sans-serif;\"><span style=\"font-size: 16px;\">El 3er. punto tratado fue el de proyectos ingresados, primero de\u00a0 Ordenanza, del D.E.M, autorizar al D.E.M\u00a0 a llamar a Licitaci\u00f3n P\u00fablica para la venta de\u00a0 inmuebles de propiedad municipal. Urgente Tratamiento, pas\u00f3 a comisi\u00f3n de Gobierno y Presupuesto.<\/span><\/span><\/p>\n<p class=\"MsoNormal\" style=\"text-align: justify;\"><span style=\"font-family: Arial, sans-serif;\"><span style=\"font-size: 16px;\">\u00a0<\/span><\/span><\/p>\n<p class=\"MsoNormal\" style=\"text-align: justify;\"><span style=\"font-family: Arial, sans-serif;\"><span style=\"font-size: 16px;\">De Resoluci\u00f3n del Bloque\u00a0 Proyecto Corrientes, de solicitar\u00a0 al D.E.M que autorice al \u00e1rea que corresponda el arreglo y mantenimiento de la Plazoleta \u201cSargento Cabral\u201d y de su calle interna, pas\u00f3 a comisi\u00f3n de Obras.<\/span><\/span><\/p>\n<p class=\"MsoNormal\" style=\"text-align: justify;\"><span style=\"font-family: Arial, sans-serif;\"><span style=\"font-size: 16px;\">\u00a0<\/span><\/span><\/p>\n<p class=\"MsoNormal\" style=\"text-align: justify;\"><span style=\"font-family: Arial, sans-serif;\"><span style=\"font-size: 16px;\">Del Bloque\u00a0 Partido Justicialista, de disponer que el Presidente del HCD presente la carpeta de las rendiciones de gastos. El concejal Duarte solicit\u00f3 el tratamiento sobre tablas, el que no fue aprobado por 8 votos negativos a 3 positivos, pas\u00f3 a comisi\u00f3n de Control.<\/span><\/span><\/p>\n<p class=\"MsoNormal\" style=\"text-align: justify;\"><span style=\"font-family: Arial, sans-serif;\"><span style=\"font-size: 16px;\">\u00a0<\/span><\/span><\/p>\n<p class=\"MsoNormal\" style=\"text-align: justify;\"><span style=\"font-family: Arial, sans-serif;\"><span style=\"font-size: 16px;\">Del Bloque\u00a0 Peronismo de Todos, de dirigirse al Departamento Ejecutivo Municipal a fin de requerir el cumplimiento inmediato de\u00a0 la Ordenanza N\u00b0 610 \u201cEstatuto del Empleado Municipal\u201d, pas\u00f3 a comisi\u00f3n de Gobierno.<\/span><\/span><\/p>\n<p class=\"MsoNormal\" style=\"text-align: justify;\"><span style=\"font-family: Arial, sans-serif;\"><span style=\"font-size: 16px;\">\u00a0<\/span><\/span><\/p>\n<p class=\"MsoNormal\" style=\"text-align: justify;\"><span style=\"font-family: Arial, sans-serif;\"><span style=\"font-size: 16px;\">Seguidamente se trat\u00f3 el 4\u00b0 comunicaciones oficiales, del DEM la presentaci\u00f3n del Bolet\u00edn Oficial N\u00b0 3318, qued\u00f3 en secretar\u00eda.<\/span><\/span><\/p>\n<p class=\"MsoNormal\" style=\"text-align: justify;\"><span style=\"font-family: Arial, sans-serif;\"><span style=\"font-size: 16px;\">\u00a0<\/span><\/span><\/p>\n<p class=\"MsoNormal\" style=\"text-align: justify;\"><span style=\"font-family: Arial, sans-serif;\"><span style=\"font-size: 16px;\">De la Secretar\u00eda de Econom\u00eda y Finanzas, remitiendo documentaci\u00f3n\u00a0 correspondiente al Primer\u00a0 Trimestre del a\u00f1o 2020 y remitiendo documentaci\u00f3n\u00a0 correspondiente al Segundo Trimestre del a\u00f1o 2020, qued\u00f3 en secretar\u00eda.<\/span><\/span><\/p>\n<p class=\"MsoNormal\" style=\"text-align: justify;\"><span style=\"font-family: Arial, sans-serif;\"><span style=\"font-size: 16px;\">\u00a0<\/span><\/span><\/p>\n<p class=\"MsoNormal\" style=\"text-align: justify;\"><span style=\"font-family: Arial, sans-serif;\"><span style=\"font-size: 16px;\">AUDITORIA MUNICIPAL, presentando nota N\u00b027\/2020, sobre informe de Estados Contables Per\u00edodo Anual 2018, pas\u00f3 a comisi\u00f3n de Control.<\/span><\/span><\/p>\n<p class=\"MsoNormal\" style=\"text-align: justify;\"><span style=\"font-family: Arial, sans-serif;\"><span style=\"font-size: 16px;\">\u00a0<\/span><\/span><\/p>\n<p class=\"MsoNormal\" style=\"text-align: justify;\"><span style=\"font-family: Arial, sans-serif;\"><span style=\"font-size: 16px;\">El 5\u00b0 punto sobre notas privadas, de la Secretar\u00eda de la\u00a0 Fundaci\u00f3n Curuz\u00fa Solidario, solicitando ayuda econ\u00f3mica para \u201cEl D\u00eda Del Ni\u00f1o\u201d, se realizar\u00e1 por presidencia.<\/span><\/span><\/p>\n<p class=\"MsoNormal\" style=\"text-align: justify;\"><span style=\"font-family: Arial, sans-serif;\"><span style=\"font-size: 16px;\">\u00a0<\/span><\/span><\/p>\n<p class=\"MsoNormal\" style=\"text-align: justify;\"><span style=\"font-family: Arial, sans-serif;\"><span style=\"font-size: 16px;\">De los Vecinos del Barrio Centenario, solicitando se tomen las medidas correspondientes ante las irregularidades de los due\u00f1os de la Cancha de F\u00fatbol de calle 25 de Mayo, pas\u00f3 a comisi\u00f3n de Gobierno.<\/span><\/span><\/p>\n<p class=\"MsoNormal\" style=\"text-align: justify;\"><span style=\"font-family: Arial, sans-serif;\"><span style=\"font-size: 16px;\">\u00a0<\/span><\/span><\/p>\n<p class=\"MsoNormal\" style=\"text-align: justify;\"><span style=\"font-family: Arial, sans-serif;\"><span style=\"font-size: 16px;\">Del Presidente\u00a0 de \u201cM.T.B CURUZ\u00da\u201d, solicitando la cesi\u00f3n del predio ocupado por\u00a0 EL CLUB DE\u00a0 VOLANTES\u00a0 \u201cKARTODROMO\u201d, pas\u00f3 a comisi\u00f3n de Gobierno.<\/span><\/span><\/p>\n<p class=\"MsoNormal\" style=\"text-align: justify;\"><span style=\"font-family: Arial, sans-serif;\"><span style=\"font-size: 16px;\">\u00a0<\/span><\/span><\/p>\n<p class=\"MsoNormal\" style=\"text-align: justify;\"><span style=\"font-family: Arial, sans-serif;\"><span style=\"font-size: 16px;\">De los Vecinos del Barrio de la Zona Oeste de la ciudad: Proponiendo \u201cALTO CHE RET\u00c1\u201d como nombre del barrio, pas\u00f3 a comisi\u00f3n de Gobierno.<\/span><\/span><\/p>\n<p class=\"MsoNormal\" style=\"text-align: justify;\"><span style=\"font-family: Arial, sans-serif;\"><span style=\"font-size: 16px;\">\u00a0<\/span><\/span><\/p>\n<p class=\"MsoNormal\" style=\"text-align: justify;\"><span style=\"font-family: Arial, sans-serif;\"><span style=\"font-size: 16px;\">Del se\u00f1or Mariano Gonz\u00e1lez, solicitudes varias, pas\u00f3 a comisiones de Gobierno y Obras.<\/span><\/span><\/p>\n<p class=\"MsoNormal\" style=\"text-align: justify;\"><span style=\"font-family: Arial, sans-serif;\"><span style=\"font-size: 16px;\">\u00a0<\/span><\/span><\/p>\n<p class=\"MsoNormal\" style=\"text-align: justify;\">\u00a0<\/p>\n<p class=\"MsoNormal\" style=\"text-align: justify;\"><span style=\"font-family: Arial, sans-serif;\"><span style=\"font-size: 16px;\">Para finalizar el presidente, Marcos Isusi convoc\u00f3 a los se\u00f1ores concejales para el mi\u00e9rcoles 12 de agosto del 2020 a las 9.30 a la audiencia p\u00fablica y posterior sesi\u00f3n ordinaria en el recinto de sesiones.<\/span><\/span><\/p>\n<p style=\"text-align: justify;\">\u00a0<\/p>\n<p class=\"MsoNormal\" style=\"text-align: justify;\">\u00a0<\/p>\n","protected":false},"excerpt":{"rendered":"<p class=\"MsoNormal\" style=\"text-align: center;\"><img decoding=\"async\" src=\"images\/050820-sesion--1.jpg\" alt=\"\" \/><\/p>\n<p class=\"MsoNormal\" style=\"text-align: justify;\"><span style=\"font-size: 12.0pt; line-height: 115%; font-family: 'Arial','sans-serif';\">A las 10hs. del mi\u00e9rcoles 5 de agosto, el presidente del cuerpo Sr. Marcos Isusi y la pro secretaria Dra. Priscila Fonseca, con la totalidad de los concejales presentes, se dio inicio a la sesi\u00f3n del d\u00eda de la fecha.<\/span><\/p>\n","protected":false},"author":1,"featured_media":973,"comment_status":"open","ping_status":"open","sticky":false,"template":"","format":"standard","meta":{"footnotes":""},"categories":[3],"tags":[],"class_list":["post-974","post","type-post","status-publish","format-standard","has-post-thumbnail","hentry","category-uncategorised"],"brizy_media":[],"_links":{"self":[{"href":"https:\/\/concejocuruzucuatia.gob.ar\/wp\/wp-json\/wp\/v2\/posts\/974","targetHints":{"allow":["GET"]}}],"collection":[{"href":"https:\/\/concejocuruzucuatia.gob.ar\/wp\/wp-json\/wp\/v2\/posts"}],"about":[{"href":"https:\/\/concejocuruzucuatia.gob.ar\/wp\/wp-json\/wp\/v2\/types\/post"}],"author":[{"embeddable":true,"href":"https:\/\/concejocuruzucuatia.gob.ar\/wp\/wp-json\/wp\/v2\/users\/1"}],"replies":[{"embeddable":true,"href":"https:\/\/concejocuruzucuatia.gob.ar\/wp\/wp-json\/wp\/v2\/comments?post=974"}],"version-history":[{"count":0,"href":"https:\/\/concejocuruzucuatia.gob.ar\/wp\/wp-json\/wp\/v2\/posts\/974\/revisions"}],"wp:featuredmedia":[{"embeddable":true,"href":"https:\/\/concejocuruzucuatia.gob.ar\/wp\/wp-json\/wp\/v2\/media\/973"}],"wp:attachment":[{"href":"https:\/\/concejocuruzucuatia.gob.ar\/wp\/wp-json\/wp\/v2\/media?parent=974"}],"wp:term":[{"taxonomy":"category","embeddable":true,"href":"https:\/\/concejocuruzucuatia.gob.ar\/wp\/wp-json\/wp\/v2\/categories?post=974"},{"taxonomy":"post_tag","embeddable":true,"href":"https:\/\/concejocuruzucuatia.gob.ar\/wp\/wp-json\/wp\/v2\/tags?post=974"}],"curies":[{"name":"wp","href":"https:\/\/api.w.org\/{rel}","templated":true}]}}