{"id":954,"date":"2020-06-24T14:27:56","date_gmt":"2020-06-24T14:27:56","guid":{"rendered":"https:\/\/concejocuruzucuatia.gob.ar\/wp\/2020\/06\/24\/informe-de-prensa-hcd-sesion-24-de-junio-de-2020\/"},"modified":"2020-06-24T14:27:56","modified_gmt":"2020-06-24T14:27:56","slug":"informe-de-prensa-hcd-sesion-24-de-junio-de-2020","status":"publish","type":"post","link":"https:\/\/concejocuruzucuatia.gob.ar\/wp\/2020\/06\/24\/informe-de-prensa-hcd-sesion-24-de-junio-de-2020\/","title":{"rendered":"Informe de Prensa HCD \/ Sesi\u00f3n 24 de junio de 2020"},"content":{"rendered":"<p class=\"MsoNormal\" style=\"text-align: center;\"><img decoding=\"async\" src=\"images\/240620-sesion-2.jpg\" alt=\"\" \/><\/p>\n<p class=\"MsoNormal\" style=\"text-align: justify;\"><span style=\"font-size: 12.0pt; line-height: 115%; font-family: 'Arial','sans-serif';\">A las 10,15hs. del mi\u00e9rcoles 24 de junio, el presidente del cuerpo Sr. Marcos Isusi y la pro secretaria Dra. Priscila Fonseca, con la totalidad de los concejales presentes, se dio inicio a la sesi\u00f3n del d\u00eda de la fecha.<\/span><\/p>\n<p class=\"MsoNormal\" style=\"text-align: justify;\"><span style=\"font-size: 12.0pt; line-height: 115%; font-family: 'Arial','sans-serif';\">El presidente someti\u00f3 a votaci\u00f3n el orden del d\u00eda el que fue aprobado un\u00e1nimemente. <\/span><\/p>\n<p class=\"MsoNormal\" style=\"text-align: justify;\"><span style=\"font-size: 12.0pt; line-height: 115%; font-family: 'Arial','sans-serif';\">A continuaci\u00f3n se trat\u00f3 el primer punto referido a la lectura y consideraci\u00f3n del acta N\u00ba 1541, la que fue aprobada.<\/span><\/p>\n<p class=\"MsoNormal\" style=\"text-align: justify;\"><span style=\"font-size: 12.0pt; line-height: 115%; font-family: 'Arial','sans-serif';\">El 2\u00b0 punto tratado fue de los despachos, primeramente de la comisi\u00f3n de Gobierno, primero el Expte. N\u00b0 5197\/19 referido al proyecto de Ordenanza del DEM de regular la actividad de peluquer\u00eda masculina y femenina, el concejal Santini explic\u00f3 que lo solicitado no es competencia del Concejo por ello pidi\u00f3 el pase a archivo, lo que se aprob\u00f3.<\/span><\/p>\n<p class=\"MsoNormal\" style=\"text-align: justify;\"><span style=\"font-size: 12.0pt; line-height: 115%; font-family: 'Arial','sans-serif';\">Luego el Expte. N\u00b0 5214\/19 Resoluci\u00f3n del DEM N\u00b0728, de exigir el cumplimiento del Art. 13<span style=\"mso-spacerun: yes;\">\u00a0 <\/span>inc. \u201cE\u201d de la Ordenanza N\u00b0 610 a todo el personal municipal, el concejal Santini explic\u00f3 que ya se cumpli\u00f3, y solicit\u00f3 el pase a archivo.<\/span><\/p>\n<p class=\"MsoNormal\" style=\"text-align: justify;\"><span style=\"font-size: 12.0pt; line-height: 115%; font-family: 'Arial','sans-serif';\">Seguidamente se trat\u00f3 el Expte. N\u00b0 5270\/19 sobre la nota privada del Padre Gabriel Ledesma del Colegio Salesiano solicitando medidas de seguridad en el tr\u00e1nsito, el concejal Santini coment\u00f3 que ya fue realizado lo solicitado por el ejecutivo, por ello pas\u00f3 a archivo.<\/span><\/p>\n<p class=\"MsoNormal\" style=\"text-align: justify;\"><span style=\"font-size: 12.0pt; line-height: 115%; font-family: 'Arial','sans-serif';\">El Expte. N\u00b0 5289\/19 nota de los comerciantes sobre Av. Bicentenario<span style=\"mso-spacerun: yes;\">\u00a0 <\/span>Planteando situaci\u00f3n referente al Carnaval, se solicit\u00f3 el pase a archivo lo que fue aprobado.<\/span><\/p>\n<p class=\"MsoNormal\" style=\"text-align: justify;\"><span style=\"font-size: 12.0pt; line-height: 115%; font-family: 'Arial','sans-serif';\">Siguiendo con el tratamiento del punto 2 de despachos se trat\u00f3 el de Comisi\u00f3n de Presupuesto, el Expte. N\u00b0 5178\/19 referido a la nota de Blanca Mart\u00ednez, solicitando condonaci\u00f3n de deuda municipal, la concejal Muller coment\u00f3 que la solicitud carece de datos y no contiene ning\u00fan numero de contacto por ello pidi\u00f3 el pase a archivo.<\/span><\/p>\n<p class=\"MsoNormal\" style=\"text-align: center;\"><span style=\"font-size: 12.0pt; line-height: 115%; font-family: 'Arial','sans-serif';\"><img decoding=\"async\" src=\"images\/240620-sesion-1.jpg\" alt=\"\" \/><\/span><\/p>\n<p class=\"MsoNormal\" style=\"text-align: justify;\"><span style=\"font-size: 12.0pt; line-height: 115%; font-family: 'Arial','sans-serif';\">Luego los despachos de la Comisi\u00f3n de Control, primero el Expte. N\u00b0 5329\/20 Nota de la Cr. Chiappe, solicitando pr\u00f3rroga en su licencia y el Expte. N\u00b0 5330\/20 Nota de la Cra. Ocampo Nilda Victoria, solicitando pr\u00f3rroga. La concejal Ruiz explic\u00f3 que la pr\u00f3rroga se debe a que se cont\u00f3 con poco personal debido a la pandemia no se pudo completar con los per\u00edodos por ello el pedido de pr\u00f3rroga. El presidente somete a votaci\u00f3n, primero la Nota del Cr. Chiappe, se aprueba por 9 votos a favor y 2 negativos.<\/span><\/p>\n<p class=\"MsoNormal\" style=\"text-align: justify;\"><span style=\"font-size: 12.0pt; line-height: 115%; font-family: 'Arial','sans-serif';\">RESOLUCI\u00d3N N\u00ba 16\/2020<\/span><\/p>\n<p class=\"MsoNormal\" style=\"text-align: center;\" align=\"center\"><span style=\"font-size: 12.0pt; line-height: 115%; font-family: 'Arial','sans-serif';\">EL HONORABLE CONCEJO DELIBERANTE<\/span><\/p>\n<p class=\"MsoNormal\" style=\"text-align: center;\" align=\"center\"><span style=\"font-size: 12.0pt; line-height: 115%; font-family: 'Arial','sans-serif';\">DE CURUZU CUATIA<\/span><\/p>\n<p class=\"MsoNormal\" style=\"text-align: center;\" align=\"center\"><span style=\"font-size: 12.0pt; line-height: 115%; font-family: 'Arial','sans-serif';\">RESUELVE<\/span><\/p>\n<p class=\"MsoNormal\" style=\"text-align: justify;\"><span style=\"font-size: 12.0pt; line-height: 115%; font-family: 'Arial','sans-serif';\">ART.1\u00b0- PRORROGAR el plazo de licencia al Cr. Chiappe, hasta el 31 de julio del corriente a\u00f1o.-<\/span><\/p>\n<p class=\"MsoNormal\" style=\"text-align: justify;\"><span style=\"font-size: 12.0pt; line-height: 115%; font-family: 'Arial','sans-serif';\">ART.2\u00b0- De forma.<\/span><\/p>\n<p class=\"MsoNormal\" style=\"text-align: justify;\"><span style=\"font-size: 12.0pt; line-height: 115%; font-family: 'Arial','sans-serif';\">Luego pone a consideraci\u00f3n la nota de la Cra. Ocampo Nilda Victoria, somete a votaci\u00f3n y es aprobada un\u00e1nimemente.<span style=\"mso-spacerun: yes;\">\u00a0\u00a0\u00a0\u00a0\u00a0 <\/span><\/span><\/p>\n<p class=\"MsoNormal\" style=\"text-align: justify;\"><span style=\"font-size: 12.0pt; line-height: 115%; font-family: 'Arial','sans-serif';\">RESOLUCI\u00d3N N\u00ba 17\/2020<\/span><\/p>\n<p class=\"MsoNormal\" style=\"text-align: center;\" align=\"center\"><span style=\"font-size: 12.0pt; line-height: 115%; font-family: 'Arial','sans-serif';\">EL HONORABLE CONCEJO DELIBERANTE<\/span><\/p>\n<p class=\"MsoNormal\" style=\"text-align: center;\" align=\"center\"><span style=\"font-size: 12.0pt; line-height: 115%; font-family: 'Arial','sans-serif';\">DE CURUZU CUATIA<\/span><\/p>\n<p class=\"MsoNormal\" style=\"text-align: center;\" align=\"center\"><span style=\"font-size: 12.0pt; line-height: 115%; font-family: 'Arial','sans-serif';\">RESUELVE<\/span><\/p>\n<p class=\"MsoNormal\" style=\"text-align: justify;\"><span style=\"font-size: 12.0pt; line-height: 115%; font-family: 'Arial','sans-serif';\">ART.1\u00b0- PRORROGAR el plazo para la presentaci\u00f3n del informe de Auditor\u00eda a la Cra. Ocampo Nilda M. Victoria, hasta el 31 de Julio del corriente a\u00f1o.-<\/span><\/p>\n<p class=\"MsoNormal\" style=\"text-align: justify;\"><span style=\"font-size: 12.0pt; line-height: 115%; font-family: 'Arial','sans-serif';\">ART.2\u00b0- De Forma.<\/span><\/p>\n<p class=\"MsoNormal\" style=\"text-align: justify;\"><span style=\"font-size: 12.0pt; line-height: 115%; font-family: 'Arial','sans-serif';\">\u00a0<\/span><\/p>\n<p class=\"MsoNormal\" style=\"text-align: justify;\"><span style=\"font-size: 12.0pt; line-height: 115%; font-family: 'Arial','sans-serif';\">El 3er. punto tratado fue el de proyectos ingresados, primero de<span style=\"mso-spacerun: yes;\">\u00a0 <\/span>Ordenanza, de los Bloques UCR, PRO y Uni\u00f3n Popular de Crear el Centro de Celiacos y Diab\u00e9ticos, pas\u00f3 a comisi\u00f3n de PETICIONES ACCION SOCIAL Y SALUD.<\/span><\/p>\n<p class=\"MsoNormal\" style=\"text-align: justify;\"><span style=\"font-size: 12.0pt; line-height: 115%; font-family: 'Arial','sans-serif';\">Del Bloque PJ de convocar a una nueva moratoria para el pago de tributos municipales, pas\u00f3 a comisiones de Gobierno y Presupuesto.<\/span><\/p>\n<p class=\"MsoNormal\" style=\"text-align: center;\"><span style=\"font-size: 12.0pt; line-height: 115%; font-family: 'Arial','sans-serif';\">\u00a0<img decoding=\"async\" src=\"images\/240620-sesion-3.jpg\" alt=\"\" \/><\/span><\/p>\n<p class=\"MsoNormal\" style=\"text-align: justify;\"><span style=\"font-size: 12.0pt; line-height: 115%; font-family: 'Arial','sans-serif';\">Del Bloque Peronismo de Todos, de Adhesi\u00f3n a la Ley Nacional N\u00b026348 y al Programa Nacional de Descontaminaci\u00f3n, Compactaci\u00f3n y Disposici\u00f3n final de veh\u00edculos, pas\u00f3 a comisi\u00f3n de MEDIO AMBIENTE Y ECOLOGIA. <\/span><\/p>\n<p class=\"MsoNormal\" style=\"text-align: justify;\"><span style=\"font-size: 12.0pt; line-height: 115%; font-family: 'Arial','sans-serif';\">Proyecto de Resoluci\u00f3n del bloque Peronismo de Todos sobre Requerir al DEM Informe referente al dep\u00f3sito y quema de basura, pas\u00f3 a comisi\u00f3n de MEDIO AMBIENTE Y ECOLOGIA.<\/span><\/p>\n<p class=\"MsoNormal\" style=\"text-align: justify;\"><span style=\"font-size: 12.0pt; line-height: 115%; font-family: 'Arial','sans-serif';\">Seguidamente se trat\u00f3 el 4\u00b0 comunicaciones oficiales, del Presidente del HCD, rendici\u00f3n de fondos del mes de mayo de 2020, qued\u00f3 en secretar\u00eda.<\/span><\/p>\n<p class=\"MsoNormal\" style=\"text-align: justify;\"><span style=\"font-size: 12.0pt; line-height: 115%; font-family: 'Arial','sans-serif';\">Del DEM, Bolet\u00edn Municipal N\u00b03311, qued\u00f3 en secretar\u00eda.<\/span><\/p>\n<p class=\"MsoNormal\" style=\"text-align: justify;\"><span style=\"font-size: 12.0pt; line-height: 115%; font-family: 'Arial','sans-serif';\">El 5\u00b0 punto sobre notas privadas, de Myriam Elisabet Avalos solicitando condonaci\u00f3n de deudas, pas\u00f3 a comisi\u00f3n de presupuesto.<\/span><\/p>\n<p class=\"MsoNormal\" style=\"text-align: justify;\"><span style=\"font-size: 12.0pt; line-height: 115%; font-family: 'Arial','sans-serif';\">El 6\u00b0punto Resoluciones del DEM<\/span><\/p>\n<p class=\"MsoNormal\" style=\"text-align: justify;\"><span style=\"font-size: 12.0pt; line-height: 115%; font-family: 'Arial','sans-serif';\">N\u00b0198: Otorgar ayuda econ\u00f3mica a Ram\u00f3n Mario Vallejos <\/span><\/p>\n<p class=\"MsoNormal\" style=\"text-align: justify;\"><span style=\"font-size: 12.0pt; line-height: 115%; font-family: 'Arial','sans-serif';\">N\u00b0199: Otorgar ayuda econ\u00f3mica a Marta Liliana Arguello.<\/span><\/p>\n<p class=\"MsoNormal\" style=\"text-align: justify;\"><span style=\"font-size: 12.0pt; line-height: 115%; font-family: 'Arial','sans-serif';\">N\u00b0200: Otorgar ayuda econ\u00f3mica a Ver\u00f3nica Soledad Bejarano.<\/span><\/p>\n<p class=\"MsoNormal\" style=\"text-align: justify;\"><span style=\"font-size: 12.0pt; line-height: 115%; font-family: 'Arial','sans-serif';\">N\u00b0201: Otorgar ayuda econ\u00f3mica a Ramona Graciela Ver\u00f3n.<\/span><\/p>\n<p class=\"MsoNormal\" style=\"text-align: justify;\"><span style=\"font-size: 12.0pt; line-height: 115%; font-family: 'Arial','sans-serif';\">N\u00b0202: Otorgar ayuda econ\u00f3mica a Edith Marianela Flores.<\/span><\/p>\n<p class=\"MsoNormal\" style=\"text-align: justify;\"><span style=\"font-size: 12.0pt; line-height: 115%; font-family: 'Arial','sans-serif';\">N\u00b0203: Otorgar ayuda econ\u00f3mica a M\u00f3nica Beatriz Ruiz D\u00edaz.<\/span><\/p>\n<p class=\"MsoNormal\" style=\"text-align: justify;\"><span style=\"font-size: 12.0pt; line-height: 115%; font-family: 'Arial','sans-serif';\">N\u00b0204: Incorporar a la partida Equipos en Desuso importe proveniente del concurso de precios N\u00b0 06\/2020.<\/span><\/p>\n<p class=\"MsoNormal\" style=\"text-align: justify;\"><span style=\"font-size: 12.0pt; line-height: 115%; font-family: 'Arial','sans-serif';\">N\u00b0205: Adjudicar a las empresas Danuzzo M\u00f3nica y Robaina Ram\u00f3n concurso de precios N\u00b008\/2020.<\/span><\/p>\n<p class=\"MsoNormal\" style=\"text-align: justify;\"><span style=\"font-size: 12.0pt; line-height: 115%; font-family: 'Arial','sans-serif';\">N\u00b0206: Revocar la designaci\u00f3n a la Directora de Saneamiento Ambiental y Designarla Asesora de Educaci\u00f3n Ambiental y Seguridad Vial.<\/span><\/p>\n<p class=\"MsoNormal\" style=\"text-align: justify;\"><span style=\"font-size: 12.0pt; line-height: 115%; font-family: 'Arial','sans-serif';\">N\u00b0207: Promulgar y Publicar la Ordenanza N\u00b0 3237.<\/span><\/p>\n<p class=\"MsoNormal\" style=\"text-align: justify;\"><span style=\"font-size: 12.0pt; line-height: 115%; font-family: 'Arial','sans-serif';\">N\u00b0208: Otorgar ayuda econ\u00f3mica a Dahiana Elizabeth Ayala.<\/span><\/p>\n<p class=\"MsoNormal\" style=\"text-align: justify;\"><span style=\"font-size: 12.0pt; line-height: 115%; font-family: 'Arial','sans-serif';\">N\u00b0209: Otorgar ayuda econ\u00f3mica a<span style=\"mso-spacerun: yes;\">\u00a0 <\/span>Fabiana Noem\u00ed Silvero. <\/span><\/p>\n<p class=\"MsoNormal\" style=\"text-align: justify;\"><span style=\"font-size: 12.0pt; line-height: 115%; font-family: 'Arial','sans-serif';\">Para finalizar el presidente, Marcos Isusi convoc\u00f3 a los se\u00f1ores concejales para el mi\u00e9rcoles 1 de julio del 2020 a las 10hs. en el recinto de sesiones.<\/span><\/p>\n","protected":false},"excerpt":{"rendered":"<p class=\"MsoNormal\" style=\"text-align: center;\"><img decoding=\"async\" src=\"images\/240620-sesion-2.jpg\" alt=\"\" \/><\/p>\n<p class=\"MsoNormal\" style=\"text-align: justify;\"><span style=\"font-size: 12.0pt; line-height: 115%; font-family: 'Arial','sans-serif';\">A las 10,15hs. del mi\u00e9rcoles 24 de junio, el presidente del cuerpo Sr. Marcos Isusi y la pro secretaria Dra. Priscila Fonseca, con la totalidad de los concejales presentes, se dio inicio a la sesi\u00f3n del d\u00eda de la fecha.<\/span><\/p>\n","protected":false},"author":1,"featured_media":953,"comment_status":"open","ping_status":"open","sticky":false,"template":"","format":"standard","meta":{"footnotes":""},"categories":[3],"tags":[],"class_list":["post-954","post","type-post","status-publish","format-standard","has-post-thumbnail","hentry","category-uncategorised"],"brizy_media":[],"_links":{"self":[{"href":"https:\/\/concejocuruzucuatia.gob.ar\/wp\/wp-json\/wp\/v2\/posts\/954","targetHints":{"allow":["GET"]}}],"collection":[{"href":"https:\/\/concejocuruzucuatia.gob.ar\/wp\/wp-json\/wp\/v2\/posts"}],"about":[{"href":"https:\/\/concejocuruzucuatia.gob.ar\/wp\/wp-json\/wp\/v2\/types\/post"}],"author":[{"embeddable":true,"href":"https:\/\/concejocuruzucuatia.gob.ar\/wp\/wp-json\/wp\/v2\/users\/1"}],"replies":[{"embeddable":true,"href":"https:\/\/concejocuruzucuatia.gob.ar\/wp\/wp-json\/wp\/v2\/comments?post=954"}],"version-history":[{"count":0,"href":"https:\/\/concejocuruzucuatia.gob.ar\/wp\/wp-json\/wp\/v2\/posts\/954\/revisions"}],"wp:featuredmedia":[{"embeddable":true,"href":"https:\/\/concejocuruzucuatia.gob.ar\/wp\/wp-json\/wp\/v2\/media\/953"}],"wp:attachment":[{"href":"https:\/\/concejocuruzucuatia.gob.ar\/wp\/wp-json\/wp\/v2\/media?parent=954"}],"wp:term":[{"taxonomy":"category","embeddable":true,"href":"https:\/\/concejocuruzucuatia.gob.ar\/wp\/wp-json\/wp\/v2\/categories?post=954"},{"taxonomy":"post_tag","embeddable":true,"href":"https:\/\/concejocuruzucuatia.gob.ar\/wp\/wp-json\/wp\/v2\/tags?post=954"}],"curies":[{"name":"wp","href":"https:\/\/api.w.org\/{rel}","templated":true}]}}