{"id":910,"date":"2020-03-31T23:32:23","date_gmt":"2020-03-31T23:32:23","guid":{"rendered":"https:\/\/concejocuruzucuatia.gob.ar\/wp\/2020\/03\/31\/informe-de-prensa-hcd-sesion-especial-13-de-marzo-de-2020\/"},"modified":"2020-03-31T23:32:23","modified_gmt":"2020-03-31T23:32:23","slug":"informe-de-prensa-hcd-sesion-especial-13-de-marzo-de-2020","status":"publish","type":"post","link":"https:\/\/concejocuruzucuatia.gob.ar\/wp\/2020\/03\/31\/informe-de-prensa-hcd-sesion-especial-13-de-marzo-de-2020\/","title":{"rendered":"Informe de Prensa HCD \/ Sesi\u00f3n Especial 31 de marzo de 2020"},"content":{"rendered":"<p>\u00a0<span style=\"font-size: 12.0pt; line-height: 115%; font-family: 'Arial','sans-serif';\"><img decoding=\"async\" src=\"images\/sesion-310320-5.JPG\" alt=\"\" \/>Minutos despu\u00e9s de las 19hs. del martes 31 de marzo, el presidente del cuerpo Sr. Marcos Isusi, con la presencia de todos los concejales, antes de dar inicio pidi\u00f3 la palabra y puso a consideraci\u00f3n del cuerpo, que visto la emergencia sanitaria en la que estamos viviendo y considerando que la Dra. Marin Secretaria del cuerpo se encuentra entre el grupo de personas de riesgo, su lugar lo ocupara la Srta. Priscila Fonseca, personal de este Concejo Deliberante, lo que no tuvo objeci\u00f3n. Seguidamente se dio inicio a la sesi\u00f3n especial convocada para el d\u00eda de la fecha.<\/span><\/p>\n<p>\u00a0<\/p>\n<p class=\"MsoNormal\" style=\"text-align: justify;\"><span style=\"font-size: 12.0pt; line-height: 115%; font-family: 'Arial','sans-serif';\"><img decoding=\"async\" src=\"images\/sesion-310320-4.JPG\" alt=\"\" \/><\/span><\/p>\n<p class=\"MsoNormal\" style=\"text-align: justify;\"><span style=\"font-size: 12.0pt; line-height: 115%; font-family: 'Arial','sans-serif';\">El \u00fanico tema a tratar fue el proyecto de <b style=\"mso-bidi-font-weight: normal;\">AUTORIZAR<\/b> al D.E.M. a suscribir un contrato de comodato por el t\u00e9rmino de un a\u00f1o, con una Empresa privada que cumpla con los requisitos establecidos por la normativa Nacional, Provincial y Municipal, para llevar adelante el servicio requerido, y a tal fin propiciar la instalaci\u00f3n de una C\u00e1mara de Fr\u00edo acorde a las necesidades, en el predio de la Planta de Manejo de Residuos (PLA.MA.RES), para el almacenamiento de Residuos Peligrosos y Patol\u00f3gicos generados en el \u00e1mbito del municipio de Curuz\u00fa Cuati\u00e1. El traslado y la disposici\u00f3n final de dichos residuos ser\u00e1n acordados con posterioridad.<\/span><\/p>\n<p class=\"MsoNormal\" style=\"text-align: justify;\"><span style=\"font-size: 12.0pt; line-height: 115%; font-family: 'Arial','sans-serif';\"><img decoding=\"async\" src=\"images\/sesion-310320-3.JPG\" alt=\"\" \/><\/span><\/p>\n<p>\u00a0<\/p>\n<p class=\"MsoNormal\" style=\"text-align: justify;\"><span style=\"font-size: 12.0pt; line-height: 115%; font-family: 'Arial','sans-serif';\">La concejal Muller como miembro informante explic\u00f3 que luego de varias deliberaciones entre los ediles<span style=\"mso-spacerun: yes;\">\u00a0 <\/span>y es un tema que se debe tratar con urgencia<span style=\"mso-spacerun: yes;\">\u00a0 <\/span>debido<span style=\"mso-spacerun: yes;\">\u00a0 <\/span>a la situaci\u00f3n sanitaria que es de p\u00fablico conocimiento, es por ello que se pide la aprobaci\u00f3n de esta ordenanza que la hemos trabajado en conjunto y llegado a un acuerdo para el bien de la ciudad. Seguidamente la concejal Mariel Naya pide el tratamiento sobre tablas el que es aprobado un\u00e1nimemente. El presidente somete a votaci\u00f3n el proyecto el que fue aprobado.<\/span><\/p>\n<p>\u00a0<\/p>\n<p class=\"MsoNormal\" style=\"text-align: center;\" align=\"center\"><b style=\"mso-bidi-font-weight: normal;\"><u><span style=\"font-size: 12.0pt; line-height: 115%; font-family: 'Arial','sans-serif';\">ORDENANZA N\u00ba 3233<\/span><\/u><\/b><\/p>\n<p>\u00a0<\/p>\n<p class=\"MsoNormal\" style=\"margin-bottom: .0001pt; text-align: justify; tab-stops: 5.0cm;\"><b style=\"mso-bidi-font-weight: normal;\"><span style=\"font-size: 12.0pt; line-height: 115%; font-family: 'Arial','sans-serif';\">\u00a0<\/span><\/b><\/p>\n<p>\u00a0<\/p>\n<p class=\"MsoNormal\" style=\"text-align: justify; tab-stops: 5.0cm;\"><b style=\"mso-bidi-font-weight: normal;\"><span style=\"font-size: 12.0pt; line-height: 115%; font-family: 'Arial','sans-serif';\">ART. 1: AUTORIZAR<\/span><\/b><span style=\"font-size: 12.0pt; line-height: 115%; font-family: 'Arial','sans-serif';\"> al D.E.M. a suscribir un contrato de comodato por el t\u00e9rmino de un a\u00f1o, con una Empresa privada que cumpla con los requisitos establecidos por la normativa Nacional, Provincial y Municipal, para llevar adelante el servicio requerido, y a tal fin propiciar la instalaci\u00f3n de una C\u00e1mara de Fr\u00edo acorde a las necesidades, en el predio de la Planta de Manejo de Residuos (PLA.MA.RES), para el almacenamiento de Residuos Peligrosos y Patol\u00f3gicos generados en el \u00e1mbito del municipio de Curuz\u00fa Cuati\u00e1. El traslado y la disposici\u00f3n final de dichos residuos ser\u00e1n acordados con posterioridad.<\/span><\/p>\n<p>\u00a0<\/p>\n<p class=\"MsoNormal\" style=\"text-align: justify; tab-stops: 5.0cm;\"><b style=\"mso-bidi-font-weight: normal;\"><span style=\"font-size: 12.0pt; line-height: 115%; font-family: 'Arial','sans-serif';\">ART. 2: AUTORIZAR<\/span><\/b><span style=\"font-size: 12.0pt; line-height: 115%; font-family: 'Arial','sans-serif';\"> al DEM<span style=\"mso-spacerun: yes;\">\u00a0 <\/span>basados en las actuales<span style=\"mso-spacerun: yes;\">\u00a0 <\/span>razones de emergencia sanitaria a fijar el importe de la tasa a percibir de los<span style=\"mso-spacerun: yes;\">\u00a0 <\/span>servicios prestados por la empresa, ad refer\u00e9ndum del HCD.<\/span><\/p>\n<p>\u00a0<\/p>\n<p class=\"MsoNormal\" style=\"text-align: justify; tab-stops: 5.0cm;\"><b style=\"mso-bidi-font-weight: normal;\"><span style=\"font-size: 12.0pt; line-height: 115%; font-family: 'Arial','sans-serif'; background: white; mso-highlight: white;\">ART. 3: <\/span><\/b><b style=\"mso-bidi-font-weight: normal;\"><span style=\"font-size: 12.0pt; line-height: 115%; font-family: 'Arial','sans-serif';\">DEROGAR <\/span><\/b><span style=\"font-size: 12.0pt; line-height: 115%; font-family: 'Arial','sans-serif';\">el Art. 3\u00ba<span style=\"mso-spacerun: yes;\">\u00a0 <\/span>la<span style=\"mso-spacerun: yes;\">\u00a0 <\/span>Ordenanza N\u00b0 2056\/03.-<\/span><\/p>\n<p>\u00a0<\/p>\n<p class=\"MsoNormal\" style=\"text-align: justify;\"><b style=\"mso-bidi-font-weight: normal;\"><span style=\"font-size: 12.0pt; line-height: 115%; font-family: 'Arial','sans-serif';\">ART. 4: .- COMUNIQUESE al D. E<\/span><\/b><span style=\"font-size: 12.0pt; line-height: 115%; font-family: 'Arial','sans-serif';\">., publ\u00edquese, reg\u00edstrese y arch\u00edvese.<\/span><\/p>\n<p>\u00a0<\/p>\n<p class=\"MsoHeader\" style=\"text-align: justify; tab-stops: 35.4pt center 212.6pt right 425.2pt;\"><b style=\"mso-bidi-font-weight: normal;\"><span style=\"mso-bidi-font-size: 12.0pt; mso-bidi-font-family: Arial;\">SALA DE SESIONES DEL HCD, 31 de Marzo de 2020<\/span><\/b><\/p>\n<p>\u00a0<\/p>\n<p class=\"MsoHeader\" style=\"text-align: justify; tab-stops: 35.4pt center 212.6pt right 425.2pt;\"><b style=\"mso-bidi-font-weight: normal;\"><span style=\"mso-bidi-font-size: 12.0pt; mso-bidi-font-family: Arial;\">\u00a0<\/span><\/b><\/p>\n<p>\u00a0<\/p>\n<p class=\"MsoHeader\" style=\"text-align: justify; tab-stops: 35.4pt center 212.6pt right 425.2pt;\"><b style=\"mso-bidi-font-weight: normal;\"><span style=\"mso-bidi-font-size: 12.0pt; mso-bidi-font-family: Arial;\">CURUZ\u00da CUATI\u00c1, CORRIENTES.-<\/span><\/b><\/p>\n<p>\u00a0<\/p>\n<p class=\"MsoNormal\" style=\"text-align: justify;\"><span style=\"font-size: 12.0pt; line-height: 115%; font-family: 'Arial','sans-serif';\">\u00a0<\/span><\/p>\n<p>\u00a0<\/p>\n<p class=\"MsoNormal\" style=\"text-align: justify;\"><span style=\"font-size: 12.0pt; line-height: 115%; font-family: 'Arial','sans-serif';\">Luego de la aprobaci\u00f3n el presidente dio por finalizada la sesi\u00f3n especial expres\u00e1ndoles a los concejales en sesi\u00f3n permanente.<\/span><\/p>\n<p class=\"MsoNormal\" style=\"text-align: justify;\"><span style=\"font-size: 12.0pt; line-height: 115%; font-family: 'Arial','sans-serif';\"><img decoding=\"async\" src=\"images\/sesion-310320-2.JPG\" alt=\"\" \/><\/span><\/p>\n<p class=\"MsoNormal\" style=\"text-align: justify;\"><span style=\"font-size: 12.0pt; line-height: 115%; font-family: 'Arial','sans-serif';\"><img decoding=\"async\" src=\"images\/sesion-310320-1.JPG\" alt=\"\" \/><\/span><\/p>\n<p>\u00a0<\/p>\n<p>\u00a0<\/p>\n","protected":false},"excerpt":{"rendered":"<p>\u00a0<span style=\"font-size: 12.0pt; line-height: 115%; font-family: 'Arial','sans-serif';\"><img decoding=\"async\" src=\"images\/sesion-310320-5.JPG\" alt=\"\" \/>Minutos despu\u00e9s de las 19hs. del martes 31 de marzo, el presidente del cuerpo Sr. Marcos Isusi, con la presencia de todos los concejales, antes de dar inicio pidi\u00f3 la palabra y puso a consideraci\u00f3n del cuerpo, que visto la emergencia sanitaria en la que estamos viviendo y considerando que la Dra. Marin Secretaria del cuerpo se encuentra entre el grupo de personas de riesgo, su lugar lo ocupara la Srta. Priscila Fonseca, personal de este Concejo Deliberante, lo que no tuvo objeci\u00f3n. Seguidamente se dio inicio a la sesi\u00f3n especial convocada para el d\u00eda de la fecha.<\/span><\/p>\n","protected":false},"author":1,"featured_media":909,"comment_status":"open","ping_status":"open","sticky":false,"template":"","format":"standard","meta":{"footnotes":""},"categories":[3],"tags":[],"class_list":["post-910","post","type-post","status-publish","format-standard","has-post-thumbnail","hentry","category-uncategorised"],"brizy_media":[],"_links":{"self":[{"href":"https:\/\/concejocuruzucuatia.gob.ar\/wp\/wp-json\/wp\/v2\/posts\/910","targetHints":{"allow":["GET"]}}],"collection":[{"href":"https:\/\/concejocuruzucuatia.gob.ar\/wp\/wp-json\/wp\/v2\/posts"}],"about":[{"href":"https:\/\/concejocuruzucuatia.gob.ar\/wp\/wp-json\/wp\/v2\/types\/post"}],"author":[{"embeddable":true,"href":"https:\/\/concejocuruzucuatia.gob.ar\/wp\/wp-json\/wp\/v2\/users\/1"}],"replies":[{"embeddable":true,"href":"https:\/\/concejocuruzucuatia.gob.ar\/wp\/wp-json\/wp\/v2\/comments?post=910"}],"version-history":[{"count":0,"href":"https:\/\/concejocuruzucuatia.gob.ar\/wp\/wp-json\/wp\/v2\/posts\/910\/revisions"}],"wp:featuredmedia":[{"embeddable":true,"href":"https:\/\/concejocuruzucuatia.gob.ar\/wp\/wp-json\/wp\/v2\/media\/909"}],"wp:attachment":[{"href":"https:\/\/concejocuruzucuatia.gob.ar\/wp\/wp-json\/wp\/v2\/media?parent=910"}],"wp:term":[{"taxonomy":"category","embeddable":true,"href":"https:\/\/concejocuruzucuatia.gob.ar\/wp\/wp-json\/wp\/v2\/categories?post=910"},{"taxonomy":"post_tag","embeddable":true,"href":"https:\/\/concejocuruzucuatia.gob.ar\/wp\/wp-json\/wp\/v2\/tags?post=910"}],"curies":[{"name":"wp","href":"https:\/\/api.w.org\/{rel}","templated":true}]}}