{"id":873,"date":"2020-02-04T14:55:14","date_gmt":"2020-02-04T14:55:14","guid":{"rendered":"https:\/\/concejocuruzucuatia.gob.ar\/wp\/2020\/02\/04\/sesion-preparatoria-2\/"},"modified":"2020-02-04T14:55:14","modified_gmt":"2020-02-04T14:55:14","slug":"sesion-preparatoria-2","status":"publish","type":"post","link":"https:\/\/concejocuruzucuatia.gob.ar\/wp\/2020\/02\/04\/sesion-preparatoria-2\/","title":{"rendered":"Sesi\u00f3n Preparatoria 2020"},"content":{"rendered":"<p class=\"MsoNormal\" style=\"font-size: medium; line-height: normal;\"><span lang=\"ES-AR\" style=\"font-size: 12pt; font-family: Arial, sans-serif;\"><img decoding=\"async\" src=\"images\/07-02-20-20-preparatoria-5.jpg\" alt=\"\" \/><\/span><\/p>\n<p class=\"MsoNormal\" style=\"font-size: medium; line-height: normal;\"><span lang=\"ES-AR\" style=\"font-size: 12pt; font-family: Arial, sans-serif;\">Se llev\u00f3 a cabo la Sesi\u00f3n preparatoria del Honorable Concejo Deliberante, el d\u00eda vienes 7 de febrero de 2020 pasadas las 20.30 hs, bajo la presidencia de la Profesora Mar\u00eda Emma Quir\u00f3z con la secretar\u00eda de la Dra. Cristina Marin, present\u00e1ndose la totalidad de los Sres. concejales.<\/span><\/p>\n<p class=\"MsoNormal\" style=\"font-size: medium; line-height: normal;\"><span lang=\"ES-AR\" style=\"font-size: 12pt; font-family: Arial, sans-serif;\">La Presidente inici\u00f3 la sesi\u00f3n poniendo a consideraci\u00f3n del cuerpo la votaci\u00f3n del orden del d\u00eda, la que fue aprobada un\u00e1nimemente.<\/span><\/p>\n<p class=\"MsoNormal\" style=\"font-size: medium; line-height: normal;\"><span lang=\"ES-AR\" style=\"font-size: 12pt; line-height: 24px; font-family: Arial, sans-serif;\">El primer punto tratado fue la elecci\u00f3n al cargo de Presidente del HCD, la presidente \u00a0le cede la palabra a la concejal Rosa Muller quien mocion\u00f3 al concejal Marcos Isusi para ocupar el cargo de presidente del mencionado cuerpo por el per\u00edodo 2020. El concejal Rub\u00edn solicit\u00f3 la palabra y se abstuvo a votar. La concejal Marchi pidi\u00f3 la palabra y expres\u00f3 la abstenci\u00f3n del Bloque Justicialista. Luego de someter a votaci\u00f3n nominal para ocupar el cargo de Presidente del Honorable Concejo Deliberante por el per\u00edodo 2020 el resultado fue 8 votos positivos a favor del concejal Marcos Isusi y 3 abstenciones.\u00a0 \u00a0 \u00a0 \u00a0 \u00a0 \u00a0<\/span><\/p>\n<p class=\"MsoNormal\" style=\"font-size: medium; line-height: normal;\"><span lang=\"ES-AR\" style=\"font-size: 12pt; font-family: Arial, sans-serif;\"><img decoding=\"async\" src=\"images\/07-02-20-20-preparatoria-2.JPG\" alt=\"\" \/>\u00a0\u00a0\u00a0\u00a0\u00a0\u00a0\u00a0\u00a0\u00a0 .<\/span><\/p>\n<p class=\"MsoNormal\" style=\"font-size: medium; line-height: normal;\"><span lang=\"ES-AR\" style=\"font-size: 12pt; font-family: Arial, sans-serif;\">A continuaci\u00f3n el presidente pone a consideraci\u00f3n el punto segundo, la elecci\u00f3n del cargo de vicepresidente primero. Es el concejal Santini el que toma la palabra y propone a la concejal Mariel Naya Yrigoyen para que ocupe el cargo. La concejal Marchi solicita la palabra y expone que el Bloque Justicialista se abstiene. Luego de someter a votaci\u00f3n nominal el resultado fue 8 votos positivos a favor de la concejal Mariel Naya Yrigoyen y 3 abstenciones.<\/span><\/p>\n<p class=\"MsoNormal\" style=\"font-size: medium; line-height: normal;\"><span lang=\"ES-AR\" style=\"font-size: 12pt; font-family: Arial, sans-serif;\"><img decoding=\"async\" src=\"images\/07-02-20-20-preparatoria-3.JPG\" alt=\"\" \/><\/span><\/p>\n<p class=\"MsoNormal\" style=\"font-size: medium; line-height: normal;\"><span lang=\"ES-AR\" style=\"font-size: 12pt; font-family: Arial, sans-serif;\">Seguidamente el Presidente pone a consideraci\u00f3n de los Sres. concejales el cargo de vicepresidente segundo,\u00a0<\/span><span style=\"font-family: Arial, sans-serif; font-size: 12pt;\">a lo que mocion\u00f3 la concejal Ruiz al concejal Hern\u00e1n Andr\u00e9s Ortiz para ocupar este cargo.<\/span><span style=\"font-family: Arial, sans-serif; font-size: 12pt;\">\u00a0Siendo la \u00fanica moci\u00f3n la presidente somete a votaci\u00f3n nominal siendo el resultado de 8 votos positivos a favor del concejal Hern\u00e1n Andr\u00e9s Ortiz y 3 abstenciones.<\/span><\/p>\n<p class=\"MsoNormal\" style=\"font-size: medium; line-height: normal;\"><span lang=\"ES-AR\" style=\"font-size: 12pt; font-family: Arial, sans-serif;\"><img decoding=\"async\" src=\"images\/07-02-20-20-preparatoria-4.JPG\" alt=\"\" \/><\/span><\/p>\n<p class=\"MsoNormal\" style=\"font-size: medium; line-height: normal;\"><span lang=\"ES-AR\" style=\"font-size: 12pt; font-family: Arial, sans-serif;\">\u00a0De esta forma fueron elegidos como autoridades del Honorable Concejo Deliberante de Curuz\u00fa Cuati\u00e1 para el per\u00edodo 2020, los concejales Marcos Isusi, Presidente; Mariel Naya Yrigoyen, Vicepresidente 1\u00b0 y Hern\u00e1n Andr\u00e9s Ortiz, Vicepresidente 2\u00b0.<\/span><\/p>\n<p class=\"MsoNormal\" style=\"font-size: medium; line-height: normal;\">\u00a0<\/p>\n<p class=\"MsoNormal\" style=\"font-size: medium; line-height: normal;\"><span lang=\"ES-AR\" style=\"font-size: 12pt; font-family: Arial, sans-serif;\">Para finalizar, la Presidente, Mar\u00eda Emma Quir\u00f3z convoc\u00f3 para el s\u00e1bado 15 de febrero del corriente a las 9hs. a la asunci\u00f3n de autoridades, en las que, protocolarmente el Sr. Intendente Municipal realizar\u00e1 la apertura de Sesiones Ordinarias.<\/span><\/p>\n<p class=\"MsoNormal\" style=\"font-size: medium; line-height: normal;\"><span lang=\"ES-AR\" style=\"font-size: 12pt; font-family: Arial, sans-serif;\"><img decoding=\"async\" src=\"images\/07-02-20-20-preparatoria-1.JPG\" alt=\"\" \/><\/span><\/p>\n","protected":false},"excerpt":{"rendered":"<p class=\"MsoNormal\" style=\"font-size: medium; line-height: normal;\"><span lang=\"ES-AR\" style=\"font-size: 12pt; font-family: Arial, sans-serif;\"><img decoding=\"async\" src=\"images\/07-02-20-20-preparatoria-5.jpg\" alt=\"\" \/><\/span><\/p>\n<p class=\"MsoNormal\" style=\"font-size: medium; line-height: normal;\"><span lang=\"ES-AR\" style=\"font-size: 12pt; font-family: Arial, sans-serif;\">Se llev\u00f3 a cabo la Sesi\u00f3n preparatoria del Honorable Concejo Deliberante, el d\u00eda vienes 7 de febrero de 2020 pasadas las 20.30 hs, bajo la presidencia de la Profesora Mar\u00eda Emma Quir\u00f3z con la secretar\u00eda de la Dra. Cristina Marin, present\u00e1ndose la totalidad de los Sres. concejales.<\/span><\/p>\n","protected":false},"author":1,"featured_media":872,"comment_status":"open","ping_status":"open","sticky":false,"template":"","format":"standard","meta":{"footnotes":""},"categories":[3],"tags":[],"class_list":["post-873","post","type-post","status-publish","format-standard","has-post-thumbnail","hentry","category-uncategorised"],"brizy_media":[],"_links":{"self":[{"href":"https:\/\/concejocuruzucuatia.gob.ar\/wp\/wp-json\/wp\/v2\/posts\/873","targetHints":{"allow":["GET"]}}],"collection":[{"href":"https:\/\/concejocuruzucuatia.gob.ar\/wp\/wp-json\/wp\/v2\/posts"}],"about":[{"href":"https:\/\/concejocuruzucuatia.gob.ar\/wp\/wp-json\/wp\/v2\/types\/post"}],"author":[{"embeddable":true,"href":"https:\/\/concejocuruzucuatia.gob.ar\/wp\/wp-json\/wp\/v2\/users\/1"}],"replies":[{"embeddable":true,"href":"https:\/\/concejocuruzucuatia.gob.ar\/wp\/wp-json\/wp\/v2\/comments?post=873"}],"version-history":[{"count":0,"href":"https:\/\/concejocuruzucuatia.gob.ar\/wp\/wp-json\/wp\/v2\/posts\/873\/revisions"}],"wp:featuredmedia":[{"embeddable":true,"href":"https:\/\/concejocuruzucuatia.gob.ar\/wp\/wp-json\/wp\/v2\/media\/872"}],"wp:attachment":[{"href":"https:\/\/concejocuruzucuatia.gob.ar\/wp\/wp-json\/wp\/v2\/media?parent=873"}],"wp:term":[{"taxonomy":"category","embeddable":true,"href":"https:\/\/concejocuruzucuatia.gob.ar\/wp\/wp-json\/wp\/v2\/categories?post=873"},{"taxonomy":"post_tag","embeddable":true,"href":"https:\/\/concejocuruzucuatia.gob.ar\/wp\/wp-json\/wp\/v2\/tags?post=873"}],"curies":[{"name":"wp","href":"https:\/\/api.w.org\/{rel}","templated":true}]}}