{"id":829,"date":"2019-10-17T11:19:22","date_gmt":"2019-10-17T11:19:22","guid":{"rendered":"https:\/\/concejocuruzucuatia.gob.ar\/wp\/2019\/10\/17\/informe-de-prensa-hcd-sesion-16-de-octubre-de-2019\/"},"modified":"2019-10-17T11:19:22","modified_gmt":"2019-10-17T11:19:22","slug":"informe-de-prensa-hcd-sesion-16-de-octubre-de-2019","status":"publish","type":"post","link":"https:\/\/concejocuruzucuatia.gob.ar\/wp\/2019\/10\/17\/informe-de-prensa-hcd-sesion-16-de-octubre-de-2019\/","title":{"rendered":"Informe de Prensa HCD \/ Sesi\u00f3n 16 de octubre de 2019"},"content":{"rendered":"<p class=\"MsoNormal\" style=\"text-align: center;\" align=\"center\"><img decoding=\"async\" src=\"images\/sesion-161019-2.JPG\" alt=\"\" \/><\/p>\n<p class=\"MsoNormal\" style=\"text-align: justify;\"><span style=\"font-size: 12.0pt; line-height: 115%; font-family: 'Arial','sans-serif';\">Pasadas las 09.00 hs. del mi\u00e9rcoles 16 de octubre, el Presidente del cuerpo Prof. Rodolfo Santini y la Secretaria Dra. Mar\u00eda Cristina Mar\u00edn, dieron inicio a la sesi\u00f3n con la presencia de todos los concejales. El presidente somete a votaci\u00f3n el orden del d\u00eda, el que es aprobado.<span style=\"mso-spacerun: yes;\">\u00a0<\/span><\/span><\/p>\n<p class=\"MsoNormal\" style=\"text-align: justify;\"><span style=\"font-size: 12.0pt; line-height: 115%; font-family: 'Arial','sans-serif';\">Luego se trat\u00f3 el primer punto, referido a la lectura y consideraci\u00f3n del acta N\u00b0 1518, el que fue sometido a votaci\u00f3n y aprobado un\u00e1nimemente.<\/span><\/p>\n<p class=\"MsoNormal\" style=\"text-align: justify;\"><span style=\"font-size: 12.0pt; line-height: 115%; font-family: 'Arial','sans-serif';\">El 2do. punto fue el tratamiento del despacho de la Comisi\u00f3n de Gobierno, el Expte. N\u00b0 5248\/19 Proyecto de Ordenanza del DEM para autorizar a la Secretaria de Econom\u00eda y Finanzas para el uso de firma facsimilar. <span style=\"color: black;\">Luego el presidente somete a votaci\u00f3n el despacho el que fue aprobado un\u00e1nimemente.<\/span><\/span><\/p>\n<p class=\"MsoNormal\" style=\"text-align: justify;\"><span style=\"font-size: 12.0pt; line-height: 115%; font-family: 'Arial','sans-serif';\">\u00a0<\/span><\/p>\n<p class=\"MsoNormal\" style=\"text-align: center;\" align=\"center\"><b style=\"mso-bidi-font-weight: normal;\"><u><span style=\"font-size: 12.0pt; line-height: 115%; font-family: 'Arial','sans-serif';\">ORDENANZA N\u00b0 3216<\/span><\/u><\/b><\/p>\n<p class=\"MsoNormal\" style=\"text-align: center;\" align=\"center\"><b style=\"mso-bidi-font-weight: normal;\"><u><span style=\"font-size: 12.0pt; mso-bidi-font-size: 11.0pt; line-height: 115%; font-family: 'Arial','sans-serif';\">EL HONORABLE CONCEJO DELIBERANTE<\/span><\/u><\/b><\/p>\n<p class=\"MsoNormal\" style=\"text-align: center;\" align=\"center\"><b style=\"mso-bidi-font-weight: normal;\"><u><span style=\"font-size: 12.0pt; mso-bidi-font-size: 11.0pt; line-height: 115%; font-family: 'Arial','sans-serif';\">DE CURUZ\u00da CUATI\u00c1<\/span><\/u><\/b><\/p>\n<p class=\"MsoNormal\" style=\"text-align: center;\" align=\"center\"><b style=\"mso-bidi-font-weight: normal;\"><u><span style=\"font-size: 12.0pt; mso-bidi-font-size: 11.0pt; line-height: 115%; font-family: 'Arial','sans-serif';\">SANCIONA CON FUERZA\u00a0\u00a0DE<\/span><\/u><\/b><\/p>\n<p class=\"MsoNormal\" style=\"text-align: center;\" align=\"center\"><b style=\"mso-bidi-font-weight: normal;\"><u><span style=\"font-size: 12.0pt; mso-bidi-font-size: 11.0pt; line-height: 115%; font-family: 'Arial','sans-serif';\">ORDENANZA<\/span><\/u><\/b><\/p>\n<p class=\"MsoNormal\" style=\"margin-bottom: .0001pt; text-align: center;\" align=\"center\"><b style=\"mso-bidi-font-weight: normal;\"><u><span style=\"font-size: 12.0pt; mso-bidi-font-size: 11.0pt; line-height: 115%; font-family: 'Arial','sans-serif';\"><span style=\"text-decoration: none;\">\u00a0<\/span><\/span><\/u><\/b><\/p>\n<p class=\"MsoNormal\" style=\"text-align: justify;\"><span style=\"font-size: 12.0pt; mso-bidi-font-size: 11.0pt; line-height: 115%; font-family: 'Arial','sans-serif';\">\u00a0<b style=\"mso-bidi-font-weight: normal;\">Art. 1\u00b0.- AUTORIZAR<\/b><span style=\"mso-spacerun: yes;\">\u00a0 <\/span>a<span style=\"mso-spacerun: yes;\">\u00a0 <\/span>la Secretaria de Econom\u00eda y Finanzas de esta Municipalidad, para que mediante su firma facsimilar represente a la MUNICIPALIDAD DE CURUZ\u00da CUATI\u00c1 y proceda a dar curso a los Convenios de Pagos en Cuotas de Tributos y otros conceptos de Recaudaci\u00f3n Municipal. La mencionada firma facsimilar sustituye en todos sus efectos a la firma hologr\u00e1fica, debiendo estar acompa\u00f1ada por al menos de una firma hologr\u00e1fica, perteneciente a los Agentes Municipales indicados a continuaci\u00f3n:<\/span><\/p>\n<table class=\"MsoTableGrid\" style=\"margin-left: 62.1pt; border-collapse: collapse; border: none; mso-border-alt: solid black .5pt; mso-yfti-tbllook: 1184; mso-padding-alt: 0cm 5.4pt 0cm 5.4pt;\" border=\"1\" cellspacing=\"0\" cellpadding=\"0\">\n<tbody>\n<tr style=\"mso-yfti-irow: 0; mso-yfti-firstrow: yes; height: 14.5pt;\">\n<td style=\"width: 7.0cm; border: solid black 1.0pt; mso-border-alt: solid black .5pt; padding: 0cm 5.4pt 0cm 5.4pt; height: 14.5pt;\" valign=\"top\" width=\"265\">\n<p class=\"MsoNormal\" style=\"text-align: center;\" align=\"center\"><b style=\"mso-bidi-font-weight: normal;\"><span style=\"font-size: 12.0pt; mso-bidi-font-size: 11.0pt; line-height: 115%; font-family: 'Arial','sans-serif';\">Apellido y Nombre<\/span><\/b><\/p>\n<\/td>\n<td style=\"width: 78.0pt; border: solid black 1.0pt; border-left: none; mso-border-left-alt: solid black .5pt; mso-border-alt: solid black .5pt; padding: 0cm 5.4pt 0cm 5.4pt; height: 14.5pt;\" valign=\"top\" width=\"104\">\n<p class=\"MsoNormal\" style=\"text-align: center;\" align=\"center\"><b style=\"mso-bidi-font-weight: normal;\"><span style=\"font-size: 12.0pt; mso-bidi-font-size: 11.0pt; line-height: 115%; font-family: 'Arial','sans-serif';\">D.N.I.<\/span><\/b><\/p>\n<\/td>\n<\/tr>\n<tr style=\"mso-yfti-irow: 1;\">\n<td style=\"width: 7.0cm; border: solid black 1.0pt; border-top: none; mso-border-top-alt: solid black .5pt; mso-border-alt: solid black .5pt; padding: 0cm 5.4pt 0cm 5.4pt;\" valign=\"top\" width=\"265\">\n<p class=\"MsoNormal\" style=\"text-align: justify;\"><span style=\"font-family: 'Arial','sans-serif';\">LEYES MARIA NOEMI<\/span><\/p>\n<\/td>\n<td style=\"width: 78.0pt; border-top: none; border-left: none; border-bottom: solid black 1.0pt; border-right: solid black 1.0pt; mso-border-top-alt: solid black .5pt; mso-border-left-alt: solid black .5pt; mso-border-alt: solid black .5pt; padding: 0cm 5.4pt 0cm 5.4pt;\" valign=\"top\" width=\"104\">\n<p class=\"MsoNormal\" style=\"text-align: justify;\"><span style=\"font-size: 12.0pt; mso-bidi-font-size: 11.0pt; line-height: 115%; font-family: 'Arial','sans-serif';\">14.512.592<\/span><\/p>\n<\/td>\n<\/tr>\n<tr style=\"mso-yfti-irow: 2;\">\n<td style=\"width: 7.0cm; border: solid black 1.0pt; border-top: none; mso-border-top-alt: solid black .5pt; mso-border-alt: solid black .5pt; padding: 0cm 5.4pt 0cm 5.4pt;\" valign=\"top\" width=\"265\">\n<p class=\"MsoNormal\"><span style=\"font-family: 'Arial','sans-serif';\">MACIEL VICTORIA SOLEDAD <\/span><\/p>\n<\/td>\n<td style=\"width: 78.0pt; border-top: none; border-left: none; border-bottom: solid black 1.0pt; border-right: solid black 1.0pt; mso-border-top-alt: solid black .5pt; mso-border-left-alt: solid black .5pt; mso-border-alt: solid black .5pt; padding: 0cm 5.4pt 0cm 5.4pt;\" valign=\"top\" width=\"104\">\n<p class=\"MsoNormal\" style=\"text-align: justify;\"><span style=\"font-size: 12.0pt; mso-bidi-font-size: 11.0pt; line-height: 115%; font-family: 'Arial','sans-serif';\">32.932.495<\/span><\/p>\n<\/td>\n<\/tr>\n<tr style=\"mso-yfti-irow: 3;\">\n<td style=\"width: 7.0cm; border: solid black 1.0pt; border-top: none; mso-border-top-alt: solid black .5pt; mso-border-alt: solid black .5pt; padding: 0cm 5.4pt 0cm 5.4pt;\" valign=\"top\" width=\"265\">\n<p class=\"MsoNormal\" style=\"text-align: justify;\"><span style=\"font-size: 12.0pt; mso-bidi-font-size: 11.0pt; line-height: 115%; font-family: 'Arial','sans-serif';\">BALCEDA GABRIELA ITATI<\/span><\/p>\n<\/td>\n<td style=\"width: 78.0pt; border-top: none; border-left: none; border-bottom: solid black 1.0pt; border-right: solid black 1.0pt; mso-border-top-alt: solid black .5pt; mso-border-left-alt: solid black .5pt; mso-border-alt: solid black .5pt; padding: 0cm 5.4pt 0cm 5.4pt;\" valign=\"top\" width=\"104\">\n<p class=\"MsoNormal\" style=\"text-align: justify;\"><span style=\"font-size: 12.0pt; mso-bidi-font-size: 11.0pt; line-height: 115%; font-family: 'Arial','sans-serif';\">37.288.763<\/span><\/p>\n<\/td>\n<\/tr>\n<tr style=\"mso-yfti-irow: 4;\">\n<td style=\"width: 7.0cm; border: solid black 1.0pt; border-top: none; mso-border-top-alt: solid black .5pt; mso-border-alt: solid black .5pt; padding: 0cm 5.4pt 0cm 5.4pt;\" valign=\"top\" width=\"265\">\n<p class=\"MsoNormal\" style=\"text-align: justify;\"><span style=\"font-size: 12.0pt; mso-bidi-font-size: 11.0pt; line-height: 115%; font-family: 'Arial','sans-serif';\">PREISZ JORGE HORACIO<\/span><\/p>\n<\/td>\n<td style=\"width: 78.0pt; border-top: none; border-left: none; border-bottom: solid black 1.0pt; border-right: solid black 1.0pt; mso-border-top-alt: solid black .5pt; mso-border-left-alt: solid black .5pt; mso-border-alt: solid black .5pt; padding: 0cm 5.4pt 0cm 5.4pt;\" valign=\"top\" width=\"104\">\n<p class=\"MsoNormal\" style=\"text-align: justify;\"><span style=\"font-size: 12.0pt; mso-bidi-font-size: 11.0pt; line-height: 115%; font-family: 'Arial','sans-serif';\">25.671.573<\/span><\/p>\n<\/td>\n<\/tr>\n<tr style=\"mso-yfti-irow: 5; mso-yfti-lastrow: yes;\">\n<td style=\"width: 7.0cm; border: solid black 1.0pt; border-top: none; mso-border-top-alt: solid black .5pt; mso-border-alt: solid black .5pt; padding: 0cm 5.4pt 0cm 5.4pt;\" valign=\"top\" width=\"265\">\n<p class=\"MsoNormal\"><span style=\"font-size: 12.0pt; mso-bidi-font-size: 11.0pt; line-height: 115%; font-family: 'Arial','sans-serif';\">ALVAREZ HUGO JOSE MARIA<\/span><\/p>\n<\/td>\n<td style=\"width: 78.0pt; border-top: none; border-left: none; border-bottom: solid black 1.0pt; border-right: solid black 1.0pt; mso-border-top-alt: solid black .5pt; mso-border-left-alt: solid black .5pt; mso-border-alt: solid black .5pt; padding: 0cm 5.4pt 0cm 5.4pt;\" valign=\"top\" width=\"104\">\n<p class=\"MsoNormal\" style=\"text-align: justify;\"><span style=\"font-size: 12.0pt; mso-bidi-font-size: 11.0pt; line-height: 115%; font-family: 'Arial','sans-serif';\">16.456.627<\/span><\/p>\n<\/td>\n<\/tr>\n<\/tbody>\n<\/table>\n<p class=\"MsoNormal\" style=\"margin-bottom: .0001pt; text-align: justify;\"><span style=\"font-size: 12.0pt; mso-bidi-font-size: 11.0pt; line-height: 115%; font-family: 'Arial','sans-serif';\">\u00a0<\/span><\/p>\n<p class=\"MsoNormal\" style=\"text-align: justify;\"><span style=\"font-size: 12.0pt; mso-bidi-font-size: 11.0pt; line-height: 115%; font-family: 'Arial','sans-serif';\">La presente autorizaci\u00f3n, INCLUYE<span style=\"mso-spacerun: yes;\">\u00a0 <\/span>a los Convenios de Pagos comprendidos en los Reg\u00edmenes Especiales de Regularizaci\u00f3n que se establezcan.<\/span><\/p>\n<p class=\"MsoNormal\" style=\"text-align: justify;\"><b style=\"mso-bidi-font-weight: normal;\"><span style=\"font-size: 12.0pt; mso-bidi-font-size: 11.0pt; line-height: 115%; font-family: 'Arial','sans-serif';\"><span style=\"mso-spacerun: yes;\">\u00a0<\/span>Art. 2\u00b0.-<\/span><\/b><span style=\"font-size: 12.0pt; mso-bidi-font-size: 11.0pt; line-height: 115%; font-family: 'Arial','sans-serif';\"> La firma facsimilar autorizada tiene validez en todo el territorio nacional.<\/span><\/p>\n<p class=\"MsoHeader\" style=\"text-align: justify;\"><b style=\"mso-bidi-font-weight: normal;\"><span style=\"mso-bidi-font-family: Arial;\"><span style=\"mso-spacerun: yes;\">\u00a0<\/span>Art. 3\u00b0.-<\/span><\/b> <b style=\"mso-bidi-font-weight: normal;\"><span style=\"mso-bidi-font-size: 12.0pt; mso-bidi-font-family: Arial;\">COMUNIQUESE al D.E, publ\u00edquese, reg\u00edstrese y arch\u00edvese.<\/span><\/b><\/p>\n<p class=\"MsoHeader\" style=\"text-align: justify;\"><b style=\"mso-bidi-font-weight: normal;\"><span style=\"mso-bidi-font-size: 12.0pt; mso-bidi-font-family: Arial;\">\u00a0<\/span><\/b><\/p>\n<p class=\"MsoNormal\" style=\"text-align: justify; tab-stops: 36.0pt;\"><b style=\"mso-bidi-font-weight: normal;\"><span style=\"font-size: 12.0pt; line-height: 115%; font-family: 'Arial','sans-serif';\">SALA DE SESIONES DEL H.C.D., 16 de octubre de 2019<\/span><\/b><\/p>\n<p class=\"MsoHeader\" style=\"text-align: justify; tab-stops: 35.4pt center 212.6pt right 425.2pt;\"><b style=\"mso-bidi-font-weight: normal;\"><span style=\"mso-bidi-font-size: 12.0pt; mso-bidi-font-family: Arial;\">CURUZ\u00da CUATI\u00c1, CORRIENTES<\/span><\/b><\/p>\n<p class=\"MsoHeader\" style=\"text-align: justify; tab-stops: 35.4pt center 212.6pt right 425.2pt;\"><b style=\"mso-bidi-font-weight: normal;\"><span style=\"mso-bidi-font-size: 12.0pt; mso-bidi-font-family: Arial;\">\u00a0<img decoding=\"async\" src=\"images\/sesion-161019-1.JPG\" alt=\"\" \/><\/span><\/b><\/p>\n<p class=\"MsoNormal\" style=\"text-align: justify;\"><span style=\"font-size: 12.0pt; line-height: 115%; font-family: 'Arial','sans-serif';\">Seguidamente se trato el Despacho de la Comisi\u00f3n de Obras, Expte. N\u00b05252\/19 Proyecto de Resoluci\u00f3n del Bloque Proyecto Corrientes, solicitando al DEM se incluya en el plan de pavimentaci\u00f3n a la cortada 17 de agosto entre Larrea y Matheu, el concejal Farin\u00f3n explica los motivos de tal solicitud, siendo el mismo aprobado un\u00e1nimemente.<\/span><\/p>\n<p class=\"MsoNormal\" style=\"text-align: justify;\"><span style=\"font-size: 12.0pt; line-height: 115%; font-family: 'Arial','sans-serif';\">Luego se trato el despacho de la Comisi\u00f3n de Gobierno, referente al Expte.N\u00b05254\/19 de una nota de la Auditora Municipal, solicitando pr\u00f3rroga para la presentaci\u00f3n del informe correspondiente al primer trimestre 2019, la misma es explicada por la Concejal Quiroz, donde luego de someterse a votaci\u00f3n es Resoluci\u00f3n.<span style=\"mso-spacerun: yes;\">\u00a0\u00a0 <\/span><\/span><\/p>\n<p class=\"MsoNormal\" style=\"text-align: justify;\"><span style=\"font-size: 12.0pt; line-height: 115%; font-family: 'Arial','sans-serif';\">Siguiendo con el orden del d\u00eda, se trat\u00f3 el 3\u00b0 punto referido a proyectos ingresados, De Ordenanza del DEM, donde establece que la Direcci\u00f3n de Calidad Ambiental y Bromatolog\u00eda ser\u00e1 la autoridad que aplique y determine los inmuebles que representen riesgos en la salud de la poblaci\u00f3n, el mismo paso a Comisi\u00f3n de Gobierno.<\/span><\/p>\n<p class=\"MsoNormal\" style=\"text-align: justify;\"><span style=\"font-size: 12.0pt; line-height: 115%; font-family: 'Arial','sans-serif';\">De Resoluci\u00f3n del Bloque PJ, solicitando al DEM se incluyan a las calles en el plan de pavimentaci\u00f3n, el mismo paso a Comisi\u00f3n de Obras.<\/span><\/p>\n<p class=\"MsoNormal\" style=\"text-align: justify;\"><span style=\"font-size: 12.0pt; line-height: 115%; font-family: 'Arial','sans-serif';\">De declaraci\u00f3n del Bloque UCR, donde solicita se declare de Inter\u00e9s Municipal a la Capacitaci\u00f3n de Soldadura con electrodos que se est\u00e1 realizando desde el 15 al 18 de octubre en el Club Hurac\u00e1n. El concejal Isusi, solicita el tratamiento sobre tablas y explica la importancia de este tipo de cursos para los j\u00f3venes de nuestra ciudad. Luego de la votaci\u00f3n solicitado por el Presidente, es aprobada como Declaraci\u00f3n.<span style=\"mso-spacerun: yes;\">\u00a0\u00a0 <\/span><\/span><\/p>\n<p class=\"MsoNormal\" style=\"text-align: justify;\"><span style=\"font-size: 12.0pt; line-height: 115%; font-family: 'Arial','sans-serif';\">Tambi\u00e9n se solicit\u00f3 se declare de Inter\u00e9s Municipal, las actividades de concientizaci\u00f3n por el Mes de la Diabetes que se est\u00e1 llevando a cabo desde este 11 de octubre al 14 de noviembre. La Semana de la Diabetes cuyo cronograma de actividades es el siguiente: 12 noviembre Actividad F\u00edsica, 13 de noviembre: Cocina Saludable y el d\u00eda 14 realizaci\u00f3n de controles a las 06.30 hs para personas NO diab\u00e9ticas en el Hospital Dr. Fernando Irastorza, con la participaci\u00f3n activa del Club de Leones, por la tarde a las 17.00 hs. CAMINATA SALUDABLE con la participaci\u00f3n de distintos colegios de nuestra ciudad. La charla del encuentro para personas diab\u00e9ticas \u201cLa diabetes y yo\u201d por la Dra. M\u00f3nica Gonz\u00e1lez y el Taller de cocina f\u00e1cil y econ\u00f3mica a cargo de la Lic. Dahiana Isusi Frattini. <\/span><\/p>\n<p class=\"MsoNormal\" style=\"text-align: justify;\"><span style=\"font-size: 12.0pt; line-height: 115%; font-family: 'Arial','sans-serif';\">El 4to. punto fue el de comunicaciones oficiales, del Sr. gobernador de la Provincia, Gustavo Valdez y de la Sra. Elena Bonatti de Rocca, invitando a la inauguraci\u00f3n del Centro Oncol\u00f3gico a llevarse a cabo el d\u00eda 15 de noviembre de 2019 a las 11.00 hs. <\/span><\/p>\n<p class=\"MsoNormal\" style=\"text-align: justify;\"><span style=\"font-size: 12.0pt; line-height: 115%; font-family: 'Arial','sans-serif';\">El 5to. punto referente a notas Privadas, del Presidente del centro de Veteranos de Guerra \u201cIslas Malvinas\u201d solicitando colaboraci\u00f3n, paso a Comisi\u00f3n de Peticiones. De la Stra. Natalia Soledad Falc\u00f3n, Solicitando beca para estudios secundarios, paso tambi\u00e9n a Comisi\u00f3n de Peticiones.<\/span><\/p>\n<p class=\"MsoNormal\" style=\"text-align: justify;\"><span style=\"font-size: 12.0pt; line-height: 115%; font-family: 'Arial','sans-serif';\">El 6to. punto se trat\u00f3 de las resoluciones del DEM: Incorporar al Presupuesto Municipal 2019, partida del Plan Nacer.<\/span><\/p>\n<p class=\"MsoNormal\" style=\"text-align: justify;\"><span style=\"font-size: 12.0pt; line-height: 115%; font-family: 'Arial','sans-serif';\">Luego de finalizado el orden del d\u00eda y no habiendo m\u00e1s temas que tratar, el presidente Rodolfo Santini convoc\u00f3 a los Sres. concejales a la pr\u00f3xima sesi\u00f3n para el d\u00eda mi\u00e9rcoles 23 de octubre pr\u00f3ximo.<\/span><\/p>\n<p class=\"MsoNormal\" style=\"text-align: justify;\"><span style=\"font-size: 12.0pt; line-height: 115%; font-family: 'Arial','sans-serif';\">\u00a0<\/span><\/p>\n<p class=\"MsoNormal\" style=\"text-align: justify;\"><span style=\"font-size: 12.0pt; line-height: 115%; font-family: 'Arial','sans-serif';\">\u00a0<\/span><\/p>\n","protected":false},"excerpt":{"rendered":"<p class=\"MsoNormal\" style=\"text-align: center;\" align=\"center\"><img decoding=\"async\" src=\"images\/sesion-161019-2.JPG\" alt=\"\" \/><\/p>\n<p class=\"MsoNormal\" style=\"text-align: justify;\"><span style=\"font-size: 12.0pt; line-height: 115%; font-family: 'Arial','sans-serif';\">Pasadas las 09.00 hs. del mi\u00e9rcoles 16 de octubre, el Presidente del cuerpo Prof. Rodolfo Santini y la Secretaria Dra. Mar\u00eda Cristina Mar\u00edn, dieron inicio a la sesi\u00f3n con la presencia de todos los concejales. El presidente somete a votaci\u00f3n el orden del d\u00eda, el que es aprobado.<span style=\"mso-spacerun: yes;\">\u00a0<\/span><\/span><\/p>\n","protected":false},"author":1,"featured_media":828,"comment_status":"open","ping_status":"open","sticky":false,"template":"","format":"standard","meta":{"footnotes":""},"categories":[3],"tags":[],"class_list":["post-829","post","type-post","status-publish","format-standard","has-post-thumbnail","hentry","category-uncategorised"],"brizy_media":[],"_links":{"self":[{"href":"https:\/\/concejocuruzucuatia.gob.ar\/wp\/wp-json\/wp\/v2\/posts\/829","targetHints":{"allow":["GET"]}}],"collection":[{"href":"https:\/\/concejocuruzucuatia.gob.ar\/wp\/wp-json\/wp\/v2\/posts"}],"about":[{"href":"https:\/\/concejocuruzucuatia.gob.ar\/wp\/wp-json\/wp\/v2\/types\/post"}],"author":[{"embeddable":true,"href":"https:\/\/concejocuruzucuatia.gob.ar\/wp\/wp-json\/wp\/v2\/users\/1"}],"replies":[{"embeddable":true,"href":"https:\/\/concejocuruzucuatia.gob.ar\/wp\/wp-json\/wp\/v2\/comments?post=829"}],"version-history":[{"count":0,"href":"https:\/\/concejocuruzucuatia.gob.ar\/wp\/wp-json\/wp\/v2\/posts\/829\/revisions"}],"wp:featuredmedia":[{"embeddable":true,"href":"https:\/\/concejocuruzucuatia.gob.ar\/wp\/wp-json\/wp\/v2\/media\/828"}],"wp:attachment":[{"href":"https:\/\/concejocuruzucuatia.gob.ar\/wp\/wp-json\/wp\/v2\/media?parent=829"}],"wp:term":[{"taxonomy":"category","embeddable":true,"href":"https:\/\/concejocuruzucuatia.gob.ar\/wp\/wp-json\/wp\/v2\/categories?post=829"},{"taxonomy":"post_tag","embeddable":true,"href":"https:\/\/concejocuruzucuatia.gob.ar\/wp\/wp-json\/wp\/v2\/tags?post=829"}],"curies":[{"name":"wp","href":"https:\/\/api.w.org\/{rel}","templated":true}]}}