{"id":821,"date":"2019-10-08T12:51:25","date_gmt":"2019-10-08T12:51:25","guid":{"rendered":"https:\/\/concejocuruzucuatia.gob.ar\/wp\/2019\/10\/08\/visita-protocolar-del-presidente-de-la-camara-de-diputados-de-la-provincia-de-corrientes\/"},"modified":"2019-10-08T12:51:25","modified_gmt":"2019-10-08T12:51:25","slug":"visita-protocolar-del-presidente-de-la-camara-de-diputados-de-la-provincia-de-corrientes","status":"publish","type":"post","link":"https:\/\/concejocuruzucuatia.gob.ar\/wp\/2019\/10\/08\/visita-protocolar-del-presidente-de-la-camara-de-diputados-de-la-provincia-de-corrientes\/","title":{"rendered":"Visita protocolar del Presidente de la C\u00e1mara de Diputados de la Provincia de Corrientes"},"content":{"rendered":"<p style=\"margin: 1em 0px; font-family: Helvetica, Arial, sans-serif; color: #666666; font-size: 12px; text-align: center;\"><img decoding=\"async\" src=\"images\/cassani-1.jpeg\" alt=\"\" \/>\u00a0<\/p>\n<p style=\"margin: 1em 0px; font-family: Helvetica, Arial, sans-serif; color: #666666; font-size: 12px;\">El Presidente del Concejo Deliberante el profesor Rodolfo Santini, junto a la Vice presidente primera la concejal Emma Quir\u00f3z recibieron al titular de la C\u00e1mara de Diputado<span class=\"text_exposed_show\" style=\"display: inline; font-family: inherit;\">s Pedro Cassani, con quien dialog\u00f3 sobre los diversos programas institucionales de la C\u00e1mara Baja con el objetivo de la participaci\u00f3n ciudadana y la transparencia de gesti\u00f3n.<\/span><\/p>\n<div class=\"text_exposed_show\" style=\"display: inline; font-family: Helvetica, Arial, sans-serif; color: #666666; font-size: 12px;\">\n<p style=\"margin: 1em 0px; font-family: inherit;\">Tambi\u00e9n estuvo presente\u00a0 el funcionario provincial Axel T\u00f3ffoli.\u00a0<\/p>\n<p style=\"margin: 1em 0px; font-family: inherit;\">El presidente Santini coment\u00f3 que se trataron varios temas, entre ellos se avanz\u00f3 en la apertura del curso de enfermer\u00eda profesional con t\u00edtulo oficial para el a\u00f1o que viene.<\/p>\n<p style=\"margin: 1em 0px; font-family: inherit;\">El Presidente de la C\u00e1mara de Diputados se mostr\u00f3 muy agradecido por el recibimiento.\u00a0<\/p>\n<p style=\"margin: 1em 0px; font-family: inherit;\"><img decoding=\"async\" src=\"images\/cassani-2.jpeg\" alt=\"\" \/><\/p>\n<\/div>\n","protected":false},"excerpt":{"rendered":"<p style=\"margin: 1em 0px; font-family: Helvetica, Arial, sans-serif; color: #666666; font-size: 12px; text-align: center;\"><img decoding=\"async\" src=\"images\/cassani-1.jpeg\" alt=\"\" \/>\u00a0<\/p>\n<p style=\"margin: 1em 0px; font-family: Helvetica, Arial, sans-serif; color: #666666; font-size: 12px;\">El Presidente del Concejo Deliberante el profesor Rodolfo Santini, junto a la Vice presidente primera la concejal Emma Quir\u00f3z recibieron al titular de la C\u00e1mara de Diputado<span class=\"text_exposed_show\" style=\"display: inline; font-family: inherit;\">s Pedro Cassani, con quien dialog\u00f3 sobre los diversos programas institucionales de la C\u00e1mara Baja con el objetivo de la participaci\u00f3n ciudadana y la transparencia de gesti\u00f3n.<\/span><\/p>\n","protected":false},"author":1,"featured_media":820,"comment_status":"open","ping_status":"open","sticky":false,"template":"","format":"standard","meta":{"footnotes":""},"categories":[3],"tags":[],"class_list":["post-821","post","type-post","status-publish","format-standard","has-post-thumbnail","hentry","category-uncategorised"],"brizy_media":[],"_links":{"self":[{"href":"https:\/\/concejocuruzucuatia.gob.ar\/wp\/wp-json\/wp\/v2\/posts\/821","targetHints":{"allow":["GET"]}}],"collection":[{"href":"https:\/\/concejocuruzucuatia.gob.ar\/wp\/wp-json\/wp\/v2\/posts"}],"about":[{"href":"https:\/\/concejocuruzucuatia.gob.ar\/wp\/wp-json\/wp\/v2\/types\/post"}],"author":[{"embeddable":true,"href":"https:\/\/concejocuruzucuatia.gob.ar\/wp\/wp-json\/wp\/v2\/users\/1"}],"replies":[{"embeddable":true,"href":"https:\/\/concejocuruzucuatia.gob.ar\/wp\/wp-json\/wp\/v2\/comments?post=821"}],"version-history":[{"count":0,"href":"https:\/\/concejocuruzucuatia.gob.ar\/wp\/wp-json\/wp\/v2\/posts\/821\/revisions"}],"wp:featuredmedia":[{"embeddable":true,"href":"https:\/\/concejocuruzucuatia.gob.ar\/wp\/wp-json\/wp\/v2\/media\/820"}],"wp:attachment":[{"href":"https:\/\/concejocuruzucuatia.gob.ar\/wp\/wp-json\/wp\/v2\/media?parent=821"}],"wp:term":[{"taxonomy":"category","embeddable":true,"href":"https:\/\/concejocuruzucuatia.gob.ar\/wp\/wp-json\/wp\/v2\/categories?post=821"},{"taxonomy":"post_tag","embeddable":true,"href":"https:\/\/concejocuruzucuatia.gob.ar\/wp\/wp-json\/wp\/v2\/tags?post=821"}],"curies":[{"name":"wp","href":"https:\/\/api.w.org\/{rel}","templated":true}]}}