{"id":811,"date":"2019-09-25T15:11:32","date_gmt":"2019-09-25T15:11:32","guid":{"rendered":"https:\/\/concejocuruzucuatia.gob.ar\/wp\/2019\/09\/25\/informe-de-prensa-hcd-sesion-25-de-septiembre-de-2019\/"},"modified":"2019-09-25T15:11:32","modified_gmt":"2019-09-25T15:11:32","slug":"informe-de-prensa-hcd-sesion-25-de-septiembre-de-2019","status":"publish","type":"post","link":"https:\/\/concejocuruzucuatia.gob.ar\/wp\/2019\/09\/25\/informe-de-prensa-hcd-sesion-25-de-septiembre-de-2019\/","title":{"rendered":"Informe de Prensa HCD \/ Sesi\u00f3n 25 de septiembre de 2019"},"content":{"rendered":"<p class=\"MsoNormal\" style=\"text-align: justify;\"><span style=\"font-size: 12.0pt; line-height: 115%; font-family: 'Arial','sans-serif';\"><img decoding=\"async\" src=\"images\/sesion-250919-1.JPG\" alt=\"\" \/>Pasadas las 9hs. del mi\u00e9rcoles 25 de septiembre, el presidente del cuerpo Prof. Rodolfo Santini y la secretaria Dra. Mar\u00eda Cristina Mar\u00edn, dan inicio a la sesi\u00f3n, con la ausencia justificada del concejal Paez. Primeramente el presidente solicita la incorporaci\u00f3n del Expte. 5235\/19 referido al proyecto del DEM de establecer un r\u00e9gimen especial de regularizaci\u00f3n y de facilidades de pago por tasas o tributos municipales, este fue aprobado e incorporado. La concejal Quiroz utilizando el art. 132 del reglamento interno expres\u00f3 que en el d\u00eda de la fecha se cumplen 131 a\u00f1os de que la C\u00e1mara de Representantes de la provincia de Corrientes elevara de villa a ciudad a Curuz\u00fa Cuati\u00e1.<\/span><\/p>\n<p class=\"MsoNormal\" style=\"text-align: justify;\"><span style=\"font-size: 12.0pt; line-height: 115%; font-family: 'Arial','sans-serif';\">Seguidamente el presidente somete a votaci\u00f3n el orden del d\u00eda, el que es aprobado. Luego se trat\u00f3 el primer punto, referido a la lectura y consideraci\u00f3n del acta N\u00b0 1515, el que fue sometido a votaci\u00f3n y aprobado un\u00e1nimemente.<\/span><\/p>\n<p class=\"MsoNormal\" style=\"text-align: justify;\"><span style=\"font-size: 12.0pt; line-height: 115%; font-family: 'Arial','sans-serif';\">El 2do. punto fue el tratamiento de los despachos, primero de la comisi\u00f3n de Gobierno, el Expte. N\u00b05233\/19 sobre el proyecto de Ordenanza del Bloque Proyecto Corrientes de designar con el nombre de \u201cMario D\u00b4Avis\u201d a la cortada en el barrio Yagu\u00e1 Rinc\u00f3n.<span style=\"mso-spacerun: yes;\">\u00a0 <\/span>El concejal Fern\u00e1ndez coment\u00f3 la necesidad de designarle un nombre a esta cortada para identificar las direcciones de las viviendas y teniendo en cuenta que esta persona ha sido uno de los referentes sociales debido a las labores que realizaba en su barrio asistiendo, colaborando en los eventos familiares y fundamentalmente el buen trato, respeto y buena predisposici\u00f3n para el bienestar y progreso de su comunidad formando parte de las primeras comisiones barriales. Estuvieron presentes en la sesi\u00f3n Sra. e hijas de Mario D\u00b4avis. Luego de expresiones de los Sres. concejales Farinon, Santini y Balceda sobre sus experiencias con \u00e9l, se someti\u00f3 a votaci\u00f3n y fue aprobado en primera lectura. La audiencia p\u00fablica y posterior tratamiento se realizar\u00e1 el pr\u00f3ximo mi\u00e9rcoles 2 de octubre a las 9hs en el recinto de sesiones.<\/span><\/p>\n<p class=\"MsoNormal\" style=\"text-align: justify;\"><span style=\"font-size: 12.0pt; line-height: 115%; font-family: 'Arial','sans-serif';\"><img decoding=\"async\" src=\"images\/sesion-250919-3.JPG\" alt=\"\" \/><\/span><\/p>\n<p class=\"MsoNormal\" style=\"text-align: justify;\"><span style=\"font-size: 12.0pt; line-height: 115%; font-family: 'Arial','sans-serif';\">Seguidamente se trataron los despachos de la comisi\u00f3n de Presupuesto, primero el Expte. N\u00b05211\/19 sobre el proyecto de Ordenanza del DEM de llamar a Licitaci\u00f3n P\u00fablica para la venta de un terreno, para la Instalaci\u00f3n de una estaci\u00f3n de gas natural. El concejal Isusi coment\u00f3 que este proyecto tiene Urgente Tratamiento y en virtud de que el mismo requiere un estudio m\u00e1s profundo, esta comisi\u00f3n aconseja a este H.C.D se aplique la \u00faltima parte del Art. N\u00b0 56 de la C.O.M. dejando sin efecto el procedimiento de \u00abUrgente Tratamiento\u00bb.<span style=\"mso-spacerun: yes;\">\u00a0 <\/span>El presidente somete a votaci\u00f3n y es aprobado y el expediente tendr\u00e1 tratamiento ordinario. <\/span><\/p>\n<p class=\"MsoNormal\" style=\"text-align: justify;\"><span style=\"font-size: 12.0pt; line-height: 115%; font-family: 'Arial','sans-serif';\">Luego se trat\u00f3 el Expte. N\u00b05236\/19 referido al proyecto de Resoluci\u00f3n del Presidente del HCD de<span style=\"mso-spacerun: yes;\">\u00a0 <\/span>aumentar y disminuir partidas del Presupuesto del HCD 2019, la concejal Quiroz explic\u00f3 que se necesita realizar estas transferencias de partidas, lo que se someti\u00f3 a votaci\u00f3n y fueron aprobadas.<\/span><\/p>\n<p class=\"MsoNormal\" style=\"text-align: justify;\"><span style=\"font-size: 12.0pt; line-height: 115%; font-family: 'Arial','sans-serif';\">Luego se trataron los Expte. N\u00b05237 \/19<span style=\"mso-spacerun: yes;\">\u00a0 <\/span>Resoluci\u00f3n del DEM N\u00b0 811 de aumentar el Plus Salarial y el Expte. N\u00b05238 \/19<span style=\"mso-spacerun: yes;\">\u00a0 <\/span>sobre la resoluci\u00f3n del DEM N\u00b0 812 de aumentar la Asignaci\u00f3n por Hijo, explicaron tanto la concejal Quiroz y el concejal Isusi<span style=\"mso-spacerun: yes;\">\u00a0 <\/span>el beneficio para el empleado municipal tanto el plus como la asignaci\u00f3n por hijo, por ello solicitaron el acompa\u00f1amiento de los ediles para la aprobaci\u00f3n de estos proyecto homologando las resoluciones del DEM 811 y 812. <\/span><\/p>\n<p class=\"MsoNormal\" style=\"text-align: justify;\"><span style=\"font-size: 12.0pt; line-height: 115%; font-family: 'Arial','sans-serif';\">Seguidamente se trat\u00f3 el expediente que fuera incorporado en el orden del d\u00eda, el Expte. N\u00b0 5235\/19 referido al proyecto del DEM de establecer un r\u00e9gimen especial de regularizaci\u00f3n y de facilidades de pago por tasas o tributos municipales. El concejal Isusi coment\u00f3 que la voluntad de una importante cantidad de contribuyentes manifiestan su intenci\u00f3n regularizar sus deudas para con este Municipio, result\u00e1ndole sumamente gravoso la carga de intereses por los per\u00edodos vencidos, generando un des\u00e1nimo generalizado en su intenci\u00f3n de pagar las deudas vencidas y paralelamente mantener al d\u00eda sus cuentas y que es oportuno ofrecer un r\u00e9gimen de regularizaci\u00f3n y plan de facilidades de pago, que contemple una condonaci\u00f3n de Inter\u00e9s y facilidad en el pago de las deudas en cuotas y de esta manera se lograra cobrar gran parte de la deuda de tributos de recaudaci\u00f3n municipal y comenzar a cobrar regularmente los vencimientos venideros de una gran cantidad de contribuyentes.<\/span><\/p>\n<p class=\"MsoNormal\" style=\"text-align: justify;\"><span style=\"font-size: 12.0pt; line-height: 115%; font-family: 'Arial','sans-serif';\">El presidente luego de lo expresado puso a consideraci\u00f3n el proyecto el que fue aprobado un\u00e1nimemente.<\/span><\/p>\n<p class=\"MsoNormal\" style=\"text-align: justify;\"><span style=\"font-size: 12.0pt; line-height: 115%; font-family: 'Arial','sans-serif';\">POR ELLO<\/span><\/p>\n<p class=\"MsoNormal\" style=\"text-align: center;\" align=\"center\"><b style=\"mso-bidi-font-weight: normal;\"><span style=\"font-size: 12.0pt; line-height: 115%; font-family: 'Arial','sans-serif';\">EL HONORABLE CONCEJO DELIBERANTE <\/span><\/b><\/p>\n<p class=\"MsoNormal\" style=\"text-align: center;\" align=\"center\"><b style=\"mso-bidi-font-weight: normal;\"><span style=\"font-size: 12.0pt; line-height: 115%; font-family: 'Arial','sans-serif';\">DE CURUZU CUATIA <\/span><\/b><\/p>\n<p class=\"MsoNormal\" style=\"text-align: center;\" align=\"center\"><b style=\"mso-bidi-font-weight: normal;\"><span style=\"font-size: 12.0pt; line-height: 115%; font-family: 'Arial','sans-serif';\">SANCIONA CON FUERZA DE<\/span><\/b><\/p>\n<p class=\"MsoNormal\" style=\"text-align: center;\" align=\"center\"><b style=\"mso-bidi-font-weight: normal;\"><span style=\"font-size: 12.0pt; line-height: 115%; font-family: 'Arial','sans-serif';\">ORDENANZA:<\/span><\/b><\/p>\n<p class=\"MsoNormal\" style=\"text-align: justify;\"><b style=\"mso-bidi-font-weight: normal;\"><span style=\"font-size: 12.0pt; line-height: 115%; font-family: 'Arial','sans-serif';\">ART. 1: ESTABLECER<\/span><\/b><span style=\"font-size: 12.0pt; line-height: 115%; font-family: 'Arial','sans-serif';\"> un r\u00e9gimen especial de regularizaci\u00f3n y de facilidades de pago para aquellos contribuyentes y dem\u00e1s responsables de la Tasa por Servicios Generales, Licencia Comercial, Impuesto Inmobiliario, Impuesto a los Automotores y otros rodados, Derechos de Cementerio, Derecho de Aprobaci\u00f3n de Planos, Contribuciones de Mejoras (Pavimento), Derechos de inscripci\u00f3n de T\u00edtulos, as\u00ed como cualquier otro tributo o concepto cuya recaudaci\u00f3n se encuentre a cargo de la MUNICIPALIDAD DE CURUZU CUATIA, por obligaciones cuyo vencimiento ocurra hasta el 30 de septiembre de 2019 inclusive.<\/span><\/p>\n<p class=\"MsoNormal\" style=\"text-align: justify;\"><b style=\"mso-bidi-font-weight: normal;\"><span style=\"font-size: 12.0pt; line-height: 115%; font-family: 'Arial','sans-serif';\">ART. 2: QUEDAN<\/span><\/b><span style=\"font-size: 12.0pt; line-height: 115%; font-family: 'Arial','sans-serif';\"> comprendidos dentro del r\u00e9gimen de la presente Ordenanza y podr\u00e1n regularizar su situaci\u00f3n en la forma y condiciones que fija la misma, los contribuyentes y dem\u00e1s responsables por deudas que mantengan en concepto de anticipos o cuotas y sus correspondientes intereses, de los mencionados tributos y conceptos.<\/span><\/p>\n<p class=\"MsoNormal\" style=\"text-align: justify;\"><span style=\"font-size: 12.0pt; line-height: 115%; font-family: 'Arial','sans-serif';\">El presente r\u00e9gimen especial de regularizaci\u00f3n y de facilidades de pago tendr\u00e1 vigencia desde el 01 de octubre, hasta el 20 de diciembre de 2019, ambos inclusive. En caso que el vencimiento coincida con un d\u00eda inh\u00e1bil, se prorrogar\u00e1 al d\u00eda h\u00e1bil inmediato siguiente.<\/span><\/p>\n<p class=\"MsoNormal\" style=\"text-align: justify;\"><span style=\"font-size: 12.0pt; line-height: 115%; font-family: 'Arial','sans-serif';\">El acogimiento al presente r\u00e9gimen podr\u00e1 efectuarse por la totalidad o parte de la deuda vencida a la fecha indicada en el Art. 1 de la presente, comenzando siempre por la m\u00e1s antigua, no pudiendo incorporarse por una fracci\u00f3n de un anticipo, cuota o per\u00edodo.<\/span><\/p>\n<p class=\"MsoNormal\" style=\"text-align: justify;\"><b style=\"mso-bidi-font-weight: normal;\"><span style=\"font-size: 12.0pt; line-height: 115%; font-family: 'Arial','sans-serif';\">ART. 3: PODR\u00c1N<\/span><\/b><span style=\"font-size: 12.0pt; line-height: 115%; font-family: 'Arial','sans-serif';\"> incluirse en el presente r\u00e9gimen las deudas que se encuentren en v\u00eda de reclamo administrativo o ejecuci\u00f3n fiscal. El acogimiento al presente r\u00e9gimen implica el expreso allanamiento del deudor al reclamo por v\u00eda judicial y\/o extrajudicial. El pago de los honorarios de los letrados intervinientes, costas y gastos caus\u00eddicos regulados en juicio se abonar\u00e1n en el proceso respectivo y conforme a las leyes vigentes en la materia, no percibi\u00e9ndose suma alguna por los tr\u00e1mites extrajudiciales.<\/span><\/p>\n<p class=\"MsoNormal\" style=\"text-align: justify;\"><b style=\"mso-bidi-font-weight: normal;\"><span style=\"font-size: 12.0pt; line-height: 115%; font-family: 'Arial','sans-serif';\">ART. 4: ESTABLECER<\/span><\/b><span style=\"font-size: 12.0pt; line-height: 115%; font-family: 'Arial','sans-serif';\"> las siguientes alternativas para regularizar las deudas indicadas en los art\u00edculos anteriores por cada tributo: <\/span><\/p>\n<p class=\"MsoNormal\" style=\"text-align: justify;\"><span style=\"font-size: 12.0pt; line-height: 115%; font-family: 'Arial','sans-serif';\">1)<span style=\"mso-tab-count: 1;\">\u00a0\u00a0\u00a0\u00a0\u00a0\u00a0\u00a0 <\/span>Pago al CONTADO del TOTAL adeudado por tributo: condonaci\u00f3n total de intereses, recargos y multas devengados a la fecha de acogimiento.<\/span><\/p>\n<p class=\"MsoNormal\" style=\"text-align: justify;\"><span style=\"font-size: 12.0pt; line-height: 115%; font-family: 'Arial','sans-serif';\">2)<span style=\"mso-tab-count: 1;\">\u00a0\u00a0\u00a0\u00a0\u00a0\u00a0\u00a0 <\/span>Pago al CONTADO A CUENTA del total adeudado por tributo: para el caso de aquellos contribuyentes que no cancelen la totalidad de los importes adeudados por cada tributo, gozar\u00e1n de los siguientes beneficios: condonaci\u00f3n total de intereses, recargos y multas devengados a la fecha de acogimiento.<\/span><\/p>\n<p class=\"MsoNormal\" style=\"text-align: justify;\"><span style=\"font-size: 12.0pt; line-height: 115%; font-family: 'Arial','sans-serif';\">3)<span style=\"mso-tab-count: 1;\">\u00a0\u00a0\u00a0\u00a0\u00a0\u00a0\u00a0 <\/span>Pago con convenio EN CUOTAS:<\/span><\/p>\n<table class=\"MsoTableGrid\" style=\"border-collapse: collapse; border: none; mso-border-alt: solid black .5pt; mso-yfti-tbllook: 1184; mso-padding-alt: 0cm 5.4pt 0cm 5.4pt;\" border=\"1\" cellspacing=\"0\" cellpadding=\"0\">\n<tbody>\n<tr style=\"mso-yfti-irow: 0; mso-yfti-firstrow: yes;\">\n<td style=\"width: 108.05pt; border: solid black 1.0pt; mso-border-alt: solid black .5pt; padding: 0cm 5.4pt 0cm 5.4pt;\" valign=\"top\" width=\"144\">\n<p class=\"MsoNormal\" style=\"text-align: center;\" align=\"center\"><b style=\"mso-bidi-font-weight: normal;\"><span style=\"font-size: 10.0pt; line-height: 115%; font-family: 'Arial','sans-serif';\">N\u00b0 de Cuotas<\/span><\/b><\/p>\n<\/td>\n<td style=\"width: 108.05pt; border: solid black 1.0pt; border-left: none; mso-border-left-alt: solid black .5pt; mso-border-alt: solid black .5pt; padding: 0cm 5.4pt 0cm 5.4pt;\" valign=\"top\" width=\"144\">\n<p class=\"MsoNormal\" style=\"text-align: center;\" align=\"center\"><b style=\"mso-bidi-font-weight: normal;\"><span style=\"font-size: 10.0pt; line-height: 115%; font-family: 'Arial','sans-serif';\">Condonaci\u00f3n de intereses, multas y recargos<\/span><\/b><\/p>\n<\/td>\n<td style=\"width: 108.05pt; border: solid black 1.0pt; border-left: none; mso-border-left-alt: solid black .5pt; mso-border-alt: solid black .5pt; padding: 0cm 5.4pt 0cm 5.4pt;\" valign=\"top\" width=\"144\">\n<p class=\"MsoNormal\" style=\"text-align: center;\" align=\"center\"><b style=\"mso-bidi-font-weight: normal;\"><span style=\"font-size: 10.0pt; line-height: 115%; font-family: 'Arial','sans-serif';\">Entrega Inicial<\/span><\/b><\/p>\n<\/td>\n<td style=\"width: 108.05pt; border: solid black 1.0pt; border-left: none; mso-border-left-alt: solid black .5pt; mso-border-alt: solid black .5pt; padding: 0cm 5.4pt 0cm 5.4pt;\" valign=\"top\" width=\"144\">\n<p class=\"MsoNormal\" style=\"text-align: center;\" align=\"center\"><b style=\"mso-bidi-font-weight: normal;\"><span style=\"font-size: 10.0pt; line-height: 115%; font-family: 'Arial','sans-serif';\">Tasa de inter\u00e9s Mensual por Financiaci\u00f3n<\/span><\/b><\/p>\n<\/td>\n<\/tr>\n<tr style=\"mso-yfti-irow: 1; height: 25.4pt;\">\n<td style=\"width: 108.05pt; border: solid black 1.0pt; border-top: none; mso-border-top-alt: solid black .5pt; mso-border-alt: solid black .5pt; padding: 0cm 5.4pt 0cm 5.4pt; height: 25.4pt;\" valign=\"top\" width=\"144\">\n<p class=\"MsoNormal\" style=\"text-align: center;\" align=\"center\"><span style=\"font-size: 10.0pt; line-height: 115%; font-family: 'Arial','sans-serif';\">Hasta 6<\/span><\/p>\n<\/td>\n<td style=\"width: 108.05pt; border-top: none; border-left: none; border-bottom: solid black 1.0pt; border-right: solid black 1.0pt; mso-border-top-alt: solid black .5pt; mso-border-left-alt: solid black .5pt; mso-border-alt: solid black .5pt; padding: 0cm 5.4pt 0cm 5.4pt; height: 25.4pt;\" valign=\"top\" width=\"144\">\n<p class=\"MsoNormal\" style=\"text-align: center;\" align=\"center\"><span style=\"font-size: 10.0pt; line-height: 115%; font-family: 'Arial','sans-serif';\">75%<\/span><\/p>\n<\/td>\n<td style=\"width: 108.05pt; border-top: none; border-left: none; border-bottom: solid black 1.0pt; border-right: solid black 1.0pt; mso-border-top-alt: solid black .5pt; mso-border-left-alt: solid black .5pt; mso-border-alt: solid black .5pt; padding: 0cm 5.4pt 0cm 5.4pt; height: 25.4pt;\" valign=\"top\" width=\"144\">\n<p class=\"MsoNormal\" style=\"text-align: center;\" align=\"center\"><span style=\"font-size: 10.0pt; line-height: 115%; font-family: 'Arial','sans-serif';\">15%<\/span><\/p>\n<\/td>\n<td style=\"width: 108.05pt; border-top: none; border-left: none; border-bottom: solid black 1.0pt; border-right: solid black 1.0pt; mso-border-top-alt: solid black .5pt; mso-border-left-alt: solid black .5pt; mso-border-alt: solid black .5pt; padding: 0cm 5.4pt 0cm 5.4pt; height: 25.4pt;\" valign=\"top\" width=\"144\">\n<p class=\"MsoNormal\" style=\"text-align: center;\" align=\"center\"><span style=\"font-size: 10.0pt; line-height: 115%; font-family: 'Arial','sans-serif';\">1%<\/span><\/p>\n<\/td>\n<\/tr>\n<tr style=\"mso-yfti-irow: 2;\">\n<td style=\"width: 108.05pt; border: solid black 1.0pt; border-top: none; mso-border-top-alt: solid black .5pt; mso-border-alt: solid black .5pt; padding: 0cm 5.4pt 0cm 5.4pt;\" valign=\"top\" width=\"144\">\n<p class=\"MsoNormal\" style=\"text-align: center;\" align=\"center\"><span style=\"font-size: 10.0pt; line-height: 115%; font-family: 'Arial','sans-serif';\">Hasta 12<\/span><\/p>\n<\/td>\n<td style=\"width: 108.05pt; border-top: none; border-left: none; border-bottom: solid black 1.0pt; border-right: solid black 1.0pt; mso-border-top-alt: solid black .5pt; mso-border-left-alt: solid black .5pt; mso-border-alt: solid black .5pt; padding: 0cm 5.4pt 0cm 5.4pt;\" valign=\"top\" width=\"144\">\n<p class=\"MsoNormal\" style=\"text-align: center;\" align=\"center\"><span style=\"font-size: 10.0pt; line-height: 115%; font-family: 'Arial','sans-serif';\">50%<\/span><\/p>\n<\/td>\n<td style=\"width: 108.05pt; border-top: none; border-left: none; border-bottom: solid black 1.0pt; border-right: solid black 1.0pt; mso-border-top-alt: solid black .5pt; mso-border-left-alt: solid black .5pt; mso-border-alt: solid black .5pt; padding: 0cm 5.4pt 0cm 5.4pt;\" valign=\"top\" width=\"144\">\n<p class=\"MsoNormal\" style=\"text-align: center;\" align=\"center\"><span style=\"font-size: 10.0pt; line-height: 115%; font-family: 'Arial','sans-serif';\">15%<\/span><\/p>\n<\/td>\n<td style=\"width: 108.05pt; border-top: none; border-left: none; border-bottom: solid black 1.0pt; border-right: solid black 1.0pt; mso-border-top-alt: solid black .5pt; mso-border-left-alt: solid black .5pt; mso-border-alt: solid black .5pt; padding: 0cm 5.4pt 0cm 5.4pt;\" valign=\"top\" width=\"144\">\n<p class=\"MsoNormal\" style=\"text-align: center;\" align=\"center\"><span style=\"font-size: 10.0pt; line-height: 115%; font-family: 'Arial','sans-serif';\">1%<\/span><\/p>\n<\/td>\n<\/tr>\n<tr style=\"mso-yfti-irow: 3; mso-yfti-lastrow: yes;\">\n<td style=\"width: 108.05pt; border: solid black 1.0pt; border-top: none; mso-border-top-alt: solid black .5pt; mso-border-alt: solid black .5pt; padding: 0cm 5.4pt 0cm 5.4pt;\" valign=\"top\" width=\"144\">\n<p class=\"MsoNormal\" style=\"text-align: center;\" align=\"center\"><span style=\"font-size: 10.0pt; line-height: 115%; font-family: 'Arial','sans-serif';\">Hasta 24<\/span><\/p>\n<\/td>\n<td style=\"width: 108.05pt; border-top: none; border-left: none; border-bottom: solid black 1.0pt; border-right: solid black 1.0pt; mso-border-top-alt: solid black .5pt; mso-border-left-alt: solid black .5pt; mso-border-alt: solid black .5pt; padding: 0cm 5.4pt 0cm 5.4pt;\" valign=\"top\" width=\"144\">\n<p class=\"MsoNormal\" style=\"text-align: center;\" align=\"center\"><span style=\"font-size: 10.0pt; line-height: 115%; font-family: 'Arial','sans-serif';\">25%<\/span><\/p>\n<\/td>\n<td style=\"width: 108.05pt; border-top: none; border-left: none; border-bottom: solid black 1.0pt; border-right: solid black 1.0pt; mso-border-top-alt: solid black .5pt; mso-border-left-alt: solid black .5pt; mso-border-alt: solid black .5pt; padding: 0cm 5.4pt 0cm 5.4pt;\" valign=\"top\" width=\"144\">\n<p class=\"MsoNormal\" style=\"text-align: center;\" align=\"center\"><span style=\"font-size: 10.0pt; line-height: 115%; font-family: 'Arial','sans-serif';\">15%<\/span><\/p>\n<\/td>\n<td style=\"width: 108.05pt; border-top: none; border-left: none; border-bottom: solid black 1.0pt; border-right: solid black 1.0pt; mso-border-top-alt: solid black .5pt; mso-border-left-alt: solid black .5pt; mso-border-alt: solid black .5pt; padding: 0cm 5.4pt 0cm 5.4pt;\" valign=\"top\" width=\"144\">\n<p class=\"MsoNormal\" style=\"text-align: center;\" align=\"center\"><span style=\"font-size: 10.0pt; line-height: 115%; font-family: 'Arial','sans-serif';\">1%<\/span><\/p>\n<\/td>\n<\/tr>\n<\/tbody>\n<\/table>\n<p class=\"MsoNormal\" style=\"text-align: justify;\"><span style=\"font-size: 12.0pt; line-height: 115%; font-family: 'Arial','sans-serif';\"><span style=\"mso-tab-count: 1;\">\u00a0\u00a0\u00a0\u00a0\u00a0\u00a0\u00a0\u00a0\u00a0\u00a0\u00a0 <\/span><\/span><\/p>\n<p class=\"MsoNormal\" style=\"text-align: justify;\"><span style=\"font-size: 12.0pt; line-height: 115%; font-family: 'Arial','sans-serif';\">ART. 5: REGIMEN DE PAGO EN CUOTAS. Para el caso en que los contribuyentes o dem\u00e1s responsables opten por el pago en cuotas, se regir\u00e1n por las siguientes disposiciones:<\/span><\/p>\n<p class=\"MsoNormal\" style=\"text-align: justify;\"><span style=\"font-size: 12.0pt; line-height: 115%; font-family: 'Arial','sans-serif';\">1) Los intereses, multas y recargos a ser condonados, son aquellos que se hayan devengado hasta la fecha de acogimiento al presente r\u00e9gimen.<\/span><\/p>\n<p class=\"MsoNormal\" style=\"text-align: justify;\"><span style=\"font-size: 12.0pt; line-height: 115%; font-family: 'Arial','sans-serif';\">2) Como principio de ejecuci\u00f3n del Convenio de Pago en Cuotas, en el momento de proceder a la firma del mismo, deber\u00e1n efectuar una entrega inicial a cuenta, cuyo importe no podr\u00e1 ser inferior al que se determine calculando el porcentaje establecido anteriormente sobre el valor total de la deuda que ser\u00e1 incorporada en el Convenio, antes de aplicar los beneficios de la condonaci\u00f3n.<\/span><\/p>\n<p class=\"MsoNormal\" style=\"text-align: justify;\"><span style=\"font-size: 12.0pt; line-height: 115%; font-family: 'Arial','sans-serif';\">3) La determinaci\u00f3n del valor de la cuota del Convenio de Pago, surgir\u00e1 de la aplicaci\u00f3n de la tasa de inter\u00e9s por financiaci\u00f3n establecida en la presente mediante el sistema directo. Las cuotas ser\u00e1n mensuales, iguales y consecutivas, venciendo el d\u00eda diez de cada mes; correspondiendo el vencimiento de la primer cuota el mes inmediato siguiente al de la firma del convenio correspondiente.<\/span><\/p>\n<p class=\"MsoNormal\" style=\"text-align: justify;\"><span style=\"font-size: 12.0pt; line-height: 115%; font-family: 'Arial','sans-serif';\">4) La mora en el pago de una o m\u00e1s cuotas dar\u00e1 derecho a la Municipalidad, previa intimaci\u00f3n por el t\u00e9rmino de cinco (5) d\u00edas, a rescindir el convenio de facilidades de pago y a iniciar, sin m\u00e1s tr\u00e1mite, las gestiones judiciales para el cobro de la deuda total impaga con mas los recargos, intereses y multas que se hubieren condonado desde el vencimiento original de cada una de las obligaciones y hasta la fecha del efectivo pago de las mismas. La entrega inicial y las cuotas que el contribuyente hubiese pagado se considerar\u00e1n a valores nominales y sin reconocimiento de inter\u00e9s alguno, como pago a cuenta de la deuda original, sus intereses y accesorios. <\/span><\/p>\n<p class=\"MsoNormal\" style=\"text-align: justify;\"><span style=\"font-size: 12.0pt; line-height: 115%; font-family: 'Arial','sans-serif';\">ART. 6: La vigencia de la presente no implica espera y no impide la iniciaci\u00f3n y\/o prosecuci\u00f3n de los reclamos administrativos y las demandas por v\u00eda de apremio, excepto cuando el contribuyente abone la deuda conforme a lo prescripto en el inciso 1 del Art. 4 de la presente, antes del diligenciamiento de la correspondiente C\u00e9dula de Intimaci\u00f3n de Pago. Los Convenios de Pago en Cuotas no implican transacci\u00f3n, ni desistimiento del proceso de apremio en tr\u00e1mite, ni renuncia alguna a los derechos derivados del mismo hasta tanto la deuda no sea abonada en su totalidad incluidas las costas, costos e intereses del mismo. Dicho proceso continuar\u00e1 hasta la completa efectivizaci\u00f3n de las sumas resultantes incluido costas. La firma de un Convenio de Pago en Cuotas implica el expreso allanamiento del deudor al reclamo por v\u00eda judicial y\/o extrajudicial e interrumpe la prescripci\u00f3n para determinar el tributo, proseguir su cobro y aplicar las sanciones e intereses correspondientes a los impuestos, conceptos y per\u00edodos fiscales comprendidos en el acogimiento.<\/span><\/p>\n<p class=\"MsoNormal\" style=\"text-align: justify;\"><span style=\"font-size: 12.0pt; line-height: 115%; font-family: 'Arial','sans-serif';\">ART. 7: De forma.-<span style=\"mso-spacerun: yes;\">\u00a0\u00a0<\/span><\/span><\/p>\n<p class=\"MsoNormal\" style=\"text-align: justify;\"><span style=\"font-size: 12.0pt; line-height: 115%; font-family: 'Arial','sans-serif';\"><span style=\"mso-spacerun: yes;\"><img decoding=\"async\" src=\"images\/sesion-250919-2.JPG\" alt=\"\" \/><\/span><\/span><\/p>\n<p class=\"MsoNormal\" style=\"text-align: justify;\"><span style=\"font-size: 12.0pt; line-height: 115%; font-family: 'Arial','sans-serif';\">Siguiendo con el orden del d\u00eda, se trat\u00f3 el<span style=\"mso-spacerun: yes;\">\u00a0 <\/span>3\u00b0 punto referido a proyectos ingresados, de ordenanza del presidente del HCD, de derogar la ordenanza N\u00b0 3205. Condonaci\u00f3n de Deuda, la misma se refiere a un error administrativo, la que se puso a consideraci\u00f3n y fue aprobada un\u00e1nimemente.<span style=\"mso-spacerun: yes;\">\u00a0\u00a0 <\/span><\/span><\/p>\n<p class=\"MsoNormal\" style=\"text-align: justify;\"><span style=\"font-size: 12.0pt; line-height: 115%; font-family: 'Arial','sans-serif';\">DE DECLARACION Del Bloque PJ, de Declarar de Inter\u00e9s Municipal el Encuentro Nacional H\u00e9roe \u201cRam\u00f3n Antonio Meza\u201d, pas\u00f3 a comisi\u00f3n de gobierno.<\/span><\/p>\n<p class=\"MsoNormal\" style=\"text-align: justify;\"><span style=\"font-size: 12.0pt; line-height: 115%; font-family: 'Arial','sans-serif';\">Del<span style=\"mso-spacerun: yes;\">\u00a0 <\/span>Bloque ELI de Declarar de Inter\u00e9s Municipal la Jornada educativa de primeros auxilios y enfermer\u00eda. La concejal Quiroz coment\u00f3 debido a la fecha de realizaci\u00f3n se trate sobre tablas, lo que fue aprobado un\u00e1nimemente. Luego de la lectura del proyecto el presidente pone a consideraci\u00f3n y es aprobado un\u00e1nimemente.<\/span><\/p>\n<p class=\"MsoNormal\" style=\"text-align: center;\" align=\"center\"><b style=\"mso-bidi-font-weight: normal;\"><span style=\"font-size: 12.0pt; line-height: 115%; font-family: 'Arial','sans-serif';\">EL HONORABLE CONCEJO DELIBERANTE<\/span><\/b><\/p>\n<p class=\"MsoNormal\" style=\"text-align: center;\" align=\"center\"><b style=\"mso-bidi-font-weight: normal;\"><span style=\"font-size: 12.0pt; line-height: 115%; font-family: 'Arial','sans-serif';\">DE CURUZU CUATIA<\/span><\/b><\/p>\n<p class=\"MsoNormal\" style=\"text-align: center;\" align=\"center\"><b style=\"mso-bidi-font-weight: normal;\"><span style=\"font-size: 12.0pt; line-height: 115%; font-family: 'Arial','sans-serif';\">DECLARA<\/span><\/b><\/p>\n<p class=\"MsoNormal\" style=\"text-align: justify;\"><b style=\"mso-bidi-font-weight: normal;\"><span style=\"font-size: 12.0pt; line-height: 115%; font-family: 'Arial','sans-serif';\">Art. 1\u00b0. DECLARAR<\/span><\/b><span style=\"font-size: 12.0pt; line-height: 115%; font-family: 'Arial','sans-serif';\"> de Inter\u00e9s Municipal la Jornada Educativa de Primeros Auxilios y Enfermer\u00eda<span style=\"mso-spacerun: yes;\">\u00a0 <\/span>que se realizar\u00e1 el 26 de septiembre pr\u00f3ximo en la Sociedad Italiana a las 8hs.-<\/span><\/p>\n<p class=\"MsoNormal\" style=\"text-align: justify;\"><b style=\"mso-bidi-font-weight: normal;\"><span style=\"font-size: 12.0pt; line-height: 115%; font-family: 'Arial','sans-serif';\">Art. 2\u00b0.- ENVIAR<\/span><\/b><span style=\"font-size: 12.0pt; line-height: 115%; font-family: 'Arial','sans-serif';\"> copia a los encargados del dictado de la Jornada.<\/span><\/p>\n<p class=\"MsoNormal\" style=\"text-align: justify;\"><b style=\"mso-bidi-font-weight: normal;\"><span style=\"font-size: 12.0pt; line-height: 115%; font-family: 'Arial','sans-serif';\">Art. 3\u00b0. \u2013De forma. <\/span><\/b><\/p>\n<p class=\"MsoNormal\" style=\"text-align: justify;\"><span style=\"font-size: 12.0pt; line-height: 115%; font-family: 'Arial','sans-serif';\">El 4to. punto fue el de comunicaciones oficiales, de la Junta electoral remitiendo documentaci\u00f3n solicitada por este HCD y de Auditoria Municipal informando sobre documentaci\u00f3n recibida de la Secretar\u00eda de Econom\u00eda y Finanzas, quedaron en secretar\u00eda para su conocimiento.<\/span><\/p>\n<p class=\"MsoNormal\" style=\"text-align: justify;\"><span style=\"font-size: 12.0pt; line-height: 115%; font-family: 'Arial','sans-serif';\">El 5to. punto se trat\u00f3 las notas privadas de Adan Santos Moreira, solicitando condonaci\u00f3n de deuda, pas\u00f3 a comisi\u00f3n de Presupuesto.<\/span><\/p>\n<p class=\"MsoNormal\" style=\"text-align: justify;\"><span style=\"font-size: 12.0pt; line-height: 115%; font-family: 'Arial','sans-serif';\">El 6to. punto se trataron las resoluciones del DEM:<\/span><\/p>\n<p class=\"MsoNormal\" style=\"text-align: justify;\"><span style=\"font-size: 12.0pt; line-height: 115%; font-family: 'Arial','sans-serif';\">N\u00b0813: Disminuir e incrementar partidas de egresos del presupuesto del DEM N\u00b0814: Contratar para la Estudiantina 2019 al Grupo \u201cCanto para Bailar\u201d<\/span><\/p>\n<p class=\"MsoNormal\" style=\"text-align: justify;\"><span style=\"font-size: 12.0pt; line-height: 115%; font-family: 'Arial','sans-serif';\">N\u00b0815: Modificar art. 4\u00b0 de la Resoluci\u00f3n N\u00b0448\/18. Reglamentaci\u00f3n de Remises, pas\u00f3 a comisi\u00f3n de gobierno.<\/span><\/p>\n<p class=\"MsoNormal\" style=\"text-align: justify;\"><span style=\"font-size: 12.0pt; line-height: 115%; font-family: 'Arial','sans-serif';\">N\u00b0816: Otorgar ayuda econ\u00f3mica al Club San Martin, pas\u00f3 a comisi\u00f3n de presupuesto.<\/span><\/p>\n<p class=\"MsoNormal\" style=\"text-align: justify;\"><span style=\"font-size: 12.0pt; line-height: 115%; font-family: 'Arial','sans-serif';\">N\u00b0817: Promulgar y Publicar la Ordenanza N\u00b03209. Autorizar al Sr. Intendente Municipal<span style=\"mso-spacerun: yes;\">\u00a0 <\/span>a celebrar convenio con Gendarmer\u00eda Nacional.<\/span><\/p>\n<p class=\"MsoNormal\" style=\"text-align: justify;\"><span style=\"font-size: 12.0pt; line-height: 115%; font-family: 'Arial','sans-serif';\">N\u00b0818: Otorgar ayuda econ\u00f3mica Juana Borda.<\/span><\/p>\n<p class=\"MsoNormal\" style=\"text-align: justify;\"><span style=\"font-size: 12.0pt; line-height: 115%; font-family: 'Arial','sans-serif';\">N\u00b0819: Otorgar ayuda econ\u00f3mica Diego Alejandro M\u00e1rquez.<\/span><\/p>\n<p class=\"MsoNormal\" style=\"text-align: justify;\"><span style=\"font-size: 12.0pt; line-height: 115%; font-family: 'Arial','sans-serif';\">N\u00b0820: Otorgar ayuda econ\u00f3mica Trifona G\u00f3mez.<\/span><\/p>\n<p class=\"MsoNormal\" style=\"text-align: justify;\"><span style=\"font-size: 12.0pt; line-height: 115%; font-family: 'Arial','sans-serif';\">Luego de finalizado el orden del d\u00eda y no habiendo m\u00e1s temas que tratar, el presidente Rodolfo Santini convoc\u00f3 a los Sres. concejales a la audiencia p\u00fablica para el d\u00eda mi\u00e9rcoles 2 de octubre a las 9hs en el recinto de sesiones.-<span style=\"mso-spacerun: yes;\">\u00a0 <\/span><span style=\"mso-spacerun: yes;\">\u00a0<\/span><\/span><\/p>\n<p class=\"MsoNormal\" style=\"text-align: justify;\"><span style=\"font-size: 12.0pt; line-height: 115%; font-family: 'Arial','sans-serif';\"><span style=\"mso-spacerun: yes;\"><img decoding=\"async\" src=\"images\/sesion-250919-4.JPG\" alt=\"\" \/><\/span><\/span><\/p>\n","protected":false},"excerpt":{"rendered":"<p class=\"MsoNormal\" style=\"text-align: justify;\"><span style=\"font-size: 12.0pt; line-height: 115%; font-family: 'Arial','sans-serif';\"><img decoding=\"async\" src=\"images\/sesion-250919-1.JPG\" alt=\"\" \/>Pasadas las 9hs. del mi\u00e9rcoles 25 de septiembre, el presidente del cuerpo Prof. Rodolfo Santini y la secretaria Dra. Mar\u00eda Cristina Mar\u00edn, dan inicio a la sesi\u00f3n, con la ausencia justificada del concejal Paez. Primeramente el presidente solicita la incorporaci\u00f3n del Expte. 5235\/19 referido al proyecto del DEM de establecer un r\u00e9gimen especial de regularizaci\u00f3n y de facilidades de pago por tasas o tributos municipales, este fue aprobado e incorporado. La concejal Quiroz utilizando el art. 132 del reglamento interno expres\u00f3 que en el d\u00eda de la fecha se cumplen 131 a\u00f1os de que la C\u00e1mara de Representantes de la provincia de Corrientes elevara de villa a ciudad a Curuz\u00fa Cuati\u00e1.<\/span><\/p>\n","protected":false},"author":1,"featured_media":810,"comment_status":"open","ping_status":"open","sticky":false,"template":"","format":"standard","meta":{"footnotes":""},"categories":[3],"tags":[],"class_list":["post-811","post","type-post","status-publish","format-standard","has-post-thumbnail","hentry","category-uncategorised"],"brizy_media":[],"_links":{"self":[{"href":"https:\/\/concejocuruzucuatia.gob.ar\/wp\/wp-json\/wp\/v2\/posts\/811","targetHints":{"allow":["GET"]}}],"collection":[{"href":"https:\/\/concejocuruzucuatia.gob.ar\/wp\/wp-json\/wp\/v2\/posts"}],"about":[{"href":"https:\/\/concejocuruzucuatia.gob.ar\/wp\/wp-json\/wp\/v2\/types\/post"}],"author":[{"embeddable":true,"href":"https:\/\/concejocuruzucuatia.gob.ar\/wp\/wp-json\/wp\/v2\/users\/1"}],"replies":[{"embeddable":true,"href":"https:\/\/concejocuruzucuatia.gob.ar\/wp\/wp-json\/wp\/v2\/comments?post=811"}],"version-history":[{"count":0,"href":"https:\/\/concejocuruzucuatia.gob.ar\/wp\/wp-json\/wp\/v2\/posts\/811\/revisions"}],"wp:featuredmedia":[{"embeddable":true,"href":"https:\/\/concejocuruzucuatia.gob.ar\/wp\/wp-json\/wp\/v2\/media\/810"}],"wp:attachment":[{"href":"https:\/\/concejocuruzucuatia.gob.ar\/wp\/wp-json\/wp\/v2\/media?parent=811"}],"wp:term":[{"taxonomy":"category","embeddable":true,"href":"https:\/\/concejocuruzucuatia.gob.ar\/wp\/wp-json\/wp\/v2\/categories?post=811"},{"taxonomy":"post_tag","embeddable":true,"href":"https:\/\/concejocuruzucuatia.gob.ar\/wp\/wp-json\/wp\/v2\/tags?post=811"}],"curies":[{"name":"wp","href":"https:\/\/api.w.org\/{rel}","templated":true}]}}