{"id":809,"date":"2019-09-24T15:56:19","date_gmt":"2019-09-24T15:56:19","guid":{"rendered":"https:\/\/concejocuruzucuatia.gob.ar\/wp\/2019\/09\/24\/el-presidente-del-hcd-se-expreso-en-la-conmemoracion-de-la-batalla-de-tucuman\/"},"modified":"2019-09-24T15:56:19","modified_gmt":"2019-09-24T15:56:19","slug":"el-presidente-del-hcd-se-expreso-en-la-conmemoracion-de-la-batalla-de-tucuman","status":"publish","type":"post","link":"https:\/\/concejocuruzucuatia.gob.ar\/wp\/2019\/09\/24\/el-presidente-del-hcd-se-expreso-en-la-conmemoracion-de-la-batalla-de-tucuman\/","title":{"rendered":"El presidente del HCD se expres\u00f3 en la conmemoraci\u00f3n de la batalla de Tucum\u00e1n"},"content":{"rendered":"<p style=\"margin: 0cm 0cm 11.25pt; text-align: center;\"><img decoding=\"async\" src=\"images\/batalla-de-tucuman-2.jpeg\" alt=\"\" \/><\/p>\n<p style=\"margin: 0cm 0cm 11.25pt 0cm;\"><b><span style=\"font-size: 9.0pt; font-family: 'Arial','sans-serif'; color: #333333;\">En la ma\u00f1ana de este martes 24, se llev\u00f3 a cabo en inmediaciones del m\u00e1stil principal de la ciudad, el acto en conmemoraci\u00f3n de la Batalla de Tucum\u00e1n, que fue un enfrentamiento armado librado entre el 24 y el 25 de septiembre de 1812 cerca de San Miguel de Tucum\u00e1n, en el curso de la guerra de la independencia argentina.<\/span><\/b><\/p>\n<p style=\"margin: 0cm; margin-bottom: .0001pt; outline: 0px;\"><span style=\"outline: 0px;\"><span style=\"font-size: 9.0pt; font-family: 'Arial','sans-serif'; color: #333333; border: none windowtext 1.0pt; mso-border-alt: none windowtext 0cm; padding: 0cm;\">Curuz\u00fa Cuati\u00e1, primer pueblo patrio conmemora esta batalla que lo tuvo como protagonista a nada menos que Manuel Belgrano, fundador de la ciudad y es por ello que el Municipio y el Concejo Deliberante, organizaron un acto para recordar este evento patrio.<\/span><\/span><\/p>\n<p style=\"outline: 0px; margin: 11.25pt 0cm 11.25pt 0cm;\"><span style=\"font-size: 9.0pt; font-family: 'Arial','sans-serif'; color: #333333;\">El triunfo de Tucum\u00e1n permiti\u00f3 a los rioplatenses (argentinos) confirmar los l\u00edmites de la regi\u00f3n en el contexto de la guerra de la independencia, en la cual Manuel Belgrano derrot\u00f3 al brigadier Justo P\u00edo Trist\u00e1n jefe de las tropas realistas.<\/span><\/p>\n<p style=\"outline: 0px; margin: 11.25pt 0cm 11.25pt 0cm;\"><span style=\"font-size: 9.0pt; font-family: 'Arial','sans-serif'; color: #333333;\">En primer t\u00e9rmino se escucharon las estrofas de \u00abAurora\u00bb, y se realiz\u00f3 el izamiento del pabell\u00f3n nacional en el m\u00e1stil de la ciudad ubicado en inmediaciones de la Parroquia Nuestra Se\u00f1ora del Pilar, por Avenida Espa\u00f1a. El acto de izamiento lo realizaron el vice intendente Guillermo Morandini, el presidente del Honorable Concejo Deliberante Rodolfo Santini, y el presidente de la Asociaci\u00f3n Belgraniana, N\u00e9stor Altamirano.<\/span><\/p>\n<p style=\"outline: 0px; margin: 11.25pt 0cm 11.25pt 0cm;\"><span style=\"font-size: 9.0pt; font-family: 'Arial','sans-serif'; color: #333333;\">Seg\u00fan relata la historia, el fundador de Curuz\u00fa Cuati\u00e1, en la ma\u00f1ana del 24 de septiembre de 1812, estuvo orando ante el altar de la virgen para que lo ayudara en la batalla.<\/span><\/p>\n<p style=\"outline: 0px; margin: 11.25pt 0cm 11.25pt 0cm;\"><span style=\"font-size: 9.0pt; font-family: 'Arial','sans-serif'; color: #333333;\">En esos momentos, y ante el avance de los realistas, Manuel Belgrano cambia su frente hacia el oeste dejando a Trist\u00e1n en un terreno desparejo llamado campo de las carreras, logrando luego una de las victorias m\u00e1s importantes.<\/span><\/p>\n<p style=\"outline: 0px; margin: 11.25pt 0cm; text-align: center;\"><span style=\"font-size: 9.0pt; font-family: 'Arial','sans-serif'; color: #333333;\"><img decoding=\"async\" src=\"images\/batalla-de-tucuman-1.jpeg\" alt=\"\" \/><\/span><\/p>\n<p style=\"outline: 0px; margin: 11.25pt 0cm 11.25pt 0cm;\"><span style=\"font-size: 9.0pt; font-family: 'Arial','sans-serif'; color: #333333;\">Minutos m\u00e1s tarde, se entonaron las estrofas del Himno Nacional Argentino, para finalmente escucharse palabras del presidente del HCD Rodolfo Santini.<\/span><\/p>\n<p style=\"margin: 0cm; margin-bottom: .0001pt; outline: 0px;\"><strong style=\"outline: 0px;\"><span style=\"font-size: 9.0pt; font-family: 'Arial','sans-serif'; color: #333333; border: none windowtext 1.0pt; mso-border-alt: none windowtext 0cm; padding: 0cm;\">Rodolfo Santini<\/span><\/strong><\/p>\n<p style=\"outline: 0px; margin: 11.25pt 0cm 11.25pt 0cm;\"><span style=\"font-size: 9.0pt; font-family: 'Arial','sans-serif'; color: #333333;\">\u00abLa Batalla de Tucum\u00e1n fue un enfrentamiento librado el 23 y 24 de septiembre, y que hoy recordamos en la provincia hoy de Tucum\u00e1n\u00bb.<\/span><\/p>\n<p style=\"outline: 0px; margin: 11.25pt 0cm 11.25pt 0cm;\"><span style=\"font-size: 9.0pt; font-family: 'Arial','sans-serif'; color: #333333;\">\u00abEn manos de los realistas la regi\u00f3n del Alto Per\u00fa, fue el motivo por el cual el Primer Triunvirato puso al mando del ej\u00e9rcito del norte al Grl Manuel Belgrano, un pr\u00f3cer caro a los curuzucuate\u00f1os, ya que fund\u00f3 nuestra ciudad. Belgrano estaba instalado en Jujuy\u00bb.<\/span><\/p>\n<p style=\"outline: 0px; margin: 11.25pt 0cm 11.25pt 0cm;\"><span style=\"font-size: 9.0pt; font-family: 'Arial','sans-serif'; color: #333333;\">\u00abEn agosto de 1813, Belgrano ordena al pueblo juje\u00f1o la retirada de la ciudad y su abandono total, ante la inminente llegada de las tropas realistas, hecho que conocemos como \u00e9xodo juje\u00f1o\u00bb.<\/span><\/p>\n<p style=\"outline: 0px; margin: 11.25pt 0cm 11.25pt 0cm;\"><span style=\"font-size: 9.0pt; font-family: 'Arial','sans-serif'; color: #333333;\">\u00abEn una misiva a Buenos Aires, Belgrano dice: \u201cSon muy apuradas las circunstancias y no veo otro medio que exponerme a una nueva acci\u00f3n, el pueblo est\u00e1 decidido a sacrificarse por la Patria. Nuestra situaci\u00f3n es terrible y veo que la Patria exige de nosotros, el \u00faltimo sacrificio para contener los desastres que la amenazan\u201d.<\/span><\/p>\n<p style=\"outline: 0px; margin: 11.25pt 0cm 11.25pt 0cm;\"><span style=\"font-size: 9.0pt; font-family: 'Arial','sans-serif'; color: #333333;\">\u00abEn Tucum\u00e1n, Belgrano alista la tropa, ordena formar los cuadros de infanter\u00eda, artiller\u00eda y caballer\u00eda y realiza el an\u00e1lisis estrat\u00e9gico puntual de lo que ser\u00eda el inminente ataque al enemigo, junto a sus jefes de tropas Diaz V\u00e9lez, Balcarce, y Dorrego\u00bb.<\/span><\/p>\n<p style=\"outline: 0px; margin: 11.25pt 0cm 11.25pt 0cm;\"><span style=\"font-size: 9.0pt; font-family: 'Arial','sans-serif'; color: #333333;\">\u00abDicen los historiadores que el 24 de septiembre, Belgrano reza ante la Virgen de la Merced, que hoy justamente celebramos su d\u00eda, implorando un milagro\u00bb.<\/span><\/p>\n<p style=\"outline: 0px; margin: 11.25pt 0cm 11.25pt 0cm;\"><span style=\"font-size: 9.0pt; font-family: 'Arial','sans-serif'; color: #333333;\">\u00abYa en el Campo de las Carreras, el Ej\u00e9rcito del Norte apenas dio tiempo a los realistas a ordenar su caballer\u00eda y artiller\u00eda, fueron rodeados y perseguidos, y en este movimiento estrat\u00e9gico, persuadi\u00f3 y confundi\u00f3 al enemigo, que sumado a una gigantesca manga de langostas, quedaron desorganizados y no pudieron hacer frente al golpe final que el Grl Manuel Belgrano les dio\u00bb.<\/span><\/p>\n<p style=\"outline: 0px; margin: 11.25pt 0cm 11.25pt 0cm;\"><span style=\"font-size: 9.0pt; font-family: 'Arial','sans-serif'; color: #333333;\">\u00abTrist\u00e1n, jefe de los realistas, pidi\u00f3 la soluci\u00f3n por v\u00eda diplom\u00e1tica, a lo que Belgrano respondi\u00f3 con m\u00e1s ataques, oblig\u00e1ndolo a retirarse a Salta para continuar la huida de los enemigos\u00bb.<\/span><\/p>\n<p style=\"outline: 0px; margin: 11.25pt 0cm 11.25pt 0cm;\"><span style=\"font-size: 9.0pt; font-family: 'Arial','sans-serif'; color: #333333;\">\u00abLa Batalla de Tucum\u00e1n fue la victoria m\u00e1s importante obtenida por los ej\u00e9rcitos patriotas en la guerra de la Independencia Argentina\u00bb.<\/span><\/p>\n<p style=\"outline: 0px; margin: 11.25pt 0cm 11.25pt 0cm;\"><span style=\"font-size: 9.0pt; font-family: 'Arial','sans-serif'; color: #333333;\">\u00abSeg\u00fan Mitre, esta batalla habla del hero\u00edsmo de las tropas y la resoluci\u00f3n t\u00e1ctica del General Belgrano\u00bb.<\/span><\/p>\n<p style=\"outline: 0px; margin: 11.25pt 0cm 11.25pt 0cm;\"><span style=\"font-size: 9.0pt; font-family: 'Arial','sans-serif'; color: #333333;\">\u00abEsta batalla ha sido la m\u00e1s criolla de cuanta batalla hemos tenido en el territorio argentino\u00bb.<\/span><\/p>\n<p style=\"outline: 0px; margin: 11.25pt 0cm 11.25pt 0cm;\"><span style=\"font-size: 9.0pt; font-family: 'Arial','sans-serif'; color: #333333;\">\u00abEl 29 de septiembre, el Grl Manuel Belgrano, emite un parte oficial de la gloriosa acci\u00f3n certificando que esta acci\u00f3n operaci\u00f3n hab\u00eda sepultado para siempre la tiran\u00eda en nuestro pa\u00eds\u00bb.<\/span><\/p>\n<p style=\"outline: 0px; margin: 11.25pt 0cm 11.25pt 0cm;\"><span style=\"font-size: 9.0pt; font-family: 'Arial','sans-serif'; color: #333333;\">\u00abEl triunfo tuvo consecuencias pol\u00edticas, por cuanto Belgrano contaba con la simpat\u00eda de la Logia Lautaro, y hab\u00eda derrotado al invasor contrariando las disposiciones del gobierno y demostrando el acierto de los opositores, cuando ped\u00edan auxilios para remitir al Ej\u00e9rcito del Norte\u00bb.<\/span><\/p>\n<p style=\"outline: 0px; margin: 11.25pt 0cm 11.25pt 0cm;\"><span style=\"font-size: 9.0pt; font-family: 'Arial','sans-serif'; color: #333333;\">\u00abEn Buenos Aires, a los 3 d\u00edas de conocida la noticia del combate, el Primer Triunvirato fue derribado por la Revoluci\u00f3n del 8 de octubre y comenzaban a delinearse los l\u00edmites de lo que ser\u00eda a\u00f1os m\u00e1s tarde nuestra querida Rep\u00fablica Argentina\u00bb.<\/span><\/p>\n<p style=\"outline: 0px; margin: 11.25pt 0cm 11.25pt 0cm;\"><span style=\"font-size: 9.0pt; font-family: 'Arial','sans-serif'; color: #333333;\">Estuvieron presentes, el vice intendente de la ciudad de Curuz\u00fa Cuati\u00e1 Guillermo Morandini, el presidente del HCD Rodolfo Santini, el presidente de la Asociaci\u00f3n Belgraniana N\u00e9stor Altamirano, funcionarios municipales, concejales, miembros de la Asociaci\u00f3n Belgraniana, docentes, alumnos y p\u00fablico en general. Prensa Municipal.<\/span><\/p>\n<p style=\"outline: 0px; margin: 11.25pt 0cm; text-align: center;\"><span style=\"font-size: 9.0pt; font-family: 'Arial','sans-serif'; color: #333333;\"><img decoding=\"async\" src=\"images\/batalla-de-tucuman-3.jpeg\" alt=\"\" \/><\/span><\/p>\n<p class=\"MsoNormal\">\u00a0<\/p>\n","protected":false},"excerpt":{"rendered":"<p style=\"margin: 0cm 0cm 11.25pt; text-align: center;\"><img decoding=\"async\" src=\"images\/batalla-de-tucuman-2.jpeg\" alt=\"\" \/><\/p>\n<p style=\"margin: 0cm 0cm 11.25pt 0cm;\"><b><span style=\"font-size: 9.0pt; font-family: 'Arial','sans-serif'; color: #333333;\">En la ma\u00f1ana de este martes 24, se llev\u00f3 a cabo en inmediaciones del m\u00e1stil principal de la ciudad, el acto en conmemoraci\u00f3n de la Batalla de Tucum\u00e1n, que fue un enfrentamiento armado librado entre el 24 y el 25 de septiembre de 1812 cerca de San Miguel de Tucum\u00e1n, en el curso de la guerra de la independencia argentina.<\/span><\/b><\/p>\n","protected":false},"author":1,"featured_media":808,"comment_status":"open","ping_status":"open","sticky":false,"template":"","format":"standard","meta":{"footnotes":""},"categories":[3],"tags":[],"class_list":["post-809","post","type-post","status-publish","format-standard","has-post-thumbnail","hentry","category-uncategorised"],"brizy_media":[],"_links":{"self":[{"href":"https:\/\/concejocuruzucuatia.gob.ar\/wp\/wp-json\/wp\/v2\/posts\/809","targetHints":{"allow":["GET"]}}],"collection":[{"href":"https:\/\/concejocuruzucuatia.gob.ar\/wp\/wp-json\/wp\/v2\/posts"}],"about":[{"href":"https:\/\/concejocuruzucuatia.gob.ar\/wp\/wp-json\/wp\/v2\/types\/post"}],"author":[{"embeddable":true,"href":"https:\/\/concejocuruzucuatia.gob.ar\/wp\/wp-json\/wp\/v2\/users\/1"}],"replies":[{"embeddable":true,"href":"https:\/\/concejocuruzucuatia.gob.ar\/wp\/wp-json\/wp\/v2\/comments?post=809"}],"version-history":[{"count":0,"href":"https:\/\/concejocuruzucuatia.gob.ar\/wp\/wp-json\/wp\/v2\/posts\/809\/revisions"}],"wp:featuredmedia":[{"embeddable":true,"href":"https:\/\/concejocuruzucuatia.gob.ar\/wp\/wp-json\/wp\/v2\/media\/808"}],"wp:attachment":[{"href":"https:\/\/concejocuruzucuatia.gob.ar\/wp\/wp-json\/wp\/v2\/media?parent=809"}],"wp:term":[{"taxonomy":"category","embeddable":true,"href":"https:\/\/concejocuruzucuatia.gob.ar\/wp\/wp-json\/wp\/v2\/categories?post=809"},{"taxonomy":"post_tag","embeddable":true,"href":"https:\/\/concejocuruzucuatia.gob.ar\/wp\/wp-json\/wp\/v2\/tags?post=809"}],"curies":[{"name":"wp","href":"https:\/\/api.w.org\/{rel}","templated":true}]}}