{"id":737,"date":"2019-06-07T16:09:26","date_gmt":"2019-06-07T16:09:26","guid":{"rendered":"https:\/\/concejocuruzucuatia.gob.ar\/wp\/2019\/06\/07\/se-entregaron-los-certificados-a-los-docentes-del-programa-de-liderazgo-e-innovacion-educativa\/"},"modified":"2019-06-07T16:09:26","modified_gmt":"2019-06-07T16:09:26","slug":"se-entregaron-los-certificados-a-los-docentes-del-programa-de-liderazgo-e-innovacion-educativa","status":"publish","type":"post","link":"https:\/\/concejocuruzucuatia.gob.ar\/wp\/2019\/06\/07\/se-entregaron-los-certificados-a-los-docentes-del-programa-de-liderazgo-e-innovacion-educativa\/","title":{"rendered":"Se entregaron los certificados a los docentes del \u00abPrograma de liderazgo e innovaci\u00f3n educativa\u00bb"},"content":{"rendered":"<p><img decoding=\"async\" src=\"images\/entrega-certificados-1.jpeg\" alt=\"\" \/><\/p>\n<p>En el sal\u00f3n de la planta alta de la Sociedad Italiana, en horas de la ma\u00f1ana del viernes, el presidente del HCD Prof. Rodolfo Santini acompa\u00f1\u00f3 al subsecretario de Gesti\u00f3n Educativa de la provincia de Corrientes, Julio Nav\u00edas, al Secretario de Deportes Julio Daniel Ojeda y\u00a0 a la Magister Luciana Arnaudo, tambi\u00e9n estuvo presente el concejal Marcos Isusi, a la entrega de certificados a los docentes egresados de la capacitaci\u00f3n.<\/p>\n<p>La Fundaci\u00f3n Varkey es una ONG, sin fines de lucro de car\u00e1cter global, cuya misi\u00f3n principal es que cada ni\u00f1o, y cada joven tenga el mejor maestro. Una de las l\u00edneas de la fundaci\u00f3n es el \u00abPrograma de liderazgo e innovaci\u00f3n educativa\u00bb, y que se desarrolla en cinco provincias.<\/p>\n<p>\u00a0Este programa, trata de empoderar a los lideres educativos, que son los equipos directivos y los docentes, para brindar m\u00e1s herramientas que tiene que ver con el liderazgo, y la innovaci\u00f3n, para que mejoren los aprendizajes de sus alumnos.<\/p>\n<p>Luego de las palabras de la autoridades y docentes que participaron de la capacitaci\u00f3n, se hicieron entrega de los certificados a cada uno de los docentes participantes.<\/p>\n<p><img decoding=\"async\" src=\"images\/entrega-certificados-2.jpeg\" alt=\"\" \/><\/p>\n","protected":false},"excerpt":{"rendered":"<p><img decoding=\"async\" src=\"images\/entrega-certificados-1.jpeg\" alt=\"\" \/><\/p>\n<p>En el sal\u00f3n de la planta alta de la Sociedad Italiana, en horas de la ma\u00f1ana del viernes, el presidente del HCD Prof. Rodolfo Santini acompa\u00f1\u00f3 al subsecretario de Gesti\u00f3n Educativa de la provincia de Corrientes, Julio Nav\u00edas, al Secretario de Deportes Julio Daniel Ojeda y\u00a0 a la Magister Luciana Arnaudo, tambi\u00e9n estuvo presente el concejal Marcos Isusi, a la entrega de certificados a los docentes egresados de la capacitaci\u00f3n.<\/p>\n","protected":false},"author":1,"featured_media":736,"comment_status":"open","ping_status":"open","sticky":false,"template":"","format":"standard","meta":{"footnotes":""},"categories":[15],"tags":[],"class_list":["post-737","post","type-post","status-publish","format-standard","has-post-thumbnail","hentry","category-actividad-institucional"],"brizy_media":[],"_links":{"self":[{"href":"https:\/\/concejocuruzucuatia.gob.ar\/wp\/wp-json\/wp\/v2\/posts\/737","targetHints":{"allow":["GET"]}}],"collection":[{"href":"https:\/\/concejocuruzucuatia.gob.ar\/wp\/wp-json\/wp\/v2\/posts"}],"about":[{"href":"https:\/\/concejocuruzucuatia.gob.ar\/wp\/wp-json\/wp\/v2\/types\/post"}],"author":[{"embeddable":true,"href":"https:\/\/concejocuruzucuatia.gob.ar\/wp\/wp-json\/wp\/v2\/users\/1"}],"replies":[{"embeddable":true,"href":"https:\/\/concejocuruzucuatia.gob.ar\/wp\/wp-json\/wp\/v2\/comments?post=737"}],"version-history":[{"count":0,"href":"https:\/\/concejocuruzucuatia.gob.ar\/wp\/wp-json\/wp\/v2\/posts\/737\/revisions"}],"wp:featuredmedia":[{"embeddable":true,"href":"https:\/\/concejocuruzucuatia.gob.ar\/wp\/wp-json\/wp\/v2\/media\/736"}],"wp:attachment":[{"href":"https:\/\/concejocuruzucuatia.gob.ar\/wp\/wp-json\/wp\/v2\/media?parent=737"}],"wp:term":[{"taxonomy":"category","embeddable":true,"href":"https:\/\/concejocuruzucuatia.gob.ar\/wp\/wp-json\/wp\/v2\/categories?post=737"},{"taxonomy":"post_tag","embeddable":true,"href":"https:\/\/concejocuruzucuatia.gob.ar\/wp\/wp-json\/wp\/v2\/tags?post=737"}],"curies":[{"name":"wp","href":"https:\/\/api.w.org\/{rel}","templated":true}]}}