{"id":729,"date":"2019-05-27T11:35:15","date_gmt":"2019-05-27T11:35:15","guid":{"rendered":"https:\/\/concejocuruzucuatia.gob.ar\/wp\/2019\/05\/27\/actos-por-el-aniversario-de-la-patria\/"},"modified":"2019-05-27T11:35:15","modified_gmt":"2019-05-27T11:35:15","slug":"actos-por-el-aniversario-de-la-patria","status":"publish","type":"post","link":"https:\/\/concejocuruzucuatia.gob.ar\/wp\/2019\/05\/27\/actos-por-el-aniversario-de-la-patria\/","title":{"rendered":"Actos por el Aniversario de la Patria"},"content":{"rendered":"<div class=\"itemIntroText\" style=\"margin: 0px; padding: 0px; border: 0px; outline: 0px; font-size: 12px; background-image: initial; background-position: initial; background-size: initial; background-repeat: initial; background-attachment: initial; background-origin: initial; background-clip: initial; font-weight: bold; color: #333333; font-family: sans-serif;\">\n<p style=\"margin: 0px 0px 15px; padding: 0px; border: 0px; outline: 0px; background: transparent;\"><span style=\"font-size: 12.16px;\"><img decoding=\"async\" src=\"images\/250519-1.jpg\" alt=\"\" \/><\/span><\/p>\n<p style=\"margin: 0px 0px 15px; padding: 0px; border: 0px; outline: 0px; background: transparent;\"><span style=\"font-size: 12.16px;\">El presidente del Honorable Concejo Deliberante, profesor Rodolfo Santini, encabez\u00f3 acompa\u00f1ando al Intendente Jos\u00e9 Irigoyen, en los actos centrales de este 25 de mayo.\u00a0<\/span><\/p>\n<\/div>\n<div class=\"itemFullText\" style=\"margin: 0px; padding: 0px; border: 0px; outline: 0px; font-size: 12px; background-image: initial; background-position: initial; background-size: initial; background-repeat: initial; background-attachment: initial; background-origin: initial; background-clip: initial; color: #333333; font-family: sans-serif;\">\n<p style=\"margin: 15px 0px; padding: 0px; border: 0px; outline: 0px; background: transparent;\"><span style=\"margin: 0px; padding: 0px; border: 0px; outline: 0px; font-size: 12.16px; background: transparent;\">A\u00a0las 7.30 horas, recibieron a los concejales, autoridades judiciales, militares, eclesi\u00e1sticas, funcionarios y referentes de instituciones del medio, en el Sal\u00f3n Dorado de los Intendentes.<\/span><\/p>\n<p style=\"margin: 15px 0px; padding: 0px; border: 0px; outline: 0px; background: transparent;\">Desde all\u00ed llevaron la ense\u00f1a Patria hasta el m\u00e1stil principal de la ciudad, para proceder al izamiento. Se cant\u00f3 el Himno Nacional Argentino, y minutos m\u00e1s tarde volvieron al Palacio Municipal para compartir el tradicional chocolate.<\/p>\n<p style=\"margin: 15px 0px; padding: 0px; border: 0px; outline: 0px; background: transparent;\">Luego, la Comitiva Oficial se dirigi\u00f3 hasta la Parroquia Nuestra Se\u00f1ora del Pilar en la que se celebr\u00f3 el solemne Tedeum, ceremonia que estuvo presidida por el p\u00e1rroco de Nuestra Se\u00f1ora del Pilar, Ariel Gim\u00e9nez, y concelebrada por el capell\u00e1n del Ej\u00e9rcito, padre Norberto Damelio.<\/p>\n<p style=\"margin: 15px 0px; padding: 0px; border: 0px; outline: 0px; background: transparent;\">Luego del Tedeum, comenz\u00f3 el acto oficial propiamente dicho en la Plaza General Belgrano, con la presentaci\u00f3n, revista y saludo de los efectivos formados al Jefe de Estado Mayor y al Se\u00f1or Intendente Municipal, la entonaci\u00f3n del Himno Nacional Argentino, la Canci\u00f3n A Curuz\u00fa Cuati\u00e1, una invocaci\u00f3n religiosa a cargo del padre Ariel Gim\u00e9nez, la colocaci\u00f3n de Ofrendas Florales al pie de la pir\u00e1mide de la Libertad, un minuto de silencio y luego palabras alusivas a cargo de la directora de Tr\u00e1nsito de la Municipalidad, Estela G\u00fcenaga.<\/p>\n<p style=\"margin: 15px 0px; padding: 0px; border: 0px; outline: 0px; background: transparent;\">Luego de estas palabras, se adopto el dispositivo y desfile.<\/p>\n<p style=\"margin: 15px 0px; padding: 0px; border: 0px; outline: 0px; background: transparent;\">\u00a0<\/p>\n<p style=\"margin: 15px 0px; padding: 0px; border: 0px; outline: 0px; background: transparent;\"><img decoding=\"async\" src=\"images\/250519-3.jpg\" alt=\"\" \/><img decoding=\"async\" src=\"images\/250519-2.jpg\" alt=\"\" \/><\/p>\n<p style=\"margin: 15px 0px; padding: 0px; border: 0px; outline: 0px; background: transparent;\">\u00a0<\/p>\n<\/div>\n","protected":false},"excerpt":{"rendered":"<div class=\"itemIntroText\" style=\"margin: 0px; padding: 0px; border: 0px; outline: 0px; font-size: 12px; background-image: initial; background-position: initial; background-size: initial; background-repeat: initial; background-attachment: initial; background-origin: initial; background-clip: initial; font-weight: bold; color: #333333; font-family: sans-serif;\">\n<p style=\"margin: 0px 0px 15px; padding: 0px; border: 0px; outline: 0px; background: transparent;\"><span style=\"font-size: 12.16px;\"><img decoding=\"async\" src=\"images\/250519-1.jpg\" alt=\"\" \/><\/span><\/p>\n<p style=\"margin: 0px 0px 15px; padding: 0px; border: 0px; outline: 0px; background: transparent;\"><span style=\"font-size: 12.16px;\">El presidente del Honorable Concejo Deliberante, profesor Rodolfo Santini, encabez\u00f3 acompa\u00f1ando al Intendente Jos\u00e9 Irigoyen, en los actos centrales de este 25 de mayo.\u00a0<\/span><\/p>\n","protected":false},"author":1,"featured_media":728,"comment_status":"open","ping_status":"open","sticky":false,"template":"","format":"standard","meta":{"footnotes":""},"categories":[3],"tags":[],"class_list":["post-729","post","type-post","status-publish","format-standard","has-post-thumbnail","hentry","category-uncategorised"],"brizy_media":[],"_links":{"self":[{"href":"https:\/\/concejocuruzucuatia.gob.ar\/wp\/wp-json\/wp\/v2\/posts\/729","targetHints":{"allow":["GET"]}}],"collection":[{"href":"https:\/\/concejocuruzucuatia.gob.ar\/wp\/wp-json\/wp\/v2\/posts"}],"about":[{"href":"https:\/\/concejocuruzucuatia.gob.ar\/wp\/wp-json\/wp\/v2\/types\/post"}],"author":[{"embeddable":true,"href":"https:\/\/concejocuruzucuatia.gob.ar\/wp\/wp-json\/wp\/v2\/users\/1"}],"replies":[{"embeddable":true,"href":"https:\/\/concejocuruzucuatia.gob.ar\/wp\/wp-json\/wp\/v2\/comments?post=729"}],"version-history":[{"count":0,"href":"https:\/\/concejocuruzucuatia.gob.ar\/wp\/wp-json\/wp\/v2\/posts\/729\/revisions"}],"wp:featuredmedia":[{"embeddable":true,"href":"https:\/\/concejocuruzucuatia.gob.ar\/wp\/wp-json\/wp\/v2\/media\/728"}],"wp:attachment":[{"href":"https:\/\/concejocuruzucuatia.gob.ar\/wp\/wp-json\/wp\/v2\/media?parent=729"}],"wp:term":[{"taxonomy":"category","embeddable":true,"href":"https:\/\/concejocuruzucuatia.gob.ar\/wp\/wp-json\/wp\/v2\/categories?post=729"},{"taxonomy":"post_tag","embeddable":true,"href":"https:\/\/concejocuruzucuatia.gob.ar\/wp\/wp-json\/wp\/v2\/tags?post=729"}],"curies":[{"name":"wp","href":"https:\/\/api.w.org\/{rel}","templated":true}]}}