{"id":720,"date":"2019-05-15T11:20:24","date_gmt":"2019-05-15T11:20:24","guid":{"rendered":"https:\/\/concejocuruzucuatia.gob.ar\/wp\/2019\/05\/15\/el-presidente-acompano-en-la-inauguracion-de-la-escuela-municipal-de-oficios\/"},"modified":"2019-05-15T11:20:24","modified_gmt":"2019-05-15T11:20:24","slug":"el-presidente-acompano-en-la-inauguracion-de-la-escuela-municipal-de-oficios","status":"publish","type":"post","link":"https:\/\/concejocuruzucuatia.gob.ar\/wp\/2019\/05\/15\/el-presidente-acompano-en-la-inauguracion-de-la-escuela-municipal-de-oficios\/","title":{"rendered":"El presidente acompa\u00f1\u00f3 en la inauguraci\u00f3n de la Escuela Municipal de Oficios"},"content":{"rendered":"<div style=\"padding: 0px; margin: 0px; color: #333333; font-family: Verdana, Geneva, Arial, Helvetica, sans-serif; font-size: 12px;\"><img decoding=\"async\" src=\"images\/escuela-oficios-1.jpeg\" alt=\"\" \/><\/div>\n<div style=\"padding: 0px; margin: 0px; color: #333333; font-family: Verdana, Geneva, Arial, Helvetica, sans-serif; font-size: 12px;\">\u00a0<\/div>\n<div style=\"padding: 0px; margin: 0px; color: #333333; font-family: Verdana, Geneva, Arial, Helvetica, sans-serif; font-size: 12px;\">En horas de la ma\u00f1ana de este martes, detr\u00e1s de la Oficina de Empleo de nuestra ciudad, se realiz\u00f3 la inauguraci\u00f3n de la Escuela de Oficios Municipal, d\u00f3nde j\u00f3venes podr\u00e1n capacitarse.\n<\/div>\n<div style=\"padding: 0px; margin: 0px; color: #333333; font-family: Verdana, Geneva, Arial, Helvetica, sans-serif; font-size: 12px;\">\u00a0\u00a0<\/div>\n<div style=\"padding: 0px; margin: 0px; color: #333333; font-family: Verdana, Geneva, Arial, Helvetica, sans-serif; font-size: 12px;\">El acto se realiz\u00f3 con la presencia de las autoridades, encabezadas por el intendente Irigoyen, el licenciado Adri\u00e1n Ojeda gerente de Empleo y capacitaci\u00f3n laboral de Naci\u00f3n, el presidente del HCD Rodolfo Santini, concejales, funcionarios municipales, p\u00fablico en general.<\/div>\n<div style=\"padding: 0px; margin: 0px; color: #333333; font-family: Verdana, Geneva, Arial, Helvetica, sans-serif; font-size: 12px;\">\u00a0<\/div>\n<div style=\"padding: 0px; margin: 0px; color: #333333; font-family: Verdana, Geneva, Arial, Helvetica, sans-serif; font-size: 12px;\">Luego de la bendici\u00f3n por parte del Diacono Gauna, se escucharon las palabras del Director de Empleo Municipal Martin Montero, del licenciado Adri\u00e1n Ojeda gerente de Empleo y capacitaci\u00f3n laboral de Naci\u00f3n y para finalizar y dejar inaugurado la escuela de oficios lo hizo el intendente Irigoyen.<\/div>\n<div style=\"padding: 0px; margin: 0px; color: #333333; font-family: Verdana, Geneva, Arial, Helvetica, sans-serif; font-size: 12px;\">\u00a0<\/div>\n<div style=\"padding: 0px; margin: 0px; color: #333333; font-family: Verdana, Geneva, Arial, Helvetica, sans-serif; font-size: 12px;\">\u00a0<\/div>\n<div style=\"padding: 0px; margin: 0px; color: #333333; font-family: Verdana, Geneva, Arial, Helvetica, sans-serif; font-size: 12px;\"><img decoding=\"async\" src=\"images\/escuela-oficios-2.jpeg\" alt=\"\" \/><\/div>\n<div style=\"padding: 0px; margin: 0px; color: #333333; font-family: Verdana, Geneva, Arial, Helvetica, sans-serif; font-size: 12px;\">\u00a0<\/div>\n<div style=\"padding: 0px; margin: 0px; color: #333333; font-family: Verdana, Geneva, Arial, Helvetica, sans-serif; font-size: 12px;\">La Escuela Municipal de Oficios se encuentra dentro de la \u00f3rbita de la Oficina de Empleo de la Municipalidad de Curuz\u00fa Cuati\u00e1, en calle General Ram\u00edrez 765 y atiende al p\u00fablico de 7 a 13 horas y de lunes a viernes, aunque los talleres y capacitaciones se realizan tambi\u00e9n en turnos vespertinos.<\/div>\n","protected":false},"excerpt":{"rendered":"<div style=\"padding: 0px; margin: 0px; color: #333333; font-family: Verdana, Geneva, Arial, Helvetica, sans-serif; font-size: 12px;\"><img decoding=\"async\" src=\"images\/escuela-oficios-1.jpeg\" alt=\"\" \/><\/div>\n<div style=\"padding: 0px; margin: 0px; color: #333333; font-family: Verdana, Geneva, Arial, Helvetica, sans-serif; font-size: 12px;\">\u00a0<\/div>\n<div style=\"padding: 0px; margin: 0px; color: #333333; font-family: Verdana, Geneva, Arial, Helvetica, sans-serif; font-size: 12px;\">En horas de la ma\u00f1ana de este martes, detr\u00e1s de la Oficina de Empleo de nuestra ciudad, se realiz\u00f3 la inauguraci\u00f3n de la Escuela de Oficios Municipal, d\u00f3nde j\u00f3venes podr\u00e1n capacitarse.<\/p>\n","protected":false},"author":1,"featured_media":719,"comment_status":"open","ping_status":"open","sticky":false,"template":"","format":"standard","meta":{"footnotes":""},"categories":[15],"tags":[],"class_list":["post-720","post","type-post","status-publish","format-standard","has-post-thumbnail","hentry","category-actividad-institucional"],"brizy_media":[],"_links":{"self":[{"href":"https:\/\/concejocuruzucuatia.gob.ar\/wp\/wp-json\/wp\/v2\/posts\/720","targetHints":{"allow":["GET"]}}],"collection":[{"href":"https:\/\/concejocuruzucuatia.gob.ar\/wp\/wp-json\/wp\/v2\/posts"}],"about":[{"href":"https:\/\/concejocuruzucuatia.gob.ar\/wp\/wp-json\/wp\/v2\/types\/post"}],"author":[{"embeddable":true,"href":"https:\/\/concejocuruzucuatia.gob.ar\/wp\/wp-json\/wp\/v2\/users\/1"}],"replies":[{"embeddable":true,"href":"https:\/\/concejocuruzucuatia.gob.ar\/wp\/wp-json\/wp\/v2\/comments?post=720"}],"version-history":[{"count":0,"href":"https:\/\/concejocuruzucuatia.gob.ar\/wp\/wp-json\/wp\/v2\/posts\/720\/revisions"}],"wp:featuredmedia":[{"embeddable":true,"href":"https:\/\/concejocuruzucuatia.gob.ar\/wp\/wp-json\/wp\/v2\/media\/719"}],"wp:attachment":[{"href":"https:\/\/concejocuruzucuatia.gob.ar\/wp\/wp-json\/wp\/v2\/media?parent=720"}],"wp:term":[{"taxonomy":"category","embeddable":true,"href":"https:\/\/concejocuruzucuatia.gob.ar\/wp\/wp-json\/wp\/v2\/categories?post=720"},{"taxonomy":"post_tag","embeddable":true,"href":"https:\/\/concejocuruzucuatia.gob.ar\/wp\/wp-json\/wp\/v2\/tags?post=720"}],"curies":[{"name":"wp","href":"https:\/\/api.w.org\/{rel}","templated":true}]}}