{"id":711,"date":"2019-05-02T12:00:39","date_gmt":"2019-05-02T12:00:39","guid":{"rendered":"https:\/\/concejocuruzucuatia.gob.ar\/wp\/2019\/05\/02\/acto-por-el-dia-del-trabajador\/"},"modified":"2019-05-02T12:00:39","modified_gmt":"2019-05-02T12:00:39","slug":"acto-por-el-dia-del-trabajador","status":"publish","type":"post","link":"https:\/\/concejocuruzucuatia.gob.ar\/wp\/2019\/05\/02\/acto-por-el-dia-del-trabajador\/","title":{"rendered":"Acto por el D\u00eda del Trabajador"},"content":{"rendered":"<p><img decoding=\"async\" src=\"images\/dia-trabajador.jpg\" alt=\"\" \/><\/p>\n<p>En la ma\u00f1ana del mi\u00e9rcoles 1 de Mayo, en la \u201cPlazoleta del Trabajo\u201d se realiz\u00f3 el acto central. Cont\u00f3 con la presencia del Presidente del Concejo Deliberante Rodolfo Santini, Intendente Municipal Jos\u00e9 Irigoyen, el Secretario General del SOEM Daniel S\u00e1nchez, concejales Balceda, Farinon, Marchi, Preisz e Isusi, funcionarios municipales, trabajadores y p\u00fablico en general. Inici\u00f3 a las 11:00 hs, con la entonaci\u00f3n de las estrofas del Himno Nacional Argentino y posterior se escuch\u00f3 la canci\u00f3n a Curuz\u00fa Cuati\u00e1.<\/p>\n<p>Luego se ley\u00f3 una rese\u00f1a hist\u00f3rica por la conmemoraci\u00f3n del d\u00eda del Trabajador y luego se escuch\u00f3 al secretario general del SOEM Daniel S\u00e1nchez y posterior el secretario de gobierno municipal Juan L\u00f3pez.<\/p>\n<p>El presidente del HCD Rodolfo Santini hace llegar un afectuoso saludo para los trabajadores en su d\u00eda.\u00a0\u00a0<\/p>\n","protected":false},"excerpt":{"rendered":"<p><img decoding=\"async\" src=\"images\/dia-trabajador.jpg\" alt=\"\" \/><\/p>\n","protected":false},"author":1,"featured_media":710,"comment_status":"open","ping_status":"open","sticky":false,"template":"","format":"standard","meta":{"footnotes":""},"categories":[3],"tags":[],"class_list":["post-711","post","type-post","status-publish","format-standard","has-post-thumbnail","hentry","category-uncategorised"],"brizy_media":[],"_links":{"self":[{"href":"https:\/\/concejocuruzucuatia.gob.ar\/wp\/wp-json\/wp\/v2\/posts\/711","targetHints":{"allow":["GET"]}}],"collection":[{"href":"https:\/\/concejocuruzucuatia.gob.ar\/wp\/wp-json\/wp\/v2\/posts"}],"about":[{"href":"https:\/\/concejocuruzucuatia.gob.ar\/wp\/wp-json\/wp\/v2\/types\/post"}],"author":[{"embeddable":true,"href":"https:\/\/concejocuruzucuatia.gob.ar\/wp\/wp-json\/wp\/v2\/users\/1"}],"replies":[{"embeddable":true,"href":"https:\/\/concejocuruzucuatia.gob.ar\/wp\/wp-json\/wp\/v2\/comments?post=711"}],"version-history":[{"count":0,"href":"https:\/\/concejocuruzucuatia.gob.ar\/wp\/wp-json\/wp\/v2\/posts\/711\/revisions"}],"wp:featuredmedia":[{"embeddable":true,"href":"https:\/\/concejocuruzucuatia.gob.ar\/wp\/wp-json\/wp\/v2\/media\/710"}],"wp:attachment":[{"href":"https:\/\/concejocuruzucuatia.gob.ar\/wp\/wp-json\/wp\/v2\/media?parent=711"}],"wp:term":[{"taxonomy":"category","embeddable":true,"href":"https:\/\/concejocuruzucuatia.gob.ar\/wp\/wp-json\/wp\/v2\/categories?post=711"},{"taxonomy":"post_tag","embeddable":true,"href":"https:\/\/concejocuruzucuatia.gob.ar\/wp\/wp-json\/wp\/v2\/tags?post=711"}],"curies":[{"name":"wp","href":"https:\/\/api.w.org\/{rel}","templated":true}]}}