{"id":687,"date":"2019-04-02T15:20:39","date_gmt":"2019-04-02T15:20:39","guid":{"rendered":"https:\/\/concejocuruzucuatia.gob.ar\/wp\/2019\/04\/02\/a-37-anos-de-la-gesta-de-malvinas\/"},"modified":"2019-04-02T15:20:39","modified_gmt":"2019-04-02T15:20:39","slug":"a-37-anos-de-la-gesta-de-malvinas","status":"publish","type":"post","link":"https:\/\/concejocuruzucuatia.gob.ar\/wp\/2019\/04\/02\/a-37-anos-de-la-gesta-de-malvinas\/","title":{"rendered":"A 37 a\u00f1os de la Gesta de Malvinas"},"content":{"rendered":"<p><img loading=\"lazy\" decoding=\"async\" src=\"images\/malvinas-2.JPG\" alt=\"\" width=\"900\" height=\"604\" \/><\/p>\n<p>El presidente del Honorable Concejo Deliberante estuvo presente en los actos centrales d\u00f3nde en\u00a0<span lang=\"ES-TRAD\">la ma\u00f1ana del 2 de abril, en la Plaza Belgrano la comunidad record\u00f3 a nuestros H\u00e9roes de Malvinas al cumplirse 37 a\u00f1os de la Guerra.<\/span><\/p>\n<p>\u00a0<\/p>\n<p class=\"MsoNormal\">Las autoridades se concentraron en\u00a0el Sal\u00f3n Dorado de la Municipalidad y luego se dirigieron hasta el m\u00e1stil ubicado frente al monumento al soldado, portando la Bandera Nacional.<\/p>\n<p>\u00a0<\/p>\n<p class=\"MsoNormal\"><span lang=\"ES-TRAD\">El presidente del HCD Santini junto al presidente del Centro de Veteranos de Guerra Eduardo Sanchez, depositaron a los pies de el monumento al soldado ofrendas florales para luego continuar con el acto y posterior desfile.<\/span><\/p>\n<p class=\"MsoNormal\">\u00a0<\/p>\n<p>\u00a0<\/p>\n<p>El presidente estuvo acompa\u00f1ado por los concejales Roberto Fern\u00e1ndez, Rosa Beatriz Marchi, Juan Duarte, Maria Emma Quiroz, Marcos Isusi, Gabriel Balceda, Pedro Preisz y Ram\u00f3n Farinon.<\/p>\n<p><img loading=\"lazy\" decoding=\"async\" src=\"images\/malvinas-1.JPG\" alt=\"\" width=\"897\" height=\"490\" \/><\/p>\n","protected":false},"excerpt":{"rendered":"<p><img loading=\"lazy\" decoding=\"async\" src=\"images\/malvinas-2.JPG\" alt=\"\" width=\"900\" height=\"604\" \/><\/p>\n<p>El presidente del Honorable Concejo Deliberante estuvo presente en los actos centrales d\u00f3nde en\u00a0<span lang=\"ES-TRAD\">la ma\u00f1ana del 2 de abril, en la Plaza Belgrano la comunidad record\u00f3 a nuestros H\u00e9roes de Malvinas al cumplirse 37 a\u00f1os de la Guerra.<\/span><\/p>\n","protected":false},"author":1,"featured_media":686,"comment_status":"open","ping_status":"open","sticky":false,"template":"","format":"standard","meta":{"footnotes":""},"categories":[15],"tags":[],"class_list":["post-687","post","type-post","status-publish","format-standard","has-post-thumbnail","hentry","category-actividad-institucional"],"brizy_media":[],"_links":{"self":[{"href":"https:\/\/concejocuruzucuatia.gob.ar\/wp\/wp-json\/wp\/v2\/posts\/687","targetHints":{"allow":["GET"]}}],"collection":[{"href":"https:\/\/concejocuruzucuatia.gob.ar\/wp\/wp-json\/wp\/v2\/posts"}],"about":[{"href":"https:\/\/concejocuruzucuatia.gob.ar\/wp\/wp-json\/wp\/v2\/types\/post"}],"author":[{"embeddable":true,"href":"https:\/\/concejocuruzucuatia.gob.ar\/wp\/wp-json\/wp\/v2\/users\/1"}],"replies":[{"embeddable":true,"href":"https:\/\/concejocuruzucuatia.gob.ar\/wp\/wp-json\/wp\/v2\/comments?post=687"}],"version-history":[{"count":0,"href":"https:\/\/concejocuruzucuatia.gob.ar\/wp\/wp-json\/wp\/v2\/posts\/687\/revisions"}],"wp:featuredmedia":[{"embeddable":true,"href":"https:\/\/concejocuruzucuatia.gob.ar\/wp\/wp-json\/wp\/v2\/media\/686"}],"wp:attachment":[{"href":"https:\/\/concejocuruzucuatia.gob.ar\/wp\/wp-json\/wp\/v2\/media?parent=687"}],"wp:term":[{"taxonomy":"category","embeddable":true,"href":"https:\/\/concejocuruzucuatia.gob.ar\/wp\/wp-json\/wp\/v2\/categories?post=687"},{"taxonomy":"post_tag","embeddable":true,"href":"https:\/\/concejocuruzucuatia.gob.ar\/wp\/wp-json\/wp\/v2\/tags?post=687"}],"curies":[{"name":"wp","href":"https:\/\/api.w.org\/{rel}","templated":true}]}}