{"id":680,"date":"2019-03-27T13:16:17","date_gmt":"2019-03-27T13:16:17","guid":{"rendered":"https:\/\/concejocuruzucuatia.gob.ar\/wp\/2019\/03\/27\/el-presidente-del-hcd-acompano-en-la-conformacion-de-la-comision-de-los-barrios-juan-pedro-sorribes-y-ralin\/"},"modified":"2019-03-27T13:16:17","modified_gmt":"2019-03-27T13:16:17","slug":"el-presidente-del-hcd-acompano-en-la-conformacion-de-la-comision-de-los-barrios-juan-pedro-sorribes-y-ralin","status":"publish","type":"post","link":"https:\/\/concejocuruzucuatia.gob.ar\/wp\/2019\/03\/27\/el-presidente-del-hcd-acompano-en-la-conformacion-de-la-comision-de-los-barrios-juan-pedro-sorribes-y-ralin\/","title":{"rendered":"El presidente del HCD acompa\u00f1\u00f3 en la conformaci\u00f3n de la comisi\u00f3n de los barrios \u201cJuan Pedro Sorribes\u201d y \u201cRaLin\u201d"},"content":{"rendered":"<div>\n<div id=\"x994f1178c32046079cf5e45c66eecbdd\">\n<p class=\"MsoNormal\"><img decoding=\"async\" src=\"images\/barrio-ralin-53-viv-2.jpeg\" alt=\"\" \/><\/p>\n<p class=\"MsoNormal\">En horas de la tarde noche del martes, el presidente del Concejo Deliberante, el profesor Rodolfo Santini, junto al concejal Marcos Isusi y el secretario de gobierno Juan L\u00f3pez asistieron a una reuni\u00f3n para acompa\u00f1ar a vecinos de estos barrios para que formen su comisi\u00f3n.<\/p>\n<p class=\"MsoNormal\">La reuni\u00f3n se realiz\u00f3 en la casa de la familia Mart\u00ednez y participaron vecinos del Barrio Juan Pedro Sorribes (53 Viv.) y del Barrio RaLin.<\/p>\n<p class=\"MsoNormal\">El presidente les coment\u00f3 los pasos a seguir para la conformaci\u00f3n de la comisi\u00f3n y los tr\u00e1mites a realizar para que funcione la misma.<\/p>\n<p class=\"MsoNormal\">Luego los vecinos expresaron su decisi\u00f3n de conformar una comisi\u00f3n que incluya los dos barrios, quedando de la siguiente manera:<\/p>\n<p class=\"MsoNormal\">Presidente: Medina Fabi\u00e1n de Jes\u00fas<\/p>\n<p class=\"MsoNormal\">Secretaria: Sandra Patricia Mart\u00ednez<\/p>\n<p class=\"MsoNormal\">Tesorero: Fern\u00e1ndez Juan Carlos<\/p>\n<p class=\"MsoNormal\">Vocales:<\/p>\n<p class=\"MsoNormal\">Juan Ram\u00f3n Ibarrola<\/p>\n<p class=\"MsoNormal\">Segovia Juan Andr\u00e9s<\/p>\n<p class=\"MsoNormal\">Rosa Ramona Sosa<\/p>\n<p class=\"MsoNormal\">Vargas Juan Jos\u00e9<\/p>\n<p class=\"MsoNormal\">Hugo Norberto Castillo<\/p>\n<p class=\"MsoNormal\">Revisores de Cuenta:<\/p>\n<p class=\"MsoNormal\">Lidia Elida Galarraga<\/p>\n<p class=\"MsoNormal\">N\u00e9lida Ester Bacon<\/p>\n<p class=\"MsoNormal\">Los integrantes de la comisi\u00f3n presentar\u00e1n toda la documentaci\u00f3n de la comisi\u00f3n en el HCD para que sea registrada y que quede formalmente aprobada.<\/p>\n<p class=\"MsoNormal\"><img decoding=\"async\" src=\"images\/barrio-ralin-53-viv-1.jpeg\" alt=\"\" \/><\/p>\n<\/div>\n<\/div>\n<p>\u00a0<\/p>\n","protected":false},"excerpt":{"rendered":"<div>\n<div id=\"x994f1178c32046079cf5e45c66eecbdd\">\n<p class=\"MsoNormal\"><img decoding=\"async\" src=\"images\/barrio-ralin-53-viv-2.jpeg\" alt=\"\" \/><\/p>\n<p class=\"MsoNormal\">En horas de la tarde noche del martes, el presidente del Concejo Deliberante, el profesor Rodolfo Santini, junto al concejal Marcos Isusi y el secretario de gobierno Juan L\u00f3pez asistieron a una reuni\u00f3n para acompa\u00f1ar a vecinos de estos barrios para que formen su comisi\u00f3n.<\/p>\n","protected":false},"author":1,"featured_media":679,"comment_status":"open","ping_status":"open","sticky":false,"template":"","format":"standard","meta":{"footnotes":""},"categories":[15],"tags":[],"class_list":["post-680","post","type-post","status-publish","format-standard","has-post-thumbnail","hentry","category-actividad-institucional"],"brizy_media":[],"_links":{"self":[{"href":"https:\/\/concejocuruzucuatia.gob.ar\/wp\/wp-json\/wp\/v2\/posts\/680","targetHints":{"allow":["GET"]}}],"collection":[{"href":"https:\/\/concejocuruzucuatia.gob.ar\/wp\/wp-json\/wp\/v2\/posts"}],"about":[{"href":"https:\/\/concejocuruzucuatia.gob.ar\/wp\/wp-json\/wp\/v2\/types\/post"}],"author":[{"embeddable":true,"href":"https:\/\/concejocuruzucuatia.gob.ar\/wp\/wp-json\/wp\/v2\/users\/1"}],"replies":[{"embeddable":true,"href":"https:\/\/concejocuruzucuatia.gob.ar\/wp\/wp-json\/wp\/v2\/comments?post=680"}],"version-history":[{"count":0,"href":"https:\/\/concejocuruzucuatia.gob.ar\/wp\/wp-json\/wp\/v2\/posts\/680\/revisions"}],"wp:featuredmedia":[{"embeddable":true,"href":"https:\/\/concejocuruzucuatia.gob.ar\/wp\/wp-json\/wp\/v2\/media\/679"}],"wp:attachment":[{"href":"https:\/\/concejocuruzucuatia.gob.ar\/wp\/wp-json\/wp\/v2\/media?parent=680"}],"wp:term":[{"taxonomy":"category","embeddable":true,"href":"https:\/\/concejocuruzucuatia.gob.ar\/wp\/wp-json\/wp\/v2\/categories?post=680"},{"taxonomy":"post_tag","embeddable":true,"href":"https:\/\/concejocuruzucuatia.gob.ar\/wp\/wp-json\/wp\/v2\/tags?post=680"}],"curies":[{"name":"wp","href":"https:\/\/api.w.org\/{rel}","templated":true}]}}