{"id":666,"date":"2019-03-08T15:49:21","date_gmt":"2019-03-08T15:49:21","guid":{"rendered":"https:\/\/concejocuruzucuatia.gob.ar\/wp\/2019\/03\/08\/por-el-dia-internacional-de-la-mujer-el-presidente-rodolfo-santini-entrego-obsequios\/"},"modified":"2019-03-08T15:49:21","modified_gmt":"2019-03-08T15:49:21","slug":"por-el-dia-internacional-de-la-mujer-el-presidente-rodolfo-santini-entrego-obsequios","status":"publish","type":"post","link":"https:\/\/concejocuruzucuatia.gob.ar\/wp\/2019\/03\/08\/por-el-dia-internacional-de-la-mujer-el-presidente-rodolfo-santini-entrego-obsequios\/","title":{"rendered":"Por el d\u00eda Internacional de la Mujer, el presidente Rodolfo Santini entreg\u00f3 obsequios"},"content":{"rendered":"<p class=\"MsoNormal\"><img decoding=\"async\" src=\"images\/hcd-mujer-3.jpeg\" alt=\"\" \/><\/p>\n<p class=\"MsoNormal\">En el sal\u00f3n \u201cMujeres Legisladoras Curuzucuate\u00f1as\u201d, de la planta alta del Concejo Deliberante, el presidente Prof. Rodolfo Santini hizo entrega al personal femenino del HCD, concejales y funcionarias del ejecutivo obsequios a celebrarse hoy 8 de marzo el \u201cD\u00eda Internacional de la Mujer\u201d.<\/p>\n<p class=\"MsoNormal\">Con la presencia<span style=\"mso-spacerun: yes;\">\u00a0 <\/span>del diputado provincial Eduardo Vischi, el presidente del HCD Rodolfo Santini, los concejales Mar\u00eda Torres, Mar\u00eda Emma Quiroz, Beatriz Marchi, Roberto Fern\u00e1ndez, Marcos Isusi, Gabriel Balceda y Ram\u00f3n Farinon, la secretaria del HCD la Dra. Mar\u00eda Cristina Marin, funcionarios municipales y personal del poder legislativo.<\/p>\n<p class=\"MsoNormal\">Se hizo entrega de obsequios a las mujeres presentes luego de unas breves palabras por parte del presidente del HCD. <span style=\"mso-spacerun: yes;\">\u00a0<\/span>Seguidamente compartieron un lunch en el mismo sal\u00f3n. <span style=\"mso-spacerun: yes;\">\u00a0<\/span><span style=\"mso-spacerun: yes;\">\u00a0<\/span><\/p>\n<p class=\"MsoNormal\"><span style=\"mso-spacerun: yes;\"><img decoding=\"async\" src=\"images\/hcd-mujer-1.jpeg\" alt=\"\" \/><\/span><\/p>\n<p class=\"MsoNormal\"><span style=\"mso-spacerun: yes;\"><img decoding=\"async\" src=\"images\/hcd-mujer-2.jpeg\" alt=\"\" \/><\/span><\/p>\n","protected":false},"excerpt":{"rendered":"<p class=\"MsoNormal\"><img decoding=\"async\" src=\"images\/hcd-mujer-3.jpeg\" alt=\"\" \/><\/p>\n<p class=\"MsoNormal\">En el sal\u00f3n \u201cMujeres Legisladoras Curuzucuate\u00f1as\u201d, de la planta alta del Concejo Deliberante, el presidente Prof. Rodolfo Santini hizo entrega al personal femenino del HCD, concejales y funcionarias del ejecutivo obsequios a celebrarse hoy 8 de marzo el \u201cD\u00eda Internacional de la Mujer\u201d.<\/p>\n","protected":false},"author":1,"featured_media":665,"comment_status":"open","ping_status":"open","sticky":false,"template":"","format":"standard","meta":{"footnotes":""},"categories":[15],"tags":[],"class_list":["post-666","post","type-post","status-publish","format-standard","has-post-thumbnail","hentry","category-actividad-institucional"],"brizy_media":[],"_links":{"self":[{"href":"https:\/\/concejocuruzucuatia.gob.ar\/wp\/wp-json\/wp\/v2\/posts\/666","targetHints":{"allow":["GET"]}}],"collection":[{"href":"https:\/\/concejocuruzucuatia.gob.ar\/wp\/wp-json\/wp\/v2\/posts"}],"about":[{"href":"https:\/\/concejocuruzucuatia.gob.ar\/wp\/wp-json\/wp\/v2\/types\/post"}],"author":[{"embeddable":true,"href":"https:\/\/concejocuruzucuatia.gob.ar\/wp\/wp-json\/wp\/v2\/users\/1"}],"replies":[{"embeddable":true,"href":"https:\/\/concejocuruzucuatia.gob.ar\/wp\/wp-json\/wp\/v2\/comments?post=666"}],"version-history":[{"count":0,"href":"https:\/\/concejocuruzucuatia.gob.ar\/wp\/wp-json\/wp\/v2\/posts\/666\/revisions"}],"wp:featuredmedia":[{"embeddable":true,"href":"https:\/\/concejocuruzucuatia.gob.ar\/wp\/wp-json\/wp\/v2\/media\/665"}],"wp:attachment":[{"href":"https:\/\/concejocuruzucuatia.gob.ar\/wp\/wp-json\/wp\/v2\/media?parent=666"}],"wp:term":[{"taxonomy":"category","embeddable":true,"href":"https:\/\/concejocuruzucuatia.gob.ar\/wp\/wp-json\/wp\/v2\/categories?post=666"},{"taxonomy":"post_tag","embeddable":true,"href":"https:\/\/concejocuruzucuatia.gob.ar\/wp\/wp-json\/wp\/v2\/tags?post=666"}],"curies":[{"name":"wp","href":"https:\/\/api.w.org\/{rel}","templated":true}]}}