{"id":611,"date":"2018-09-25T12:24:40","date_gmt":"2018-09-25T12:24:40","guid":{"rendered":"https:\/\/concejocuruzucuatia.gob.ar\/wp\/2018\/09\/25\/informe-de-prensa-hcd-sesion-19-de-septiembre-de-2018\/"},"modified":"2018-09-25T12:24:40","modified_gmt":"2018-09-25T12:24:40","slug":"informe-de-prensa-hcd-sesion-19-de-septiembre-de-2018","status":"publish","type":"post","link":"https:\/\/concejocuruzucuatia.gob.ar\/wp\/2018\/09\/25\/informe-de-prensa-hcd-sesion-19-de-septiembre-de-2018\/","title":{"rendered":"Informe de Prensa HCD \/ Sesi\u00f3n 19 de septiembre de 2018"},"content":{"rendered":"<p class=\"MsoNormal\" style=\"text-align: justify;\"><span style=\"font-size: 12.0pt; line-height: 115%; font-family: 'Arial','sans-serif';\"><img decoding=\"async\" src=\"images\/sesion-190918-2.JPG\" alt=\"\" \/><\/span><\/p>\n<p class=\"MsoNormal\" style=\"text-align: justify;\"><span style=\"font-size: 12.0pt; line-height: 115%; font-family: 'Arial','sans-serif';\">Desde las 20hs. del mi\u00e9rcoles 19 de septiembre de 2018, el presidente del cuerpo Roberto Fern\u00e1ndez y la secretaria Dra. Mar\u00eda Cristina Mar\u00edn, con la presencia de todos los concejales,<span style=\"mso-spacerun: yes;\">\u00a0 <\/span>dieron inicio a la sesi\u00f3n n\u00famero 1478.<span style=\"mso-spacerun: yes;\">\u00a0 <\/span>El presidente someti\u00f3 a votaci\u00f3n el orden del d\u00eda el que fue aprobado un\u00e1nimemente.<\/span><\/p>\n<p class=\"MsoNormal\" style=\"text-align: justify;\"><span style=\"font-size: 12.0pt; line-height: 115%; font-family: 'Arial','sans-serif';\">A continuaci\u00f3n se trat\u00f3 el primer punto referido a la lectura y consideraci\u00f3n del acta N\u00b0 1477, la que fue aprobada.<\/span><\/p>\n<p class=\"MsoNormal\" style=\"text-align: justify;\"><span style=\"font-size: 12.0pt; line-height: 115%; font-family: 'Arial','sans-serif';\">El segundo punto tratado fue el de los despachos, primeramente de las comisiones de Gobierno y Obras referido al Expte. N\u00b0 4480\/18 sobre la nota de UDAI- ANSES solicitando se delimite la calzada como zona reservada. Luego de lo expresado por el concejal Preisz, sobre la necesidad de que tenga un lugar pr\u00e1ctico para el ascenso y descenso de personas que van a realizar tr\u00e1mites en esta oficina, ya que la mayor\u00eda son personas mayores, por eso solicit\u00f3 el acompa\u00f1amiento de los sres. concejales. El presidente somete a votaci\u00f3n el que se aprueba de manera un\u00e1nime.<\/span><\/p>\n<p class=\"MsoNormal\" style=\"text-align: center;\" align=\"center\"><b style=\"mso-bidi-font-weight: normal;\"><span style=\"font-size: 12.0pt; line-height: 115%; font-family: 'Arial','sans-serif';\">El Honorable Concejo Deliberante<\/span><\/b><\/p>\n<p class=\"MsoNormal\" style=\"text-align: center;\" align=\"center\"><b style=\"mso-bidi-font-weight: normal;\"><span style=\"font-size: 12.0pt; line-height: 115%; font-family: 'Arial','sans-serif';\">De Curuz\u00fa Cuati\u00e1<\/span><\/b><\/p>\n<p class=\"MsoNormal\" style=\"text-align: center;\" align=\"center\"><b style=\"mso-bidi-font-weight: normal;\"><span style=\"font-size: 12.0pt; line-height: 115%; font-family: 'Arial','sans-serif';\">Ordena<\/span><\/b><\/p>\n<p class=\"MsoNormal\" style=\"text-align: justify;\"><span style=\"font-size: 12.0pt; line-height: 115%; font-family: 'Arial','sans-serif';\">Art. 1\u00b0.- Delimitar frente a las instalaciones de UDAI \u2013 ANSES Curuz\u00fa Cuati\u00e1 como \u201cZONA RESERVADA\u201d un \u00e1rea de 8 metros de largo por 2 metros de ancho para el ascenso y descenso de personas.<\/span><\/p>\n<p class=\"MsoNormal\" style=\"text-align: justify;\"><span style=\"font-size: 12.0pt; line-height: 115%; font-family: 'Arial','sans-serif';\">Art. 2\u00b0.- El DEM construir\u00e1 una rampa para personas con capacidades diferentes y la carteler\u00eda que indique, \u201cZona reservada para el ascenso y descenso de personas\u201d de lunes a viernes de 06:00 a 14:00.<\/span><\/p>\n<p class=\"MsoNormal\" style=\"text-align: justify;\"><span style=\"font-size: 12.0pt; line-height: 115%; font-family: 'Arial','sans-serif';\">Art. 3\u00b0.- De Forma.<\/span><\/p>\n<p class=\"MsoNormal\" style=\"text-align: justify;\"><span style=\"font-size: 12.0pt; line-height: 115%; font-family: 'Arial','sans-serif';\">\u00a0<\/span><\/p>\n<p class=\"MsoNormal\" style=\"text-align: justify;\"><span style=\"font-size: 12.0pt; line-height: 115%; font-family: 'Arial','sans-serif';\">Luego se trat\u00f3 los despachos de la comisi\u00f3n de gobierno, primero el Expte. N\u00b0 4474\/18 sobre el proyecto de Ordenanza del DEM de aprobar el pliego de bases y condiciones para el llamado a licitaci\u00f3n de la l\u00ednea 3 de colectivos urbanos. Visto la aprobaci\u00f3n de la ordenanza 3130 y considerando que mediante la misma el DEM debe remitir al HCD el Pliego de Bases y Condiciones para el llamado a Licitaci\u00f3n p\u00fablica para la concesi\u00f3n de la prestaci\u00f3n del servicio de transporte urbano de pasajeros para cubrir el recorrido establecido en dicha Ordenanza para la l\u00ednea 3, el presidente someti\u00f3 a votaci\u00f3n el despacho, el que fue aprobado.<\/span><\/p>\n<p class=\"MsoNormal\" style=\"text-align: center;\" align=\"center\"><b style=\"mso-bidi-font-weight: normal;\"><span style=\"font-size: 12.0pt; line-height: 115%; font-family: 'Arial','sans-serif';\">El Honorable Concejo Deliberante<\/span><\/b><\/p>\n<p class=\"MsoNormal\" style=\"text-align: center;\" align=\"center\"><b style=\"mso-bidi-font-weight: normal;\"><span style=\"font-size: 12.0pt; line-height: 115%; font-family: 'Arial','sans-serif';\">de Curuz\u00fa Cuati\u00e1<\/span><\/b><\/p>\n<p class=\"MsoNormal\" style=\"text-align: center;\" align=\"center\"><b style=\"mso-bidi-font-weight: normal;\"><span style=\"font-size: 12.0pt; line-height: 115%; font-family: 'Arial','sans-serif';\">Sanciona con fuerza de<\/span><\/b><\/p>\n<p class=\"MsoNormal\" style=\"text-align: center;\" align=\"center\"><b style=\"mso-bidi-font-weight: normal;\"><span style=\"font-size: 12.0pt; line-height: 115%; font-family: 'Arial','sans-serif';\">Ordenanza<\/span><\/b><\/p>\n<p class=\"MsoNormal\" style=\"text-align: justify;\"><span style=\"font-size: 12.0pt; line-height: 115%; font-family: 'Arial','sans-serif';\"><span style=\"mso-spacerun: yes;\">\u00a0<\/span>Art. 1\u00b0.- APROBAR el Pliego de Bases y Condiciones del llamado a licitaci\u00f3n p\u00fablica para la concesi\u00f3n de la prestaci\u00f3n del servicio de transporte urbano de pasajeros para cubrir el recorrido establecido en la Ordenanza 3130 de la l\u00ednea 3; que como anexo uno forma parte integrante de la presente.<\/span><\/p>\n<p class=\"MsoNormal\" style=\"text-align: justify;\"><span style=\"font-size: 12.0pt; line-height: 115%; font-family: 'Arial','sans-serif';\">Art. 2\u00b0.- De forma<\/span><\/p>\n<p class=\"MsoNormal\" style=\"text-align: justify;\"><span style=\"font-size: 12.0pt; line-height: 115%; font-family: 'Arial','sans-serif';\">\u00a0<\/span><\/p>\n<p class=\"MsoNormal\" style=\"text-align: justify;\"><span style=\"font-size: 12.0pt; line-height: 115%; font-family: 'Arial','sans-serif';\">Seguidamente se trat\u00f3 el Expte. N\u00b0 4475\/18 sobre el proyecto de Ordenanza referido a donar al Centro de Jubilados provinciales el inmueble ubicado en Mza. N\u00b0199<span style=\"mso-spacerun: yes;\">\u00a0 <\/span>fracci\u00f3n B. El inmueble est\u00e1 ubicado por calle Tarrag\u00f3 Ros entre San Mart\u00edn y Chiclana y consta de las siguientes medidas: 15 mts frente al Oeste por calle Tarrag\u00f3 Ros, 9,80 mts de contrafrentre al Este por 82,25 mts de fondo al Norte y al Sur 62,25 mts y cerrando el pol\u00edgono 20 mts lo que hace una superficie de 1.128,69 m2. Se le impone a la presente donaci\u00f3n los siguientes cargos:<\/span><\/p>\n<p class=\"MsoNormal\" style=\"text-align: justify;\"><span style=\"font-size: 12.0pt; line-height: 115%; font-family: 'Arial','sans-serif';\">a)<span style=\"mso-tab-count: 1;\">\u00a0\u00a0\u00a0\u00a0\u00a0\u00a0\u00a0 <\/span>El inmueble donado en el art\u00edculo anterior ser\u00e1 destinado a la construcci\u00f3n de un sal\u00f3n de Usos M\u00faltiples (SUM).<\/span><\/p>\n<p class=\"MsoNormal\" style=\"text-align: justify;\"><span style=\"font-size: 12.0pt; line-height: 115%; font-family: 'Arial','sans-serif';\">b)<span style=\"mso-tab-count: 1;\">\u00a0\u00a0\u00a0\u00a0\u00a0\u00a0\u00a0 <\/span>En el plazo de 3 (TRES) a\u00f1os a partir de la promulgaci\u00f3n de la presente deber\u00e1 la donataria CONCLUIR la obra.<\/span><\/p>\n<p class=\"MsoNormal\" style=\"text-align: justify;\"><span style=\"font-size: 12.0pt; line-height: 115%; font-family: 'Arial','sans-serif';\">c)<span style=\"mso-tab-count: 1;\">\u00a0\u00a0\u00a0\u00a0\u00a0\u00a0\u00a0\u00a0 <\/span>La donataria no podr\u00e1 modificar el fin para el que fue dispuesta la donaci\u00f3n. <\/span><\/p>\n<p class=\"MsoNormal\" style=\"text-align: justify;\"><span style=\"font-size: 12.0pt; line-height: 115%; font-family: 'Arial','sans-serif';\">Estuvo presente en la sesi\u00f3n el responsable Administrativo zonal del Centro de Jubilados provinciales Paulino Moreyra quien luego de un pedido de cuarto intermedio, le coment\u00f3 a los sres. Concejales la situaci\u00f3n en la que se encuentra el centro y lo importante que ser\u00e1 esta donaci\u00f3n para ellos.<\/span><\/p>\n<p class=\"MsoNormal\" style=\"text-align: justify;\"><span style=\"font-size: 12.0pt; line-height: 115%; font-family: 'Arial','sans-serif';\">Luego el presidente somete a votaci\u00f3n y <b style=\"mso-bidi-font-weight: normal;\">es aprobado como ordenanza en primera lectura.<\/b> Se fij\u00f3 la audiencia p\u00fablica para el d\u00eda 27 de septiembre del corriente a las 19.30hs. en el JIN N\u00b0 44, donde se realizar\u00e1 la pr\u00f3xima sesi\u00f3n itinerante. <\/span><\/p>\n<p class=\"MsoNormal\" style=\"text-align: justify;\"><span style=\"font-size: 12.0pt; line-height: 115%; font-family: 'Arial','sans-serif';\">\u00a0<img loading=\"lazy\" decoding=\"async\" src=\"images\/sesion-190918-1.JPG\" alt=\"\" width=\"444\" height=\"298\" \/><\/span><\/p>\n<p class=\"MsoNormal\" style=\"text-align: justify;\"><span style=\"font-size: 12.0pt; line-height: 115%; font-family: 'Arial','sans-serif';\">Continuando con el orden del d\u00eda, se trat\u00f3 el Expte. N\u00b0 4476\/18 sobre el proyecto de Ordenanza referido a donar al Club Atl\u00e9tico Hurac\u00e1n el inmueble ubicado en Mza. N\u00b0199<span style=\"mso-spacerun: yes;\">\u00a0 <\/span>fracci\u00f3n A. El concejal Santini como miembro informante coment\u00f3 lo ambicioso y necesario de este proyecto que piensa hacer la instituci\u00f3n y solicit\u00f3 el acompa\u00f1amiento de los concejales, quienes asintieron favorablemente. El despacho dictamina la donaci\u00f3n al Club Atl\u00e9tico Hurac\u00e1n el inmueble ubicado en la manzana 199 calle Tarrag\u00f3 Ros esquina San Martin, que consta de las siguientes medidas: 101,20 mts de frente al Oeste por calle Tarrag\u00f3 Ros, 101,25 mts de contrafrentre al Este por 82,25 mts de fondo al Norte y al Sur, lo que hace una superficie de 8.325,75 m2. A su vez se impone a la presente donaci\u00f3n los siguientes cargos:<\/span><\/p>\n<p class=\"MsoNormal\" style=\"text-align: justify;\"><span style=\"font-size: 12.0pt; line-height: 115%; font-family: 'Arial','sans-serif';\">a) El inmueble donado en el art\u00edculo anterior ser\u00e1 destinado a la construcci\u00f3n de un Complejo Deportivo que incluir\u00e1 una cancha para HANDBALL y FUTBOL DE SALON, una cancha para BASQUET y VOLEYBALL, una cancha de f\u00fatbol infantil y una pileta de nataci\u00f3n.<\/span><\/p>\n<p class=\"MsoNormal\" style=\"text-align: justify;\"><span style=\"font-size: 12.0pt; line-height: 115%; font-family: 'Arial','sans-serif';\">b) En el plazo de 5 (cinco) a\u00f1os a partir de la promulgaci\u00f3n de la presente deber\u00e1 la donataria CONCLUIR la obra.<\/span><\/p>\n<p class=\"MsoNormal\" style=\"text-align: justify;\"><span style=\"font-size: 12.0pt; line-height: 115%; font-family: 'Arial','sans-serif';\">c) La donataria no podr\u00e1 modificar el fin para el que fue dispuesta la donaci\u00f3n. <\/span><\/p>\n<p class=\"MsoNormal\" style=\"text-align: justify;\"><span style=\"font-size: 12.0pt; line-height: 115%; font-family: 'Arial','sans-serif';\">El presidente someti\u00f3 a votaci\u00f3n y <b style=\"mso-bidi-font-weight: normal;\">fue aprobado como ordenanza en primera lectura<\/b> por 10 votos positivos a una abstenci\u00f3n, del concejal Isusi debido a ser parte interesada. El presidente convoc\u00f3 a la audiencia p\u00fablica para el d\u00eda 3 de octubre a las 19.30hs en el recinto de sesiones de este cuerpo.<\/span><\/p>\n<p class=\"MsoNormal\" style=\"text-align: justify;\"><span style=\"font-size: 12.0pt; line-height: 115%; font-family: 'Arial','sans-serif';\"><span style=\"mso-spacerun: yes;\">\u00a0<\/span><\/span><\/p>\n<p class=\"MsoNormal\" style=\"text-align: justify;\"><span style=\"font-size: 12.0pt; line-height: 115%; font-family: 'Arial','sans-serif';\">Luego se trat\u00f3 el Expte. N\u00b0 4478\/18 sobre la nota del Director del Inst. de Administraci\u00f3n de Empresas, solicitando se declare de inter\u00e9s municipal la V Jornada de Capacitaci\u00f3n.<span style=\"mso-spacerun: yes;\">\u00a0 <\/span>Estas se realizaran el 5 de octubre en el sal\u00f3n de actos del instituto Ntra. Sra. Del Pilar. Se someti\u00f3 a votaci\u00f3n y fue aprobado un\u00e1nimemente. <\/span><\/p>\n<p class=\"MsoNormal\" style=\"text-align: center;\" align=\"center\"><b style=\"mso-bidi-font-weight: normal;\"><span style=\"font-size: 12.0pt; line-height: 115%; font-family: 'Arial','sans-serif';\">\u00a0<\/span><\/b><\/p>\n<p class=\"MsoNormal\" style=\"text-align: center;\" align=\"center\"><b style=\"mso-bidi-font-weight: normal;\"><span style=\"font-size: 12.0pt; line-height: 115%; font-family: 'Arial','sans-serif';\">El Honorable Concejo Deliberante<\/span><\/b><\/p>\n<p class=\"MsoNormal\" style=\"text-align: center;\" align=\"center\"><b style=\"mso-bidi-font-weight: normal;\"><span style=\"font-size: 12.0pt; line-height: 115%; font-family: 'Arial','sans-serif';\">De Curuz\u00fa Cuati\u00e1<\/span><\/b><\/p>\n<p class=\"MsoNormal\" style=\"text-align: center;\" align=\"center\"><b style=\"mso-bidi-font-weight: normal;\"><span style=\"font-size: 12.0pt; line-height: 115%; font-family: 'Arial','sans-serif';\">Declara<\/span><\/b><\/p>\n<p class=\"MsoNormal\" style=\"text-align: justify;\"><span style=\"font-size: 12.0pt; line-height: 115%; font-family: 'Arial','sans-serif';\">Art. 1\u00b0.- DECLARAR de Inter\u00e9s Municipal la V Jornada de Capacitaci\u00f3n de Administraci\u00f3n de Empresas, organizada por el Instituto Administraci\u00f3n de Empresas. Dicha jornada se llevar\u00e1 a cabo el d\u00eda 5 de octubre del corriente a\u00f1o, en el sal\u00f3n de Actos del Colegio \u201cNuestra Sra. Del Pilar\u201d.<\/span><\/p>\n<p class=\"MsoNormal\" style=\"text-align: justify;\"><span style=\"font-size: 12.0pt; line-height: 115%; font-family: 'Arial','sans-serif';\">\u00a0<\/span><\/p>\n<p class=\"MsoNormal\" style=\"text-align: justify;\"><span style=\"font-size: 12.0pt; line-height: 115%; font-family: 'Arial','sans-serif';\">Art. 2\u00b0.- Enviar copia al Director del instituto de Administraci\u00f3n de Empresas, Jorge Horna.<\/span><\/p>\n<p class=\"MsoNormal\" style=\"text-align: justify;\"><span style=\"font-size: 12.0pt; line-height: 115%; font-family: 'Arial','sans-serif';\">Art. 3\u00b0 De forma.<\/span><\/p>\n<p class=\"MsoNormal\" style=\"text-align: justify;\"><span style=\"font-size: 12.0pt; line-height: 115%; font-family: 'Arial','sans-serif';\">\u00a0<\/span><\/p>\n<p class=\"MsoNormal\" style=\"text-align: justify;\"><span style=\"font-size: 12.0pt; line-height: 115%; font-family: 'Arial','sans-serif';\">Luego se trat\u00f3 el despacho de la comisi\u00f3n de presupuesto:<\/span><\/p>\n<p class=\"MsoNormal\" style=\"text-align: justify;\"><span style=\"font-size: 12.0pt; line-height: 115%; font-family: 'Arial','sans-serif';\">Expte. N\u00b0 4471\/18 Res. Del DEM Otorgar ayuda econ\u00f3mica a la MTB Curuz\u00fa. El concejal Paez coment\u00f3 que se analiz\u00f3 en la comisi\u00f3n y al no haber objeci\u00f3n se pidi\u00f3 el pase a archivo del expediente. Fue aprobado de manera un\u00e1nime.<\/span><\/p>\n<p class=\"MsoNormal\" style=\"text-align: justify;\"><span style=\"font-size: 12.0pt; line-height: 115%; font-family: 'Arial','sans-serif';\">\u00a0<img loading=\"lazy\" decoding=\"async\" src=\"images\/sesion-190918-3.JPG\" alt=\"\" width=\"448\" height=\"301\" \/><\/span><\/p>\n<p class=\"MsoNormal\" style=\"text-align: justify;\"><span style=\"font-size: 12.0pt; line-height: 115%; font-family: 'Arial','sans-serif';\">Continuando con los despachos se trat\u00f3 el de la comisi\u00f3n de control y gesti\u00f3n, el Expte. N\u00b0 4483\/18 referido a la nota de auditor\u00eda municipal, solicitando pr\u00f3rroga para la presentaci\u00f3n de informe. La concejal Quiroz coment\u00f3 que se analiz\u00f3 en comisi\u00f3n y se decidi\u00f3 darle 20 d\u00edas h\u00e1biles, el presidente someti\u00f3 a votaci\u00f3n y esta fue aprobada como resoluci\u00f3n.<\/span><\/p>\n<p class=\"MsoNormal\" style=\"text-align: center;\" align=\"center\"><b style=\"mso-bidi-font-weight: normal;\"><span style=\"font-size: 12.0pt; line-height: 115%; font-family: 'Arial','sans-serif';\">\u00a0<\/span><\/b><\/p>\n<p class=\"MsoNormal\" style=\"text-align: center;\" align=\"center\"><b style=\"mso-bidi-font-weight: normal;\"><span style=\"font-size: 12.0pt; line-height: 115%; font-family: 'Arial','sans-serif';\">El Honorable Concejo Deliberante<\/span><\/b><\/p>\n<p class=\"MsoNormal\" style=\"text-align: center;\" align=\"center\"><b style=\"mso-bidi-font-weight: normal;\"><span style=\"font-size: 12.0pt; line-height: 115%; font-family: 'Arial','sans-serif';\">De Curuz\u00fa Cuati\u00e1<\/span><\/b><\/p>\n<p class=\"MsoNormal\" style=\"text-align: center;\" align=\"center\"><b style=\"mso-bidi-font-weight: normal;\"><span style=\"font-size: 12.0pt; line-height: 115%; font-family: 'Arial','sans-serif';\">Resuelve<\/span><\/b><\/p>\n<p class=\"MsoNormal\" style=\"text-align: justify;\"><span style=\"font-size: 12.0pt; line-height: 115%; font-family: 'Arial','sans-serif';\">Art. 1.- PRORROGAR por el t\u00e9rmino de 20 d\u00edas h\u00e1biles a partir de la aprobaci\u00f3n de la presente el plazo para la presentaci\u00f3n del informe de auditor\u00eda del cuarto trimestre 2016.<\/span><\/p>\n<p class=\"MsoNormal\" style=\"text-align: justify;\"><span style=\"font-size: 12.0pt; line-height: 115%; font-family: 'Arial','sans-serif';\">Art. 2.- De forma.<\/span><\/p>\n<p class=\"MsoNormal\" style=\"text-align: justify;\"><span style=\"font-size: 12.0pt; line-height: 115%; font-family: 'Arial','sans-serif';\">\u00a0<\/span><\/p>\n<p class=\"MsoNormal\" style=\"text-align: justify;\"><span style=\"font-size: 12.0pt; line-height: 115%; font-family: 'Arial','sans-serif';\">Continuando con el orden del d\u00eda, se trat\u00f3 el tercer punto referido a proyectos ingresados, de ordenanza del bloque PJ, referido a roturas en pavimento para la reparaci\u00f3n de ca\u00f1er\u00edas, pas\u00f3 a comisi\u00f3n de Obras<\/span><\/p>\n<p class=\"MsoNormal\" style=\"text-align: justify;\"><span style=\"font-size: 12.0pt; line-height: 115%; font-family: 'Arial','sans-serif';\">De resoluci\u00f3n de Interbloques, de fijar la realizaci\u00f3n de la pr\u00f3xima sesi\u00f3n fuera del recinto del HCD. La concejal Marchi solicit\u00f3 la lectura y pidi\u00f3 su tratamiento sobre tablas el que fue aprobado. El presidente someti\u00f3 a votaci\u00f3n y fue aprobada la resoluci\u00f3n quedando redactada de la siguiente manera:<\/span><\/p>\n<p class=\"MsoNormal\" style=\"text-align: center;\" align=\"center\"><b style=\"mso-bidi-font-weight: normal;\"><span style=\"font-size: 12.0pt; line-height: 115%; font-family: 'Arial','sans-serif';\">\u00a0<\/span><\/b><\/p>\n<p class=\"MsoNormal\" style=\"text-align: center;\" align=\"center\"><b style=\"mso-bidi-font-weight: normal;\"><span style=\"font-size: 12.0pt; line-height: 115%; font-family: 'Arial','sans-serif';\">El Honorable Concejo Deliberante<\/span><\/b><\/p>\n<p class=\"MsoNormal\" style=\"text-align: center;\" align=\"center\"><b style=\"mso-bidi-font-weight: normal;\"><span style=\"font-size: 12.0pt; line-height: 115%; font-family: 'Arial','sans-serif';\">de Curuz\u00fa Cuati\u00e1<\/span><\/b><\/p>\n<p class=\"MsoNormal\" style=\"text-align: center;\" align=\"center\"><b style=\"mso-bidi-font-weight: normal;\"><span style=\"font-size: 12.0pt; line-height: 115%; font-family: 'Arial','sans-serif';\">Resuelve<\/span><\/b><\/p>\n<p class=\"MsoNormal\" style=\"text-align: justify;\"><span style=\"font-size: 12.0pt; line-height: 115%; font-family: 'Arial','sans-serif';\">Art.1\u00ba.- FIJAR la realizaci\u00f3n de la Sesi\u00f3n Ordinaria fuera del recinto, para el d\u00eda 27 de septiembre de 2018 a las 20hs. en el JIN N\u00b0 44 ubicado en calles Paraguay y Ecuador del Barrio<span style=\"mso-spacerun: yes;\">\u00a0 <\/span>Intendente Eugenio Grela.<\/span><\/p>\n<p class=\"MsoNormal\" style=\"text-align: justify;\"><span style=\"font-size: 12.0pt; line-height: 115%; font-family: 'Arial','sans-serif';\">Art.2\u00ba.- De forma.-<\/span><\/p>\n<p class=\"MsoNormal\" style=\"text-align: justify;\"><span style=\"font-size: 12.0pt; line-height: 115%; font-family: 'Arial','sans-serif';\">\u00a0<\/span><\/p>\n<p class=\"MsoNormal\" style=\"text-align: justify;\"><span style=\"font-size: 12.0pt; line-height: 115%; font-family: 'Arial','sans-serif';\">Continuando con el orden del d\u00eda, se trat\u00f3 el cuarto punto el de notas oficiales, primeramente del DEM, invitando al acto inaugural de la Feria del Libro. <\/span><\/p>\n<p class=\"MsoNormal\" style=\"text-align: justify;\"><span style=\"font-size: 12.0pt; line-height: 115%; font-family: 'Arial','sans-serif';\">Del Juzgado de Faltas, presentando informe de caja y planilla de infractores, agosto 2018, qued\u00f3 en secretar\u00eda para el conocimiento de los sres. concejales.<\/span><\/p>\n<p class=\"MsoNormal\" style=\"text-align: justify;\"><span style=\"font-size: 12.0pt; line-height: 115%; font-family: 'Arial','sans-serif';\">Del Director de la Escuela N\u00b0564 Domingo F. Sarmiento invitando al Acto por el Cent\u00e9simo Aniversario de su creaci\u00f3n, para el d\u00eda 26 de septiembre a las 19hs. en el sal\u00f3n multiusos de la instituci\u00f3n.<\/span><\/p>\n<p class=\"MsoNormal\" style=\"text-align: justify;\"><span style=\"font-size: 12.0pt; line-height: 115%; font-family: 'Arial','sans-serif';\">\u00a0<\/span><\/p>\n<p class=\"MsoNormal\" style=\"text-align: justify;\"><span style=\"font-size: 12.0pt; line-height: 115%; font-family: 'Arial','sans-serif';\">El quinto punto tratado fue el de notas privadas, del Colegio P\u00fablico de Martilleros y Corredores de la provincia de Ctes., adjuntando proyecto de Ordenanza, pas\u00f3 a comisi\u00f3n de Gobierno.<\/span><\/p>\n<p class=\"MsoNormal\" style=\"text-align: justify;\"><span style=\"font-size: 12.0pt; line-height: 115%; font-family: 'Arial','sans-serif';\">Del Sr. Juan Jos\u00e9 Olano solicitando autorizaci\u00f3n para estacionamiento, pas\u00f3 a comisi\u00f3n de Gobierno.<\/span><\/p>\n<p class=\"MsoNormal\" style=\"text-align: justify;\"><span style=\"font-size: 12.0pt; line-height: 115%; font-family: 'Arial','sans-serif';\">Del Presidente da la comisi\u00f3n barrial, del barrio 150 viviendas \u201cVictoria\u201d agradeciendo gestiones realizadas.<\/span><\/p>\n<p class=\"MsoNormal\" style=\"text-align: justify;\"><span style=\"font-size: 12.0pt; line-height: 115%; font-family: 'Arial','sans-serif';\">Nota de trabajadores, comerciantes, familiares relacionados con la actividad de venta minorista de fuegos artificiales (pirotecnia), pas\u00f3 a comisi\u00f3n de Gobierno.<\/span><\/p>\n<p class=\"MsoNormal\" style=\"text-align: justify;\"><span style=\"font-size: 12.0pt; line-height: 115%; font-family: 'Arial','sans-serif';\">\u00a0<img loading=\"lazy\" decoding=\"async\" src=\"images\/sesion-190918-4.JPG\" alt=\"\" width=\"446\" height=\"299\" \/><\/span><\/p>\n<p class=\"MsoNormal\" style=\"text-align: justify;\"><span style=\"font-size: 12.0pt; line-height: 115%; font-family: 'Arial','sans-serif';\">Luego se trat\u00f3 el sexto punto referido a Resoluciones del DEM:<\/span><\/p>\n<p class=\"MsoNormal\" style=\"text-align: justify;\"><span style=\"font-size: 12.0pt; line-height: 115%; font-family: 'Arial','sans-serif';\">N\u00b0 395 Otorgar ayuda econ\u00f3mica al Club Sportivo San Lorenzo.<\/span><\/p>\n<p class=\"MsoNormal\" style=\"text-align: justify;\"><span style=\"font-size: 12.0pt; line-height: 115%; font-family: 'Arial','sans-serif';\">N\u00b0 396 Fijar la remuneraci\u00f3n m\u00e1xima del Escalaf\u00f3n municipal. Ad Referendum HCD, pas\u00f3 a comisi\u00f3n de Presupuesto.<\/span><\/p>\n<p class=\"MsoNormal\" style=\"text-align: justify;\"><span style=\"font-size: 12.0pt; line-height: 115%; font-family: 'Arial','sans-serif';\">N\u00b0 397 Aumentar el valor de la Asignaci\u00f3n por Hijo. Ad Referendum HCD, pas\u00f3 a comisi\u00f3n de Presupuesto.<\/span><\/p>\n<p class=\"MsoNormal\" style=\"text-align: justify;\"><span style=\"font-size: 12.0pt; line-height: 115%; font-family: 'Arial','sans-serif';\">N\u00b0 398 Otorgar ayuda econ\u00f3mica al Sr. Dami\u00e1n Rojas.<\/span><\/p>\n<p class=\"MsoNormal\" style=\"text-align: justify;\"><span style=\"font-size: 12.0pt; line-height: 115%; font-family: 'Arial','sans-serif';\">N\u00b0399 Otorgar ayuda econ\u00f3mica al Centro de Jubilados y Pensionados Nacionales.<\/span><\/p>\n<p class=\"MsoNormal\" style=\"text-align: justify;\"><span style=\"font-size: 12.0pt; line-height: 115%; font-family: 'Arial','sans-serif';\">N\u00b0 400 Otorgar ayuda econ\u00f3mica a la Escuela N\u00b0 567 Paso de las Piedras.<\/span><\/p>\n<p class=\"MsoNormal\" style=\"text-align: justify;\"><span style=\"font-size: 12.0pt; line-height: 115%; font-family: 'Arial','sans-serif';\">N\u00b0401 Otorgar ayuda econ\u00f3mica a la Asociaci\u00f3n Cultural y Art\u00edstica Curuzucuatiense-Biblioteca Popular Rivadavia (ACYAC- BPR).<\/span><\/p>\n<p class=\"MsoNormal\" style=\"text-align: justify;\"><span style=\"font-size: 12.0pt; line-height: 115%; font-family: 'Arial','sans-serif';\">N\u00b0 402 Fijar la fecha para la realizaci\u00f3n de los carnavales curuzucuate\u00f1os 2019<\/span><\/p>\n<p class=\"MsoNormal\" style=\"text-align: justify;\"><span style=\"font-size: 12.0pt; line-height: 115%; font-family: 'Arial','sans-serif';\">N\u00b0 403Rescindir por incumplimiento los Convenios de Pago en Cuotas Tributarias Municipales <\/span><\/p>\n<p class=\"MsoNormal\" style=\"text-align: justify;\"><span style=\"font-size: 12.0pt; line-height: 115%; font-family: 'Arial','sans-serif';\">N\u00b0404 Aceptar la propuesta efectuada por el agente municipal Hern\u00e1n Ocampo.<\/span><\/p>\n<p class=\"MsoNormal\" style=\"text-align: justify;\"><span style=\"font-size: 12.0pt; line-height: 115%; font-family: 'Arial','sans-serif';\">N\u00b0 405 Alquilar<span style=\"mso-spacerun: yes;\">\u00a0 <\/span>a la empresa GEC S.A. maquinarias, pas\u00f3 a comisi\u00f3n de Presupuesto.<\/span><\/p>\n<p class=\"MsoNormal\" style=\"text-align: justify;\"><span style=\"font-size: 12.0pt; line-height: 115%; font-family: 'Arial','sans-serif';\">N\u00b0 406 Autorizar la pintura de la terminal de \u00f3mnibus, pas\u00f3 a comisi\u00f3n de Presupuesto.<\/span><\/p>\n<p class=\"MsoNormal\" style=\"text-align: justify;\"><span style=\"font-size: 12.0pt; line-height: 115%; font-family: 'Arial','sans-serif';\">N\u00b0 407Autorizar la compra de Asfalto en fr\u00edo para mejoras en el casco c\u00e9ntrico, pas\u00f3 a comisi\u00f3n de Presupuesto.<\/span><\/p>\n<p class=\"MsoNormal\" style=\"text-align: justify;\"><span style=\"font-size: 12.0pt; line-height: 115%; font-family: 'Arial','sans-serif';\">N\u00b0 408 Otorgar ayuda econ\u00f3mica al Sr. Mario Alberto Ben\u00edtez<\/span><\/p>\n<p class=\"MsoNormal\" style=\"text-align: justify;\"><span style=\"font-size: 12.0pt; line-height: 115%; font-family: 'Arial','sans-serif';\">N\u00b0 409 Promulgar y publicar la ordenanza N\u00b03131.<\/span><\/p>\n<p class=\"MsoNormal\" style=\"text-align: justify;\"><span style=\"font-size: 12.0pt; line-height: 115%; font-family: 'Arial','sans-serif';\">N\u00b0 410 Promulgar y publicar la ordenanza N\u00b03132.<\/span><\/p>\n<p class=\"MsoNormal\" style=\"text-align: justify;\"><span style=\"font-size: 12.0pt; line-height: 115%; font-family: 'Arial','sans-serif';\">N\u00b0 411 Promulgar y publicar la ordenanza N\u00b03133.<\/span><\/p>\n<p class=\"MsoNormal\" style=\"text-align: justify;\"><span style=\"font-size: 12.0pt; line-height: 115%; font-family: 'Arial','sans-serif';\">N\u00b0 412 Promulgar y publicar la ordenanza N\u00b03134.<\/span><\/p>\n<p class=\"MsoNormal\" style=\"text-align: justify;\"><span style=\"font-size: 12.0pt; line-height: 115%; font-family: 'Arial','sans-serif';\">N\u00b0 413 Promulgar y publicar la ordenanza N\u00b03135.<\/span><\/p>\n<p class=\"MsoNormal\" style=\"text-align: justify;\"><span style=\"font-size: 12.0pt; line-height: 115%; font-family: 'Arial','sans-serif';\">Para finalizar el presidente, Roberto Fern\u00e1ndez, convoc\u00f3 a los Sres. concejales para el d\u00eda jueves 27 de septiembre del corriente a la audiencia p\u00fablica 19.30hs y a las 20hs. a la sesi\u00f3n ordinaria en el JIN N\u00b0 44 ubicado en calles Paraguay y Ecuador del Barrio<span style=\"mso-spacerun: yes;\">\u00a0 <\/span>Intendente Eugenio Grela.<\/span><\/p>\n","protected":false},"excerpt":{"rendered":"<p class=\"MsoNormal\" style=\"text-align: justify;\"><span style=\"font-size: 12.0pt; line-height: 115%; font-family: 'Arial','sans-serif';\"><img decoding=\"async\" src=\"images\/sesion-190918-2.JPG\" alt=\"\" \/><\/span><\/p>\n<p class=\"MsoNormal\" style=\"text-align: justify;\"><span style=\"font-size: 12.0pt; line-height: 115%; font-family: 'Arial','sans-serif';\">Desde las 20hs. del mi\u00e9rcoles 19 de septiembre de 2018, el presidente del cuerpo Roberto Fern\u00e1ndez y la secretaria Dra. Mar\u00eda Cristina Mar\u00edn, con la presencia de todos los concejales,<span style=\"mso-spacerun: yes;\">\u00a0 <\/span>dieron inicio a la sesi\u00f3n n\u00famero 1478.<span style=\"mso-spacerun: yes;\">\u00a0 <\/span>El presidente someti\u00f3 a votaci\u00f3n el orden del d\u00eda el que fue aprobado un\u00e1nimemente.<\/span><\/p>\n","protected":false},"author":1,"featured_media":610,"comment_status":"open","ping_status":"open","sticky":false,"template":"","format":"standard","meta":{"footnotes":""},"categories":[3],"tags":[],"class_list":["post-611","post","type-post","status-publish","format-standard","has-post-thumbnail","hentry","category-uncategorised"],"brizy_media":[],"_links":{"self":[{"href":"https:\/\/concejocuruzucuatia.gob.ar\/wp\/wp-json\/wp\/v2\/posts\/611","targetHints":{"allow":["GET"]}}],"collection":[{"href":"https:\/\/concejocuruzucuatia.gob.ar\/wp\/wp-json\/wp\/v2\/posts"}],"about":[{"href":"https:\/\/concejocuruzucuatia.gob.ar\/wp\/wp-json\/wp\/v2\/types\/post"}],"author":[{"embeddable":true,"href":"https:\/\/concejocuruzucuatia.gob.ar\/wp\/wp-json\/wp\/v2\/users\/1"}],"replies":[{"embeddable":true,"href":"https:\/\/concejocuruzucuatia.gob.ar\/wp\/wp-json\/wp\/v2\/comments?post=611"}],"version-history":[{"count":0,"href":"https:\/\/concejocuruzucuatia.gob.ar\/wp\/wp-json\/wp\/v2\/posts\/611\/revisions"}],"wp:featuredmedia":[{"embeddable":true,"href":"https:\/\/concejocuruzucuatia.gob.ar\/wp\/wp-json\/wp\/v2\/media\/610"}],"wp:attachment":[{"href":"https:\/\/concejocuruzucuatia.gob.ar\/wp\/wp-json\/wp\/v2\/media?parent=611"}],"wp:term":[{"taxonomy":"category","embeddable":true,"href":"https:\/\/concejocuruzucuatia.gob.ar\/wp\/wp-json\/wp\/v2\/categories?post=611"},{"taxonomy":"post_tag","embeddable":true,"href":"https:\/\/concejocuruzucuatia.gob.ar\/wp\/wp-json\/wp\/v2\/tags?post=611"}],"curies":[{"name":"wp","href":"https:\/\/api.w.org\/{rel}","templated":true}]}}