{"id":601,"date":"2018-08-10T12:00:43","date_gmt":"2018-08-10T12:00:43","guid":{"rendered":"https:\/\/concejocuruzucuatia.gob.ar\/wp\/2018\/08\/10\/informe-de-prensa-hcd-sesion-8-de-agosto-de-2018\/"},"modified":"2018-08-10T12:00:43","modified_gmt":"2018-08-10T12:00:43","slug":"informe-de-prensa-hcd-sesion-8-de-agosto-de-2018","status":"publish","type":"post","link":"https:\/\/concejocuruzucuatia.gob.ar\/wp\/2018\/08\/10\/informe-de-prensa-hcd-sesion-8-de-agosto-de-2018\/","title":{"rendered":"Informe de Prensa HCD \/ Sesi\u00f3n 8 de agosto de 2018"},"content":{"rendered":"<div>\n<div id=\"x6fdedd73aa35416897d623837f72ff8c\"><span style=\"font-size: 12.0pt; line-height: 115%; font-family: 'Arial','sans-serif';\"><img loading=\"lazy\" decoding=\"async\" src=\"images\/sesion-080818-3.jpg\" alt=\"\" width=\"937\" height=\"527\" \/>A las 20hs. del mi\u00e9rcoles 8 de agosto de 2018, el presidente del cuerpo, el concejal Roberto Fern\u00e1ndez y la secretaria Dra. Mar\u00eda Cristina Mar\u00edn, dieron inicio a la sesi\u00f3n n\u00famero 1472, con la ausencia justificada de la concejal Mar\u00eda Torres. El presidente someti\u00f3 a votaci\u00f3n el orden del d\u00eda el que fue aprobado un\u00e1nimemente.<\/span><\/p>\n<p class=\"MsoNormal\" style=\"text-align: justify;\"><span style=\"font-size: 12.0pt; line-height: 115%; font-family: 'Arial','sans-serif';\">A continuaci\u00f3n se trat\u00f3 el primer punto referido a la lectura y consideraci\u00f3n del acta N\u00b0 1471, la que se aprob\u00f3.<\/span><\/p>\n<p class=\"MsoNormal\" style=\"text-align: justify;\"><span style=\"font-size: 12.0pt; line-height: 115%; font-family: 'Arial','sans-serif';\">El segundo punto tratado, fue el de los despachos, primeramente de la comisi\u00f3n de Gobierno el expte. N\u00b0 4436\/18 referido a la nota del Presidente del Aeroclub, el concejal Santini solicit\u00f3 la palabra y coment\u00f3 que este expediente pase a archivo ya que el tema referido en la nota fue atendido por el ejecutivo.<\/span><\/p>\n<p class=\"MsoNormal\" style=\"text-align: justify;\">\u00a0<\/p>\n<p class=\"MsoNormal\" style=\"text-align: justify;\">\u00a0<\/p>\n<p class=\"MsoNormal\" style=\"text-align: justify;\"><span style=\"font-size: 12.0pt; line-height: 115%; font-family: 'Arial','sans-serif';\">Luego se trat\u00f3 el expte. N\u00b0 4440\/18 sobre la nota del Defensor del Pueblo de la Provincia de Corrientes, en la que solicita se realice un estudio de impacto ambiental como condici\u00f3n previa para la instalaci\u00f3n de soporte de antenas, torres para antenas y\/o todo tipo de antenas en el ejido municipal, y a los efectos de emitir el correspondiente dictamen, la comisi\u00f3n solicit\u00f3 que por presidencia se requiera informes al se\u00f1or Defensor del Pueblo sobre el organismo que pueda efectuar o realizar dicho estudio de impacto ambiental, lo que fue sometido a votaci\u00f3n y aprobado un\u00e1nimemente.\u00a0\u00a0\u00a0 <\/span><\/p>\n<p class=\"MsoNormal\" style=\"text-align: justify;\"><span style=\"font-size: 12.0pt; line-height: 115%; font-family: 'Arial','sans-serif';\"><img loading=\"lazy\" decoding=\"async\" src=\"images\/sesion-080818-1.jpg\" alt=\"\" width=\"386\" height=\"217\" \/><\/span><\/p>\n<p class=\"MsoNormal\" style=\"text-align: justify;\">\u00a0<\/p>\n<p class=\"MsoNormal\" style=\"text-align: justify;\"><span style=\"font-size: 12.0pt; line-height: 115%; font-family: 'Arial','sans-serif';\">Seguidamente se trat\u00f3 el expte. N\u00b0 4441\/18 sobre la nota de los P\u00e1rrocos del Pilar, San Cayetano y Don Bosco sobre la Misi\u00f3n Diocesana 2018 a realizarse en nuestra ciudad. El concejal Santini coment\u00f3 lo importante de este evento y pidi\u00f3 el acompa\u00f1amiento para declararlo de inter\u00e9s municipal. Se pone a consideraci\u00f3n y es aprobado quedando redactado de la siguiente manera:<\/span><\/p>\n<p class=\"MsoNormal\" style=\"text-align: justify;\">\u00a0<\/p>\n<p class=\"MsoNormal\" style=\"text-align: center;\" align=\"center\"><b><span style=\"font-size: 12.0pt; line-height: 115%; font-family: 'Arial','sans-serif';\">El Honorable Concejo Deliberante<\/span><\/b><\/p>\n<p class=\"MsoNormal\" style=\"text-align: center;\" align=\"center\"><b><span style=\"font-size: 12.0pt; line-height: 115%; font-family: 'Arial','sans-serif';\">De Curuz\u00fa Cuati\u00e1<\/span><\/b><\/p>\n<p class=\"MsoNormal\" style=\"text-align: center;\" align=\"center\"><b><span style=\"font-size: 12.0pt; line-height: 115%; font-family: 'Arial','sans-serif';\">Declara<\/span><\/b><\/p>\n<p class=\"MsoNormal\" style=\"text-align: justify;\"><span style=\"font-size: 12.0pt; line-height: 115%; font-family: 'Arial','sans-serif';\">Art. 1\u00b0 Declarar de inter\u00e9s municipal la misi\u00f3n diocesana 2018 bajo el lema \u201cServir con alegr\u00eda, nos conduce a la santidad\u201d a realizarse entre los d\u00edas 26 y 27 de octubre que contar\u00e1 con familia diocesana de la ciudad de Goya y hermanos de otros seis departamentos de la di\u00f3cesis, que estar\u00e1n llevando el mensaje del evangelio de la alegr\u00eda por los barrios de nuestra ciudad.<\/span><\/p>\n<p class=\"MsoNormal\" style=\"text-align: justify;\"><span style=\"font-size: 12.0pt; line-height: 115%; font-family: 'Arial','sans-serif';\">Art. 2\u00b0 Enviar copia a los organizadores de dicho evento.<\/span><\/p>\n<p class=\"MsoNormal\" style=\"text-align: justify;\"><span style=\"font-size: 12.0pt; line-height: 115%; font-family: 'Arial','sans-serif';\">Art. 3\u00b0 De forma. <\/span><\/p>\n<p class=\"MsoNormal\" style=\"text-align: justify;\">\u00a0<\/p>\n<p class=\"MsoNormal\" style=\"text-align: justify;\"><span style=\"font-size: 12.0pt; line-height: 115%; font-family: 'Arial','sans-serif';\">A continuaci\u00f3n se trat\u00f3 el expte. N\u00b0 4442\/18 sobre la nota del Presidente de Mountain Bike Curuz\u00fa solicitando la declaraci\u00f3n de inter\u00e9s municipal a la7ma fecha del Campeonato Correntino de Mountan Bike. El concejal Santini coment\u00f3 sobre esta actividad deportiva que est\u00e1 creciendo en nuestra ciudad y que apoyarlos con esta declaraci\u00f3n los ayudar\u00eda m\u00e1s en el crecimiento de la misma. El presidente somete a votaci\u00f3n el proyecto el que fue aprobado.<\/span><\/p>\n<p class=\"MsoNormal\" style=\"text-align: center;\" align=\"center\"><b><span style=\"font-size: 12.0pt; line-height: 115%; font-family: 'Arial','sans-serif';\">El Honorable Concejo Deliberante<\/span><\/b><\/p>\n<p class=\"MsoNormal\" style=\"text-align: center;\" align=\"center\"><b><span style=\"font-size: 12.0pt; line-height: 115%; font-family: 'Arial','sans-serif';\">De Curuz\u00fa Cuati\u00e1<\/span><\/b><\/p>\n<p class=\"MsoNormal\" style=\"text-align: center;\" align=\"center\"><b><span style=\"font-size: 12.0pt; line-height: 115%; font-family: 'Arial','sans-serif';\">Declara<\/span><\/b><\/p>\n<p class=\"MsoNormal\" style=\"text-align: justify;\"><span style=\"font-size: 12.0pt; line-height: 115%; font-family: 'Arial','sans-serif';\">Art. 1\u00b0 Declarar de inter\u00e9s municipal la s\u00e9ptima fecha del campeonato correntino de Mountan Bike a realizarse el d\u00eda 16 de septiembre del corriente a\u00f1o en las instalaciones de la Sociedad Rural de nuestra ciudad.<\/span><\/p>\n<p class=\"MsoNormal\" style=\"text-align: justify;\"><span style=\"font-size: 12.0pt; line-height: 115%; font-family: 'Arial','sans-serif';\">Art. 2\u00b0 Enviar copia a los organizadores de dicho evento.<\/span><\/p>\n<p class=\"MsoNormal\" style=\"text-align: justify;\"><span style=\"font-size: 12.0pt; line-height: 115%; font-family: 'Arial','sans-serif';\">Art. 3\u00b0 De forma. <\/span><\/p>\n<p class=\"MsoNormal\" style=\"text-align: justify;\"><span style=\"font-size: 12.0pt; line-height: 115%; font-family: 'Arial','sans-serif';\">\u00a0<\/span><\/p>\n<p class=\"MsoNormal\" style=\"text-align: justify;\"><span style=\"font-size: 12.0pt; line-height: 115%; font-family: 'Arial','sans-serif';\">Luego se trat\u00f3 el despacho de la comisi\u00f3<\/span><\/p>\n<p class=\"MsoNormal\" style=\"text-align: justify;\">\u00a0<\/p>\n<p class=\"MsoNormal\" style=\"text-align: justify;\"><span style=\"font-size: 12.0pt; line-height: 115%; font-family: 'Arial','sans-serif';\">n de obras p\u00fablicas, el expte. N\u00b0 4439\/18. Referido al proyecto de Resoluci\u00f3n sobre la solicitud de colocaci\u00f3n de tubos de cemento en el Barrio Santa Rosa. El concejal Preisz y los concejales Balceda e Isusi se refirieron a la necesidad de instalar estos tubos en Vicente L\u00f3pez y Castelli para que mejore la circulaci\u00f3n en el lugar. El presidente somete a votaci\u00f3n el proyecto el que se aprueba favorablemente.<\/span><\/p>\n<p class=\"MsoNormal\" style=\"text-align: center;\" align=\"center\"><b><span style=\"font-size: 12.0pt; line-height: 115%; font-family: 'Arial','sans-serif';\">El Honorable Concejo Deliberante<\/span><\/b><\/p>\n<p class=\"MsoNormal\" style=\"text-align: center;\" align=\"center\"><b><span style=\"font-size: 12.0pt; line-height: 115%; font-family: 'Arial','sans-serif';\">De Curuz\u00fa Cuati\u00e1<\/span><\/b><\/p>\n<p class=\"MsoNormal\" style=\"text-align: center;\" align=\"center\"><b><span style=\"font-size: 12.0pt; line-height: 115%; font-family: 'Arial','sans-serif';\">Resuelve<\/span><\/b><\/p>\n<p class=\"MsoNormal\" style=\"text-align: justify;\"><span style=\"font-size: 12.0pt; line-height: 115%; font-family: 'Arial','sans-serif';\">Art. 1\u00b0 Solicitar al Departamento Ejecutivo a trav\u00e9s del \u00e1rea que corresponda la colocaci\u00f3n de tubos de cemento para permitir el mejoramiento y libre circulaci\u00f3n de veh\u00edculos en calle Vicente L\u00f3pez\u00a0 y Castelli, en el barrio Santa Rosa.<\/span><\/p>\n<p class=\"MsoNormal\" style=\"text-align: justify;\"><span style=\"font-size: 12.0pt; line-height: 115%; font-family: 'Arial','sans-serif';\">Art. 2\u00b0 De forma. <\/span><\/p>\n<p class=\"MsoNormal\" style=\"text-align: justify;\"><span style=\"font-size: 12.0pt; line-height: 115%; font-family: 'Arial','sans-serif';\">\u00a0<\/span><\/p>\n<p class=\"MsoNormal\" style=\"text-align: justify;\">\u00a0<\/p>\n<p class=\"MsoNormal\" style=\"text-align: justify;\"><span style=\"font-size: 12.0pt; line-height: 115%; font-family: 'Arial','sans-serif';\">El tercer punto tratado fue el de proyectos ingresados, de resoluci\u00f3n del Bloque ELI de solicitar al DEM la colocaci\u00f3n de carteles informativos de precauci\u00f3n y velocidad m\u00e1xima en calle del Barrio Las Palmas, pas\u00f3 a comisi\u00f3n de Obras.<\/span><\/p>\n<p class=\"MsoNormal\" style=\"text-align: justify;\"><span style=\"font-size: 12.0pt; line-height: 115%; font-family: 'Arial','sans-serif';\"><img loading=\"lazy\" decoding=\"async\" src=\"images\/sesion-080818-2.jpg\" alt=\"\" width=\"384\" height=\"216\" \/><\/span><\/p>\n<p class=\"MsoNormal\" style=\"text-align: justify;\"><span style=\"font-size: 12.0pt; line-height: 115%; font-family: 'Arial','sans-serif';\">Luego se trataron proyectos de declaraci\u00f3n de Interbloques referido a declarar de inter\u00e9s Municipal el Cent\u00e9simo Aniversario del Hospital Dr. Fernando Irastorza, pas\u00f3 a comisi\u00f3n de Gobierno.<\/span><\/p>\n<p class=\"MsoNormal\" style=\"text-align: justify;\"><span style=\"font-size: 12.0pt; line-height: 115%; font-family: 'Arial','sans-serif';\">De declarar de inter\u00e9s Municipal la IV Jornadas de Diagn\u00f3stico por Im\u00e1genes, organizado por el Instituto Madre Teresa de Calcuta. El presidente mocion\u00f3 por su tratamiento sobre tablas ya que se realizar\u00e1 los d\u00edas10 y 11 pr\u00f3ximos, el tratamiento fue aprobado y sometido a votaci\u00f3n qued\u00f3 declarado de inter\u00e9s municipal.<\/span><\/p>\n<p class=\"MsoNormal\" style=\"text-align: center;\" align=\"center\"><b><span style=\"font-size: 12.0pt; line-height: 115%; font-family: 'Arial','sans-serif';\">El Honorable Concejo Deliberante<\/span><\/b><\/p>\n<p class=\"MsoNormal\" style=\"text-align: center;\" align=\"center\"><b><span style=\"font-size: 12.0pt; line-height: 115%; font-family: 'Arial','sans-serif';\">De Curuz\u00fa Cuati\u00e1<\/span><\/b><\/p>\n<p class=\"MsoNormal\" style=\"text-align: center;\" align=\"center\"><b><span style=\"font-size: 12.0pt; line-height: 115%; font-family: 'Arial','sans-serif';\">Declara<\/span><\/b><\/p>\n<p class=\"MsoNormal\" style=\"text-align: justify;\"><span style=\"font-size: 12.0pt; line-height: 115%; font-family: 'Arial','sans-serif';\">Art. 1\u00b0 Declarar de inter\u00e9s municipal la IV Jornada Internacional en Diagn\u00f3stico por im\u00e1genes organizado por el Instituto Superior Madre Teresa de Calcuta a llevarse a cabo los d\u00edas viernes 10 y s\u00e1bado 11 de agosto, en la Casa del Bicentenario.<\/span><\/p>\n<p class=\"MsoNormal\" style=\"text-align: justify;\"><span style=\"font-size: 12.0pt; line-height: 115%; font-family: 'Arial','sans-serif';\">Art. 2\u00b0 Enviar copia al Instituto Superior Madre Teresa de Calcuta.<\/span><\/p>\n<p class=\"MsoNormal\" style=\"text-align: justify;\"><span style=\"font-size: 12.0pt; line-height: 115%; font-family: 'Arial','sans-serif';\">Art. 3\u00b0 De forma. <\/span><\/p>\n<p class=\"MsoNormal\" style=\"text-align: justify;\"><span style=\"font-size: 12.0pt; line-height: 115%; font-family: 'Arial','sans-serif';\">\u00a0<\/span><\/p>\n<p class=\"MsoNormal\" style=\"text-align: justify;\"><span style=\"font-size: 12.0pt; line-height: 115%; font-family: 'Arial','sans-serif';\">Luego se trat\u00f3 el proyecto de declaraci\u00f3n del bloque ELI referido a declarar de inter\u00e9s Municipal la Cabalgata a Yapey\u00fa. Considerando Que la Primera Cabalgata se realiz\u00f3 el 15 de Agosto de 1968 por el Dr. Jos\u00e9 Manuel (Pochocho) Aspiaz\u00fa y su hijo Lucio Bernando Aspiaz\u00fa, saliendo del Hospital Militar de Curuz\u00fa Cuati\u00e1 llegando en tan solo 2 (dos) d\u00edas a Yapey\u00fa, presenciaron el Acto Oficial y regresaron ese mismo d\u00eda. Y que se cumplen 50 a\u00f1os de aquel d\u00eda, el legado de Pochocho, sigue intacto, sigue creciendo; y como en aquel momento su hijo Lucio, familiares, amigos, ni\u00f1os, j\u00f3venes y compoblanos de todas las edades, cabalgan hacia Yapey\u00fa, fomentando la Libertad, Patriotismo y pasi\u00f3n cabalgatera heredada por el Dr. Aspiaz\u00fa con el principal objeto de rendir Homenaje al Padre de la Patria el General Jos\u00e9 de San Martin. La concejal Quiroz solicit\u00f3 el tratamiento sobre tablas el que se aprob\u00f3 quedando redactado el mismo de la siguiente manera:<\/span><\/p>\n<p class=\"MsoNormal\" style=\"text-align: center;\" align=\"center\"><b><span style=\"font-size: 12.0pt; line-height: 115%; font-family: 'Arial','sans-serif';\">El Honorable Concejo Deliberante<\/span><\/b><\/p>\n<p class=\"MsoNormal\" style=\"text-align: center;\" align=\"center\"><b><span style=\"font-size: 12.0pt; line-height: 115%; font-family: 'Arial','sans-serif';\">de Curuz\u00fa Cuati\u00e1<\/span><\/b><\/p>\n<p class=\"MsoNormal\" style=\"text-align: center;\" align=\"center\"><b><span style=\"font-size: 12.0pt; line-height: 115%; font-family: 'Arial','sans-serif';\">Declara<\/span><\/b><\/p>\n<p class=\"MsoNormal\" style=\"text-align: justify;\"><span style=\"font-size: 12.0pt; line-height: 115%; font-family: 'Arial','sans-serif';\">Art. 1\u00b0 DECLARAR de Inter\u00e9s Municipal la Cabalgata hacia Yapey\u00fa de la Agrupaci\u00f3n Patri\u00f3tica a Yapey\u00fa al cumplirse 50 a\u00f1os. <\/span><\/p>\n<p class=\"MsoNormal\" style=\"text-align: justify;\"><span style=\"font-size: 12.0pt; line-height: 115%; font-family: 'Arial','sans-serif';\">Art. 2\u00b0 Enviar copia al Sr. Lucio B. Aspiaz\u00fa.<\/span><\/p>\n<p class=\"MsoNormal\" style=\"text-align: justify;\"><span style=\"font-size: 12.0pt; line-height: 115%; font-family: 'Arial','sans-serif';\">Art. 3\u00b0 De Forma.<\/span><\/p>\n<p class=\"MsoNormal\" style=\"text-align: justify;\"><span style=\"font-size: 12.0pt; line-height: 115%; font-family: 'Arial','sans-serif';\">\u00a0<\/span><\/p>\n<p class=\"MsoNormal\" style=\"text-align: justify;\"><span style=\"font-size: 12.0pt; line-height: 115%; font-family: 'Arial','sans-serif';\">El cuarto punto tratado fue el de comunicaciones oficiales, del DEM, solicitando pr\u00f3rroga por 30 d\u00edas para la presentaci\u00f3n de la documentaci\u00f3n del segundo trimestre 2018, pas\u00f3 a comisi\u00f3n de Presupuesto.<\/span><\/p>\n<p class=\"MsoNormal\" style=\"text-align: justify;\"><span style=\"font-size: 12.0pt; line-height: 115%; font-family: 'Arial','sans-serif';\">Tambi\u00e9n se dio a conocer el Bolet\u00edn Municipal N\u00b0 3219, qued\u00f3 a conocimiento de los concejales en secretar\u00eda.<\/span><\/p>\n<p class=\"MsoNormal\" style=\"text-align: justify;\"><span style=\"font-size: 12.0pt; line-height: 115%; font-family: 'Arial','sans-serif';\">El quinto punto tratado fue el de notas privadas, del P\u00e1rroco de la Parroquia del Pilar solicitando se informe y certifique normativa municipal que exime del pago de impuestos municipales, pas\u00f3 a comisi\u00f3n de Presupuesto.<\/span><\/p>\n<p class=\"MsoNormal\" style=\"text-align: justify;\"><span style=\"font-size: 12.0pt; line-height: 115%; font-family: 'Arial','sans-serif';\">De la Sociedad Rural, invitando al acto inaugural de la 96\u00b0 exposici\u00f3n Feria que se realizar\u00e1 el d\u00eda 2 de septiembre\u00a0 del corriente a las 14.30hs.<\/span><\/p>\n<p class=\"MsoNormal\" style=\"text-align: justify;\"><span style=\"font-size: 12.0pt; line-height: 115%; font-family: 'Arial','sans-serif';\">Del P\u00e1rroco de la Parroquia San Juan Bosco, invitando a los actos de la Novena y Fiesta Patronal que se realizan desde el 7 al 16 de agosto.<\/span><\/p>\n<p class=\"MsoNormal\" style=\"text-align: justify;\"><span style=\"font-size: 12.0pt; line-height: 115%; font-family: 'Arial','sans-serif';\">Del Instituto Superior Madre Teresa de Calcuta, solicitando se declare de Inter\u00e9s Municipal la IV Jornada Internacional en Diagnostico por Im\u00e1genes e invitando a dicho evento, fue tratado anteriormente.<\/span><\/p>\n<p class=\"MsoNormal\" style=\"text-align: justify;\"><span style=\"font-size: 12.0pt; line-height: 115%; font-family: 'Arial','sans-serif';\">Del Sr. Gustavo Adolfo Castillo, solicitando condonaci\u00f3n de Convenio de pago de Patente Automotor, pas\u00f3 a comisi\u00f3n de Presupuesto. <\/span><\/p>\n<p class=\"MsoNormal\" style=\"text-align: justify;\"><span style=\"font-size: 12.0pt; line-height: 115%; font-family: 'Arial','sans-serif';\"><img loading=\"lazy\" decoding=\"async\" src=\"images\/sesion-080818-4.jpg\" alt=\"\" width=\"386\" height=\"217\" \/><\/span><\/p>\n<p class=\"MsoNormal\" style=\"text-align: justify;\"><span style=\"font-size: 12.0pt; line-height: 115%; font-family: 'Arial','sans-serif';\">Seguidamente se continu\u00f3 con el orden del d\u00eda, y se dio lectura al sexto punto referido a resoluciones del DEM: <\/span><\/p>\n<p class=\"MsoNormal\" style=\"text-align: justify;\"><span style=\"font-size: 12.0pt; line-height: 115%; font-family: 'Arial','sans-serif';\">N\u00b0 305 Vender en forma directa terreno municipal, manzana 99, al Sr. Santos Brigido Torres.<\/span><\/p>\n<p class=\"MsoNormal\" style=\"text-align: justify;\"><span style=\"font-size: 12.0pt; line-height: 115%; font-family: 'Arial','sans-serif';\">N\u00b0306 Declarar de Propiedad Municipal terreno ubicado en Manzana N\u00b0273<\/span><\/p>\n<p class=\"MsoNormal\" style=\"text-align: justify;\"><span style=\"font-size: 12.0pt; line-height: 115%; font-family: 'Arial','sans-serif';\">N\u00b0307 Vender en forma directa terreno municipal, manzana 191, a la Sra. Mar\u00eda Rosa Acevedo.<\/span><\/p>\n<p class=\"MsoNormal\" style=\"text-align: justify;\"><span style=\"font-size: 12.0pt; line-height: 115%; font-family: 'Arial','sans-serif';\">N\u00b0308 Adjudicar a la empresa DEISA S.A. Licitaci\u00f3n N\u00b004\/2018, una prensa enfardadora de alta densidad.<\/span><\/p>\n<p class=\"MsoNormal\" style=\"text-align: justify;\"><span style=\"font-size: 12.0pt; line-height: 115%; font-family: 'Arial','sans-serif';\">N\u00b0309 Incorporar al Presupuesto 2018 remesas del PAMI<\/span><\/p>\n<p class=\"MsoNormal\" style=\"text-align: justify;\"><span style=\"font-size: 12.0pt; line-height: 115%; font-family: 'Arial','sans-serif';\">N\u00b0310 Incorporar al Presupuesto 2018 remesas del PAMI<\/span><\/p>\n<p class=\"MsoNormal\" style=\"text-align: justify;\"><span style=\"font-size: 12.0pt; line-height: 115%; font-family: 'Arial','sans-serif';\">Para finalizar el presidente, Roberto Fern\u00e1ndez, convoc\u00f3 a los Sres. concejales a la pr\u00f3xima sesi\u00f3n para el d\u00eda mi\u00e9rcoles 15 de agosto del corriente a las 20hs. en el recinto de sesiones.<\/span><\/p>\n<\/div>\n<\/div>\n","protected":false},"excerpt":{"rendered":"<div>\n<div id=\"x6fdedd73aa35416897d623837f72ff8c\"><span style=\"font-size: 12.0pt; line-height: 115%; font-family: 'Arial','sans-serif';\"><img loading=\"lazy\" decoding=\"async\" src=\"images\/sesion-080818-3.jpg\" alt=\"\" width=\"937\" height=\"527\" \/>A las 20hs. del mi\u00e9rcoles 8 de agosto de 2018, el presidente del cuerpo, el concejal Roberto Fern\u00e1ndez y la secretaria Dra. Mar\u00eda Cristina Mar\u00edn, dieron inicio a la sesi\u00f3n n\u00famero 1472, con la ausencia justificada de la concejal Mar\u00eda Torres. El presidente someti\u00f3 a votaci\u00f3n el orden del d\u00eda el que fue aprobado un\u00e1nimemente.<\/span><\/p>\n","protected":false},"author":1,"featured_media":600,"comment_status":"open","ping_status":"open","sticky":false,"template":"","format":"standard","meta":{"footnotes":""},"categories":[3],"tags":[],"class_list":["post-601","post","type-post","status-publish","format-standard","has-post-thumbnail","hentry","category-uncategorised"],"brizy_media":[],"_links":{"self":[{"href":"https:\/\/concejocuruzucuatia.gob.ar\/wp\/wp-json\/wp\/v2\/posts\/601","targetHints":{"allow":["GET"]}}],"collection":[{"href":"https:\/\/concejocuruzucuatia.gob.ar\/wp\/wp-json\/wp\/v2\/posts"}],"about":[{"href":"https:\/\/concejocuruzucuatia.gob.ar\/wp\/wp-json\/wp\/v2\/types\/post"}],"author":[{"embeddable":true,"href":"https:\/\/concejocuruzucuatia.gob.ar\/wp\/wp-json\/wp\/v2\/users\/1"}],"replies":[{"embeddable":true,"href":"https:\/\/concejocuruzucuatia.gob.ar\/wp\/wp-json\/wp\/v2\/comments?post=601"}],"version-history":[{"count":0,"href":"https:\/\/concejocuruzucuatia.gob.ar\/wp\/wp-json\/wp\/v2\/posts\/601\/revisions"}],"wp:featuredmedia":[{"embeddable":true,"href":"https:\/\/concejocuruzucuatia.gob.ar\/wp\/wp-json\/wp\/v2\/media\/600"}],"wp:attachment":[{"href":"https:\/\/concejocuruzucuatia.gob.ar\/wp\/wp-json\/wp\/v2\/media?parent=601"}],"wp:term":[{"taxonomy":"category","embeddable":true,"href":"https:\/\/concejocuruzucuatia.gob.ar\/wp\/wp-json\/wp\/v2\/categories?post=601"},{"taxonomy":"post_tag","embeddable":true,"href":"https:\/\/concejocuruzucuatia.gob.ar\/wp\/wp-json\/wp\/v2\/tags?post=601"}],"curies":[{"name":"wp","href":"https:\/\/api.w.org\/{rel}","templated":true}]}}