{"id":577,"date":"2018-06-12T15:15:54","date_gmt":"2018-06-12T15:15:54","guid":{"rendered":"https:\/\/concejocuruzucuatia.gob.ar\/wp\/2018\/06\/12\/se-hizo-entrega-de-la-declaracion-de-interes-municipal-al-club-de-edicion-de-wikimedia-argentina\/"},"modified":"2018-06-12T15:15:54","modified_gmt":"2018-06-12T15:15:54","slug":"se-hizo-entrega-de-la-declaracion-de-interes-municipal-al-club-de-edicion-de-wikimedia-argentina","status":"publish","type":"post","link":"https:\/\/concejocuruzucuatia.gob.ar\/wp\/2018\/06\/12\/se-hizo-entrega-de-la-declaracion-de-interes-municipal-al-club-de-edicion-de-wikimedia-argentina\/","title":{"rendered":"Se hizo entrega de la Declaraci\u00f3n de Inter\u00e9s Municipal al \u00abCLUB DE EDICION DE WIKIMEDIA ARGENTINA\u00bb"},"content":{"rendered":"<p style=\"margin-bottom: 0cm;\"><span style=\"font-family: Arial, sans-serif;\"><img decoding=\"async\" src=\"images\/wikimedia-1.jpg\" alt=\"\" \/><\/span><\/p>\n<p style=\"margin-bottom: 0cm;\"><span style=\"font-family: Arial, sans-serif;\">En horas de la ma\u00f1ana del martes 12 de junio, en la Casa del Bicentenario, el presidente del HCD, Roberto Fern\u00e1ndez junto al concejal Rodolfo Santini y el Secretario de Gobierno de la comuna Juan Lopez, entregaron la Declaraci\u00f3n de Inter\u00e9s Municipal y obsequios.<\/span><\/p>\n<p>\u00a0<span style=\"font-family: Arial, sans-serif;\"><span lang=\"es-ES\">En representaci\u00f3n del Honorable Concejo Deliberante se hizo entrega a los organizadores la declaraci\u00f3n a la Propuesta \u00abCLUB DE EDICION DE WIKIMEDIA ARGENTINA\u00bb SUMANDO CONOCIMIENTOS AL MUNDO para la Provincia de Corrientes, que se realiz\u00f3 durante el 12 de junio en nuestra ciudad.<\/span><\/span><\/p>\n<p style=\"margin-bottom: 0cm;\"><span style=\"font-family: Arial, sans-serif;\"><span lang=\"es-ES\">Lo aprobado en sesi\u00f3n dec\u00eda \u00abArt.1\u00b0.- DECLARAR<\/span> <span lang=\"es-ES\">de Inter\u00e9s Municipal la Propuesta \u00abCLUB DE EDICION DE WIKIMEDIA ARGENTINA\u00bb SUMANDO CONOCIMIENTOS AL MUNDO para la Provincia de Corrientes, a realizarse el pr\u00f3ximo 12 de junio del cte. en la ciudad de Curuz\u00fa Cuati\u00e1\u00bb.<\/span><\/span><\/p>\n<p style=\"margin-bottom: 0cm;\">\u00a0<\/p>\n<p>\u00a0<\/p>\n<p><strong><span style=\"font-family: Arial, sans-serif;\">\u00bfDe que se trata?<\/span><\/strong><\/p>\n<p style=\"margin-bottom: 0cm;\"><span style=\"font-family: Arial, sans-serif;\"><span lang=\"es-ES\">La propuesta tiene por finalidad: Sumar informaci\u00f3n sobre la historia de la provincia y los art\u00edculos que se encuentren en Wikipedia sobre Corrientes. Mejorar contenido vinculado a las instituciones educativas en la provincia que participen de las capacitaciones. Mejorar contenido en relaci\u00f3n a hechos hist\u00f3ricos de la provincia, referentes hist\u00f3ricos e instituciones culturales. Sumar im\u00e1genes a Wikimedia Commons de la provincia, localidades, barrios y edificios\/esculturas emblem\u00e1ticas de Corrientes.<\/span><\/span><\/p>\n<p style=\"margin-bottom: 0cm;\">\u00a0<span style=\"font-family: Arial, sans-serif;\">El encuentro est\u00e1 destinado a docentes y alumnos de nuestra ciudad y cuenta con el auspicio del Ministerio de Educaci\u00f3n de la Provincia a trav\u00e9s de la Direcci\u00f3n de Sistemas e Informaci\u00f3n del Ministerio de Educaci\u00f3n de Ctes. Coordinado por la Profesora Mar\u00eda Mercedes Aspiaz\u00fa Coordinadora Zonal de Escuelas del Futuro.<\/span><\/p>\n<p style=\"margin-bottom: 0cm;\"><span style=\"font-family: Arial, sans-serif;\"><img loading=\"lazy\" decoding=\"async\" src=\"images\/wikimedia-2.jpg\" alt=\"\" width=\"446\" height=\"251\" \/><\/span><\/p>\n<p>\u00a0<\/p>\n<p>\u00a0<\/p>\n<p>\u00a0<\/p>\n","protected":false},"excerpt":{"rendered":"<p style=\"margin-bottom: 0cm;\"><span style=\"font-family: Arial, sans-serif;\"><img decoding=\"async\" src=\"images\/wikimedia-1.jpg\" alt=\"\" \/><\/span><\/p>\n<p style=\"margin-bottom: 0cm;\"><span style=\"font-family: Arial, sans-serif;\">En horas de la ma\u00f1ana del martes 12 de junio, en la Casa del Bicentenario, el presidente del HCD, Roberto Fern\u00e1ndez junto al concejal Rodolfo Santini y el Secretario de Gobierno de la comuna Juan Lopez, entregaron la Declaraci\u00f3n de Inter\u00e9s Municipal y obsequios.<\/span><\/p>\n","protected":false},"author":1,"featured_media":576,"comment_status":"open","ping_status":"open","sticky":false,"template":"","format":"standard","meta":{"footnotes":""},"categories":[15],"tags":[],"class_list":["post-577","post","type-post","status-publish","format-standard","has-post-thumbnail","hentry","category-actividad-institucional"],"brizy_media":[],"_links":{"self":[{"href":"https:\/\/concejocuruzucuatia.gob.ar\/wp\/wp-json\/wp\/v2\/posts\/577","targetHints":{"allow":["GET"]}}],"collection":[{"href":"https:\/\/concejocuruzucuatia.gob.ar\/wp\/wp-json\/wp\/v2\/posts"}],"about":[{"href":"https:\/\/concejocuruzucuatia.gob.ar\/wp\/wp-json\/wp\/v2\/types\/post"}],"author":[{"embeddable":true,"href":"https:\/\/concejocuruzucuatia.gob.ar\/wp\/wp-json\/wp\/v2\/users\/1"}],"replies":[{"embeddable":true,"href":"https:\/\/concejocuruzucuatia.gob.ar\/wp\/wp-json\/wp\/v2\/comments?post=577"}],"version-history":[{"count":0,"href":"https:\/\/concejocuruzucuatia.gob.ar\/wp\/wp-json\/wp\/v2\/posts\/577\/revisions"}],"wp:featuredmedia":[{"embeddable":true,"href":"https:\/\/concejocuruzucuatia.gob.ar\/wp\/wp-json\/wp\/v2\/media\/576"}],"wp:attachment":[{"href":"https:\/\/concejocuruzucuatia.gob.ar\/wp\/wp-json\/wp\/v2\/media?parent=577"}],"wp:term":[{"taxonomy":"category","embeddable":true,"href":"https:\/\/concejocuruzucuatia.gob.ar\/wp\/wp-json\/wp\/v2\/categories?post=577"},{"taxonomy":"post_tag","embeddable":true,"href":"https:\/\/concejocuruzucuatia.gob.ar\/wp\/wp-json\/wp\/v2\/tags?post=577"}],"curies":[{"name":"wp","href":"https:\/\/api.w.org\/{rel}","templated":true}]}}