{"id":563,"date":"2018-05-25T19:46:01","date_gmt":"2018-05-25T19:46:01","guid":{"rendered":"https:\/\/concejocuruzucuatia.gob.ar\/wp\/2018\/05\/25\/208-aniversario-de-la-revolucion-de-mayo\/"},"modified":"2018-05-25T19:46:01","modified_gmt":"2018-05-25T19:46:01","slug":"208-aniversario-de-la-revolucion-de-mayo","status":"publish","type":"post","link":"https:\/\/concejocuruzucuatia.gob.ar\/wp\/2018\/05\/25\/208-aniversario-de-la-revolucion-de-mayo\/","title":{"rendered":"208\u00ba Aniversario de la Revoluci\u00f3n de Mayo"},"content":{"rendered":"<p><span style=\"font-family: 'Lucida Console', Courier, 'Courier New';\"><span style=\"font-size: 12px;\"><img decoding=\"async\" src=\"images\/25demayo2018-2.jpg\" alt=\"\" \/><\/span><\/span><\/p>\n<p><span style=\"font-family: 'Lucida Console', Courier, 'Courier New';\"><span style=\"font-size: 12px;\">Este viernes\u00a0<\/span><\/span><span style=\"font-family: 'Lucida Console', Courier, 'Courier New'; font-size: 12px;\">25 de mayo, se realiz\u00f3 el acto oficial por el 208\u00ba aniversario de la Revoluci\u00f3n de Mayo de 1810. El presidente del HCD, Roberto Fern\u00e1ndez particip\u00f3 de los actos.<\/span><\/p>\n<p><span style=\"font-family: 'Lucida Console', Courier, 'Courier New'; font-size: 12px;\"><img loading=\"lazy\" decoding=\"async\" src=\"images\/25demayo2018-3.jpg\" alt=\"\" width=\"497\" height=\"329\" \/><\/span><\/p>\n<p><span style=\"font-family: 'Lucida Console', Courier, 'Courier New'; font-size: 12px;\">Comenz\u00f3 con el traslado de la bandera hasta el m\u00e1stil principal de la ciudad, para su izamiento.<\/span><\/p>\n<p><span style=\"font-family: 'Lucida Console', Courier, 'Courier New'; font-size: 12px;\">Luego se continu\u00f3 en el Palacio Municipal, donde se ofreci\u00f3 chocolate caliente a las autoridades y p\u00fablico presente, para atenuar el fr\u00edo matinal, para luego concurrir a la Parroquia Nuestra Sra. del Pilar donde se celebr\u00f3 el Tedeum. Conclu\u00edda la ceremonia\u00a0<\/span><span style=\"font-family: 'Lucida Console', Courier, 'Courier New'; font-size: 12px;\">religiosa, las autoridades se dirigieron al palco para dar inicio al acto central.<\/span><\/p>\n<p><span style=\"font-family: 'Lucida Console', Courier, 'Courier New'; font-size: 12px;\">Luego depositaron una ofrenda floral al pie del monumento a la Libertad.<\/span><\/p>\n<p><span style=\"font-family: 'Lucida Console', Courier, 'Courier New'; font-size: 12px;\">El discurso estuvo a cargo del Prof. Pedro Sosa, Director de la Escuela N\u00ba 564 \u201cDomingo Faustino Sarmiento\u201d.<\/span><\/p>\n<p><span style=\"font-family: 'Lucida Console', Courier, 'Courier New'; font-size: 12px;\">Luego para finalizar se hizo los preparativos para el desfile c\u00edvico-militar, acompa\u00f1ados p<\/span><span style=\"font-family: 'Lucida Console', Courier, 'Courier New'; font-size: 12px;\">or la Banda Militar \u201cVuelta de Obligado\u201d.<\/span><\/p>\n<p><span style=\"font-family: 'Lucida Console', Courier, 'Courier New'; font-size: 12px;\">Velada de Gala<\/span><\/p>\n<p><span style=\"font-family: 'Lucida Console', Courier, 'Courier New'; font-size: 12px;\">El 24 a la noche, en Sala Cervantes, e<\/span>n el marco de los festejos por la Revoluci\u00f3n de Mayo, se realiz\u00f3 una velada de gala en v\u00edsperas del 25 de Mayo, a 208 a\u00f1os de la gesta patria, con la actuaci\u00f3n del Tenor Sergio Casco y\u00a0<span style=\"font-family: 'Lucida Console', Courier, 'Courier New'; font-size: 12px;\">la banda militar \u201cVuelta de Obligado\u201d.<\/span><\/p>\n<p><span style=\"font-family: 'Lucida Console', Courier, 'Courier New'; font-size: 12px;\"><img loading=\"lazy\" decoding=\"async\" src=\"images\/25demayo2018-1.jpg\" alt=\"\" width=\"597\" height=\"398\" \/><\/span><\/p>\n<div class=\"c_1k5wr65ven l_1k5wr608u2 clearfix\" style=\"zoom: 1; margin-bottom: -1px; font-family: Helvetica, Arial, sans-serif; color: #1d2129; font-size: 12px;\">\u00a0<\/div>\n","protected":false},"excerpt":{"rendered":"<p><span style=\"font-family: 'Lucida Console', Courier, 'Courier New';\"><span style=\"font-size: 12px;\"><img decoding=\"async\" src=\"images\/25demayo2018-2.jpg\" alt=\"\" \/><\/span><\/span><\/p>\n<p><span style=\"font-family: 'Lucida Console', Courier, 'Courier New';\"><span style=\"font-size: 12px;\">Este viernes\u00a0<\/span><\/span><span style=\"font-family: 'Lucida Console', Courier, 'Courier New'; font-size: 12px;\">25 de mayo, se realiz\u00f3 el acto oficial por el 208\u00ba aniversario de la Revoluci\u00f3n de Mayo de 1810. El presidente del HCD, Roberto Fern\u00e1ndez particip\u00f3 de los actos.<\/span><\/p>\n","protected":false},"author":1,"featured_media":0,"comment_status":"open","ping_status":"open","sticky":false,"template":"","format":"standard","meta":{"footnotes":""},"categories":[15],"tags":[],"class_list":["post-563","post","type-post","status-publish","format-standard","hentry","category-actividad-institucional"],"brizy_media":[],"_links":{"self":[{"href":"https:\/\/concejocuruzucuatia.gob.ar\/wp\/wp-json\/wp\/v2\/posts\/563","targetHints":{"allow":["GET"]}}],"collection":[{"href":"https:\/\/concejocuruzucuatia.gob.ar\/wp\/wp-json\/wp\/v2\/posts"}],"about":[{"href":"https:\/\/concejocuruzucuatia.gob.ar\/wp\/wp-json\/wp\/v2\/types\/post"}],"author":[{"embeddable":true,"href":"https:\/\/concejocuruzucuatia.gob.ar\/wp\/wp-json\/wp\/v2\/users\/1"}],"replies":[{"embeddable":true,"href":"https:\/\/concejocuruzucuatia.gob.ar\/wp\/wp-json\/wp\/v2\/comments?post=563"}],"version-history":[{"count":0,"href":"https:\/\/concejocuruzucuatia.gob.ar\/wp\/wp-json\/wp\/v2\/posts\/563\/revisions"}],"wp:attachment":[{"href":"https:\/\/concejocuruzucuatia.gob.ar\/wp\/wp-json\/wp\/v2\/media?parent=563"}],"wp:term":[{"taxonomy":"category","embeddable":true,"href":"https:\/\/concejocuruzucuatia.gob.ar\/wp\/wp-json\/wp\/v2\/categories?post=563"},{"taxonomy":"post_tag","embeddable":true,"href":"https:\/\/concejocuruzucuatia.gob.ar\/wp\/wp-json\/wp\/v2\/tags?post=563"}],"curies":[{"name":"wp","href":"https:\/\/api.w.org\/{rel}","templated":true}]}}