{"id":544,"date":"2018-04-25T15:17:10","date_gmt":"2018-04-25T15:17:10","guid":{"rendered":"https:\/\/concejocuruzucuatia.gob.ar\/wp\/2018\/04\/25\/visita-a-plamares\/"},"modified":"2018-04-25T15:17:10","modified_gmt":"2018-04-25T15:17:10","slug":"visita-a-plamares","status":"publish","type":"post","link":"https:\/\/concejocuruzucuatia.gob.ar\/wp\/2018\/04\/25\/visita-a-plamares\/","title":{"rendered":"Visita a PLAMARES"},"content":{"rendered":"<p class=\"MsoNormal\" style=\"text-align: justify;\"><span style=\"font-family: Arial;\">\u00a0<img decoding=\"async\" src=\"images\/visita-a-plamares.jpeg\" alt=\"\" \/><\/span><\/p>\n<p class=\"MsoNormal\" style=\"text-align: justify;\"><span style=\"font-family: Arial;\">En las actividades programadas por el presidente del HCD, de visitas a distintos lugares y establecimientos de la ciudad para interiorizarse, el concejo, del funcionamiento y si hay alguna necesidad de colaborar desde lo legislativo, en esta oportunidad los concejales visitaron la planta de manejo de residuos (PLAMARES).<\/span><\/p>\n<p class=\"MsoNormal\" style=\"text-align: justify;\"><span style=\"font-family: Arial;\">\u00a0<\/span><\/p>\n<p class=\"MsoNormal\" style=\"text-align: justify;\"><span style=\"font-family: Arial;\">Fueron recibidos por el responsable de la planta, el Sr. Ram\u00f3n Quiroz, qui\u00e9n hizo un recorrido informativo de cada sector de la misma. <\/span><\/p>\n<p class=\"MsoNormal\" style=\"text-align: justify;\"><span style=\"font-family: Arial;\">\u00a0<\/span><\/p>\n<p class=\"MsoNormal\" style=\"text-align: justify;\"><span style=\"font-family: Arial;\">Desde el sector de donde ingresan los residuos, las m\u00e1quinas que cuenta actualmente y las que se comprar\u00edan para completar otras tareas. <\/span><\/p>\n<p class=\"MsoNormal\" style=\"text-align: justify;\"><span style=\"font-family: Arial;\">Tambi\u00e9n coment\u00f3 sobre el tratamiento que se le da a los residuos patog\u00e9nicos y el trabaj\u00f3 arduo en la fosa del futuro relleno sanitario.<\/span><\/p>\n<p class=\"MsoNormal\" style=\"text-align: justify;\"><span style=\"font-family: Arial;\"><br \/> Ya finalizada la impermeabilizaci\u00f3n del suelo donde se depositar\u00e1n los residuos org\u00e1nicos, se realiz\u00f3 el canal central por donde se evacuar\u00e1n los l\u00edquidos lixiviados, que confluir\u00e1n en un pilet\u00f3n para ser procesados.<\/span><\/p>\n<p class=\"MsoNormal\" style=\"text-align: justify;\"><span style=\"font-family: Arial;\">\u00a0<\/span><\/p>\n<p class=\"MsoNormal\" style=\"text-align: justify;\"><span style=\"font-family: Arial;\">El encargado tambi\u00e9n coment\u00f3 sobre el traslado de veh\u00edculos involucrados en causas penales al predio de PLAMARES, el que ya fue ubicado en el sector norte de la planta.<\/span><\/p>\n<p class=\"MsoNormal\" style=\"text-align: justify;\"><span style=\"font-family: Arial;\">\u00a0<\/span><\/p>\n<p class=\"MsoNormal\" style=\"text-align: justify;\"><span style=\"font-family: Arial;\">Los trabajos se siguen realizando y se viene trabajando constantemente para que los residuos recibidos sean tratados, coment\u00f3 el encargado de la planta.<\/span><\/p>\n<p class=\"MsoNormal\" style=\"text-align: justify;\"><span style=\"font-family: Arial;\"><img loading=\"lazy\" decoding=\"async\" src=\"images\/visita-a-plamares-5.jpeg\" alt=\"\" width=\"390\" height=\"219\" \/><img loading=\"lazy\" decoding=\"async\" src=\"images\/visita-a-plamares-1.jpeg\" alt=\"\" width=\"390\" height=\"220\" \/><img loading=\"lazy\" decoding=\"async\" src=\"images\/visita-a-plamares-2.jpeg\" alt=\"\" width=\"390\" height=\"219\" \/><img loading=\"lazy\" decoding=\"async\" src=\"images\/visita-a-plamares-3.jpeg\" alt=\"\" width=\"390\" height=\"219\" \/><img loading=\"lazy\" decoding=\"async\" src=\"images\/visita-a-plamares-6.jpeg\" alt=\"\" width=\"391\" height=\"220\" \/><img loading=\"lazy\" decoding=\"async\" src=\"images\/visita-a-plamares-7.jpeg\" alt=\"\" width=\"391\" height=\"220\" \/><\/span><\/p>\n<p class=\"MsoNormal\" style=\"text-align: justify;\">\u00a0<\/p>\n","protected":false},"excerpt":{"rendered":"<p class=\"MsoNormal\" style=\"text-align: justify;\"><span style=\"font-family: Arial;\">\u00a0<img decoding=\"async\" src=\"images\/visita-a-plamares.jpeg\" alt=\"\" \/><\/span><\/p>\n","protected":false},"author":1,"featured_media":543,"comment_status":"open","ping_status":"open","sticky":false,"template":"","format":"standard","meta":{"footnotes":""},"categories":[15],"tags":[],"class_list":["post-544","post","type-post","status-publish","format-standard","has-post-thumbnail","hentry","category-actividad-institucional"],"brizy_media":[],"_links":{"self":[{"href":"https:\/\/concejocuruzucuatia.gob.ar\/wp\/wp-json\/wp\/v2\/posts\/544","targetHints":{"allow":["GET"]}}],"collection":[{"href":"https:\/\/concejocuruzucuatia.gob.ar\/wp\/wp-json\/wp\/v2\/posts"}],"about":[{"href":"https:\/\/concejocuruzucuatia.gob.ar\/wp\/wp-json\/wp\/v2\/types\/post"}],"author":[{"embeddable":true,"href":"https:\/\/concejocuruzucuatia.gob.ar\/wp\/wp-json\/wp\/v2\/users\/1"}],"replies":[{"embeddable":true,"href":"https:\/\/concejocuruzucuatia.gob.ar\/wp\/wp-json\/wp\/v2\/comments?post=544"}],"version-history":[{"count":0,"href":"https:\/\/concejocuruzucuatia.gob.ar\/wp\/wp-json\/wp\/v2\/posts\/544\/revisions"}],"wp:featuredmedia":[{"embeddable":true,"href":"https:\/\/concejocuruzucuatia.gob.ar\/wp\/wp-json\/wp\/v2\/media\/543"}],"wp:attachment":[{"href":"https:\/\/concejocuruzucuatia.gob.ar\/wp\/wp-json\/wp\/v2\/media?parent=544"}],"wp:term":[{"taxonomy":"category","embeddable":true,"href":"https:\/\/concejocuruzucuatia.gob.ar\/wp\/wp-json\/wp\/v2\/categories?post=544"},{"taxonomy":"post_tag","embeddable":true,"href":"https:\/\/concejocuruzucuatia.gob.ar\/wp\/wp-json\/wp\/v2\/tags?post=544"}],"curies":[{"name":"wp","href":"https:\/\/api.w.org\/{rel}","templated":true}]}}