{"id":531,"date":"2018-03-31T15:49:18","date_gmt":"2018-03-31T15:49:18","guid":{"rendered":"https:\/\/concejocuruzucuatia.gob.ar\/wp\/2018\/03\/31\/se-recordo-a-los-martires-de-pago-largo\/"},"modified":"2018-03-31T15:49:18","modified_gmt":"2018-03-31T15:49:18","slug":"se-recordo-a-los-martires-de-pago-largo","status":"publish","type":"post","link":"https:\/\/concejocuruzucuatia.gob.ar\/wp\/2018\/03\/31\/se-recordo-a-los-martires-de-pago-largo\/","title":{"rendered":"Se record\u00f3 a los M\u00e1rtires de Pago Largo"},"content":{"rendered":"<p><span style=\"color: #6e6e6e; font-family: Verdana, Geneva, sans-serif; font-size: 15px; text-align: justify;\"><img decoding=\"async\" src=\"images\/pago-largo-3.JPG\" alt=\"\" \/><\/span><span style=\"color: #6e6e6e; font-family: Verdana, Geneva, sans-serif; font-size: 15px; text-align: justify;\">El s\u00e1bado a las 10 hs. en la plaza Gral. Belgrano, el Vicepresidente Primero, Pedro Preisz y el Vice Presidente Segundo Gabriel Balceda, acompa\u00f1aron a las autoridades locales en el acto de recordaci\u00f3n de la Batalla de Pago Largo.\u00a0<\/span><\/p>\n<p><span style=\"color: #6e6e6e; font-family: Verdana, Geneva, sans-serif; font-size: 15px; text-align: justify;\">En primer t\u00e9rmino se entonaron las estrofas del Himno Nacional Argentino, las autoridades colocaron una ofrenda floral junto al busto de Genaro Ber\u00f3n de Astrada, en manos del Intendente Municipal, el General de Brigada Enrique Lugand y el Vicepresidente Primero Pedro Preisz.<\/span><\/p>\n<p><span style=\"color: #6e6e6e; font-family: Verdana, Geneva, sans-serif; font-size: 15px; text-align: justify;\"> Se hizo minuto de silencio y despu\u00e9s se realiz\u00f3 una invocaci\u00f3n religiosa. Las palabras alusivas del acto estuvo a cargo del Sr. N\u00e9stor Altamirano, actual presidente de la Comisi\u00f3n Permanente de Pago Largo.<img loading=\"lazy\" decoding=\"async\" src=\"images\/pago-largo-2.JPG\" alt=\"\" width=\"490\" height=\"329\" \/>\u00a0<img loading=\"lazy\" decoding=\"async\" src=\"images\/pago-largo-1.JPG\" alt=\"\" width=\"486\" height=\"326\" \/><\/span><\/p>\n<p>\u00a0<\/p>\n","protected":false},"excerpt":{"rendered":"<p><span style=\"color: #6e6e6e; font-family: Verdana, Geneva, sans-serif; font-size: 15px; text-align: justify;\"><img decoding=\"async\" src=\"images\/pago-largo-3.JPG\" alt=\"\" \/><\/span><span style=\"color: #6e6e6e; font-family: Verdana, Geneva, sans-serif; font-size: 15px; text-align: justify;\">El s\u00e1bado a las 10 hs. en la plaza Gral. Belgrano, el Vicepresidente Primero, Pedro Preisz y el Vice Presidente Segundo Gabriel Balceda, acompa\u00f1aron a las autoridades locales en el acto de recordaci\u00f3n de la Batalla de Pago Largo.\u00a0<\/span><\/p>\n","protected":false},"author":1,"featured_media":530,"comment_status":"open","ping_status":"open","sticky":false,"template":"","format":"standard","meta":{"footnotes":""},"categories":[15],"tags":[],"class_list":["post-531","post","type-post","status-publish","format-standard","has-post-thumbnail","hentry","category-actividad-institucional"],"brizy_media":[],"_links":{"self":[{"href":"https:\/\/concejocuruzucuatia.gob.ar\/wp\/wp-json\/wp\/v2\/posts\/531","targetHints":{"allow":["GET"]}}],"collection":[{"href":"https:\/\/concejocuruzucuatia.gob.ar\/wp\/wp-json\/wp\/v2\/posts"}],"about":[{"href":"https:\/\/concejocuruzucuatia.gob.ar\/wp\/wp-json\/wp\/v2\/types\/post"}],"author":[{"embeddable":true,"href":"https:\/\/concejocuruzucuatia.gob.ar\/wp\/wp-json\/wp\/v2\/users\/1"}],"replies":[{"embeddable":true,"href":"https:\/\/concejocuruzucuatia.gob.ar\/wp\/wp-json\/wp\/v2\/comments?post=531"}],"version-history":[{"count":0,"href":"https:\/\/concejocuruzucuatia.gob.ar\/wp\/wp-json\/wp\/v2\/posts\/531\/revisions"}],"wp:featuredmedia":[{"embeddable":true,"href":"https:\/\/concejocuruzucuatia.gob.ar\/wp\/wp-json\/wp\/v2\/media\/530"}],"wp:attachment":[{"href":"https:\/\/concejocuruzucuatia.gob.ar\/wp\/wp-json\/wp\/v2\/media?parent=531"}],"wp:term":[{"taxonomy":"category","embeddable":true,"href":"https:\/\/concejocuruzucuatia.gob.ar\/wp\/wp-json\/wp\/v2\/categories?post=531"},{"taxonomy":"post_tag","embeddable":true,"href":"https:\/\/concejocuruzucuatia.gob.ar\/wp\/wp-json\/wp\/v2\/tags?post=531"}],"curies":[{"name":"wp","href":"https:\/\/api.w.org\/{rel}","templated":true}]}}