{"id":523,"date":"2018-03-22T00:42:02","date_gmt":"2018-03-22T00:42:02","guid":{"rendered":"https:\/\/concejocuruzucuatia.gob.ar\/wp\/2018\/03\/22\/informe-de-prensa-hcd-sesion-21-de-marzo-de-2018\/"},"modified":"2018-03-22T00:42:02","modified_gmt":"2018-03-22T00:42:02","slug":"informe-de-prensa-hcd-sesion-21-de-marzo-de-2018","status":"publish","type":"post","link":"https:\/\/concejocuruzucuatia.gob.ar\/wp\/2018\/03\/22\/informe-de-prensa-hcd-sesion-21-de-marzo-de-2018\/","title":{"rendered":"Informe de Prensa HCD \/ Sesi\u00f3n 21 de marzo de 2018"},"content":{"rendered":"<p class=\"MsoNormal\"><strong><span style=\"font-size: 12.0pt; line-height: 115%; font-family: 'Arial','sans-serif'; mso-ansi-language: ES-AR; font-weight: normal;\"><img decoding=\"async\" src=\"images\/sesion-210318-1.jpeg\" alt=\"\" \/><\/span><\/strong><\/p>\n<p class=\"MsoNormal\"><strong><span style=\"font-size: 12.0pt; line-height: 115%; font-family: 'Arial','sans-serif'; mso-fareast-font-family: 'Times New Roman'; mso-fareast-theme-font: minor-fareast; mso-ansi-language: ES-AR; mso-fareast-language: EN-US; mso-bidi-language: EN-US; font-weight: normal;\">Pasadas las 20hs. del d\u00eda mi\u00e9rcoles 21 de marzo de 2018, el Presidente del cuerpo, el concejal Roberto Fern\u00e1ndez y la secretaria Dra. Mar\u00eda Cristina Mar\u00edn, con la presencia de la totalidad de los sres. concejales, <\/span><\/strong><strong><span style=\"font-size: 12.0pt; line-height: 115%; font-family: 'Arial','sans-serif'; mso-ansi-language: ES-AR; font-weight: normal;\">dieron inicio a la sesi\u00f3n n\u00famero 1455.<\/span><\/strong><\/p>\n<p class=\"MsoNormal\" style=\"text-align: justify;\"><strong><span style=\"font-size: 12.0pt; line-height: 115%; font-family: 'Arial','sans-serif'; mso-ansi-language: ES-AR; font-weight: normal;\">A continuaci\u00f3n se trat\u00f3 el primer punto referido a la lectura y consideraci\u00f3n del acta N\u00b0 1454, la que fue aprobada un\u00e1nimemente.<\/span><\/strong><\/p>\n<p class=\"MsoNormal\" style=\"text-align: justify;\"><strong><span style=\"font-size: 12.0pt; line-height: 115%; font-family: 'Arial','sans-serif'; mso-ansi-language: ES-AR; font-weight: normal;\">El segundo punto tratado fue referido al despacho de la comisi\u00f3n de gobierno e interpretaci\u00f3n, el Expediente N\u00b04351\/18 referido a notas del Centro de Veteranos de Guerra. El miembro informante el concejal Santini, coment\u00f3 que se analiz\u00f3 en la comisi\u00f3n el expediente de la referencia que corresponde a solicitudes del Centro de Veteranos de Guerra para<span style=\"mso-spacerun: yes;\">\u00a0 <\/span>otorgar la distinci\u00f3n de HIJOS DISTINGUIDO DE LA CIUDAD DE CURUZU CUATIA a los Veteranos de Guerra que no le otorgaron dicha distinci\u00f3n por Ordenanza N\u00ba 191 y Otorgar la Distinci\u00f3n de CIUDADANOS DESTACADOS al personal militar Veteranos de Guerra, residentes en nuestra ciudad, y que esta distinci\u00f3n es bien merecida y con el orgullo que se siente hac\u00eda ellos, pidi\u00f3 el acompa\u00f1amiento de los se\u00f1ores concejales. La misma fue aprobada un\u00e1nimemente quedando redactada la ordenanza de la siguiente manera: <\/span><\/strong><\/p>\n<p class=\"MsoNormal\" style=\"text-align: center;\" align=\"center\"><strong><span style=\"font-size: 12.0pt; line-height: 115%; font-family: 'Arial','sans-serif'; mso-ansi-language: ES-AR; mso-bidi-font-weight: normal;\">EL HONORABLE CONCEJO DELIBERANTE <\/span><\/strong><\/p>\n<p class=\"MsoNormal\" style=\"text-align: center;\" align=\"center\"><strong><span style=\"font-size: 12.0pt; line-height: 115%; font-family: 'Arial','sans-serif'; mso-ansi-language: ES-AR; mso-bidi-font-weight: normal;\">DE CURUZU CUATIA <\/span><\/strong><\/p>\n<p class=\"MsoNormal\" style=\"text-align: center;\" align=\"center\"><strong><span style=\"font-size: 12.0pt; line-height: 115%; font-family: 'Arial','sans-serif'; mso-ansi-language: ES-AR; mso-bidi-font-weight: normal;\">SANCIONA CON FUERZA <span style=\"mso-spacerun: yes;\">\u00a0<\/span>DE <\/span><\/strong><\/p>\n<p class=\"MsoNormal\" style=\"text-align: center;\" align=\"center\"><strong><span style=\"font-size: 12.0pt; line-height: 115%; font-family: 'Arial','sans-serif'; mso-ansi-language: ES-AR; mso-bidi-font-weight: normal;\">ORDENANZA<\/span><\/strong><\/p>\n<p class=\"MsoNormal\"><strong><span style=\"font-size: 12.0pt; line-height: 115%; font-family: 'Arial','sans-serif'; mso-ansi-language: ES-AR; mso-bidi-font-weight: normal;\">Art.1\u00ba.- Otorgar<\/span><\/strong><strong><span style=\"font-size: 12.0pt; line-height: 115%; font-family: 'Arial','sans-serif'; mso-ansi-language: ES-AR; font-weight: normal;\"> la distinci\u00f3n de \u201cHIJO DISTINGUIDO DE LA CIUDAD DE CURUZU CUATIA\u201d a los soldados VETERANOS DE GUERRA EX COMBATIENTES DE MALVINAS que a continuaci\u00f3n se detallan:<\/span><\/strong><\/p>\n<p class=\"MsoNormal\"><strong><span style=\"font-size: 12.0pt; line-height: 115%; font-family: 'Arial','sans-serif'; mso-ansi-language: ES-AR; font-weight: normal;\">Almir\u00f3n Alfredo Roque<span style=\"mso-spacerun: yes;\">\u00a0\u00a0\u00a0\u00a0\u00a0\u00a0\u00a0\u00a0\u00a0 <\/span>DNI. 14716467<\/span><\/strong><\/p>\n<p class=\"MsoNormal\"><strong><span style=\"font-size: 12.0pt; line-height: 115%; font-family: 'Arial','sans-serif'; mso-ansi-language: ES-AR; font-weight: normal;\">Arbelo Oscar Roberto<span style=\"mso-spacerun: yes;\">\u00a0\u00a0\u00a0\u00a0\u00a0\u00a0\u00a0\u00a0\u00a0\u00a0\u00a0\u00a0 <\/span>DNI 11.640384<\/span><\/strong><\/p>\n<p class=\"MsoNormal\"><strong><span style=\"font-size: 12.0pt; line-height: 115%; font-family: 'Arial','sans-serif'; mso-ansi-language: ES-AR; font-weight: normal;\">Ayala Juan Alberto<span style=\"mso-spacerun: yes;\">\u00a0\u00a0\u00a0\u00a0\u00a0\u00a0\u00a0\u00a0\u00a0\u00a0\u00a0\u00a0\u00a0\u00a0 <\/span>DNI 16311051<\/span><\/strong><\/p>\n<p class=\"MsoNormal\"><strong><span style=\"font-size: 12.0pt; line-height: 115%; font-family: 'Arial','sans-serif'; mso-ansi-language: ES-AR; font-weight: normal;\">Barrios Crist\u00f3bal Rafael<span style=\"mso-spacerun: yes;\">\u00a0\u00a0\u00a0\u00a0\u00a0\u00a0\u00a0 <\/span>DNI 14.351061<\/span><\/strong><\/p>\n<p class=\"MsoNormal\"><strong><span style=\"font-size: 12.0pt; line-height: 115%; font-family: 'Arial','sans-serif'; mso-ansi-language: ES-AR; font-weight: normal;\">Chamorro Pedro Daniel<span style=\"mso-spacerun: yes;\">\u00a0\u00a0\u00a0\u00a0\u00a0\u00a0\u00a0\u00a0 <\/span>DNI 14 716272<\/span><\/strong><\/p>\n<p class=\"MsoNormal\"><strong><span style=\"font-size: 12.0pt; line-height: 115%; font-family: 'Arial','sans-serif'; mso-ansi-language: ES-AR; font-weight: normal;\">Decena Pedro Rito<span style=\"mso-spacerun: yes;\">\u00a0\u00a0\u00a0\u00a0\u00a0\u00a0\u00a0\u00a0\u00a0\u00a0\u00a0\u00a0\u00a0\u00a0\u00a0 <\/span>DNI 14911771<\/span><\/strong><\/p>\n<p class=\"MsoNormal\"><strong><span style=\"font-size: 12.0pt; line-height: 115%; font-family: 'Arial','sans-serif'; mso-ansi-language: ES-AR; font-weight: normal;\">Rodr\u00edguez Jorge Ra\u00fal<span style=\"mso-spacerun: yes;\">\u00a0\u00a0\u00a0\u00a0\u00a0\u00a0\u00a0\u00a0\u00a0\u00a0\u00a0 <\/span>DNI 14523509<\/span><\/strong><\/p>\n<p class=\"MsoNormal\"><strong><span style=\"font-size: 12.0pt; line-height: 115%; font-family: 'Arial','sans-serif'; mso-ansi-language: ES-AR; font-weight: normal;\">Rom\u00e1n Claudio Eliseo<span style=\"mso-spacerun: yes;\">\u00a0\u00a0\u00a0\u00a0\u00a0\u00a0\u00a0\u00a0\u00a0\u00a0 <\/span>DNI 14512970<\/span><\/strong><\/p>\n<p class=\"MsoNormal\"><strong><span style=\"font-size: 12.0pt; line-height: 115%; font-family: 'Arial','sans-serif'; mso-ansi-language: ES-AR; font-weight: normal;\">Ben\u00edtez Cirilo<span style=\"mso-spacerun: yes;\">\u00a0\u00a0\u00a0\u00a0\u00a0\u00a0\u00a0\u00a0\u00a0\u00a0\u00a0\u00a0\u00a0\u00a0\u00a0\u00a0\u00a0\u00a0\u00a0\u00a0\u00a0\u00a0\u00a0\u00a0\u00a0 <\/span>DNI 7614935<\/span><\/strong><\/p>\n<p class=\"MsoNormal\"><strong><span style=\"font-size: 12.0pt; line-height: 115%; font-family: 'Arial','sans-serif'; mso-ansi-language: ES-AR; font-weight: normal;\">Confalonieri H\u00e9ctor Daniel<span style=\"mso-spacerun: yes;\">\u00a0\u00a0\u00a0 <\/span>DNI 14716011<\/span><\/strong><\/p>\n<p class=\"MsoNormal\"><strong><span style=\"font-size: 12.0pt; line-height: 115%; font-family: 'Arial','sans-serif'; mso-ansi-language: ES-AR; mso-bidi-font-weight: normal;\">Art.2\u00ba.- Otorgar<\/span><\/strong><strong><span style=\"font-size: 12.0pt; line-height: 115%; font-family: 'Arial','sans-serif'; mso-ansi-language: ES-AR; font-weight: normal;\"><span style=\"mso-spacerun: yes;\">\u00a0 <\/span>la distinci\u00f3n de \u201cCIUDADANOS DESTACADOS DE LA CIUDAD DE CURUZU CUATIA\u201d Al personal militar VETERANOS DE GUERRA que a continuaci\u00f3n se detalla:<\/span><\/strong><\/p>\n<p class=\"MsoNormal\"><strong><span lang=\"EN-US\" style=\"font-size: 12.0pt; line-height: 115%; font-family: 'Arial','sans-serif'; font-weight: normal;\">May.<span style=\"mso-spacerun: yes;\">\u00a0\u00a0\u00a0\u00a0\u00a0\u00a0\u00a0\u00a0\u00a0\u00a0\u00a0\u00a0\u00a0\u00a0\u00a0 <\/span>Reales Luis Jacinto<span style=\"mso-spacerun: yes;\">\u00a0\u00a0\u00a0\u00a0\u00a0\u00a0\u00a0\u00a0\u00a0\u00a0\u00a0\u00a0\u00a0\u00a0\u00a0\u00a0\u00a0\u00a0\u00a0\u00a0\u00a0\u00a0\u00a0\u00a0\u00a0\u00a0 <\/span>DNI 4878777<\/span><\/strong><\/p>\n<p class=\"MsoNormal\"><strong><span lang=\"EN-US\" style=\"font-size: 12.0pt; line-height: 115%; font-family: 'Arial','sans-serif'; font-weight: normal;\">Subof May<span style=\"mso-spacerun: yes;\">\u00a0\u00a0\u00a0\u00a0\u00a0 <\/span>Gandola H\u00e9ctor Santiago<span style=\"mso-spacerun: yes;\">\u00a0\u00a0\u00a0\u00a0\u00a0\u00a0\u00a0\u00a0\u00a0\u00a0 <\/span><span style=\"mso-spacerun: yes;\">\u00a0\u00a0\u00a0\u00a0\u00a0\u00a0\u00a0<\/span>DNI 7910078<\/span><\/strong><\/p>\n<p class=\"MsoNormal\"><strong><span lang=\"EN-US\" style=\"font-size: 12.0pt; line-height: 115%; font-family: 'Arial','sans-serif'; font-weight: normal;\">Subof May<span style=\"mso-spacerun: yes;\">\u00a0\u00a0\u00a0\u00a0\u00a0 <\/span>Zair Ricardo Antonio<span style=\"mso-spacerun: yes;\">\u00a0\u00a0\u00a0\u00a0\u00a0\u00a0\u00a0\u00a0\u00a0\u00a0\u00a0\u00a0\u00a0\u00a0\u00a0\u00a0\u00a0\u00a0\u00a0\u00a0\u00a0\u00a0\u00a0\u00a0\u00a0 <\/span>DNI 5827957<\/span><\/strong><\/p>\n<p class=\"MsoNormal\"><strong><span lang=\"EN-US\" style=\"font-size: 12.0pt; line-height: 115%; font-family: 'Arial','sans-serif'; font-weight: normal;\">Subof May<span style=\"mso-spacerun: yes;\">\u00a0\u00a0\u00a0\u00a0\u00a0 <\/span>Vera Wenceslao<span style=\"mso-spacerun: yes;\">\u00a0\u00a0\u00a0\u00a0\u00a0\u00a0\u00a0\u00a0\u00a0\u00a0\u00a0\u00a0\u00a0\u00a0\u00a0\u00a0\u00a0\u00a0\u00a0\u00a0\u00a0\u00a0\u00a0\u00a0\u00a0\u00a0\u00a0\u00a0\u00a0\u00a0\u00a0 <\/span>DNI 5699050<\/span><\/strong><\/p>\n<p class=\"MsoNormal\"><strong><span lang=\"EN-US\" style=\"font-size: 12.0pt; line-height: 115%; font-family: 'Arial','sans-serif'; font-weight: normal;\">Subof May<span style=\"mso-spacerun: yes;\">\u00a0\u00a0\u00a0\u00a0\u00a0 <\/span>Sansberro Alfonso Eladio<span style=\"mso-spacerun: yes;\">\u00a0\u00a0\u00a0\u00a0\u00a0\u00a0\u00a0\u00a0\u00a0\u00a0\u00a0\u00a0\u00a0\u00a0\u00a0\u00a0\u00a0 <\/span>DNI 5696629<\/span><\/strong><\/p>\n<p class=\"MsoNormal\"><strong><span style=\"font-size: 12.0pt; line-height: 115%; font-family: 'Arial','sans-serif'; mso-ansi-language: ES-AR; font-weight: normal;\">Subof May<span style=\"mso-spacerun: yes;\">\u00a0\u00a0\u00a0\u00a0\u00a0 <\/span>Saucedo Juan Mestodio<span style=\"mso-spacerun: yes;\">\u00a0\u00a0\u00a0\u00a0\u00a0\u00a0\u00a0\u00a0\u00a0\u00a0\u00a0\u00a0\u00a0\u00a0\u00a0\u00a0\u00a0\u00a0\u00a0 <\/span>DNI 5672962<\/span><\/strong><\/p>\n<p class=\"MsoNormal\"><strong><span style=\"font-size: 12.0pt; line-height: 115%; font-family: 'Arial','sans-serif'; mso-ansi-language: ES-AR; font-weight: normal;\">Subof May<span style=\"mso-spacerun: yes;\">\u00a0\u00a0\u00a0\u00a0\u00a0 <\/span>Yardin Carlos Diego<span style=\"mso-spacerun: yes;\">\u00a0\u00a0\u00a0\u00a0\u00a0\u00a0\u00a0\u00a0\u00a0\u00a0\u00a0\u00a0\u00a0\u00a0\u00a0\u00a0\u00a0\u00a0\u00a0\u00a0\u00a0\u00a0\u00a0\u00a0\u00a0 <\/span>DNI 7847693<\/span><\/strong><\/p>\n<p class=\"MsoNormal\"><strong><span style=\"font-size: 12.0pt; line-height: 115%; font-family: 'Arial','sans-serif'; mso-ansi-language: ES-AR; font-weight: normal;\">Subof May<span style=\"mso-spacerun: yes;\">\u00a0\u00a0\u00a0\u00a0\u00a0 <\/span>Montiel Candido Fructuoso<span style=\"mso-spacerun: yes;\">\u00a0\u00a0\u00a0\u00a0\u00a0\u00a0\u00a0\u00a0\u00a0\u00a0\u00a0\u00a0\u00a0\u00a0\u00a0 <\/span>DNI 5693047<\/span><\/strong><\/p>\n<p class=\"MsoNormal\"><strong><span style=\"font-size: 12.0pt; line-height: 115%; font-family: 'Arial','sans-serif'; mso-ansi-language: ES-AR; font-weight: normal;\">Subof May<span style=\"mso-spacerun: yes;\">\u00a0\u00a0\u00a0\u00a0\u00a0 <\/span>P\u00e9rez Rodo \u00c1ngel Rob\u00edn<span style=\"mso-spacerun: yes;\">\u00a0\u00a0\u00a0\u00a0\u00a0\u00a0\u00a0\u00a0\u00a0\u00a0\u00a0\u00a0\u00a0\u00a0\u00a0\u00a0\u00a0\u00a0 <\/span>DNI 11715657<\/span><\/strong><\/p>\n<p class=\"MsoNormal\"><strong><span style=\"font-size: 12.0pt; line-height: 115%; font-family: 'Arial','sans-serif'; mso-ansi-language: ES-AR; font-weight: normal;\"><span style=\"mso-spacerun: yes;\">\u00a0<\/span>Subof May<span style=\"mso-spacerun: yes;\">\u00a0\u00a0\u00a0\u00a0 <\/span>L\u00f3pez Eduardo<span style=\"mso-spacerun: yes;\">\u00a0\u00a0\u00a0\u00a0\u00a0\u00a0\u00a0\u00a0\u00a0\u00a0\u00a0\u00a0\u00a0\u00a0\u00a0\u00a0\u00a0\u00a0\u00a0\u00a0\u00a0\u00a0\u00a0\u00a0\u00a0\u00a0\u00a0\u00a0\u00a0\u00a0\u00a0\u00a0\u00a0\u00a0 <\/span>DNI 4837423<\/span><\/strong><\/p>\n<p class=\"MsoNormal\"><strong><span style=\"font-size: 12.0pt; line-height: 115%; font-family: 'Arial','sans-serif'; mso-ansi-language: ES-AR; font-weight: normal;\"><span style=\"mso-spacerun: yes;\">\u00a0<\/span>Subof May<span style=\"mso-spacerun: yes;\">\u00a0\u00a0\u00a0\u00a0 <\/span>Vega Jorge Domingo<span style=\"mso-spacerun: yes;\">\u00a0\u00a0\u00a0\u00a0\u00a0\u00a0\u00a0\u00a0\u00a0\u00a0\u00a0\u00a0\u00a0\u00a0\u00a0\u00a0\u00a0\u00a0\u00a0\u00a0\u00a0\u00a0\u00a0\u00a0 <\/span>DNI 5699777<\/span><\/strong><\/p>\n<p class=\"MsoNormal\"><strong><span style=\"font-size: 12.0pt; line-height: 115%; font-family: 'Arial','sans-serif'; mso-ansi-language: ES-AR; font-weight: normal;\">Subof May<span style=\"mso-spacerun: yes;\">\u00a0\u00a0\u00a0\u00a0\u00a0 <\/span>Almir\u00f3n Armando Antonio<span style=\"mso-spacerun: yes;\">\u00a0\u00a0\u00a0\u00a0\u00a0\u00a0\u00a0\u00a0\u00a0\u00a0\u00a0\u00a0\u00a0\u00a0\u00a0\u00a0\u00a0\u00a0\u00a0\u00a0 <\/span>DNI 16311188<\/span><\/strong><\/p>\n<p class=\"MsoNormal\"><strong><span style=\"font-size: 12.0pt; line-height: 115%; font-family: 'Arial','sans-serif'; mso-ansi-language: ES-AR; font-weight: normal;\">Subof May<span style=\"mso-spacerun: yes;\">\u00a0\u00a0\u00a0\u00a0\u00a0 <\/span>Almir\u00f3n Pablo Horacio<span style=\"mso-spacerun: yes;\">\u00a0\u00a0\u00a0\u00a0\u00a0\u00a0\u00a0\u00a0\u00a0\u00a0\u00a0\u00a0\u00a0\u00a0\u00a0\u00a0\u00a0\u00a0\u00a0\u00a0\u00a0\u00a0\u00a0\u00a0\u00a0 <\/span>DNI 16953563<\/span><\/strong><\/p>\n<p class=\"MsoNormal\"><strong><span style=\"font-size: 12.0pt; line-height: 115%; font-family: 'Arial','sans-serif'; mso-ansi-language: ES-AR; font-weight: normal;\">Subof May<span style=\"mso-spacerun: yes;\">\u00a0\u00a0\u00a0\u00a0\u00a0 <\/span>Arriola Javier Ram\u00f3n<span style=\"mso-spacerun: yes;\">\u00a0\u00a0\u00a0\u00a0\u00a0\u00a0\u00a0\u00a0\u00a0\u00a0\u00a0\u00a0\u00a0\u00a0\u00a0\u00a0\u00a0\u00a0\u00a0\u00a0\u00a0\u00a0\u00a0\u00a0\u00a0\u00a0\u00a0 <\/span>DNI 11640347<\/span><\/strong><\/p>\n<p class=\"MsoNormal\"><strong><span style=\"font-size: 12.0pt; line-height: 115%; font-family: 'Arial','sans-serif'; mso-ansi-language: ES-AR; font-weight: normal;\">Subof May<span style=\"mso-spacerun: yes;\">\u00a0\u00a0\u00a0\u00a0\u00a0 <\/span>Sandoval Juan Carlos<span style=\"mso-spacerun: yes;\">\u00a0\u00a0\u00a0\u00a0\u00a0\u00a0\u00a0\u00a0\u00a0\u00a0\u00a0\u00a0\u00a0\u00a0\u00a0\u00a0\u00a0\u00a0\u00a0\u00a0\u00a0\u00a0\u00a0\u00a0\u00a0 <\/span>DNI 14716266<\/span><\/strong><\/p>\n<p class=\"MsoNormal\"><strong><span style=\"font-size: 12.0pt; line-height: 115%; font-family: 'Arial','sans-serif'; mso-ansi-language: ES-AR; font-weight: normal;\">Subof<span style=\"mso-spacerun: yes;\">\u00a0 <\/span>PR<span style=\"mso-spacerun: yes;\">\u00a0\u00a0\u00a0\u00a0\u00a0 <\/span>Sereno Rub\u00e9n Jos\u00e9<span style=\"mso-spacerun: yes;\">\u00a0\u00a0\u00a0\u00a0\u00a0\u00a0\u00a0\u00a0\u00a0\u00a0\u00a0\u00a0\u00a0\u00a0\u00a0\u00a0\u00a0\u00a0\u00a0\u00a0\u00a0\u00a0\u00a0\u00a0\u00a0\u00a0\u00a0\u00a0\u00a0\u00a0 <\/span>DNI 6154083<\/span><\/strong><\/p>\n<p class=\"MsoNormal\"><strong><span style=\"font-size: 12.0pt; line-height: 115%; font-family: 'Arial','sans-serif'; mso-ansi-language: ES-AR; font-weight: normal;\">Subof PR<span style=\"mso-spacerun: yes;\">\u00a0\u00a0\u00a0\u00a0\u00a0\u00a0 <\/span>Maldonado Arnaldo Oscar<span style=\"mso-spacerun: yes;\">\u00a0\u00a0\u00a0\u00a0\u00a0\u00a0\u00a0\u00a0\u00a0\u00a0\u00a0\u00a0\u00a0\u00a0\u00a0\u00a0\u00a0\u00a0\u00a0 <\/span>DNI 7249180<\/span><\/strong><\/p>\n<p class=\"MsoNormal\"><strong><span style=\"font-size: 12.0pt; line-height: 115%; font-family: 'Arial','sans-serif'; mso-ansi-language: ES-AR; font-weight: normal;\">Subof PR<span style=\"mso-spacerun: yes;\">\u00a0\u00a0\u00a0\u00a0\u00a0\u00a0 <\/span>Blanco Francisco Pedro<span style=\"mso-spacerun: yes;\">\u00a0\u00a0\u00a0\u00a0\u00a0\u00a0\u00a0\u00a0\u00a0\u00a0\u00a0\u00a0\u00a0\u00a0\u00a0\u00a0\u00a0\u00a0\u00a0\u00a0\u00a0\u00a0\u00a0 <\/span>DNI 11718712<\/span><\/strong><\/p>\n<p class=\"MsoNormal\"><strong><span style=\"font-size: 12.0pt; line-height: 115%; font-family: 'Arial','sans-serif'; mso-ansi-language: ES-AR; font-weight: normal;\">Subof PR<span style=\"mso-spacerun: yes;\">\u00a0\u00a0\u00a0\u00a0\u00a0\u00a0 <\/span>Zalazar Miguel \u00c1ngel<span style=\"mso-spacerun: yes;\">\u00a0\u00a0\u00a0\u00a0\u00a0\u00a0\u00a0\u00a0\u00a0\u00a0\u00a0\u00a0\u00a0\u00a0\u00a0\u00a0\u00a0\u00a0\u00a0\u00a0\u00a0\u00a0\u00a0\u00a0\u00a0\u00a0\u00a0 <\/span>DNI 11623111<\/span><\/strong><\/p>\n<p class=\"MsoNormal\"><strong><span style=\"font-size: 12.0pt; line-height: 115%; font-family: 'Arial','sans-serif'; mso-ansi-language: ES-AR; font-weight: normal;\">Subof PR<span style=\"mso-spacerun: yes;\">\u00a0\u00a0\u00a0\u00a0\u00a0\u00a0 <\/span>Almir\u00f3n Abel Andr\u00e9s<span style=\"mso-spacerun: yes;\">\u00a0\u00a0\u00a0\u00a0\u00a0\u00a0\u00a0\u00a0\u00a0\u00a0\u00a0\u00a0\u00a0\u00a0\u00a0\u00a0\u00a0\u00a0\u00a0\u00a0\u00a0\u00a0\u00a0\u00a0\u00a0\u00a0\u00a0\u00a0 <\/span>DNI 12393647<\/span><\/strong><\/p>\n<p class=\"MsoNormal\"><strong><span style=\"font-size: 12.0pt; line-height: 115%; font-family: 'Arial','sans-serif'; mso-ansi-language: ES-AR; font-weight: normal;\">Subof PR<span style=\"mso-spacerun: yes;\">\u00a0\u00a0\u00a0\u00a0\u00a0\u00a0 <\/span>Galeano Hugo Ernesto<span style=\"mso-spacerun: yes;\">\u00a0\u00a0\u00a0\u00a0\u00a0\u00a0\u00a0\u00a0\u00a0\u00a0\u00a0\u00a0\u00a0\u00a0\u00a0\u00a0\u00a0\u00a0\u00a0\u00a0\u00a0\u00a0\u00a0\u00a0 <\/span>DNI 11462063<\/span><\/strong><\/p>\n<p class=\"MsoNormal\"><strong><span style=\"font-size: 12.0pt; line-height: 115%; font-family: 'Arial','sans-serif'; mso-ansi-language: ES-AR; font-weight: normal;\">Subof PR<span style=\"mso-spacerun: yes;\">\u00a0\u00a0\u00a0\u00a0\u00a0\u00a0 <\/span>Gauna N\u00e9stor Luis<span style=\"mso-spacerun: yes;\">\u00a0\u00a0\u00a0\u00a0\u00a0\u00a0\u00a0\u00a0\u00a0\u00a0\u00a0\u00a0\u00a0\u00a0\u00a0\u00a0\u00a0\u00a0\u00a0\u00a0\u00a0\u00a0\u00a0\u00a0\u00a0\u00a0\u00a0\u00a0\u00a0\u00a0\u00a0 <\/span>DNI 17283297<\/span><\/strong><\/p>\n<p class=\"MsoNormal\"><strong><span style=\"font-size: 12.0pt; line-height: 115%; font-family: 'Arial','sans-serif'; mso-ansi-language: ES-AR; font-weight: normal;\">Sarg Ay<span style=\"mso-spacerun: yes;\">\u00a0\u00a0\u00a0\u00a0\u00a0\u00a0\u00a0\u00a0\u00a0 <\/span>S\u00e1nchez Eduardo Ignacio<span style=\"mso-spacerun: yes;\">\u00a0\u00a0\u00a0\u00a0\u00a0\u00a0\u00a0\u00a0\u00a0\u00a0\u00a0\u00a0\u00a0\u00a0\u00a0\u00a0\u00a0\u00a0\u00a0 <\/span>DNI 16029921<\/span><\/strong><\/p>\n<p class=\"MsoNormal\"><strong><span style=\"font-size: 12.0pt; line-height: 115%; font-family: 'Arial','sans-serif'; mso-ansi-language: ES-AR; font-weight: normal;\">Sarg 1ro<span style=\"mso-spacerun: yes;\">\u00a0\u00a0\u00a0\u00a0\u00a0\u00a0\u00a0\u00a0 <\/span>L\u00f3pez Carlos Alberto<span style=\"mso-spacerun: yes;\">\u00a0\u00a0\u00a0\u00a0\u00a0\u00a0\u00a0\u00a0\u00a0\u00a0\u00a0\u00a0\u00a0\u00a0\u00a0\u00a0\u00a0\u00a0\u00a0\u00a0\u00a0\u00a0\u00a0\u00a0\u00a0\u00a0\u00a0 <\/span>DNI 14069268<\/span><\/strong><\/p>\n<p class=\"MsoNormal\"><strong><span style=\"font-size: 12.0pt; line-height: 115%; font-family: 'Arial','sans-serif'; mso-ansi-language: ES-AR; font-weight: normal;\">Cab 1ro<span style=\"mso-spacerun: yes;\">\u00a0\u00a0\u00a0\u00a0\u00a0\u00a0\u00a0\u00a0\u00a0 <\/span>Sotelo Juan Orlando<span style=\"mso-spacerun: yes;\">\u00a0\u00a0\u00a0\u00a0\u00a0\u00a0\u00a0\u00a0\u00a0\u00a0\u00a0\u00a0\u00a0\u00a0\u00a0\u00a0\u00a0\u00a0\u00a0\u00a0\u00a0\u00a0\u00a0\u00a0\u00a0\u00a0\u00a0\u00a0 <\/span>DNI 14241400<\/span><\/strong><\/p>\n<p class=\"MsoNormal\"><strong><span style=\"font-size: 12.0pt; line-height: 115%; font-family: 'Arial','sans-serif'; mso-ansi-language: ES-AR; font-weight: normal;\">Cab IM<span style=\"mso-spacerun: yes;\">\u00a0\u00a0\u00a0\u00a0\u00a0\u00a0\u00a0\u00a0\u00a0\u00a0 <\/span>Ver\u00f3n Pedro Celestino<span style=\"mso-spacerun: yes;\">\u00a0\u00a0\u00a0\u00a0\u00a0\u00a0\u00a0\u00a0\u00a0\u00a0 <\/span><span style=\"mso-spacerun: yes;\">\u00a0\u00a0\u00a0\u00a0\u00a0\u00a0\u00a0\u00a0\u00a0\u00a0\u00a0\u00a0\u00a0\u00a0\u00a0<\/span>DNI 10670800<\/span><\/strong><\/p>\n<p class=\"MsoNormal\"><strong><span style=\"font-size: 12.0pt; line-height: 115%; font-family: 'Arial','sans-serif'; mso-ansi-language: ES-AR; font-weight: normal;\">Ay 2da pna<span style=\"mso-spacerun: yes;\">\u00a0\u00a0\u00a0\u00a0 <\/span>Grigolatto Ramon Antonio<span style=\"mso-spacerun: yes;\">\u00a0\u00a0\u00a0\u00a0\u00a0\u00a0\u00a0\u00a0\u00a0\u00a0\u00a0\u00a0\u00a0\u00a0\u00a0\u00a0\u00a0\u00a0\u00a0 <\/span>DNI 13716171<\/span><\/strong><\/p>\n<p class=\"MsoNormal\"><strong><span lang=\"EN-US\" style=\"font-size: 12.0pt; line-height: 115%; font-family: 'Arial','sans-serif'; font-weight: normal;\">Subof May<span style=\"mso-spacerun: yes;\">\u00a0\u00a0\u00a0\u00a0\u00a0 <\/span>Moreyra H\u00e9ctor R.<span style=\"mso-spacerun: yes;\">\u00a0\u00a0\u00a0\u00a0\u00a0\u00a0\u00a0\u00a0\u00a0\u00a0\u00a0\u00a0\u00a0\u00a0\u00a0\u00a0\u00a0\u00a0\u00a0\u00a0\u00a0\u00a0\u00a0\u00a0\u00a0\u00a0\u00a0\u00a0\u00a0\u00a0\u00a0 <\/span><\/span><\/strong><strong><span style=\"font-size: 12.0pt; line-height: 115%; font-family: 'Arial','sans-serif'; mso-ansi-language: ES-AR; font-weight: normal;\">DNI 5798975<\/span><\/strong><\/p>\n<p class=\"MsoNormal\"><strong><span style=\"font-size: 12.0pt; line-height: 115%; font-family: 'Arial','sans-serif'; mso-ansi-language: ES-AR; font-weight: normal;\">Subof May<span style=\"mso-spacerun: yes;\">\u00a0\u00a0\u00a0\u00a0\u00a0 <\/span>Mauri Hugo Ernesto<span style=\"mso-spacerun: yes;\">\u00a0\u00a0\u00a0\u00a0\u00a0\u00a0\u00a0\u00a0\u00a0\u00a0\u00a0\u00a0\u00a0\u00a0\u00a0\u00a0\u00a0\u00a0\u00a0\u00a0\u00a0\u00a0\u00a0\u00a0\u00a0\u00a0\u00a0\u00a0 <\/span>DNI 11646270<\/span><\/strong><\/p>\n<p class=\"MsoNormal\"><strong><span style=\"font-size: 12.0pt; line-height: 115%; font-family: 'Arial','sans-serif'; mso-ansi-language: ES-AR; font-weight: normal;\">Subof PR<span style=\"mso-spacerun: yes;\">\u00a0\u00a0\u00a0\u00a0\u00a0\u00a0\u00a0 <\/span>Fern\u00e1ndez Manuel Antonio<span style=\"mso-spacerun: yes;\">\u00a0\u00a0\u00a0\u00a0\u00a0\u00a0\u00a0\u00a0\u00a0\u00a0\u00a0\u00a0\u00a0\u00a0\u00a0\u00a0\u00a0 <\/span>DNI 5696651<\/span><\/strong><\/p>\n<p class=\"MsoNormal\"><strong><span style=\"font-size: 12.0pt; line-height: 115%; font-family: 'Arial','sans-serif'; mso-ansi-language: ES-AR; font-weight: normal;\">Subof PR<span style=\"mso-spacerun: yes;\">\u00a0\u00a0\u00a0\u00a0\u00a0\u00a0\u00a0 <\/span>Almir\u00f3n Juan Carlos<span style=\"mso-spacerun: yes;\">\u00a0\u00a0\u00a0\u00a0\u00a0\u00a0\u00a0\u00a0\u00a0\u00a0\u00a0\u00a0\u00a0\u00a0\u00a0\u00a0\u00a0\u00a0\u00a0\u00a0\u00a0\u00a0\u00a0\u00a0\u00a0\u00a0\u00a0\u00a0 <\/span>DNI 11640157<\/span><\/strong><\/p>\n<p class=\"MsoNormal\"><strong><span style=\"font-size: 12.0pt; line-height: 115%; font-family: 'Arial','sans-serif'; mso-ansi-language: ES-AR; font-weight: normal;\">Subof PR<span style=\"mso-spacerun: yes;\">\u00a0\u00a0\u00a0\u00a0\u00a0\u00a0\u00a0 <\/span>Ledesma Carlos Cesar<span style=\"mso-spacerun: yes;\">\u00a0\u00a0\u00a0\u00a0\u00a0\u00a0\u00a0\u00a0\u00a0\u00a0\u00a0\u00a0\u00a0\u00a0\u00a0\u00a0\u00a0\u00a0\u00a0\u00a0\u00a0\u00a0\u00a0\u00a0 <\/span>DNI 10033827<\/span><\/strong><\/p>\n<p class=\"MsoNormal\"><strong><span style=\"font-size: 12.0pt; line-height: 115%; font-family: 'Arial','sans-serif'; mso-ansi-language: ES-AR; font-weight: normal;\">Subof PR<span style=\"mso-spacerun: yes;\">\u00a0\u00a0\u00a0\u00a0\u00a0\u00a0\u00a0 <\/span>Garc\u00eda Enrique Mario<span style=\"mso-spacerun: yes;\">\u00a0\u00a0\u00a0 <\/span><span style=\"mso-spacerun: yes;\">\u00a0\u00a0\u00a0\u00a0\u00a0\u00a0\u00a0\u00a0\u00a0\u00a0\u00a0\u00a0\u00a0\u00a0\u00a0\u00a0\u00a0\u00a0\u00a0\u00a0\u00a0\u00a0\u00a0\u00a0<\/span>DNI 13353900<\/span><\/strong><\/p>\n<p class=\"MsoNormal\"><strong><span style=\"font-size: 12.0pt; line-height: 115%; font-family: 'Arial','sans-serif'; mso-ansi-language: ES-AR; font-weight: normal;\">Subof PR<span style=\"mso-spacerun: yes;\">\u00a0\u00a0\u00a0\u00a0\u00a0\u00a0\u00a0 <\/span>Luna Luis Jacinto<span style=\"mso-spacerun: yes;\">\u00a0\u00a0\u00a0\u00a0\u00a0\u00a0\u00a0\u00a0\u00a0\u00a0\u00a0\u00a0\u00a0\u00a0\u00a0\u00a0\u00a0\u00a0\u00a0\u00a0\u00a0\u00a0\u00a0\u00a0\u00a0\u00a0\u00a0\u00a0\u00a0\u00a0\u00a0\u00a0\u00a0 <\/span>DNI 5932785<\/span><\/strong><\/p>\n<p class=\"MsoNormal\"><strong><span style=\"font-size: 12.0pt; line-height: 115%; font-family: 'Arial','sans-serif'; mso-ansi-language: ES-AR; font-weight: normal;\">Sarg Ay<span style=\"mso-spacerun: yes;\">\u00a0\u00a0\u00a0\u00a0\u00a0\u00a0\u00a0\u00a0\u00a0\u00a0 <\/span>L\u00f3pez Jos\u00e9 Eliazar<span style=\"mso-spacerun: yes;\">\u00a0\u00a0\u00a0\u00a0\u00a0\u00a0\u00a0\u00a0\u00a0\u00a0\u00a0\u00a0\u00a0\u00a0\u00a0\u00a0\u00a0\u00a0\u00a0\u00a0\u00a0\u00a0\u00a0\u00a0\u00a0\u00a0\u00a0\u00a0\u00a0\u00a0 <\/span>DNI 7614166<\/span><\/strong><\/p>\n<p class=\"MsoNormal\"><strong><span style=\"font-size: 12.0pt; line-height: 115%; font-family: 'Arial','sans-serif'; mso-ansi-language: ES-AR; font-weight: normal;\">Sarg Ay<span style=\"mso-spacerun: yes;\">\u00a0\u00a0\u00a0\u00a0\u00a0\u00a0\u00a0\u00a0\u00a0\u00a0 <\/span>Bressan Luis Alfredo<span style=\"mso-spacerun: yes;\">\u00a0\u00a0\u00a0\u00a0\u00a0\u00a0\u00a0\u00a0\u00a0\u00a0\u00a0\u00a0\u00a0\u00a0\u00a0\u00a0\u00a0\u00a0\u00a0\u00a0\u00a0\u00a0 <\/span><span style=\"mso-spacerun: yes;\">\u00a0\u00a0\u00a0\u00a0\u00a0<\/span>DNI 7873932<\/span><\/strong><\/p>\n<p class=\"MsoNormal\" style=\"text-align: justify;\"><strong><span style=\"font-size: 12.0pt; line-height: 115%; font-family: 'Arial','sans-serif'; mso-ansi-language: ES-AR; mso-bidi-font-weight: normal;\">Art. 3\u00ba.- Al<\/span><\/strong><strong><span style=\"font-size: 12.0pt; line-height: 115%; font-family: 'Arial','sans-serif'; mso-ansi-language: ES-AR; font-weight: normal;\"> personal militar y soldados VETERANOS DE GUERRA, EX COMBATIENTES DE MALVINAS se le entregara un diploma que certifique<span style=\"mso-spacerun: yes;\">\u00a0 <\/span>la distinci\u00f3n otorgada en la sesi\u00f3n Ordinaria del d\u00eda 28 de marzo del corriente a\u00f1o. <\/span><\/strong><\/p>\n<p class=\"MsoNormal\" style=\"text-align: justify;\"><strong><span style=\"font-size: 12.0pt; line-height: 115%; font-family: 'Arial','sans-serif'; mso-ansi-language: ES-AR; font-weight: normal;\"><strong>Art 4\u00ba.- De Forma.<\/strong> <\/span><\/strong><\/p>\n<p class=\"MsoNormal\" style=\"text-align: justify;\"><strong><span style=\"font-size: 12.0pt; line-height: 115%; font-family: 'Arial','sans-serif'; mso-ansi-language: ES-AR; font-weight: normal;\"><strong><img loading=\"lazy\" decoding=\"async\" src=\"images\/sesion-210318-4.jpeg\" alt=\"\" width=\"808\" height=\"455\" \/><\/strong><\/span><\/strong><\/p>\n<p class=\"MsoNormal\" style=\"text-align: justify;\"><strong><span style=\"font-size: 12.0pt; line-height: 115%; font-family: 'Arial','sans-serif'; mso-ansi-language: ES-AR; font-weight: normal;\"><strong><img loading=\"lazy\" decoding=\"async\" src=\"images\/sesion-210318.jpeg\" alt=\"\" width=\"810\" height=\"507\" \/><\/strong><\/span><\/strong><\/p>\n<p class=\"MsoNormal\" style=\"text-align: justify;\"><strong><span style=\"font-size: 12.0pt; line-height: 115%; font-family: 'Arial','sans-serif'; mso-ansi-language: ES-AR; font-weight: normal;\">Seguidamente se trat\u00f3 el expediente<span style=\"mso-spacerun: yes;\">\u00a0 <\/span>N\u00b04352\/18 referido a la nota de la Iglesia Alianza Cristiana y Misionera Argentina solicitando la Declaraci\u00f3n de Inter\u00e9s Municipal las jornadas de extendidos en Argentina, a realizarse en nuestra ciudad, el pr\u00f3ximo 5 de mayo del corriente en el Centro de Manos Abiertas, bajo el lema \u201cM\u00e1s All\u00e1 del Sufrimiento\u201d. El despacho fue aprobado favorablemente y ser\u00e1 remitida una copia de la declaraci\u00f3n a la Iglesia de la Alianza Cristiana y Misionera Argentina.<\/span><\/strong><\/p>\n<p class=\"MsoNormal\" style=\"text-align: justify;\"><strong><span style=\"font-size: 12.0pt; line-height: 115%; font-family: 'Arial','sans-serif'; mso-ansi-language: ES-AR; font-weight: normal;\">Luego se trat\u00f3 el despacho de la comisi\u00f3n de obras p\u00fablicas, sobre el expediente N\u00b04355\/18 referido<span style=\"mso-spacerun: yes;\">\u00a0 <\/span>al proyecto de resoluci\u00f3n del bloque PJ de solicitar al DEM se\u00f1alice la calle Mario Valerio S\u00e1nchez con la carteler\u00eda correspondiente. El proyecto dice, solicitar al DEM que se\u00f1alice con carteler\u00eda correspondiente la calle designada con el nombre de \u201cMARIO VALERIO SANCHEZ\u201d ubicada al Oeste de las Manzanas 379, 393, 392, 372 y 373 y al Este de las manzanas 375, 376 y 390, que se orienta de sur a norte, desde Avda. Jos\u00e9 Ignacio Rucci a calle R\u00edo Santa Luc\u00eda, seg\u00fan lo establecido en ordenanza 3085. Luego de lo expresado por el concejal Preisz solicitando el acompa\u00f1amiento de este proyecto, fue aprobado un\u00e1nimemente.<\/span><\/strong><\/p>\n<p class=\"MsoNormal\" style=\"text-align: justify;\"><strong><span style=\"font-size: 12.0pt; line-height: 115%; font-family: 'Arial','sans-serif'; mso-ansi-language: ES-AR; font-weight: normal;\">El 3\u00ba punto tratado, fue de proyectos ingresados, inicialmente el de ordenanza,<span style=\"mso-spacerun: yes;\">\u00a0 <\/span>del DEM referido Adherirse a la ley provincial N\u00b05639 de adhesi\u00f3n a la ley N\u00b025917 de R\u00e9gimen Federal de Responsabilidad Fiscal. Luego del pedido de lectura y solicitud por el concejal Santini para su tratamiento sobre tablas, el que se aprob\u00f3 por 10 votos a 1 negativo, del concejal Duarte, siendo el mismo resultado para su aprobaci\u00f3n como ordenanza. El proyecto presentado por el DEM dice:<\/span><\/strong><\/p>\n<p class=\"MsoNormal\" style=\"text-align: center;\" align=\"center\"><strong><span style=\"font-size: 12.0pt; line-height: 115%; font-family: 'Arial','sans-serif'; mso-ansi-language: ES-AR; mso-bidi-font-weight: normal;\">PROYECTO DE ORDENANZA DEL DEM<\/span><\/strong><\/p>\n<p class=\"MsoNormal\" style=\"text-align: justify;\"><strong><span style=\"font-size: 12.0pt; line-height: 115%; font-family: 'Arial','sans-serif'; mso-ansi-language: ES-AR; mso-bidi-font-weight: normal;\">VISTO:<\/span><\/strong><\/p>\n<p class=\"MsoNormal\" style=\"text-align: justify;\"><strong><span style=\"font-size: 12.0pt; line-height: 115%; font-family: 'Arial','sans-serif'; mso-ansi-language: ES-AR; font-weight: normal;\">La Ley Provincial N\u00b06.434, que aprueba el Consenso Fiscal suscripto entre la Naci\u00f3n, Las Provincias y la Ciudad Aut\u00f3noma de Buenos Aires, as\u00ed como la adhesi\u00f3n a la Ley N\u00b027.428 de R\u00e9gimen Federal de Responsabilidad Fiscal y Buenas Pr\u00e1cticas de Gobierno;<\/span><\/strong><\/p>\n<p class=\"MsoNormal\" style=\"text-align: justify;\"><strong><span style=\"font-size: 12.0pt; line-height: 115%; font-family: 'Arial','sans-serif'; mso-ansi-language: ES-AR; mso-bidi-font-weight: normal;\">CONSIDERANDO:<\/span><\/strong><\/p>\n<p class=\"MsoNormal\" style=\"text-align: justify;\"><strong><span style=\"font-size: 12.0pt; line-height: 115%; font-family: 'Arial','sans-serif'; mso-ansi-language: ES-AR; font-weight: normal;\">Que la Ley -Provincial N\u00b0 6.434, al aprobar al Consenso Fiscal y R\u00e9gimen Federal de Responsabilidad Fiscal y Buenas Pr\u00e1cticas de Gobierno, tambi\u00e9n en su art\u00edculo 4\u00b0, invita a los Municipios de la Provincia a adherirse a los mismos.<\/span><\/strong><\/p>\n<p class=\"MsoNormal\" style=\"text-align: justify;\"><strong><span style=\"font-size: 12.0pt; line-height: 115%; font-family: 'Arial','sans-serif'; mso-ansi-language: ES-AR; font-weight: normal;\">Que, en la Cl\u00e1usula III incisos n, o, p, q y r, del Consenso Fiscal, se mencionaron pautas para los municipios, como la de establecer un r\u00e9gimen de coparticipaci\u00f3n de recursos provinciales con los municipios, establecer un r\u00e9gimen de responsabilidad fiscal similar al nacional, promover la adecuaci\u00f3n de las tasas municipales de manera que se correspondan con la concreta, efectiva e individualizada prestaci\u00f3n de un servicio y sus importes guarden razonabilidad con el costo del mismo.<\/span><\/strong><\/p>\n<p class=\"MsoNormal\" style=\"text-align: justify;\"><strong><span style=\"font-size: 12.0pt; line-height: 115%; font-family: 'Arial','sans-serif'; mso-ansi-language: ES-AR; font-weight: normal;\">Que, con respecto a los recursos provenientes del Fondo Federal Solidario, corresponde al Estado Provincial hacer extensivo a los Municipios el mecanismo de distribuci\u00f3n establecido en la referida Cl\u00e1usula II, Inciso h) del Consenso Fiscal, debiendo en consecuencia las jurisdicciones municipales adherirse al Consenso Fiscal ratificado por la Ley Provincial N\u00b0 6434 as\u00ed como a la Ley Nacional N\u00b0 27.428 de R\u00e9gimen Federal de Responsabilidad Fiscal y Buenas Pr\u00e1cticas de Gobierno, para acceder a los recursos provenientes del referido Fondo, antes del 30 de junio de 2018, estableci\u00e9ndose en el acuerdo fiscal que lo acordado producir\u00e1 efectos s\u00f3lo respecto de las jurisdicciones que lo aprueben por sus legislaturas y a partir de esa fecha, lo que es aplicable a los Municipios.<\/span><\/strong><\/p>\n<p class=\"MsoNormal\" style=\"text-align: justify;\"><strong><span style=\"font-size: 12.0pt; line-height: 115%; font-family: 'Arial','sans-serif'; mso-ansi-language: ES-AR; font-weight: normal;\">Que, la Provincia se encuentra adherida por Ley Provincial N\u00b05.639 a la Ley Nacional N\u00b025.917 de R\u00e9gimen Federal de Responsabilidad Fiscal, que fuera modificado por la Ley Nacional N\u00b027.428 de R\u00e9gimen Federal de Responsabilidad Fiscal y Buenas Pr\u00e1cticas de Gobierno.<\/span><\/strong><\/p>\n<p class=\"MsoNormal\" style=\"text-align: justify;\"><strong><span style=\"font-size: 12.0pt; line-height: 115%; font-family: 'Arial','sans-serif'; mso-ansi-language: ES-AR; font-weight: normal;\">Que, resulta necesario proceder a la adhesi\u00f3n de las normas mencionadas anteriormente a los fines de dar cumplimiento a los objetivos finales del Consenso Fiscal y del R\u00e9gimen de Responsabilidad Fiscal y Buenas Pr\u00e1cticas de Gobierno.<\/span><\/strong><\/p>\n<p class=\"MsoNormal\"><strong><span style=\"font-size: 12.0pt; line-height: 115%; font-family: 'Arial','sans-serif'; mso-ansi-language: ES-AR; mso-bidi-font-weight: normal;\"><span style=\"mso-spacerun: yes;\">\u00a0<\/span>POR ELLO:<\/span><\/strong><\/p>\n<p class=\"MsoNormal\" style=\"text-align: center;\" align=\"center\"><strong><span style=\"font-size: 12.0pt; line-height: 115%; font-family: 'Arial','sans-serif'; mso-ansi-language: ES-AR; mso-bidi-font-weight: normal;\">EL HONORABLE CONCEJO DELIBERANTE<\/span><\/strong><\/p>\n<p class=\"MsoNormal\" style=\"text-align: center;\" align=\"center\"><strong><span style=\"font-size: 12.0pt; line-height: 115%; font-family: 'Arial','sans-serif'; mso-ansi-language: ES-AR; mso-bidi-font-weight: normal;\">de CURUZU CUATIA<\/span><\/strong><\/p>\n<p class=\"MsoNormal\" style=\"text-align: center;\" align=\"center\"><strong><span style=\"font-size: 12.0pt; line-height: 115%; font-family: 'Arial','sans-serif'; mso-ansi-language: ES-AR; mso-bidi-font-weight: normal;\">SANCIONA CON FUERZA DE<\/span><\/strong><\/p>\n<p class=\"MsoNormal\" style=\"text-align: center;\" align=\"center\"><strong><span style=\"font-size: 12.0pt; line-height: 115%; font-family: 'Arial','sans-serif'; mso-ansi-language: ES-AR; mso-bidi-font-weight: normal;\">ORDENANZA<\/span><\/strong><\/p>\n<p class=\"MsoNormal\" style=\"text-align: justify;\"><strong><span style=\"font-size: 12.0pt; line-height: 115%; font-family: 'Arial','sans-serif'; mso-ansi-language: ES-AR; mso-bidi-font-weight: normal;\">ART. 1\u00b0: ADHIERASE<\/span><\/strong><strong><span style=\"font-size: 12.0pt; line-height: 115%; font-family: 'Arial','sans-serif'; mso-ansi-language: ES-AR; font-weight: normal;\"> la Municipalidad de Curuz\u00fa Cuati\u00e1 a la Ley Provincial N\u00b05.639 de adhesi\u00f3n a la Ley Nacional N\u00b025.917 de R\u00e9gimen Federal de Responsabilidad Fiscal.<\/span><\/strong><\/p>\n<p class=\"MsoNormal\" style=\"text-align: justify;\"><strong><span style=\"font-size: 12.0pt; line-height: 115%; font-family: 'Arial','sans-serif'; mso-ansi-language: ES-AR; mso-bidi-font-weight: normal;\">ART. 2\u00b0: ADHIERASE<\/span><\/strong><strong><span style=\"font-size: 12.0pt; line-height: 115%; font-family: 'Arial','sans-serif'; mso-ansi-language: ES-AR; font-weight: normal;\"> la Municipalidad de Curuz\u00fa Cuati\u00e1, a La Ley Provincial N\u00b06.434, que aprueba el Consenso Fiscal y adhiere a La Ley Nacional N\u00b027.428 de R\u00e9gimen Federal de Responsabilidad Fiscal y Buenas Pr\u00e1cticas de Gobierno.<\/span><\/strong><\/p>\n<p class=\"MsoNormal\"><strong><span style=\"font-size: 12.0pt; line-height: 115%; font-family: 'Arial','sans-serif'; mso-ansi-language: ES-AR; font-weight: normal;\"><strong>ART. 3\u00b0: De forma.<\/strong> <br \/><\/span><\/strong><\/p>\n<p class=\"MsoNormal\"><strong><span style=\"font-size: 12.0pt; line-height: 115%; font-family: 'Arial','sans-serif'; mso-ansi-language: ES-AR; font-weight: normal;\"><img loading=\"lazy\" decoding=\"async\" src=\"images\/sesion-210318-2.jpeg\" alt=\"\" width=\"801\" height=\"451\" \/><\/span><\/strong><\/p>\n<p class=\"MsoNormal\" style=\"text-align: justify;\"><strong><span style=\"font-size: 12.0pt; line-height: 115%; font-family: 'Arial','sans-serif'; mso-ansi-language: ES-AR; font-weight: normal;\">Siguiendo con el punto 3\u00b0, proyectos ingresados, del bloque PJ, referido a modificar Ordenanza 113 sobre ocupaci\u00f3n de la v\u00eda p\u00fablica, pas\u00f3 a comisi\u00f3n de Gobierno. Y de resoluci\u00f3n del Bloque PJ de solicitar al DEM intime a propietarios de veh\u00edculo abandonados en la v\u00eda p\u00fablica, pas\u00f3 a comisi\u00f3n de Gobierno.<\/span><\/strong><\/p>\n<p class=\"MsoNormal\" style=\"text-align: justify;\"><strong><span style=\"font-size: 12.0pt; line-height: 115%; font-family: 'Arial','sans-serif'; mso-ansi-language: ES-AR; font-weight: normal;\">El 4\u00b0 punto se trat\u00f3<span style=\"mso-spacerun: yes;\">\u00a0 <\/span>las comunicaciones oficiales, primero del DEM, enviando nota de directivos del Sanatorio Curuz\u00fa, pas\u00f3 a comisi\u00f3n de Gobierno. <\/span><\/strong><\/p>\n<p class=\"MsoNormal\" style=\"text-align: justify;\"><strong><span style=\"font-size: 12.0pt; line-height: 115%; font-family: 'Arial','sans-serif'; mso-ansi-language: ES-AR; font-weight: normal;\">Se recibi\u00f3 la invitaci\u00f3n para el Acto Central con motivo de recordar el D\u00eda Nacional de la Memoria por la Verdad y la Justicia, que se realizar\u00e1 el viernes 23 de marzo a las 9hs. en la Plaza Gral. Belgrano.<\/span><\/strong><\/p>\n<p class=\"MsoNormal\" style=\"text-align: justify;\"><strong><span style=\"font-size: 12.0pt; line-height: 115%; font-family: 'Arial','sans-serif'; mso-ansi-language: ES-AR; font-weight: normal;\">De la directora de Cultura invitando a participar de la Reuni\u00f3n Anual de Planificaci\u00f3n Tur\u00edstica, que se llevar\u00e1 a cabo el d\u00eda jueves 22 de marzo a las 13hs. en la Casa del Bicentenario.<\/span><\/strong><\/p>\n<p class=\"MsoNormal\" style=\"text-align: justify;\"><strong><span style=\"font-size: 12.0pt; line-height: 115%; font-family: 'Arial','sans-serif'; mso-ansi-language: ES-AR; font-weight: normal;\">Se dio conocimiento a los Boletines Oficiales 3200 Y 3201, que quedar\u00e1n en secretar\u00eda.<\/span><\/strong><\/p>\n<p class=\"MsoNormal\" style=\"text-align: justify;\"><strong><span style=\"font-size: 12.0pt; line-height: 115%; font-family: 'Arial','sans-serif'; mso-ansi-language: ES-AR; font-weight: normal;\">De la Auditora Municipal remitiendo los siguientes informes: a) Revisi\u00f3n de estados contables del segundo trimestre 2016. b) Especial sobre controles del segundo trimestre 2016. Y nota informando vencimiento de plazo para la presentaci\u00f3n de las cuentas trimestrales, pasa a comisi\u00f3n de Control y Gesti\u00f3n.<\/span><\/strong><\/p>\n<p class=\"MsoNormal\" style=\"text-align: justify;\"><strong><span style=\"font-size: 12.0pt; line-height: 115%; font-family: 'Arial','sans-serif'; mso-ansi-language: ES-AR; font-weight: normal;\">El 5\u00b0 punto tratado, sobre notas privadas, de Juan P\u00e1ez Ojeda, informando Comisi\u00f3n del Barrio 150 Viviendas, pas\u00f3 a comisi\u00f3n de Gobierno; de Bel\u00e9n y Natalia Rodr\u00edguez, solicitando condonaci\u00f3n de intereses de la contribuci\u00f3n por pavimento, pas\u00f3 a comisi\u00f3n de Presupuesto; de Graciela Albergucci y Bernardo Carreira, invitando a<span style=\"mso-spacerun: yes;\">\u00a0 <\/span>Marcha por los derechos del Ni\u00f1o No Nacido, pas\u00f3 a comisi\u00f3n de Gobierno.<\/span><\/strong><\/p>\n<p class=\"MsoNormal\" style=\"text-align: justify;\"><strong><span style=\"font-size: 12.0pt; line-height: 115%; font-family: 'Arial','sans-serif'; mso-ansi-language: ES-AR; font-weight: normal;\">El 6\u00ba punto de Resoluciones del DEM:<\/span><\/strong><\/p>\n<p class=\"MsoNormal\" style=\"text-align: justify;\"><strong><span style=\"font-size: 12.0pt; line-height: 115%; font-family: 'Arial','sans-serif'; mso-ansi-language: ES-AR; font-weight: normal;\">N\u00b0111 Otorgar ayuda econ\u00f3mica a Isidro Ojeda<\/span><\/strong><\/p>\n<p class=\"MsoNormal\" style=\"text-align: justify;\"><strong><span style=\"font-size: 12.0pt; line-height: 115%; font-family: 'Arial','sans-serif'; mso-ansi-language: ES-AR; font-weight: normal;\">N\u00b0112 Otorgar ayuda econ\u00f3mica a Juana Estigarribia <\/span><\/strong><\/p>\n<p class=\"MsoNormal\" style=\"text-align: justify;\"><strong><span style=\"font-size: 12.0pt; line-height: 115%; font-family: 'Arial','sans-serif'; mso-ansi-language: ES-AR; font-weight: normal;\">N\u00b0113 Otorgar ayuda econ\u00f3mica a Sergio Reynoso<\/span><\/strong><\/p>\n<p class=\"MsoNormal\" style=\"text-align: justify;\"><strong><span style=\"font-size: 12.0pt; line-height: 115%; font-family: 'Arial','sans-serif'; mso-ansi-language: ES-AR; font-weight: normal;\">N\u00b0114 Otorgar ayuda econ\u00f3mica a Osvaldo Pared<\/span><\/strong><\/p>\n<p class=\"MsoNormal\" style=\"text-align: justify;\"><strong><span style=\"font-size: 12.0pt; line-height: 115%; font-family: 'Arial','sans-serif'; mso-ansi-language: ES-AR; font-weight: normal;\">N\u00b0115 Otorgar ayuda econ\u00f3mica a Sa\u00fal Rojo.<\/span><\/strong><\/p>\n<p class=\"MsoNormal\" style=\"text-align: justify;\"><strong><span style=\"font-size: 12.0pt; line-height: 115%; font-family: 'Arial','sans-serif'; mso-ansi-language: ES-AR; font-weight: normal;\">N\u00b0 116 Promulgar y ordenar<span style=\"mso-spacerun: yes;\">\u00a0 <\/span>la publicaci\u00f3n en el bolet\u00edn oficial la Ordenanza N\u00b0 3096. <\/span><\/strong><\/p>\n<p class=\"MsoNormal\" style=\"text-align: justify;\"><strong><span style=\"font-size: 12.0pt; line-height: 115%; font-family: 'Arial','sans-serif'; mso-ansi-language: ES-AR; font-weight: normal;\">N\u00b0 117Constituir los fondos permanentes del Delegado Municipal de Cazadores Correntinos.<\/span><\/strong><\/p>\n<p class=\"MsoNormal\" style=\"text-align: justify;\"><strong><span style=\"font-size: 12.0pt; line-height: 115%; font-family: 'Arial','sans-serif'; mso-ansi-language: ES-AR; font-weight: normal;\">N\u00b0 118 Declarar el cese del agente municipal Julio Ram\u00edrez.<\/span><\/strong><\/p>\n<p class=\"MsoNormal\" style=\"text-align: justify;\"><strong><span style=\"font-size: 12.0pt; line-height: 115%; font-family: 'Arial','sans-serif'; mso-ansi-language: ES-AR; font-weight: normal;\">N\u00b0 119 Otorgar ayuda econ\u00f3mica a Rosa Mart\u00ednez<\/span><\/strong><\/p>\n<p class=\"MsoNormal\" style=\"text-align: justify;\"><strong><span style=\"font-size: 12.0pt; line-height: 115%; font-family: 'Arial','sans-serif'; mso-ansi-language: ES-AR; font-weight: normal;\">N\u00b0 120 Otorgar ayuda econ\u00f3mica a Jos\u00e9 Desena<\/span><\/strong><\/p>\n<p class=\"MsoNormal\" style=\"text-align: justify;\"><strong><span style=\"font-size: 12.0pt; line-height: 115%; font-family: 'Arial','sans-serif'; mso-ansi-language: ES-AR; font-weight: normal;\">N\u00b0 121 Declarar el cese del agente municipal Ram\u00f3n Correa<\/span><\/strong><\/p>\n<p class=\"MsoNormal\" style=\"text-align: justify;\"><strong><span style=\"font-size: 12.0pt; line-height: 115%; font-family: 'Arial','sans-serif'; mso-ansi-language: ES-AR; font-weight: normal;\">N\u00b0 122 Declarar el cese del agente municipal Juan Avalos<\/span><\/strong><\/p>\n<p class=\"MsoNormal\" style=\"text-align: justify;\"><strong><span style=\"font-size: 12.0pt; line-height: 115%; font-family: 'Arial','sans-serif'; mso-ansi-language: ES-AR; font-weight: normal;\">N\u00b0 123 Declarar el cese del agente municipal Camilo Leyes<\/span><\/strong><\/p>\n<p class=\"MsoNormal\" style=\"text-align: justify;\"><strong><span style=\"font-size: 12.0pt; line-height: 115%; font-family: 'Arial','sans-serif'; mso-ansi-language: ES-AR; font-weight: normal;\">N\u00b0 124 Otorgar ayuda econ\u00f3mica a Ram\u00f3n Ponzoni<\/span><\/strong><\/p>\n<p class=\"MsoNormal\" style=\"text-align: justify;\"><strong><span style=\"font-size: 12.0pt; line-height: 115%; font-family: 'Arial','sans-serif'; mso-ansi-language: ES-AR; font-weight: normal;\">N\u00b0 125 Disminuir partida de Ingresos y Egresos del DEM presupuesto 2017, pas\u00f3 a comisi\u00f3n de Presupuesto.<\/span><\/strong><\/p>\n<p class=\"MsoNormal\" style=\"text-align: justify;\"><strong><span style=\"font-size: 12.0pt; line-height: 115%; font-family: 'Arial','sans-serif'; mso-ansi-language: ES-AR; font-weight: normal;\">Para finalizar el presidente, Roberto Fern\u00e1ndez, convoc\u00f3 a los Sres. concejales para la pr\u00f3xima sesi\u00f3n para el d\u00eda mi\u00e9rcoles 28 de marzo del corriente a\u00f1o a las 20hs. y agradeci\u00f3 la presencia de Veteranos de Guerra de Malvinas que estuvieron presentes en la sesi\u00f3n.<\/span><\/strong><\/p>\n<p class=\"MsoNormal\" style=\"text-align: justify;\"><strong><span style=\"font-size: 12.0pt; line-height: 115%; font-family: 'Arial','sans-serif'; mso-ansi-language: ES-AR; font-weight: normal;\"><img loading=\"lazy\" decoding=\"async\" src=\"images\/sesion-210318-3.jpeg\" alt=\"\" width=\"801\" height=\"451\" \/><\/span><\/strong><\/p>\n","protected":false},"excerpt":{"rendered":"<p class=\"MsoNormal\"><strong><span style=\"font-size: 12.0pt; line-height: 115%; font-family: 'Arial','sans-serif'; mso-ansi-language: ES-AR; font-weight: normal;\"><img decoding=\"async\" src=\"images\/sesion-210318-1.jpeg\" alt=\"\" \/><\/span><\/strong><\/p>\n<p class=\"MsoNormal\"><strong><span style=\"font-size: 12.0pt; line-height: 115%; font-family: 'Arial','sans-serif'; mso-fareast-font-family: 'Times New Roman'; mso-fareast-theme-font: minor-fareast; mso-ansi-language: ES-AR; mso-fareast-language: EN-US; mso-bidi-language: EN-US; font-weight: normal;\">Pasadas las 20hs. del d\u00eda mi\u00e9rcoles 21 de marzo de 2018, el Presidente del cuerpo, el concejal Roberto Fern\u00e1ndez y la secretaria Dra. Mar\u00eda Cristina Mar\u00edn, con la presencia de la totalidad de los sres. concejales, <\/span><\/strong><strong><span style=\"font-size: 12.0pt; line-height: 115%; font-family: 'Arial','sans-serif'; mso-ansi-language: ES-AR; font-weight: normal;\">dieron inicio a la sesi\u00f3n n\u00famero 1455.<\/span><\/strong><\/p>\n","protected":false},"author":1,"featured_media":522,"comment_status":"open","ping_status":"open","sticky":false,"template":"","format":"standard","meta":{"footnotes":""},"categories":[3],"tags":[],"class_list":["post-523","post","type-post","status-publish","format-standard","has-post-thumbnail","hentry","category-uncategorised"],"brizy_media":[],"_links":{"self":[{"href":"https:\/\/concejocuruzucuatia.gob.ar\/wp\/wp-json\/wp\/v2\/posts\/523","targetHints":{"allow":["GET"]}}],"collection":[{"href":"https:\/\/concejocuruzucuatia.gob.ar\/wp\/wp-json\/wp\/v2\/posts"}],"about":[{"href":"https:\/\/concejocuruzucuatia.gob.ar\/wp\/wp-json\/wp\/v2\/types\/post"}],"author":[{"embeddable":true,"href":"https:\/\/concejocuruzucuatia.gob.ar\/wp\/wp-json\/wp\/v2\/users\/1"}],"replies":[{"embeddable":true,"href":"https:\/\/concejocuruzucuatia.gob.ar\/wp\/wp-json\/wp\/v2\/comments?post=523"}],"version-history":[{"count":0,"href":"https:\/\/concejocuruzucuatia.gob.ar\/wp\/wp-json\/wp\/v2\/posts\/523\/revisions"}],"wp:featuredmedia":[{"embeddable":true,"href":"https:\/\/concejocuruzucuatia.gob.ar\/wp\/wp-json\/wp\/v2\/media\/522"}],"wp:attachment":[{"href":"https:\/\/concejocuruzucuatia.gob.ar\/wp\/wp-json\/wp\/v2\/media?parent=523"}],"wp:term":[{"taxonomy":"category","embeddable":true,"href":"https:\/\/concejocuruzucuatia.gob.ar\/wp\/wp-json\/wp\/v2\/categories?post=523"},{"taxonomy":"post_tag","embeddable":true,"href":"https:\/\/concejocuruzucuatia.gob.ar\/wp\/wp-json\/wp\/v2\/tags?post=523"}],"curies":[{"name":"wp","href":"https:\/\/api.w.org\/{rel}","templated":true}]}}