{"id":491,"date":"2017-12-19T16:22:47","date_gmt":"2017-12-19T16:22:47","guid":{"rendered":"https:\/\/concejocuruzucuatia.gob.ar\/wp\/2017\/12\/19\/informe-de-prensa-hcd-sesion-extraordinaria-19-de-diciembre-de-2017\/"},"modified":"2017-12-19T16:22:47","modified_gmt":"2017-12-19T16:22:47","slug":"informe-de-prensa-hcd-sesion-extraordinaria-19-de-diciembre-de-2017","status":"publish","type":"post","link":"https:\/\/concejocuruzucuatia.gob.ar\/wp\/2017\/12\/19\/informe-de-prensa-hcd-sesion-extraordinaria-19-de-diciembre-de-2017\/","title":{"rendered":"Informe de Prensa HCD \/ Sesi\u00f3n Extraordinaria 19 de Diciembre de 2017"},"content":{"rendered":"<p><img decoding=\"async\" src=\"images\/sesion-191217-1.jpeg\" alt=\"\" \/><\/p>\n<p class=\"MsoNormal\" style=\"text-align: justify;\"><span style=\"font-size: 12.0pt; line-height: 115%; font-family: 'Arial','sans-serif'; mso-ansi-language: ES-AR;\">Desde las 11,12 hs. del d\u00eda martes 19 de diciembre de 2017, el Presidente del cuerpo, el concejal Pedro Genaro Preisz y el secretario Dr. Eduardo Fracalossi<span style=\"mso-spacerun: yes;\">\u00a0 <\/span>dieron inicio a la sesi\u00f3n con la presencia de todos<span style=\"mso-spacerun: yes;\">\u00a0 <\/span>los concejales.<\/span><\/p>\n<p class=\"MsoNormal\" style=\"text-align: justify;\"><span style=\"font-size: 12.0pt; line-height: 115%; font-family: 'Arial','sans-serif'; mso-ansi-language: ES-AR;\">Haciendo uso del art\u00edculo 132 del Reglamento Interno <\/span><span style=\"font-size: 9.0pt; line-height: 115%; font-family: 'Arial','sans-serif'; mso-ansi-language: ES-AR;\">(<\/span><span lang=\"EN-US\" style=\"font-size: 9.0pt; line-height: 115%; font-family: 'Arial','sans-serif'; mso-bidi-font-weight: bold;\">Art.132\u00ba.-<\/span><span lang=\"EN-US\" style=\"font-size: 9.0pt; line-height: 115%; font-family: 'Arial','sans-serif';\"> ANTES DE ENTRAR AL ORDEN DEL DIA, cada <\/span><span style=\"font-size: 9.0pt; line-height: 115%; font-family: 'Arial','sans-serif'; mso-ansi-language: ES-AR;\">CONCEJAL podr\u00e1 hacer preguntas o pedidos necesarios, que no necesiten sanci\u00f3n del H.C.D.)<\/span> <span style=\"font-size: 12.0pt; line-height: 115%; font-family: 'Arial','sans-serif'; mso-ansi-language: ES-AR;\">el concejal Juan Duarte y Leandro Paez <span style=\"mso-spacerun: yes;\">\u00a0<\/span>expresaron su negatividad por la aprobaci\u00f3n de la reforma previsional ocurrida el d\u00eda martes en la C\u00e1mara Baja, donde se convirti\u00f3 en ley la reforma de la f\u00f3rmula de la actualizaci\u00f3n de las jubilaciones. Desde el Bloque PJ repudian esta actitud en contra de los jubilados y de los hechos sucedidos fuera del congreso. A su vez utilizando el mismo art\u00edculo los concejales Fern\u00e1ndez, Isusi<span style=\"mso-spacerun: yes;\">\u00a0 <\/span>y Balceda coincidieron en el rechazo y el reproche a estos actos vand\u00e1licos acaecidos. <\/span><\/p>\n<p class=\"MsoNormal\"><span style=\"font-size: 12.0pt; line-height: 115%; font-family: 'Arial','sans-serif'; mso-ansi-language: ES-AR;\"><img decoding=\"async\" src=\"images\/sesion-191217-3.jpeg\" alt=\"\" \/><\/span><\/p>\n<p class=\"MsoNormal\" style=\"text-align: justify;\"><span style=\"font-size: 12.0pt; line-height: 115%; font-family: 'Arial','sans-serif'; mso-ansi-language: ES-AR;\">Seguidamente el Presidente someti\u00f3 a votaci\u00f3n el orden del d\u00eda el que es aprobado un\u00e1nimemente y se trat\u00f3 el primer punto, la resoluci\u00f3n<\/span><span style=\"font-size: 12.0pt; line-height: 115%; font-family: 'Arial','sans-serif'; mso-fareast-font-family: 'Times New Roman'; mso-ansi-language: ES-AR;\"> N\u00ba 23 del DEM.<\/span> <span style=\"font-size: 12.0pt; mso-bidi-font-size: 10.0pt; line-height: 115%; font-family: 'Arial','sans-serif'; mso-ansi-language: ES-AR;\">en la que solicita al Presidente del Concejo Deliberante de Curuz\u00fa Cuati\u00e1 convoque a SESI\u00d3N EXTRAORDINARIA para el d\u00eda 19 de diciembre de 2017,\u00a0 a las 11hs. en el recinto del cuerpo para tratar el siguiente Orden del D\u00eda: 1. Declaraci\u00f3n de Emergencia Econ\u00f3mica. 2. Declaraci\u00f3n de Emergencia Ambiental. 3. Solicitud de homologaci\u00f3n de la Resoluci\u00f3n del DEM N\u00b0 18 del corriente a\u00f1o.<\/span><\/p>\n<p class=\"MsoSubtitle\" style=\"text-align: justify;\"><span style=\"mso-bidi-font-size: 12.0pt; mso-bidi-font-family: Arial; mso-ansi-language: ES-AR; font-weight: normal; mso-bidi-font-weight: bold; text-decoration: none; text-underline: none;\">El segundo punto que se trat\u00f3 fue el proyecto de Ordenanza del DEM, referido a declarar<span style=\"mso-spacerun: yes;\">\u00a0 <\/span>la Emergencia Econ\u00f3mica, Financiera, Administrativa y Ambiental de la Municipalidad de Curuz\u00fa Cuati\u00e1. El concejal Fern\u00e1ndez luego de su alocuci\u00f3n sobre el proyecto presentado por el ejecutivo solicito el tratamiento sobre tablas del mismo. Tambi\u00e9n el concejal Paez explic\u00f3 el trabajo que se realiz\u00f3 en conjunto con todos los concejales para este proyecto y luego de comentar algunos art\u00edculos tambi\u00e9n solicito su tratamiento sobre tablas. El presidente someti\u00f3 el tratamiento el que fue aprobado, para luego obviando su lectura se someti\u00f3 a votaci\u00f3n en general y en particular lo que fue aprobado un\u00e1nimemente como ordenanza quedando redactada de la siguiente manera:<\/span><\/p>\n<p class=\"MsoNormalCxSpFirst\" style=\"line-height: 150%; text-align: justify;\" align=\"center\"><b style=\"mso-bidi-font-weight: normal;\"><span style=\"font-size: 12.0pt; line-height: 150%; font-family: 'Arial','sans-serif'; mso-ansi-language: ES-AR;\">\u00a0<\/span><\/b><\/p>\n<p class=\"MsoNormal\" style=\"text-align: justify;\" align=\"center\"><b style=\"mso-bidi-font-weight: normal;\"><span style=\"font-size: 12.0pt; line-height: 115%; font-family: 'Arial','sans-serif'; mso-ansi-language: ES-AR;\">EL HONORABLE CONCEJO DELIBERANTE DE CURUZU CUATIA SANCIONA CON FUERZA DE:<\/span><\/b><\/p>\n<p class=\"MsoNormal\" style=\"text-align: justify;\" align=\"center\"><b style=\"mso-bidi-font-weight: normal;\"><span style=\"font-size: 12.0pt; line-height: 115%; font-family: 'Arial','sans-serif'; mso-ansi-language: ES-AR;\">ORDENANZA<\/span><\/b><\/p>\n<p class=\"MsoNormal\" style=\"text-align: justify;\"><span style=\"font-size: 12.0pt; line-height: 115%; font-family: 'Arial','sans-serif'; mso-ansi-language: ES-AR;\">\u00a0<\/span><\/p>\n<p class=\"MsoNormal\" style=\"text-align: justify;\"><b style=\"mso-bidi-font-weight: normal;\"><span style=\"font-size: 12.0pt; line-height: 115%; font-family: 'Arial','sans-serif'; mso-ansi-language: ES-AR;\">ARTICULO 1\u00ba: DECLARAR<span style=\"mso-spacerun: yes;\">\u00a0 <\/span>LA EMERGENCIA ECONOMICA , FINANCIERA, ADMINISTRATIVA y AMBIENTAL DE LA MUNICIPALIDAD DE CURUZU CUATIA<\/span><\/b><span style=\"font-size: 12.0pt; line-height: 115%; font-family: 'Arial','sans-serif'; mso-ansi-language: ES-AR;\">, a partir<span style=\"mso-spacerun: yes;\">\u00a0 <\/span>del d\u00eda 19 de diciembre del a\u00f1o 2017, hasta<span style=\"mso-spacerun: yes;\">\u00a0 <\/span>el 30 de junio de 2018, con los alcances establecidos<span style=\"mso-spacerun: yes;\">\u00a0 <\/span>en la presente, siendo<span style=\"mso-spacerun: yes;\">\u00a0 <\/span>sus objetivos<span style=\"mso-spacerun: yes;\">\u00a0 <\/span>principales : a) La contenci\u00f3n del gasto p\u00fablico. b)<span style=\"mso-spacerun: yes;\">\u00a0 <\/span>Mejorar el flujo<span style=\"mso-spacerun: yes;\">\u00a0 <\/span>de aportes al Municipio, por parte de los contribuyentes y otros estamentos<span style=\"mso-spacerun: yes;\">\u00a0 <\/span>del Estado. c)<span style=\"mso-spacerun: yes;\">\u00a0 <\/span>Disponer<span style=\"mso-spacerun: yes;\">\u00a0 <\/span>la renegociaci\u00f3n<span style=\"mso-spacerun: yes;\">\u00a0 <\/span>o rescisi\u00f3n de contratos<span style=\"mso-spacerun: yes;\">\u00a0 <\/span>y convenios por locaci\u00f3n<span style=\"mso-spacerun: yes;\">\u00a0 <\/span>de obras o servicios. d) Realizar<span style=\"mso-spacerun: yes;\">\u00a0 <\/span>convenios<span style=\"mso-spacerun: yes;\">\u00a0 <\/span>de recaudaci\u00f3n<span style=\"mso-spacerun: yes;\">\u00a0 <\/span>con instituciones y\/o personas<span style=\"mso-spacerun: yes;\">\u00a0 <\/span>jur\u00eddicas para facilitar la misma. e) Asegurar la prestaci\u00f3n de los servicios p\u00fablicos<span style=\"mso-spacerun: yes;\">\u00a0 <\/span>y funciones<span style=\"mso-spacerun: yes;\">\u00a0 <\/span>esenciales del Estado<span style=\"mso-spacerun: yes;\">\u00a0 <\/span>Municipal. g) Contratar los servicios de una auditor\u00eda externa para examinar y determinar respecto de las actividades y movimientos econ\u00f3micos, financieros y administrativos a partir del 1 de abril de 2016 <span style=\"mso-spacerun: yes;\">\u00a0<\/span>h) Realizar un relevamiento de personal tanto de contratados como planta permanente a efectos de tener un actualizado registro de empleados y funci\u00f3n que cumple cada uno. I) Readecuar el procedimiento de recolecci\u00f3n de residuos y el tratamiento de los mismos.-<\/span><\/p>\n<p class=\"MsoNormal\" style=\"text-align: justify;\"><b style=\"mso-bidi-font-weight: normal;\"><span style=\"font-size: 12.0pt; line-height: 115%; font-family: 'Arial','sans-serif'; mso-ansi-language: ES-AR;\">ARTICULO <span style=\"color: black; mso-bidi-font-weight: bold;\">2\u00ba PROCEDASE<\/span><\/span><\/b><span style=\"font-size: 12.0pt; line-height: 115%; font-family: 'Arial','sans-serif'; color: black; mso-ansi-language: ES-AR;\"><span style=\"mso-spacerun: yes;\">\u00a0 <\/span>la revisi\u00f3n de las condiciones de la totalidad de los contratos referidos a compras y contrataciones de bienes, servicios, suministros y obra p\u00fablica, celebrados<span style=\"mso-spacerun: yes;\">\u00a0 <\/span>con anterioridad<span style=\"mso-spacerun: yes;\">\u00a0 <\/span>a la<span style=\"mso-spacerun: yes;\">\u00a0 <\/span>vigencia de la presente Ordenanza, y que se<span style=\"mso-spacerun: yes;\">\u00a0 <\/span>encuentran<span style=\"mso-spacerun: yes;\">\u00a0 <\/span>en curso de ejecuci\u00f3n.<\/span><\/p>\n<p class=\"MsoNormal\" style=\"text-align: justify;\"><b style=\"mso-bidi-font-weight: normal;\"><span style=\"font-size: 12.0pt; line-height: 115%; font-family: 'Arial','sans-serif'; mso-ansi-language: ES-AR;\">ARTICULO <span style=\"color: black; mso-bidi-font-weight: bold;\">3\u00ba DISPONER<\/span><\/span><\/b><span style=\"font-size: 12.0pt; line-height: 115%; font-family: 'Arial','sans-serif'; color: black; mso-ansi-language: ES-AR;\"> que quienes tengan celebrados contratos con el Municipio de fecha anterior a la presente resoluci\u00f3n deber\u00e1n adjuntar copia del mismo al Municipio e indicar en forma precisa que prestaci\u00f3n se ha cumplido, cual falta cumplir, lo cual ser\u00e1 supervisado por el funcionario de \u00c1rea pertinente por este Municipio debi\u00e9ndose labrar acta pertinente ante tal situaci\u00f3n.<\/span><\/p>\n<p class=\"MsoNormal\" style=\"text-align: justify;\"><b style=\"mso-bidi-font-weight: normal;\"><span style=\"font-size: 12.0pt; line-height: 115%; font-family: 'Arial','sans-serif'; mso-ansi-language: ES-AR;\">ARTICULO <span style=\"color: black;\">4\u00ba AUTORIZASE<\/span><\/span><\/b><span style=\"font-size: 12.0pt; line-height: 115%; font-family: 'Arial','sans-serif'; color: black; mso-ansi-language: ES-AR;\"> al intendente Municipal a que una vez realizado la supervisi\u00f3n del contrato, de obra o de prestaci\u00f3n de servicio, pueda disponer la suspensi\u00f3n, modificaci\u00f3n, anulaci\u00f3n, rescisi\u00f3n<span style=\"mso-spacerun: yes;\">\u00a0 <\/span>y\/o resolver<span style=\"mso-spacerun: yes;\">\u00a0 <\/span>las contrataciones<span style=\"mso-spacerun: yes;\">\u00a0 <\/span>en cuesti\u00f3n, en virtud de razones de oportunidad, m\u00e9rito o conveniencia.-<\/span><\/p>\n<p class=\"MsoNormal\" style=\"text-align: justify;\"><b style=\"mso-bidi-font-weight: normal;\"><span style=\"font-size: 12.0pt; line-height: 115%; font-family: 'Arial','sans-serif'; mso-ansi-language: ES-AR;\">ARTICULO <span style=\"color: black;\">5\u00ba DISPONER<\/span><\/span><\/b><span style=\"font-size: 12.0pt; line-height: 115%; font-family: 'Arial','sans-serif'; color: black; mso-ansi-language: ES-AR;\"> que quienes se crean acreedor del Municipio y no aporten la documentaci\u00f3n respaldatoria de acreencia o de ejecuci\u00f3n de contrato hasta el 31 de enero de 2018, ser\u00e1n dados de baja como acreedores o contratistas<span style=\"mso-spacerun: yes;\">\u00a0 <\/span>del Municipio<\/span><span style=\"font-size: 12.0pt; line-height: 115%; font-family: 'Arial','sans-serif'; mso-ansi-language: ES-AR;\">, con \u00fanica excepci\u00f3n<span style=\"mso-spacerun: yes;\">\u00a0 <\/span>de:<\/span><\/p>\n<p class=\"MsoNormal\" style=\"text-align: justify;\"><span style=\"font-size: 12.0pt; line-height: 115%; font-family: 'Arial','sans-serif'; mso-ansi-language: ES-AR;\">las que<span style=\"mso-spacerun: yes;\">\u00a0 <\/span>tengan causa laboral y\/o en locaciones de servicio personales;<\/span><\/p>\n<p class=\"MsoNormal\" style=\"text-align: justify;\"><span style=\"font-size: 12.0pt; line-height: 115%; font-family: 'Arial','sans-serif'; mso-ansi-language: ES-AR;\">las que tengan sentencia judicial;<\/span><\/p>\n<p class=\"MsoNormal\" style=\"text-align: justify;\"><span style=\"font-size: 12.0pt; line-height: 115%; font-family: 'Arial','sans-serif'; mso-ansi-language: ES-AR;\">las deudas<span style=\"mso-spacerun: yes;\">\u00a0 <\/span>contra\u00eddas<span style=\"mso-spacerun: yes;\">\u00a0 <\/span>con Entidades Financieras Reconocidas<span style=\"mso-spacerun: yes;\">\u00a0 <\/span>y Autorizadas por el Banco Central<span style=\"mso-spacerun: yes;\">\u00a0 <\/span>de la Rep\u00fablica Argentina.- <br \/><\/span><\/p>\n<p class=\"MsoNormal\" style=\"text-align: justify;\"><b style=\"mso-bidi-font-weight: normal;\"><span style=\"font-size: 12.0pt; line-height: 115%; font-family: 'Arial','sans-serif'; mso-ansi-language: ES-AR;\">ARTICULO<span style=\"mso-spacerun: yes;\">\u00a0 <\/span>6\u00ba: AUTORIZAR<\/span><\/b><span style=\"font-size: 12.0pt; line-height: 115%; font-family: 'Arial','sans-serif'; mso-ansi-language: ES-AR;\"><span style=\"mso-spacerun: yes;\">\u00a0 <\/span>al DEM a efectuar<span style=\"mso-spacerun: yes;\">\u00a0 <\/span>contrataciones<span style=\"mso-spacerun: yes;\">\u00a0 <\/span>directas<span style=\"mso-spacerun: yes;\">\u00a0 <\/span>de bienes y servicios<span style=\"mso-spacerun: yes;\">\u00a0 <\/span>esenciales, encuadr\u00e1ndolas en el inciso d) del art\u00edculo 109 de la ley 5.571,<span style=\"mso-spacerun: yes;\">\u00a0 <\/span>para la prestaci\u00f3n<span style=\"mso-spacerun: yes;\">\u00a0 <\/span>de los servicios<span style=\"mso-spacerun: yes;\">\u00a0 <\/span>p\u00fablicos y cumplimiento de las funciones b\u00e1sicas a cargo<span style=\"mso-spacerun: yes;\">\u00a0 <\/span>del Municipio .-<\/span><\/p>\n<p class=\"MsoNormal\" style=\"text-align: justify;\"><b style=\"mso-bidi-font-weight: normal;\"><span style=\"font-size: 12.0pt; line-height: 115%; font-family: 'Arial','sans-serif'; mso-ansi-language: ES-AR;\">ART\u00cdCULO 7\u00ba:<span style=\"mso-spacerun: yes;\">\u00a0 <\/span>QUIEN<\/span><\/b><span style=\"font-size: 12.0pt; line-height: 115%; font-family: 'Arial','sans-serif'; mso-ansi-language: ES-AR;\"> pretenda<span style=\"mso-spacerun: yes;\">\u00a0 <\/span>contratar con el Municipio<span style=\"mso-spacerun: yes;\">\u00a0 <\/span>deber\u00e1 manifestar<span style=\"mso-spacerun: yes;\">\u00a0 <\/span>al formular<span style=\"mso-spacerun: yes;\">\u00a0 <\/span>su oferta, presentaci\u00f3n<span style=\"mso-spacerun: yes;\">\u00a0 <\/span>o cotizaci\u00f3n, si es acreedor<span style=\"mso-spacerun: yes;\">\u00a0 <\/span>de la<span style=\"mso-spacerun: yes;\">\u00a0 <\/span>Municipalidad<span style=\"mso-spacerun: yes;\">\u00a0 <\/span>por cr\u00e9ditos<span style=\"mso-spacerun: yes;\">\u00a0 <\/span>que deban<span style=\"mso-spacerun: yes;\">\u00a0 <\/span>verificarse<span style=\"mso-spacerun: yes;\">\u00a0 <\/span>de conformidad a la presente<span style=\"mso-spacerun: yes;\">\u00a0 <\/span>normativa, y\/o acreditar<span style=\"mso-spacerun: yes;\">\u00a0 <\/span>que ha formulado<span style=\"mso-spacerun: yes;\">\u00a0 <\/span>oportunamente<span style=\"mso-spacerun: yes;\">\u00a0 <\/span>la solicitud<span style=\"mso-spacerun: yes;\">\u00a0 <\/span>de verificaci\u00f3n .<\/span><\/p>\n<p class=\"MsoNormal\" style=\"text-align: justify;\"><b style=\"mso-bidi-font-weight: normal;\"><span style=\"font-size: 12.0pt; line-height: 115%; font-family: 'Arial','sans-serif'; mso-ansi-language: ES-AR;\">ART\u00cdCULO 8\u00b0: LA TOTALIDAD<\/span><\/b><span style=\"font-size: 12.0pt; line-height: 115%; font-family: 'Arial','sans-serif'; mso-ansi-language: ES-AR;\"><span style=\"mso-spacerun: yes;\">\u00a0 <\/span>de los cr\u00e9ditos<span style=\"mso-spacerun: yes;\">\u00a0 <\/span>que sean verificados y declarados<span style=\"mso-spacerun: yes;\">\u00a0 <\/span>admisibles, podr\u00e1n ser renegociado y pagados en cuotas o en un \u00fanico pago a incluirse en el presupuesto del a\u00f1o siguiente, lo que el Municipio considere teniendo en cuenta los sentidos de oportunidad y conveniencia.-<\/span><\/p>\n<p class=\"MsoNormal\" style=\"text-align: justify;\"><b style=\"mso-bidi-font-weight: normal;\"><span style=\"font-size: 12.0pt; line-height: 115%; font-family: 'Arial','sans-serif'; mso-ansi-language: ES-AR;\">ART\u00cdCULO 9\u00b0: LOS ACREEDORES<\/span><\/b><span style=\"font-size: 12.0pt; line-height: 115%; font-family: 'Arial','sans-serif'; mso-ansi-language: ES-AR;\"> por obligaciones que incidieran en la prestaci\u00f3n de servicios<span style=\"mso-spacerun: yes;\">\u00a0 <\/span>y<span style=\"mso-spacerun: yes;\">\u00a0 <\/span>que deban solicitar la verificaci\u00f3n<span style=\"mso-spacerun: yes;\">\u00a0 <\/span>de sus cr\u00e9ditos conforme a lo dispuesto precedentemente, no podr\u00e1n<span style=\"mso-spacerun: yes;\">\u00a0 <\/span>interrumpir<span style=\"mso-spacerun: yes;\">\u00a0 <\/span>sus prestaciones<span style=\"mso-spacerun: yes;\">\u00a0 <\/span>siempre que se les pague<span style=\"mso-spacerun: yes;\">\u00a0 <\/span>a sus respectivos<span style=\"mso-spacerun: yes;\">\u00a0 <\/span>vencimientos los servicios que presten<span style=\"mso-spacerun: yes;\">\u00a0 <\/span>con posterioridad<span style=\"mso-spacerun: yes;\">\u00a0 <\/span>al doce<span style=\"mso-spacerun: yes;\">\u00a0 <\/span>de diciembre del a\u00f1o en curso .- <\/span><\/p>\n<p class=\"MsoNormal\" style=\"text-align: justify;\"><b style=\"mso-bidi-font-weight: normal;\"><span style=\"font-size: 12.0pt; line-height: 115%; font-family: 'Arial','sans-serif'; mso-ansi-language: ES-AR;\">ART\u00cdCULO 10\u00ba RELEVAMIENTO DE PERSONAL MUNICIPAL.<\/span><\/b><span style=\"font-size: 12.0pt; line-height: 115%; font-family: 'Arial','sans-serif'; mso-ansi-language: ES-AR;\"> <span style=\"mso-spacerun: yes;\">\u00a0<\/span>Todo el personal municipal de jerarqu\u00eda inferior al rango de Director deber\u00e1 completar la ficha de censo de funciones, cuya planilla se efectuara a tal efecto. La falta de presentaci\u00f3n de la ficha completa en el plazo establecido supondr\u00e1: a) abandono del puesto de trabajo de pleno derecho y b) incumplimiento grav\u00edsimo de sus obligaciones, haci\u00e9ndolo pasibles de resoluci\u00f3n del contrato en caso del personal contratado y de cesant\u00eda en el caso del personal de planta permanente.-<\/span><\/p>\n<p class=\"MsoNormal\" style=\"text-align: justify;\"><b style=\"mso-bidi-font-weight: normal;\"><span style=\"font-size: 12.0pt; line-height: 115%; font-family: 'Arial','sans-serif'; mso-ansi-language: ES-AR;\">ART\u00cdCULO 11\u00b0: Todo<\/span><\/b><span style=\"font-size: 12.0pt; line-height: 115%; font-family: 'Arial','sans-serif'; mso-ansi-language: ES-AR;\"> el personal municipal de jerarqu\u00eda inferior al rango de<span style=\"mso-spacerun: yes;\">\u00a0 <\/span>Director tendr\u00e1 obligaci\u00f3n de justificar su asistencia sin excepciones. La falta de cumplimiento de esta obligaci\u00f3n en forma injustificada supondr\u00e1: a) abandono del puesto de trabajo de pleno derecho y b) incumplimiento grav\u00edsimo de sus obligaciones, haci\u00e9ndolo pasibles de resoluci\u00f3n del contrato en caso del personal contratado y de cesant\u00eda en el caso del personal de planta permanente.<\/span><\/p>\n<p class=\"MsoNormal\" style=\"text-align: justify;\"><b style=\"mso-bidi-font-weight: normal;\"><span style=\"font-size: 12.0pt; line-height: 115%; font-family: 'Arial','sans-serif'; mso-ansi-language: ES-AR;\">ARTICULO 12\u00ba AUTORIZASE<\/span><\/b><span style=\"font-size: 12.0pt; line-height: 115%; font-family: 'Arial','sans-serif'; mso-ansi-language: ES-AR;\"><span style=\"mso-spacerun: yes;\">\u00a0 <\/span>al Departamento Ejecutivo a disponer<span style=\"mso-spacerun: yes;\">\u00a0 <\/span>las reestructuraciones<span style=\"mso-spacerun: yes;\">\u00a0 <\/span>funcionales<span style=\"mso-spacerun: yes;\">\u00a0 <\/span>razonables del personal municipal, traslados , cambios de dependencias<span style=\"mso-spacerun: yes;\">\u00a0 <\/span>o tareas<span style=\"mso-spacerun: yes;\">\u00a0 <\/span>, modificaci\u00f3n<span style=\"mso-spacerun: yes;\">\u00a0 <\/span>de horarios, y toda<span style=\"mso-spacerun: yes;\">\u00a0 <\/span>otra medida que<span style=\"mso-spacerun: yes;\">\u00a0 <\/span>juzgue conveniente , para la mejor , eficaz y eficiente prestaci\u00f3n<span style=\"mso-spacerun: yes;\">\u00a0 <\/span>de los servicios<span style=\"mso-spacerun: yes;\">\u00a0 <\/span>p\u00fablicos municipales<span style=\"mso-spacerun: yes;\">\u00a0 <\/span>y cumplimiento de las funciones<span style=\"mso-spacerun: yes;\">\u00a0 <\/span>esenciales<span style=\"mso-spacerun: yes;\">\u00a0 <\/span>del Estado Municipal<span style=\"mso-spacerun: yes;\">\u00a0 <\/span>que no afecten las condiciones laborales actuales. Asimismo en caso de detectarse personal que figure en nomina, sea contratado, planta permanente, ProMuni o Becado o cualquier otra modalidad, y no preste servicios efectivos se podr\u00e1 disponer su inmediata cesant\u00eda .-<\/span><\/p>\n<p class=\"MsoNormal\" style=\"text-align: justify;\"><b style=\"mso-bidi-font-weight: normal;\"><span style=\"font-size: 12.0pt; line-height: 115%; font-family: 'Arial','sans-serif'; mso-ansi-language: ES-AR;\">ART\u00cdCULO 13\u00b0: POR<\/span><\/b><span style=\"font-size: 12.0pt; line-height: 115%; font-family: 'Arial','sans-serif'; mso-ansi-language: ES-AR;\"> t\u00e9rmino<span style=\"mso-spacerun: yes;\">\u00a0 <\/span>de vigencia<span style=\"mso-spacerun: yes;\">\u00a0 <\/span>de la Emergencia Econ\u00f3mica, Financiera, Administrativa<span style=\"mso-spacerun: yes;\">\u00a0 <\/span>y Ambiental Municipal dispuesta<span style=\"mso-spacerun: yes;\">\u00a0 <\/span>por la presente norma,<span style=\"mso-spacerun: yes;\">\u00a0 <\/span>susp\u00e9ndase la vigencia toda otra disposici\u00f3n<span style=\"mso-spacerun: yes;\">\u00a0 <\/span>municipal que se oponga<span style=\"mso-spacerun: yes;\">\u00a0 <\/span>a esta, debiendo<span style=\"mso-spacerun: yes;\">\u00a0 <\/span>en todos los casos de interpretaci\u00f3n<span style=\"mso-spacerun: yes;\">\u00a0 <\/span>de la normativa , estarse<span style=\"mso-spacerun: yes;\">\u00a0 <\/span>en<span style=\"mso-spacerun: yes;\">\u00a0 <\/span>favor<span style=\"mso-spacerun: yes;\">\u00a0 <\/span>por la vigencia<span style=\"mso-spacerun: yes;\">\u00a0 <\/span>y validez<span style=\"mso-spacerun: yes;\">\u00a0 <\/span>de esta Ordenanza .- <\/span><\/p>\n<p class=\"MsoNormal\" style=\"text-align: justify;\"><b style=\"mso-bidi-font-weight: normal;\"><span style=\"font-size: 12.0pt; line-height: 115%; font-family: 'Arial','sans-serif'; mso-ansi-language: ES-AR;\">ARTICULO 14<a name=\"_GoBack\"><\/a>\u00ba: FACULTESE<\/span><\/b><span style=\"font-size: 12.0pt; line-height: 115%; font-family: 'Arial','sans-serif'; mso-ansi-language: ES-AR;\"> al Intendente a tomar la medidas que estime convenientes para mejorar el tratamiento de residuos domiciliarios, patol\u00f3gico y comerciales, pudiendo realizar los cambios y remodelaciones en la Planta Plamares a fin de una mejor prestaci\u00f3n de servicios, teniendo en cuenta la disminuci\u00f3n de impacto ambiental y la orden judicial de clausurar el basural a cielo abierto, informando fehacientemente a este HCD las medidas adoptadas.-<\/span><\/p>\n<p class=\"MsoNormal\" style=\"text-align: justify;\"><b style=\"mso-bidi-font-weight: normal;\"><span style=\"font-size: 12.0pt; line-height: 115%; font-family: 'Arial','sans-serif'; mso-ansi-language: ES-AR;\">ARTICULO 15\u00ba: Comun\u00edquese, Publ\u00edquese, <span style=\"mso-spacerun: yes;\">\u00a0<\/span>Arch\u00edvese. <span style=\"mso-spacerun: yes;\">\u00a0<\/span><\/span><\/b><\/p>\n<p class=\"MsoNormal\" style=\"text-align: justify;\"><span style=\"font-size: 12.0pt; line-height: 115%; font-family: 'Arial','sans-serif'; mso-ansi-language: ES-AR;\">Seguidamente se trat\u00f3 el tercer punto<b style=\"mso-bidi-font-weight: normal;\">, <\/b>referido al proyecto de Ordenanza del HCD; sobre Homologar la Resoluci\u00f3n N\u00ba 18\/17 del DEM, la que expresaba la necesidad de hacer frente a apremios financieros y que para ello es menester solicitar al Gobierno de la Provincia la autorizaci\u00f3n pertinente para el otorgamiento de un Anticipo de Coparticipaci\u00f3n. En su articulado expresa: ARTICULO 1\u00b0: SOLICITAR al Gobierno de la Provincia, un anticipo de Coparticipaci\u00f3n de Impuestos por la suma de $ 8.000.000 (pesos ocho millones) para ser destinada a atender apremios financieros.-<\/span><\/p>\n<p class=\"MsoNormal\" style=\"text-align: justify;\"><span style=\"font-size: 12.0pt; line-height: 115%; font-family: 'Arial','sans-serif'; mso-ansi-language: ES-AR;\">ARTICULO 2&#8243;: AUTORIZAR Al Gobierno de la Provincia la retenci\u00f3n de Ios recursos del Municipio provenientes del R\u00e9gimen de Coparticipaci\u00f3n Provincial de Impuestos y\/o cualquier r\u00e9gimen legal que en el futuro lo sustituya, hasta cancelar el importe aludido en el ARTICULO 1\u00b0<b style=\"mso-bidi-font-weight: normal;\">. <\/b>Luego del pedido y votaci\u00f3n de tratamiento sobre tablas, se someti\u00f3 a votaci\u00f3n y se aprob\u00f3 como ordenanza en forma un\u00e1nime. <span style=\"mso-spacerun: yes;\">\u00a0<\/span><\/span><\/p>\n<p class=\"MsoNormal\" style=\"text-align: justify;\"><span style=\"font-size: 12.0pt; line-height: 115%; font-family: 'Arial','sans-serif'; mso-ansi-language: ES-AR;\">Para finalizar, el Presidente convoc\u00f3 a los Sres. concejales para la sesi\u00f3n preparatoria para el d\u00eda 7 de febrero del 2018 a las 20.30hs, y les dese\u00f3 una feliz navidad y un pr\u00f3spero a\u00f1o nuevo.<\/span><\/p>\n<p class=\"MsoNormal\"><span style=\"font-size: 12.0pt; line-height: 115%; font-family: 'Arial','sans-serif'; mso-ansi-language: ES-AR;\"><img decoding=\"async\" src=\"images\/sesion-191217-2.jpeg\" alt=\"\" \/><\/span><\/p>\n","protected":false},"excerpt":{"rendered":"<p><img decoding=\"async\" src=\"images\/sesion-191217-1.jpeg\" alt=\"\" \/><\/p>\n","protected":false},"author":1,"featured_media":490,"comment_status":"open","ping_status":"open","sticky":false,"template":"","format":"standard","meta":{"footnotes":""},"categories":[3],"tags":[],"class_list":["post-491","post","type-post","status-publish","format-standard","has-post-thumbnail","hentry","category-uncategorised"],"brizy_media":[],"_links":{"self":[{"href":"https:\/\/concejocuruzucuatia.gob.ar\/wp\/wp-json\/wp\/v2\/posts\/491","targetHints":{"allow":["GET"]}}],"collection":[{"href":"https:\/\/concejocuruzucuatia.gob.ar\/wp\/wp-json\/wp\/v2\/posts"}],"about":[{"href":"https:\/\/concejocuruzucuatia.gob.ar\/wp\/wp-json\/wp\/v2\/types\/post"}],"author":[{"embeddable":true,"href":"https:\/\/concejocuruzucuatia.gob.ar\/wp\/wp-json\/wp\/v2\/users\/1"}],"replies":[{"embeddable":true,"href":"https:\/\/concejocuruzucuatia.gob.ar\/wp\/wp-json\/wp\/v2\/comments?post=491"}],"version-history":[{"count":0,"href":"https:\/\/concejocuruzucuatia.gob.ar\/wp\/wp-json\/wp\/v2\/posts\/491\/revisions"}],"wp:featuredmedia":[{"embeddable":true,"href":"https:\/\/concejocuruzucuatia.gob.ar\/wp\/wp-json\/wp\/v2\/media\/490"}],"wp:attachment":[{"href":"https:\/\/concejocuruzucuatia.gob.ar\/wp\/wp-json\/wp\/v2\/media?parent=491"}],"wp:term":[{"taxonomy":"category","embeddable":true,"href":"https:\/\/concejocuruzucuatia.gob.ar\/wp\/wp-json\/wp\/v2\/categories?post=491"},{"taxonomy":"post_tag","embeddable":true,"href":"https:\/\/concejocuruzucuatia.gob.ar\/wp\/wp-json\/wp\/v2\/tags?post=491"}],"curies":[{"name":"wp","href":"https:\/\/api.w.org\/{rel}","templated":true}]}}