{"id":453,"date":"2017-09-21T15:31:46","date_gmt":"2017-09-21T15:31:46","guid":{"rendered":"https:\/\/concejocuruzucuatia.gob.ar\/wp\/2017\/09\/21\/informe-de-prensa-hcd-sesion-21-de-septiembre-de-2017\/"},"modified":"2017-09-21T15:31:46","modified_gmt":"2017-09-21T15:31:46","slug":"informe-de-prensa-hcd-sesion-21-de-septiembre-de-2017","status":"publish","type":"post","link":"https:\/\/concejocuruzucuatia.gob.ar\/wp\/2017\/09\/21\/informe-de-prensa-hcd-sesion-21-de-septiembre-de-2017\/","title":{"rendered":"Informe de Prensa HCD \/ Sesi\u00f3n 21 de Septiembre de 2017"},"content":{"rendered":"<p>\u00a0<\/p>\n<p class=\"MsoNormal\" style=\"text-align: justify;\"><span lang=\"ES\" style=\"mso-bidi-font-size: 12.0pt;\"><img decoding=\"async\" src=\"images\/sesion-210917-1.jpeg\" alt=\"\" \/><\/span><\/p>\n<p class=\"MsoNormal\" style=\"text-align: justify;\"><span lang=\"ES\" style=\"mso-bidi-font-size: 12.0pt;\">Desde las 11hs. del d\u00eda jueves 21 de septiembre de 2017, el presidente del cuerpo, el concejal Juan Ram\u00f3n Sosa y el secretario Dr. Eduardo Fracalossi<span style=\"mso-spacerun: yes;\">\u00a0 <\/span>dieron inici\u00f3 a la sesi\u00f3n del d\u00eda de la fecha <span style=\"mso-spacerun: yes;\">\u00a0<\/span>con la ausencia de los concejales Pared, Santini y Paez.<\/span><\/p>\n<p><span lang=\"ES\" style=\"mso-bidi-font-size: 12.0pt;\">Luego el Presidente somete a votaci\u00f3n el orden del d\u00eda y el Acta 1437, que fueron aprobados un\u00e1nimemente.<\/span><\/p>\n<p><span lang=\"ES\" style=\"mso-bidi-font-size: 12.0pt;\"><span style=\"mso-spacerun: yes;\">\u00a0<\/span>El segundo punto fue la lectura de proyectos<span style=\"mso-spacerun: yes;\">\u00a0 <\/span>ingresados, de resoluci\u00f3n del Bloque ECO referido a solicitar informe al DEM sobre estado de dominio de veh\u00edculo <\/span><span style=\"mso-bidi-font-size: 12.0pt; mso-bidi-font-family: Arial; mso-ansi-language: ES-AR;\"><span lang=\"ES-TRAD\" style=\"mso-ansi-font-size: 12.0pt; mso-bidi-font-size: 12.0pt; mso-ansi-language: ES-TRAD; mso-fareast-language: EN-US;\">Volkswagen Gol 1,9 sd, dominio colocado EMI &#8211; 281, que actualmente est\u00e1 afectado a la direcci\u00f3n municipal de tr\u00e1nsito, pas\u00f3 a comisi\u00f3n de Gobierno. El concejal Fern\u00e1ndez solicit\u00f3 el Tratamiento sobre tablas del proyecto, el cual no fue aprobado.<\/span><\/span><\/p>\n<p><span style=\"mso-bidi-font-size: 12.0pt; mso-ansi-language: ES-AR;\">Seguidamente se trataron los proyectos de Declaraci\u00f3n <span style=\"mso-spacerun: yes;\">\u00a0<\/span>del <span style=\"mso-spacerun: yes;\">\u00a0<\/span>BLOQUE P J, <span style=\"mso-spacerun: yes;\">\u00a0<\/span>referido a <span style=\"mso-spacerun: yes;\">\u00a0<\/span>Declarar Hu\u00e9sped de Honor al Sr. ZAMBA QUIPILDOR y de<span style=\"mso-spacerun: yes;\">\u00a0 <\/span>Declarar de inter\u00e9s cultural y art\u00edstico el Festival Musical \u201cHaciendo Caminos\u201d, los dos proyectos fueron solicitados para su tratamiento sobre tablas debido a la fecha de la realizaci\u00f3n del festival musical, los cuales fueron aprobados un\u00e1nimemente.<\/span><\/p>\n<p><span style=\"mso-bidi-font-size: 12.0pt; mso-ansi-language: ES-AR;\">El 3\u00ba punto se trat\u00f3 sobre comunicaciones oficiales <\/span><span lang=\"ES\" style=\"mso-bidi-font-size: 12.0pt;\">de la oficina del bolet\u00edn oficial municipal remitiendo ejemplar \u00fanico N\u00ba 3175,<span style=\"mso-spacerun: yes;\">\u00a0 <\/span>3176 y 3177 y del Juzgado de Faltas Municipal presentando informe de Caja y Planillas de Infractores- Agosto de 2017, ambos quedaron en secretar\u00eda.<\/span><\/p>\n<p><span lang=\"ES\" style=\"mso-bidi-font-size: 12.0pt;\">Del Director del Instituto de Administraci\u00f3n de Empresas Agropecuarias, solicitando se declare de Inter\u00e9s Municipal la II Jornada de Capacitaci\u00f3n en Administraci\u00f3n de Empresas, pas\u00f3 a comisi\u00f3n de Gobierno.<\/span><\/p>\n<p><span lang=\"ES\" style=\"mso-bidi-font-size: 12.0pt;\">Del secretario del HCD, Nota al DEM, referido a la publicaci\u00f3n de los Boletines Oficiales y el informe sobre proceso de trabajo de la comisi\u00f3n coordinadora de debates municipales, quedaron en secretar\u00eda.<\/span><\/p>\n<p><span style=\"mso-bidi-font-size: 12.0pt; mso-bidi-font-family: Arial; mso-ansi-language: ES-AR;\">Luego se trat\u00f3 el 5<\/span><span lang=\"ES\" style=\"mso-bidi-font-size: 12.0pt;\">\u00ba punto, referido a notas privadas de Pedro Gim\u00e9nez, planteando preocupaci\u00f3n por planta de tratamiento de l\u00edquidos cloacales y solicitando al Concejo se dirija al Ente Regulador del Agua, pas\u00f3 a comisi\u00f3n de Gobierno.<\/span><\/p>\n<p><span lang=\"ES\" style=\"mso-bidi-font-size: 12.0pt;\">De la Presidente de ACYAC, solicitando se declare de inter\u00e9s municipal el X\u00b0 <span style=\"mso-spacerun: yes;\">\u00a0<\/span>Sal\u00f3n Bienal de Pintura 2017, pas\u00f3 a comisi\u00f3n de Gobierno.<\/span><\/p>\n<p class=\"MsoNormal\" style=\"text-align: justify;\"><span lang=\"ES\" style=\"mso-bidi-font-size: 12.0pt;\">Luego de la lectura de las resoluciones del DEM, y de la resoluci\u00f3n de Presidencia 15\/17 referido a comisi\u00f3n de Debates Municipales, el Presidente convoc\u00f3 a los Sres. concejales para la pr\u00f3xima sesi\u00f3n.<\/span><\/p>\n<p class=\"MsoNormal\" style=\"text-align: justify;\"><span lang=\"ES\" style=\"mso-bidi-font-size: 12.0pt;\"><img decoding=\"async\" src=\"images\/sesion-210917-2.jpeg\" alt=\"\" \/><\/span><\/p>\n<p>\u00a0<\/p>\n<p>\u00a0<\/p>\n","protected":false},"excerpt":{"rendered":"<p>\u00a0<\/p>\n<p class=\"MsoNormal\" style=\"text-align: justify;\"><span lang=\"ES\" style=\"mso-bidi-font-size: 12.0pt;\"><img decoding=\"async\" src=\"images\/sesion-210917-1.jpeg\" alt=\"\" \/><\/span><\/p>\n<p class=\"MsoNormal\" style=\"text-align: justify;\"><span lang=\"ES\" style=\"mso-bidi-font-size: 12.0pt;\">Desde las 11hs. del d\u00eda jueves 21 de septiembre de 2017, el presidente del cuerpo, el concejal Juan Ram\u00f3n Sosa y el secretario Dr. Eduardo Fracalossi<span style=\"mso-spacerun: yes;\">\u00a0 <\/span>dieron inici\u00f3 a la sesi\u00f3n del d\u00eda de la fecha <span style=\"mso-spacerun: yes;\">\u00a0<\/span>con la ausencia de los concejales Pared, Santini y Paez.<\/span><\/p>\n","protected":false},"author":1,"featured_media":452,"comment_status":"open","ping_status":"open","sticky":false,"template":"","format":"standard","meta":{"footnotes":""},"categories":[3],"tags":[],"class_list":["post-453","post","type-post","status-publish","format-standard","has-post-thumbnail","hentry","category-uncategorised"],"brizy_media":[],"_links":{"self":[{"href":"https:\/\/concejocuruzucuatia.gob.ar\/wp\/wp-json\/wp\/v2\/posts\/453","targetHints":{"allow":["GET"]}}],"collection":[{"href":"https:\/\/concejocuruzucuatia.gob.ar\/wp\/wp-json\/wp\/v2\/posts"}],"about":[{"href":"https:\/\/concejocuruzucuatia.gob.ar\/wp\/wp-json\/wp\/v2\/types\/post"}],"author":[{"embeddable":true,"href":"https:\/\/concejocuruzucuatia.gob.ar\/wp\/wp-json\/wp\/v2\/users\/1"}],"replies":[{"embeddable":true,"href":"https:\/\/concejocuruzucuatia.gob.ar\/wp\/wp-json\/wp\/v2\/comments?post=453"}],"version-history":[{"count":0,"href":"https:\/\/concejocuruzucuatia.gob.ar\/wp\/wp-json\/wp\/v2\/posts\/453\/revisions"}],"wp:featuredmedia":[{"embeddable":true,"href":"https:\/\/concejocuruzucuatia.gob.ar\/wp\/wp-json\/wp\/v2\/media\/452"}],"wp:attachment":[{"href":"https:\/\/concejocuruzucuatia.gob.ar\/wp\/wp-json\/wp\/v2\/media?parent=453"}],"wp:term":[{"taxonomy":"category","embeddable":true,"href":"https:\/\/concejocuruzucuatia.gob.ar\/wp\/wp-json\/wp\/v2\/categories?post=453"},{"taxonomy":"post_tag","embeddable":true,"href":"https:\/\/concejocuruzucuatia.gob.ar\/wp\/wp-json\/wp\/v2\/tags?post=453"}],"curies":[{"name":"wp","href":"https:\/\/api.w.org\/{rel}","templated":true}]}}