{"id":424,"date":"2017-06-15T15:14:44","date_gmt":"2017-06-15T15:14:44","guid":{"rendered":"https:\/\/concejocuruzucuatia.gob.ar\/wp\/2017\/06\/15\/informe-de-prensa-hcd-sesion-15-de-junio-de-2017\/"},"modified":"2017-06-15T15:14:44","modified_gmt":"2017-06-15T15:14:44","slug":"informe-de-prensa-hcd-sesion-15-de-junio-de-2017","status":"publish","type":"post","link":"https:\/\/concejocuruzucuatia.gob.ar\/wp\/2017\/06\/15\/informe-de-prensa-hcd-sesion-15-de-junio-de-2017\/","title":{"rendered":"Informe de Prensa HCD \/ Sesi\u00f3n 15 de Junio de 2017"},"content":{"rendered":"<p class=\"MsoNormal\" style=\"text-align: center;\"><span lang=\"ES\" style=\"mso-bidi-font-size: 12.0pt; mso-bidi-font-family: Arial;\"><img loading=\"lazy\" decoding=\"async\" src=\"images\/sesion-150617-9.jpeg\" alt=\"\" width=\"785\" height=\"442\" \/><\/span><\/p>\n<p class=\"MsoNormal\" style=\"text-align: justify;\"><span lang=\"ES\" style=\"mso-bidi-font-size: 12.0pt;\">Desde las 11,05hs. del d\u00eda jueves 15 de Junio de 2017, el presidente del cuerpo, el concejal Juan Ram\u00f3n Sosa y el secretario Dr. Eduardo Fracalossi <span style=\"mso-spacerun: yes;\">\u00a0<\/span>dieron inicio a la sesi\u00f3n del d\u00eda con presencia de todos los concejales.<\/span><\/p>\n<p><span lang=\"ES\" style=\"mso-bidi-font-size: 12.0pt;\"><span style=\"mso-spacerun: yes;\">\u00a0<\/span>Primeramente el Presidente somete a votaci\u00f3n el orden del d\u00eda y la consideraci\u00f3n del Acta 1429, que fueron aprobados un\u00e1nimemente.<\/span><\/p>\n<p><span lang=\"ES\">\u00a0 El segundo punto se trata el despacho de la comisi\u00f3n de Gobierno referido a la nota de alumnos de la Universidad de la Cuenca del Plata sobre el proyecto de ordenanza sobre la atenci\u00f3n prioritaria a grupos vulnerables. En el art\u00edculo 1 <\/span><span class=\"FontStyle13\"><span lang=\"ES-TRAD\" style=\"font-size: 11pt;\">dispone la atenci\u00f3n prioritaria de las mujeres embarazadas, personas con necesidades especiales o movilidad reducida y los adultos mayores de 70 a\u00f1os, en todos los establecimientos p\u00fablicos nacionales, provinciales y municipales (Edificios, oficinas, dependencias, entes, CIC, etc.) y privados (Entidades financieras, empresas prestatarias del servicio de salud, grandes superficies comerciales, comercios minoristas y mayoristas, cines, teatros, restaurantes, etc.) que presten atenci\u00f3n al p\u00fablico en cualquier forma y modalidad.<\/span><\/span><\/p>\n<p><span class=\"FontStyle11\"><span lang=\"ES-TRAD\" style=\"font-size: 10pt;\">\u00a0<\/span><\/span><span class=\"FontStyle13\"><span lang=\"ES-TRAD\" style=\"font-size: 11pt;\">Se entiende por prioridad de atenci\u00f3n, la prestada en forma inmediata evitando demoras en el tr\u00e1mite mediante la espera del turno\u00bb.<\/span><\/span><\/p>\n<p><span class=\"FontStyle13\"><span lang=\"ES-TRAD\" style=\"font-size: 11pt;\">\u00a0Los establecimientos mencionados deber\u00e1n exhibir en todos sus sectores de atenci\u00f3n al cliente, cajas o dependencias, un cartel que indique la prioridad, y que ser\u00e1 provisto por el municipio.<\/span><\/span><\/p>\n<p><span class=\"FontStyle13\"><span lang=\"ES-TRAD\" style=\"font-size: 11pt;\">\u00a0El incumplimiento de las obligaciones previstas en la presente Ordenanza respecto de los establecimientos privados, ser\u00e1 considerado una contravenci\u00f3n, y sancionadas de conformidad con el procedimiento establecido en el c\u00f3digo de faltas municipal.<\/span><\/span><\/p>\n<p><span class=\"FontStyle11\"><span lang=\"ES-TRAD\" style=\"font-size: 10pt;\">\u00a0<\/span><\/span><span class=\"FontStyle13\"><span lang=\"ES-TRAD\" style=\"font-size: 11pt;\">El DEM habilitar\u00e1 un n\u00famero telef\u00f3nico, u otro sistema de comunicaci\u00f3n, e indicar\u00e1 la dependencia donde realizar las denuncias por parte de los ciudadanos, el que deber\u00e1 estar incluido en el cartel correspondiente. Tambi\u00e9n se derogan las ordenanzas N\u00b0 2921 y 2925. Luego de escuchar al miembro informante, se aprob\u00f3 de forma un\u00e1nime.<\/span><\/span><\/p>\n<p><span class=\"FontStyle13\"><span lang=\"ES-TRAD\" style=\"font-size: 11pt;\"><img loading=\"lazy\" decoding=\"async\" src=\"images\/sesion-150617-3.jpeg\" alt=\"\" width=\"697\" height=\"392\" \/><\/span><\/span><\/p>\n<p><span class=\"FontStyle13\"><span lang=\"ES-TRAD\" style=\"font-size: 11pt;\">\u00a0 Seguidamente se trat\u00f3 el despacho de la <\/span><\/span>comisi\u00f3n de obras p\u00fablicas sobre la nota de vecinos de calle Sarratea al 300 entre Alberdi y Juan Pujol para que se proceda al arreglo de la misma, la cual fue aprobada como resoluci\u00f3n.<\/p>\n<p>\u00a0<span lang=\"ES\">A continuaci\u00f3n se trat\u00f3 los proyectos ingresados, primeramente el de Ordenanza del Bloque PJ sobre crear el Consejo Educativo Terciario y Universitario en la ciudad que<\/span><span class=\"FontStyle20\"><span lang=\"ES-TRAD\" style=\"font-size: 11pt;\"> estar\u00e1 conformado por las instituciones educativas, p\u00fablicas o privadas, de nivel superior terciario o universitario con asiento en sus funciones en el Dpto. de esta ciudad, representadas por sus apoderados legales, rectores, delegados, directores o representantes designados al efecto. Y funcionar\u00e1 como \u00f3rgano asesor y consultivo en temas educativos de los poderes legislativo y ejecutivo de la Municipalidad de Curuz\u00fa Cuati\u00e1.<\/span><\/span><\/p>\n<p><span class=\"FontStyle20\"><span lang=\"ES-TRAD\" style=\"font-size: 11pt;\">Para integrar el Consejo Educativo Terciario y Universitario se deber\u00e1 presentar ante el Secretario del H.C.D., la autorizaci\u00f3n estatal para funcionar como entidad educativa y la normativa que designe responsable de dicha instituci\u00f3n en nuestra ciudad a su agente, y dem\u00e1s documentaci\u00f3n formal que determine el presidente del cuerpo para un buen registro del mismo. Estar\u00e1 presidido por el Presidente del H.C.D o quien este designe, cumpliendo el resto de las instituciones funciones de consejeros. El mismo tratar\u00e1 los temas que proponga el Presidente, los consejeros, o el Intendente Municipal.<\/span><\/span><\/p>\n<p><span class=\"FontStyle20\"><span lang=\"ES-TRAD\" style=\"font-size: 11pt;\">El Consejo Educativo Terciario y Universitario emitir\u00e1 recomendaciones y\/u opiniones, por simple mayor\u00eda de votos. Las mismas se deber\u00e1n registrar en un acta, en forma ordenada y numerada, proceso a cargo del Secretario del H.C.D. Las tareas necesarias para la conformaci\u00f3n y puesta en marcha del Consejo Educativo Terciario y Universitario, ser\u00e1n ejecutadas por el Presidente del H.C.D o quien este designe.<\/span><\/span><\/p>\n<p><span class=\"FontStyle20\"><span lang=\"ES-TRAD\" style=\"font-size: 11pt;\">Los cargos y funciones del Consejo Educativo Terciario y Universitario son ad-honorem, y voluntarios. En el proyecto se instruye al Secretario del H.C.D. a convocar a las instituciones de referencia para formar parte del Consejo, en un plazo de quince d\u00edas. Y se convoca a la primera sesi\u00f3n del Consejo Educativo Terciario y Universitario para el d\u00eda mi\u00e9rcoles 26 de julio de 2017 a las 11 hs. a realizarse en las oficinas del H.C.D. El resto de las sesiones ser\u00e1n convocadas por el propio Consejo, debiendo realizarse una reuni\u00f3n mensual, pas\u00f3 a comisi\u00f3n de Gobierno.<\/span><\/span><\/p>\n<p>\u00a0<span lang=\"ES\">Del Bloque PRO de crear el Programa de Prevenci\u00f3n de Intoxicaciones por inhalaci\u00f3n de mon\u00f3xido <\/span><span class=\"FontStyle18\"><span lang=\"ES-TRAD\" style=\"font-size: 10pt;\">de Carbono. <\/span><\/span><\/p>\n<p><span class=\"FontStyle18\"><span lang=\"ES-TRAD\" style=\"font-size: 10pt;\">Que en su articulado dice, de que el \u00f3rgano de aplicaci\u00f3n del presente programa lo dispondr\u00e1\u00a0 el D.E.M. y que<\/span><\/span><span class=\"FontStyle19\"><span lang=\"ES-TRAD\" style=\"font-size: 11pt;\"> tiene como objeto realizar acciones de difusi\u00f3n de las medidas preventivas para disminuir los accidentes por inhalaci\u00f3n de mon\u00f3xido de carbono en la ciudad. <\/span><\/span><span class=\"FontStyle19\"><span lang=\"ES-TRAD\" style=\"font-size: 11pt;\">Tambi\u00e9n que tendr\u00e1 que r<\/span><\/span><span class=\"FontStyle19\"><span lang=\"ES-TRAD\" style=\"font-size: 11pt;\">ealizar charlas informativas. La autoridad de aplicaci\u00f3n fijar\u00e1 un cronograma espec\u00edfico de acciones reforzando las<br \/> medidas los d\u00edas previos y durante la \u00e9poca invernal<\/span><\/span><span class=\"FontStyle19\"><span lang=\"ES-TRAD\" style=\"font-size: 11pt;\">, pas\u00f3 a comisio<\/span><\/span><span class=\"FontStyle19\"><span lang=\"ES-TRAD\" style=\"font-size: 11pt;\">n<\/span><\/span><span class=\"FontStyle19\"><span lang=\"ES-TRAD\" style=\"font-size: 11pt;\">es<\/span><\/span><span class=\"FontStyle19\"><span lang=\"ES-TRAD\" style=\"font-size: 11pt;\"> de<\/span><\/span><span class=\"FontStyle19\"><span lang=\"ES-TRAD\" style=\"font-size: 11pt;\"> Gobierno y Salud<\/span><\/span><span class=\"FontStyle19\"><span lang=\"ES-TRAD\" style=\"font-size: 11pt;\">.<\/span><\/span><\/p>\n<p>\u00a0El otro proyecto referido a implementar el Programa de Prevenci\u00f3n, Asistencia y Apoyo para personas cel\u00edacas, paso a comisi\u00f3n de Salud.<\/p>\n<p>Luego se trat\u00f3 el proyecto de resoluci\u00f3n del concejal Balceda de solicitar al DEM corte de ra\u00edces de arboles ubicados en el pasaje Durich N\u00b0 8 del barrio 216 Viviendas, pas\u00f3 a comisi\u00f3n de Obras.<\/p>\n<p>\u00a0El proyecto de resoluci\u00f3n del bloque PJ de dirigirse a la Comisi\u00f3n Nacional de Pensiones Asistenciales expresando rechazo a la suspensi\u00f3n de los derechos a beneficiarios de pensiones Asistenciales sin previa citaci\u00f3n y ejercicio del derecho de defensa del interesado. En su art\u00edculo segundo se exhorta a la Comisi\u00f3n Nacional de Pensiones Asistenciales la restituci\u00f3n inmediata de dichas pensiones. Fue sometido a votaci\u00f3n para su tratamiento sobre tablas, y su posterior tratamiento el cual fue aprobado un\u00e1nimemente.<\/p>\n<p>\u00a0El proyecto de Declaraci\u00f3n hacer <span lang=\"ES\">p\u00fablico el reconocimiento de este Concejo Deliberante al m\u00fasico Curuzucuate\u00f1o Juancito G\u00fcenaga, al celebrar sus 50 a\u00f1os con el Chamam\u00e9, fue tratado sobre tablas y aprobada la declaraci\u00f3n-<\/span><\/p>\n<p><span lang=\"ES\"><img loading=\"lazy\" decoding=\"async\" src=\"images\/sesion-150617-11.jpeg\" alt=\"\" width=\"703\" height=\"396\" \/><\/span><\/p>\n<p>\u00a0<span lang=\"ES\">Seguidamente se dio a conocer el ingreso de notas oficiales del Intendente, Asociaci\u00f3n de Comercio y Universidad Cuenca del Plata, Invitando a la Conferencia \u201cHERRAMIENTAS DE GESTION EMPRESARIAL\u201d.<\/span><\/p>\n<p><span lang=\"ES\">Seguidamente se trat\u00f3 el punto de notas privadas, la de la Sra. Rita Ben\u00edtez, solicitando condonaci\u00f3n de tasas, pas\u00f3 a comisi\u00f3n de presupuesto.<\/span><\/p>\n<p><span lang=\"ES\" style=\"mso-bidi-font-size: 12.0pt;\">Luego de la lectura del 6to. punto de Resoluciones del DEM, el Presidente Juan Ram\u00f3n Sosa convoc\u00f3 a los Sres. concejales para el jueves 22 de junio a las 11 hs para la pr\u00f3xima sesi\u00f3n ordinaria.<\/span><\/p>\n","protected":false},"excerpt":{"rendered":"<p class=\"MsoNormal\" style=\"text-align: center;\"><span lang=\"ES\" style=\"mso-bidi-font-size: 12.0pt; mso-bidi-font-family: Arial;\"><img loading=\"lazy\" decoding=\"async\" src=\"images\/sesion-150617-9.jpeg\" alt=\"\" width=\"785\" height=\"442\" \/><\/span><\/p>\n<p class=\"MsoNormal\" style=\"text-align: justify;\"><span lang=\"ES\" style=\"mso-bidi-font-size: 12.0pt;\">Desde las 11,05hs. del d\u00eda jueves 15 de Junio de 2017, el presidente del cuerpo, el concejal Juan Ram\u00f3n Sosa y el secretario Dr. Eduardo Fracalossi <span style=\"mso-spacerun: yes;\">\u00a0<\/span>dieron inicio a la sesi\u00f3n del d\u00eda con presencia de todos los concejales.<\/span><\/p>\n","protected":false},"author":1,"featured_media":423,"comment_status":"open","ping_status":"open","sticky":false,"template":"","format":"standard","meta":{"footnotes":""},"categories":[3],"tags":[],"class_list":["post-424","post","type-post","status-publish","format-standard","has-post-thumbnail","hentry","category-uncategorised"],"brizy_media":[],"_links":{"self":[{"href":"https:\/\/concejocuruzucuatia.gob.ar\/wp\/wp-json\/wp\/v2\/posts\/424","targetHints":{"allow":["GET"]}}],"collection":[{"href":"https:\/\/concejocuruzucuatia.gob.ar\/wp\/wp-json\/wp\/v2\/posts"}],"about":[{"href":"https:\/\/concejocuruzucuatia.gob.ar\/wp\/wp-json\/wp\/v2\/types\/post"}],"author":[{"embeddable":true,"href":"https:\/\/concejocuruzucuatia.gob.ar\/wp\/wp-json\/wp\/v2\/users\/1"}],"replies":[{"embeddable":true,"href":"https:\/\/concejocuruzucuatia.gob.ar\/wp\/wp-json\/wp\/v2\/comments?post=424"}],"version-history":[{"count":0,"href":"https:\/\/concejocuruzucuatia.gob.ar\/wp\/wp-json\/wp\/v2\/posts\/424\/revisions"}],"wp:featuredmedia":[{"embeddable":true,"href":"https:\/\/concejocuruzucuatia.gob.ar\/wp\/wp-json\/wp\/v2\/media\/423"}],"wp:attachment":[{"href":"https:\/\/concejocuruzucuatia.gob.ar\/wp\/wp-json\/wp\/v2\/media?parent=424"}],"wp:term":[{"taxonomy":"category","embeddable":true,"href":"https:\/\/concejocuruzucuatia.gob.ar\/wp\/wp-json\/wp\/v2\/categories?post=424"},{"taxonomy":"post_tag","embeddable":true,"href":"https:\/\/concejocuruzucuatia.gob.ar\/wp\/wp-json\/wp\/v2\/tags?post=424"}],"curies":[{"name":"wp","href":"https:\/\/api.w.org\/{rel}","templated":true}]}}