{"id":382,"date":"2017-02-23T10:18:40","date_gmt":"2017-02-23T10:18:40","guid":{"rendered":"https:\/\/concejocuruzucuatia.gob.ar\/wp\/2017\/02\/23\/sesion-preparatoria-honorable-concejo-deliberante-07-02-2017\/"},"modified":"2017-02-23T10:18:40","modified_gmt":"2017-02-23T10:18:40","slug":"sesion-preparatoria-honorable-concejo-deliberante-07-02-2017","status":"publish","type":"post","link":"https:\/\/concejocuruzucuatia.gob.ar\/wp\/2017\/02\/23\/sesion-preparatoria-honorable-concejo-deliberante-07-02-2017\/","title":{"rendered":"Sesi\u00f3n Preparatoria Honorable Concejo Deliberante 07-02-2017"},"content":{"rendered":"<p><img loading=\"lazy\" decoding=\"async\" src=\"images\/213s13sd1sd31.jpg\" alt=\"\" width=\"640\" height=\"357\" \/><\/p>\n<p>Se llev\u00f3 a cabo la Sesi\u00f3n Preparatoria del Honorable Concejo Deliberante correspondiente al d\u00eda martes 07 de febrero de 2017 desde las 20.30 hs, bajo la presidencia del Dr Juan Antonio Duarte y la presencia de los Concejales del Bloque PJ, se\u00f1or Gabriel Balceda, Cdor. Leandro P\u00e1ez, Sr. Juan Ram\u00f3n Sosa, Sra. Mar\u00eda Torres, Dra. Mar\u00eda Luisa Vallejos y el Sr. Pedro Preisz, del bloque ECO, Dr. Mart\u00edn Montero, \u00a0Prof. \u00a0Rodolfo Santini y el Dr. Roberto A. Fern\u00e1ndez y por el PRO, la Dra. Ofelia I. Pared y la Secretaria a cargo del Sr, Carlos Laudelino Estigarribia.-<\/p>\n<p>El Presidente declara abierta la Sesi\u00f3n del d\u00eda de la fecha y pone a consideraci\u00f3n del cuerpo, el \u00fanico orden del d\u00eda que era sobre la elecci\u00f3n de nuevas autoridades para un nuevo periodo del Honorable Concejo Deliberante.<\/p>\n<p>El Presidente, Dr. Juan A. Duarte le cede la palabra al Concejal Leandro P\u00e1ez, quien mociona en nombre del Bloque Justicialista al concejal Juan Ram\u00f3n Sosa para Presidente del mencionado cuerpo.<\/p>\n<p>A continuaci\u00f3n es el concejal Mart\u00edn Montero es el que toma la palabra en nombre del Bloque Eco -Pro y propone al Prof. Rodolfo Santini para el mismo cargo.-<\/p>\n<p>El Presidente somete las dos mociones \u00a0a votaci\u00f3n de los Sres. Concejales cuyo resultado fue siete votos a favor del concejal Juan R. Sosa y cuatro votos para el concejal Rodolfo Santini. De esta forma Juan Ram\u00f3n Sosa se consagr\u00f3 presidente del Concejo Deliberante de Curuz\u00fa Cuati\u00e1, por el periodo 2017.-<\/p>\n<p>\u00a0<\/p>\n<p>Luego el Presidente del Concejo pone a votaci\u00f3n el cargo de Vicepresidente Primero, recayendo este cargo en el actual Presidente del Concejo, Juan Duarte, y el Vice \u00a8Presidencia segunda en el Concejal Pedro Preisz, con la misma cantidad de votos con el apoyo del bloque justicialista 7 y el concejal Santini que obtuvo el apoyo de 4 votos del bloque ECO \u2013 PRO.-\u00a0<\/p>\n<p>Para finalizar, el Presidente, Juan A. Duarte convoc\u00f3 para el mi\u00e9rcoles 15 de febrero a las 20.30 a la apertura de sesiones ordinarias y asunci\u00f3n de autoridades, en las que, protocolarmente el Sr. Intendente Municipal, Prof. Ernesto G. Dom\u00ednguez realiza la apertura al igual que el nuevo Presidente del Honorable Concejo deliberante. Sr. Juan Ram\u00f3n Sosa.-<\/p>\n","protected":false},"excerpt":{"rendered":"<p><img loading=\"lazy\" decoding=\"async\" src=\"images\/213s13sd1sd31.jpg\" alt=\"\" width=\"640\" height=\"357\" \/><\/p>\n","protected":false},"author":1,"featured_media":0,"comment_status":"open","ping_status":"open","sticky":false,"template":"","format":"standard","meta":{"footnotes":""},"categories":[3],"tags":[],"class_list":["post-382","post","type-post","status-publish","format-standard","hentry","category-uncategorised"],"brizy_media":[],"_links":{"self":[{"href":"https:\/\/concejocuruzucuatia.gob.ar\/wp\/wp-json\/wp\/v2\/posts\/382","targetHints":{"allow":["GET"]}}],"collection":[{"href":"https:\/\/concejocuruzucuatia.gob.ar\/wp\/wp-json\/wp\/v2\/posts"}],"about":[{"href":"https:\/\/concejocuruzucuatia.gob.ar\/wp\/wp-json\/wp\/v2\/types\/post"}],"author":[{"embeddable":true,"href":"https:\/\/concejocuruzucuatia.gob.ar\/wp\/wp-json\/wp\/v2\/users\/1"}],"replies":[{"embeddable":true,"href":"https:\/\/concejocuruzucuatia.gob.ar\/wp\/wp-json\/wp\/v2\/comments?post=382"}],"version-history":[{"count":0,"href":"https:\/\/concejocuruzucuatia.gob.ar\/wp\/wp-json\/wp\/v2\/posts\/382\/revisions"}],"wp:attachment":[{"href":"https:\/\/concejocuruzucuatia.gob.ar\/wp\/wp-json\/wp\/v2\/media?parent=382"}],"wp:term":[{"taxonomy":"category","embeddable":true,"href":"https:\/\/concejocuruzucuatia.gob.ar\/wp\/wp-json\/wp\/v2\/categories?post=382"},{"taxonomy":"post_tag","embeddable":true,"href":"https:\/\/concejocuruzucuatia.gob.ar\/wp\/wp-json\/wp\/v2\/tags?post=382"}],"curies":[{"name":"wp","href":"https:\/\/api.w.org\/{rel}","templated":true}]}}