{"id":381,"date":"2017-02-23T10:00:49","date_gmt":"2017-02-23T10:00:49","guid":{"rendered":"https:\/\/concejocuruzucuatia.gob.ar\/wp\/2017\/02\/23\/visita-a-la-construccion-del-parque-acuatico\/"},"modified":"2017-02-23T10:00:49","modified_gmt":"2017-02-23T10:00:49","slug":"visita-a-la-construccion-del-parque-acuatico","status":"publish","type":"post","link":"https:\/\/concejocuruzucuatia.gob.ar\/wp\/2017\/02\/23\/visita-a-la-construccion-del-parque-acuatico\/","title":{"rendered":"Visita a la Construccion del Parque Acuatico"},"content":{"rendered":"<p style=\"margin: 0px 0px 1.5em; padding: 0px; border: 0px; outline: 0px; vertical-align: baseline; font-size: 12.8013px; line-height: 1.5em; color: #444444; font-family: arial, sans-serif; background-image: initial; background-attachment: initial; background-size: initial; background-origin: initial; background-clip: initial; background-position: initial; background-repeat: initial;\"><img loading=\"lazy\" decoding=\"async\" src=\"images\/P1030471.JPG\" alt=\"\" width=\"451\" height=\"286\" \/><\/p>\n<p style=\"margin: 0px 0px 1.5em; padding: 0px; border: 0px; outline: 0px; vertical-align: baseline; font-size: 12.8013px; line-height: 1.5em; color: #444444; font-family: arial, sans-serif; background-image: initial; background-attachment: initial; background-size: initial; background-origin: initial; background-clip: initial; background-position: initial; background-repeat: initial;\">Hoy en horas de la ma\u00f1ana visit\u00f3 el lugar donde se est\u00e1 construyendo el Parque Acu\u00e1tico, el concejal Gabriel \u201cYogurt\u201d Balceda, actualmente a cargo en forma interina \u00a0de la Presidencia del Honorable Concejo Deliberante, donde fue recibido por el encargado de Obra, el Sr. Roberto \u00a0Casa\u00f1a.-<\/p>\n<p style=\"margin: 0px 0px 1.5em; padding: 0px; border: 0px; outline: 0px; vertical-align: baseline; font-size: 12.8013px; line-height: 1.5em; color: #444444; font-family: arial, sans-serif; background-image: initial; background-attachment: initial; background-size: initial; background-origin: initial; background-clip: initial; background-position: initial; background-repeat: initial;\">En una visita amena y explicativa brindada por el Sr. Casa\u00f1a donde realiz\u00f3 un informe t\u00e9cnico con planos le\u00eddo por el Concejal que posee conocimiento de los mismos \u00a0y pr\u00e1ctico de las obras que se est\u00e1n realizando en el predio.<\/p>\n<p style=\"margin: 0px 0px 1.5em; padding: 0px; border: 0px; outline: 0px; vertical-align: baseline; font-size: 12.8013px; line-height: 1.5em; color: #444444; font-family: arial, sans-serif; background-image: initial; background-attachment: initial; background-size: initial; background-origin: initial; background-clip: initial; background-position: initial; background-repeat: initial;\">Recorriendo el lugar, comento que se encuentran \u00a0realizando el alambrado perimetral y dio a conocer las medidas de las distintas piletas en construcci\u00f3n como as\u00ed tambi\u00e9n las distintas proporciones de mezcla, espesor de las paredes, hierros empleados y el novedoso sistema \u00a0empleado en las paredes de los futuros sanitarios que se encuentran en proceso de construcci\u00f3n. El concejal recorri\u00f3 los mismos que constan de 4 ba\u00f1os para mujeres, 4 para hombres con sus respectivos mingitorios y un ba\u00f1o para personas con capacidades diferentes, esto en el marco de la obligaci\u00f3n de los concejales de estar informados e informar a la gente, en este caso tomando como un a cuesti\u00f3n natural y obligatoria de servicio de la comunidad.<\/p>\n<p style=\"margin: 0px 0px 1.5em; padding: 0px; border: 0px; outline: 0px; vertical-align: baseline; font-size: 12.8013px; line-height: 1.5em; color: #444444; font-family: arial, sans-serif; background-image: initial; background-attachment: initial; background-size: initial; background-origin: initial; background-clip: initial; background-position: initial; background-repeat: initial;\">Nuestra funci\u00f3n de Concejal es de ser contralor porque si controlamos es mejor por una cuesti\u00f3n de transparencia y vocaci\u00f3n de servicio, convencido de que somos concejales y funcionarios servidores de la gente<\/p>\n<p style=\"margin: 0px 0px 1.5em; padding: 0px; border: 0px; outline: 0px; vertical-align: baseline; font-size: 12.8013px; line-height: 1.5em; color: #444444; font-family: arial, sans-serif; background-image: initial; background-attachment: initial; background-size: initial; background-origin: initial; background-clip: initial; background-position: initial; background-repeat: initial;\">{ppgallery}<img loading=\"lazy\" decoding=\"async\" src=\"images\/P1030464.JPG\" alt=\"\" width=\"292\" height=\"219\" \/><img loading=\"lazy\" decoding=\"async\" src=\"images\/P1030474.JPG\" alt=\"\" width=\"295\" height=\"221\" \/>{\/ppgallery}<\/p>\n","protected":false},"excerpt":{"rendered":"<p style=\"margin: 0px 0px 1.5em; padding: 0px; border: 0px; outline: 0px; vertical-align: baseline; font-size: 12.8013px; line-height: 1.5em; color: #444444; font-family: arial, sans-serif; background-image: initial; background-attachment: initial; background-size: initial; background-origin: initial; background-clip: initial; background-position: initial; background-repeat: initial;\"><img loading=\"lazy\" decoding=\"async\" src=\"images\/P1030471.JPG\" alt=\"\" width=\"451\" height=\"286\" \/><\/p>\n","protected":false},"author":1,"featured_media":380,"comment_status":"open","ping_status":"open","sticky":false,"template":"","format":"standard","meta":{"footnotes":""},"categories":[3],"tags":[],"class_list":["post-381","post","type-post","status-publish","format-standard","has-post-thumbnail","hentry","category-uncategorised"],"brizy_media":[],"_links":{"self":[{"href":"https:\/\/concejocuruzucuatia.gob.ar\/wp\/wp-json\/wp\/v2\/posts\/381","targetHints":{"allow":["GET"]}}],"collection":[{"href":"https:\/\/concejocuruzucuatia.gob.ar\/wp\/wp-json\/wp\/v2\/posts"}],"about":[{"href":"https:\/\/concejocuruzucuatia.gob.ar\/wp\/wp-json\/wp\/v2\/types\/post"}],"author":[{"embeddable":true,"href":"https:\/\/concejocuruzucuatia.gob.ar\/wp\/wp-json\/wp\/v2\/users\/1"}],"replies":[{"embeddable":true,"href":"https:\/\/concejocuruzucuatia.gob.ar\/wp\/wp-json\/wp\/v2\/comments?post=381"}],"version-history":[{"count":0,"href":"https:\/\/concejocuruzucuatia.gob.ar\/wp\/wp-json\/wp\/v2\/posts\/381\/revisions"}],"wp:featuredmedia":[{"embeddable":true,"href":"https:\/\/concejocuruzucuatia.gob.ar\/wp\/wp-json\/wp\/v2\/media\/380"}],"wp:attachment":[{"href":"https:\/\/concejocuruzucuatia.gob.ar\/wp\/wp-json\/wp\/v2\/media?parent=381"}],"wp:term":[{"taxonomy":"category","embeddable":true,"href":"https:\/\/concejocuruzucuatia.gob.ar\/wp\/wp-json\/wp\/v2\/categories?post=381"},{"taxonomy":"post_tag","embeddable":true,"href":"https:\/\/concejocuruzucuatia.gob.ar\/wp\/wp-json\/wp\/v2\/tags?post=381"}],"curies":[{"name":"wp","href":"https:\/\/api.w.org\/{rel}","templated":true}]}}