{"id":2159,"date":"2025-09-15T12:17:14","date_gmt":"2025-09-15T12:17:14","guid":{"rendered":"https:\/\/concejocuruzucuatia.gob.ar\/wp\/?p=2159"},"modified":"2025-09-15T12:17:14","modified_gmt":"2025-09-15T12:17:14","slug":"informe-de-prensa-10-septiembre-2025","status":"publish","type":"post","link":"https:\/\/concejocuruzucuatia.gob.ar\/wp\/2025\/09\/15\/informe-de-prensa-10-septiembre-2025\/","title":{"rendered":"Informe de Prensa 10 septiembre 2025"},"content":{"rendered":"\n<p><strong><em>Informe de Prensa HCD, Sesi\u00f3n del 10 de septiembre de 2025<\/em><\/strong><\/p>\n\n\n\n<p>Como estaba previsto por convocatoria, se realiz\u00f3 el mi\u00e9rcoles 10 de septiembre la <strong>D\u00e9cimo Segunda Sesi\u00f3n Ordinaria<\/strong> presidida por la Dra. Marisa Acu\u00f1a, presidente del cuerpo deliberativo y la secretaria Dra. Valeria De Le\u00f3n quienes dieron inicio de la misma a las 08:35 h; con la presencia de los concejales \u00c1lvarez, Arbelo, Castillo, Cerono, Crespi, Gonz\u00e1lez, Naya Yrigoyen, Toffoli, Tsotson y Zakegi\u00e1n.<\/p>\n\n\n\n<p>En primer lugar la Presidente del Honorable Concejo Deliberante dio la bienvenida a los concejales, personal del HCD, prensa, p\u00fablico en general<strong>.<\/strong><\/p>\n\n\n\n<h1 class=\"wp-block-heading\">ORDEN DEL D\u00cdA<\/h1>\n\n\n\n<h1 class=\"wp-block-heading\">SESI\u00d3N ORDINARIA DEL&nbsp; 10\/09\/2025<\/h1>\n\n\n\n<p>Seguidamente se pasa al tratamiento del primer \u00edtem del Orden del D\u00eda:<\/p>\n\n\n\n<p><strong>1\u00b0 Lectura y Consideraci\u00f3n del Acta N\u00ba 1.692. <\/strong>Aprobado por unanimidad de los presentes. <strong><\/strong><\/p>\n\n\n\n<p><strong>2\u00ba <\/strong><strong>DESPACHOS <\/strong>fue el pr\u00f3ximo punto tratado siguiendo el Orden del D\u00eda<\/p>\n\n\n\n<p><strong>COMISI\u00d3N DE GOBIERNO y OBRAS:<\/strong><\/p>\n\n\n\n<p><strong>Expte. N\u00ba 6178\/2025: <\/strong>Proyecto de Ordenanza de la d\u00e1rsena establecida en la Ordenanza N\u00ba 2682\/2010, a un m\u00e1ximo de 11 m. De largo por 1,40 m. De ancho, en la acera de la calle Podest\u00e1 al 522.<strong> Aprobado por unanimidad. Es Ordenanza.<\/strong><\/p>\n\n\n\n<p><strong>COMISI\u00d3N DE PRESUPUESTO Y HACIENDA:<\/strong><\/p>\n\n\n\n<p><strong>Expte. N\u00ba 6180\/2025: <\/strong>Nota privada de la Sra. Mar\u00eda Teresa Sarli<strong>. <\/strong>Solicitando condonaci\u00f3n de deuda Municipal. <strong>Aprobado por unanimidad. &nbsp;Es Ordenanza.<\/strong><\/p>\n\n\n\n<p><strong>COMISI\u00d3N DE CONTROL Y APROBACI\u00d3N DE CUENTAS<\/strong><\/p>\n\n\n\n<p><strong>Expte. N\u00ba 6162\/2025: <\/strong>Nota del Auditor Municipal N\u00ba 13\/2025. Remitiendo informe correspondiente al Segundo Trimestre del a\u00f1o 2024.<strong> Aprobado por unanimidad.&nbsp;<\/strong><\/p>\n\n\n\n<p><strong>3\u00b0 PROYECTOS INGRESADOS <\/strong>fue el siguiente punto continuando con el Orden del D\u00eda<\/p>\n\n\n\n<p><strong>&nbsp;DE ORDENANZA<\/strong><\/p>\n\n\n\n<p><strong>&#8211; Aprobar <\/strong>el Presupuesto General de la Municipalidad de Curuz\u00fa Cuati\u00e1 para el a\u00f1o 2026.<strong> Pasa a Comisi\u00f3n de Presupuesto.<\/strong><\/p>\n\n\n\n<p><strong>&#8211; Establecer <\/strong>la liquidaci\u00f3n de impuestos, tasas y contribuciones correspondiente al a\u00f1o 2026. <strong>&nbsp;Pasa a comisi\u00f3n de Presupuesto.<\/strong><\/p>\n\n\n\n<p><strong>&#8211; Establecer <\/strong>para los impuestos automotores y otros rodados, cuotas y fechas de vencimiento. <strong>Pasa a Comisi\u00f3n de Presupuesto.<\/strong><\/p>\n\n\n\n<p><strong>&#8211; Instar <\/strong>al DEM a continuar con la obra de renovaci\u00f3n de veredas de la calle principal de la ciudad; comprendiendo el tramo a\u00fan no ejecutado, desde Rivadavia hasta Rafael Perazzo, completando la totalidad de la v\u00eda urbana en cuesti\u00f3n. <strong>Pasa a Comisi\u00f3n de Obras.<\/strong><\/p>\n\n\n\n<p><strong>&#8211; Solicitar <\/strong>al DEM a trav\u00e9s del \u00e1rea correspondiente la colocaci\u00f3n de reductores de velocidad sobre la calle Castillo, en el tramo previo a su intersecci\u00f3n con Elena Bonatti.&nbsp; <strong>Pasa a Comisi\u00f3n de Obras y Gobierno.<\/strong><\/p>\n\n\n\n<p><strong>&#8211; Solicitar&nbsp; <\/strong>al DEM a trav\u00e9s del \u00e1rea correspondiente, la colocaci\u00f3n de reductores de velocidad en calle Francisco Podest\u00e1, antes de su intersecci\u00f3n con calle Gral. Ram\u00edrez y, en la calle Gral. Ram\u00edrez antes de su intersecci\u00f3n con calle Francisco Podest\u00e1.&nbsp; <strong>Pasa a Comisi\u00f3n de Obras y Gobierno.<\/strong><\/p>\n\n\n\n<p><strong>&#8211; Disponer <\/strong>la colocaci\u00f3n de reductores de velocidad sobre la calle 16 de noviembre, en el tramo comprendido entre calles Serradori y ex Ruta Nacional N\u00ba 14, en la cantidad que se estime necesaria y adecuada conforme a las caracter\u00edsticas de dicha arteria.<\/p>\n\n\n\n<p><strong>DE RESOLUCI\u00d3N<\/strong><\/p>\n\n\n\n<ul class=\"wp-block-list\">\n<li><strong>Pedido <\/strong>de informe Rendici\u00f3n de cuentas de obra \u201cEspacios Multiusos\u201d.<strong> Pasa a Comisi\u00f3n de Presupuesto.<\/strong><\/li>\n\n\n\n<li><strong>Pedido <\/strong>de informe Rendici\u00f3n de cuentas Carnavales del a\u00f1o 2025. <strong>Pasa a Comisi\u00f3n de Presupuesto.<\/strong><\/li>\n\n\n\n<li><strong>Pr\u00f3rroga <\/strong>y nueva constituci\u00f3n de Autoridades a la Comisi\u00f3n Redactora del R\u00e9gimen de Personal de la Municipalidad. <strong>Pasa a Comisi\u00f3n de Gobierno.<\/strong><\/li>\n\n\n\n<li><strong>Solicitar <\/strong>informe al \u00e1rea de zoonosis de la Municipalidad de Curuz\u00fa Cuati\u00e1 sobre las tareas de prevenci\u00f3n de da\u00f1os ocasionados por animales en la v\u00eda p\u00fablica y sobre la provisi\u00f3n de insumos a las instituciones protectoras de animales.<strong> Pasa a Comisi\u00f3n de Peticiones y Salud.<\/strong><\/li>\n\n\n\n<li><strong>Realizaci\u00f3n <\/strong>de tareas de mantenimiento de calles en intersecciones de calles Barrio Sarmiento.<strong> Pasa a Comisi\u00f3n de Obras.<\/strong><\/li>\n<\/ul>\n\n\n\n<p><strong>DE DECLARACI\u00d3N<\/strong><\/p>\n\n\n\n<ul class=\"wp-block-list\">\n<li><strong>Declarar <\/strong>de Inter\u00e9s Municipal el mes de septiembre como \u201cMes de la Prevenci\u00f3n del Suicido\u201d. <strong>Aprobado por unanimidad Sobre Tablas, por solicitud del Concejal \u00c1lvarez.<\/strong><\/li>\n<\/ul>\n\n\n\n<p><strong>4\u00b0 COMUNICACIONES OFICIALES <\/strong>fue el cuarto punto tratado<\/p>\n\n\n\n<p><strong>DEL DEM: <\/strong>Boletines Oficiales N\u00ba 3560, 3.561, 3.562, 3.563, 3.564 y 3.565.<strong> Queda por Secretar\u00eda a disposici\u00f3n de los Sres. Concejales.<\/strong><\/p>\n\n\n\n<p><strong>DE LA SECRETAR\u00cdA DE HACIENDA<\/strong><\/p>\n\n\n\n<ul class=\"wp-block-list\">\n<li><strong>Remitiendo <\/strong>documentaci\u00f3n correspondiente al segundo trimestre del a\u00f1o 2.025.<strong> Pasa a Comisi\u00f3n de Control.<\/strong><\/li>\n<\/ul>\n\n\n\n<p><strong>DEL AUDITOR MUNICIPAL:&nbsp;<\/strong><\/p>\n\n\n\n<ul class=\"wp-block-list\">\n<li><strong>Nota N\u00ba 23\/2025 <\/strong>Informando sobre recepci\u00f3n de documentaci\u00f3n correspondiente al primer trimestre del 2025. <strong>Por Secretar\u00eda.<\/strong><\/li>\n\n\n\n<li><strong>Nota N\u00ba 26\/2025 <\/strong>Remitiendo documentaci\u00f3n correspondiente al tercer trimestre del a\u00f1o 2.024. <strong>\u00a0Pasa a la Comisi\u00f3n de Control.<\/strong><\/li>\n\n\n\n<li><strong>\u00a0<\/strong><\/li>\n<\/ul>\n\n\n\n<p><strong>DEL JUZGADO DE FALTAS DE CURUZ\u00da CUATI\u00c1: <\/strong>Informe de caja y planillas infractores julio y agosto 2.025.<strong> Queda por Secretar\u00eda a disposici\u00f3n de los Sres. Concejales.<\/strong><\/p>\n\n\n\n<p><strong>5\u00b0 NOTAS PRIVADAS<\/strong> fue el quinto punto abordado.<\/p>\n\n\n\n<p>-De la Sra. Emilia \u00c1valos.<strong> Pasa a Comisi\u00f3n de Obras.<\/strong><\/p>\n\n\n\n<p>-De los Vecinos del Barrio 216 Viviendas. <strong>Pasa a Comisi\u00f3n de Gobierno.<\/strong><\/p>\n\n\n\n<p>-De la Sra. Brisa Ibarra.<strong> Pasa a las Comisiones de Presupuesto.<\/strong><\/p>\n\n\n\n<p>-De la Sra.Esther Cisneros. <strong>Pasa a Comisi\u00f3n de Gobierno.<\/strong><\/p>\n\n\n\n<p>-De la Comisi\u00f3n Directiva de la Sociedad de Bomberos Voluntarios de Curuz\u00fa<strong>. Resolvi\u00f3 por Secretar\u00eda.<\/strong><\/p>\n\n\n\n<p>&#8211; Del CDI \u201cSemillitas\u201d. &nbsp;<strong>Pasa a Comisi\u00f3n de Gobierno y Presupuesto.<\/strong><\/p>\n\n\n\n<p>&#8211; De la Sociedad Rural de Curuz\u00fa Cuati\u00e1. <strong>Pasa a Comisi\u00f3n de Gobierno.<\/strong><\/p>\n\n\n\n<p><strong>6\u00b0 RESOLUCIONES DEL DEM <\/strong>se trat\u00f3 a continuaci\u00f3n, seg\u00fan Orden del D\u00eda.<\/p>\n\n\n\n<p><strong>De la N\u00ba 180 a la <a><\/a>229.<\/strong><\/p>\n\n\n\n<p><strong>No habiendo otro tema que tratar la presidente da por finalizada la sesi\u00f3n del d\u00eda 10 de septiembre 2025, siendo las 9:35 h.<\/strong><\/p>\n\n\n\n<p><\/p>\n","protected":false},"excerpt":{"rendered":"<p>Informe de Prensa HCD, Sesi\u00f3n del 10 de septiembre de 2025 Como estaba previsto por convocatoria, se realiz\u00f3 el mi\u00e9rcoles 10 de septiembre la D\u00e9cimo Segunda Sesi\u00f3n Ordinaria presidida por la Dra. Marisa Acu\u00f1a, presidente del cuerpo deliberativo y la secretaria Dra. Valeria De Le\u00f3n quienes dieron inicio de la misma a las 08:35 h; [&hellip;]<\/p>\n","protected":false},"author":2,"featured_media":0,"comment_status":"open","ping_status":"open","sticky":false,"template":"","format":"standard","meta":{"footnotes":""},"categories":[1],"tags":[],"class_list":["post-2159","post","type-post","status-publish","format-standard","hentry","category-uncategorized"],"brizy_media":[],"_links":{"self":[{"href":"https:\/\/concejocuruzucuatia.gob.ar\/wp\/wp-json\/wp\/v2\/posts\/2159","targetHints":{"allow":["GET"]}}],"collection":[{"href":"https:\/\/concejocuruzucuatia.gob.ar\/wp\/wp-json\/wp\/v2\/posts"}],"about":[{"href":"https:\/\/concejocuruzucuatia.gob.ar\/wp\/wp-json\/wp\/v2\/types\/post"}],"author":[{"embeddable":true,"href":"https:\/\/concejocuruzucuatia.gob.ar\/wp\/wp-json\/wp\/v2\/users\/2"}],"replies":[{"embeddable":true,"href":"https:\/\/concejocuruzucuatia.gob.ar\/wp\/wp-json\/wp\/v2\/comments?post=2159"}],"version-history":[{"count":1,"href":"https:\/\/concejocuruzucuatia.gob.ar\/wp\/wp-json\/wp\/v2\/posts\/2159\/revisions"}],"predecessor-version":[{"id":2160,"href":"https:\/\/concejocuruzucuatia.gob.ar\/wp\/wp-json\/wp\/v2\/posts\/2159\/revisions\/2160"}],"wp:attachment":[{"href":"https:\/\/concejocuruzucuatia.gob.ar\/wp\/wp-json\/wp\/v2\/media?parent=2159"}],"wp:term":[{"taxonomy":"category","embeddable":true,"href":"https:\/\/concejocuruzucuatia.gob.ar\/wp\/wp-json\/wp\/v2\/categories?post=2159"},{"taxonomy":"post_tag","embeddable":true,"href":"https:\/\/concejocuruzucuatia.gob.ar\/wp\/wp-json\/wp\/v2\/tags?post=2159"}],"curies":[{"name":"wp","href":"https:\/\/api.w.org\/{rel}","templated":true}]}}