{"id":1652,"date":"2024-02-26T13:51:11","date_gmt":"2024-02-26T13:51:11","guid":{"rendered":"https:\/\/concejocuruzucuatia.gob.ar\/wp\/2024\/02\/26\/la-presidente-acompano-a-los-chicos-en-el-inicio-de-clases\/"},"modified":"2024-02-26T13:51:11","modified_gmt":"2024-02-26T13:51:11","slug":"la-presidente-acompano-a-los-chicos-en-el-inicio-de-clases","status":"publish","type":"post","link":"https:\/\/concejocuruzucuatia.gob.ar\/wp\/2024\/02\/26\/la-presidente-acompano-a-los-chicos-en-el-inicio-de-clases\/","title":{"rendered":"La presidente acompa\u00f1\u00f3 a los chicos en el inicio de clases"},"content":{"rendered":"<p><img loading=\"lazy\" decoding=\"async\" src=\"images\/260224-inicio-ciclo-escolar-2.JPG\" alt=\"\" width=\"893\" height=\"598\" \/><\/p>\n<p>Mariel Naya Yrigoyen estuvo presente este lunes 26 en los actos de inicio de del ciclo lectivo, acompa\u00f1ado al Sr. Intendente Municipal Jos\u00e9 Irigoyen, la senadora Ver\u00f3nica Esp\u00edndola, los concejales Nicol\u00e1s \u00c1lvarez y Pedro Gonz\u00e1lez y funcionarios.\u00a0<\/p>\n<p>Primeramente, se acerc\u00f3 a la Escuela N\u00b07 Juan Balestra, pasadas las 8hs de este lunes 26, d\u00f3nde su directora Gladis Saucedo recibi\u00f3 a las visitas y luego del acto protocolar, izamiento, recibimiento de la bandera y entonaci\u00f3n del himno nacional dio la bienvenida a los alumnos y posterior el intendente dej\u00f3 inaugurado el ciclo escolar. El acto se cerr\u00f3 con la presentaci\u00f3n de las docentes para cada grado y secci\u00f3n.<\/p>\n<p><img loading=\"lazy\" decoding=\"async\" src=\"images\/260224-inicio-ciclo-escolar-3.JPG\" alt=\"\" width=\"906\" height=\"607\" \/><\/p>\n<p><strong>Jard\u00edn Rayito de Sol<\/strong><\/p>\n<p>Las autoridades se hicieron presente a las 9hs del lunes en el edificio escolar de calle Rivadavia donde fueron recibidos por la directora Ver\u00f3nica Morton y docentes turno ma\u00f1ana de las salitas de 4 y 5 a\u00f1os.<\/p>\n<p>La apertura fue con el izamiento de la bandera y presentaci\u00f3n de las docentes a los jardineritos. Finaliz\u00f3 con el saludo del intendente y de la presidente Mariel Naya Yrigoyen a los chicos que cada uno ingres\u00f3 a sus respectivas aulas.<\/p>\n<p><img loading=\"lazy\" decoding=\"async\" src=\"images\/260224-inicio-ciclo-escolar-7.JPG\" alt=\"\" width=\"907\" height=\"608\" \/><\/p>\n<p><img loading=\"lazy\" decoding=\"async\" src=\"images\/260224-inicio-ciclo-escolar-8.JPG\" alt=\"\" width=\"907\" height=\"607\" \/><\/p>\n","protected":false},"excerpt":{"rendered":"<p><img loading=\"lazy\" decoding=\"async\" src=\"images\/260224-inicio-ciclo-escolar-2.JPG\" alt=\"\" width=\"893\" height=\"598\" \/><\/p>\n<p>Mariel Naya Yrigoyen estuvo presente este lunes 26 en los actos de inicio de del ciclo lectivo, acompa\u00f1ado al Sr. Intendente Municipal Jos\u00e9 Irigoyen, la senadora Ver\u00f3nica Esp\u00edndola, los concejales Nicol\u00e1s \u00c1lvarez y Pedro Gonz\u00e1lez y funcionarios.\u00a0<\/p>\n","protected":false},"author":1,"featured_media":1651,"comment_status":"open","ping_status":"open","sticky":false,"template":"","format":"standard","meta":{"footnotes":""},"categories":[3],"tags":[],"class_list":["post-1652","post","type-post","status-publish","format-standard","has-post-thumbnail","hentry","category-uncategorised"],"brizy_media":[],"_links":{"self":[{"href":"https:\/\/concejocuruzucuatia.gob.ar\/wp\/wp-json\/wp\/v2\/posts\/1652","targetHints":{"allow":["GET"]}}],"collection":[{"href":"https:\/\/concejocuruzucuatia.gob.ar\/wp\/wp-json\/wp\/v2\/posts"}],"about":[{"href":"https:\/\/concejocuruzucuatia.gob.ar\/wp\/wp-json\/wp\/v2\/types\/post"}],"author":[{"embeddable":true,"href":"https:\/\/concejocuruzucuatia.gob.ar\/wp\/wp-json\/wp\/v2\/users\/1"}],"replies":[{"embeddable":true,"href":"https:\/\/concejocuruzucuatia.gob.ar\/wp\/wp-json\/wp\/v2\/comments?post=1652"}],"version-history":[{"count":0,"href":"https:\/\/concejocuruzucuatia.gob.ar\/wp\/wp-json\/wp\/v2\/posts\/1652\/revisions"}],"wp:featuredmedia":[{"embeddable":true,"href":"https:\/\/concejocuruzucuatia.gob.ar\/wp\/wp-json\/wp\/v2\/media\/1651"}],"wp:attachment":[{"href":"https:\/\/concejocuruzucuatia.gob.ar\/wp\/wp-json\/wp\/v2\/media?parent=1652"}],"wp:term":[{"taxonomy":"category","embeddable":true,"href":"https:\/\/concejocuruzucuatia.gob.ar\/wp\/wp-json\/wp\/v2\/categories?post=1652"},{"taxonomy":"post_tag","embeddable":true,"href":"https:\/\/concejocuruzucuatia.gob.ar\/wp\/wp-json\/wp\/v2\/tags?post=1652"}],"curies":[{"name":"wp","href":"https:\/\/api.w.org\/{rel}","templated":true}]}}