{"id":1648,"date":"2024-02-23T01:44:25","date_gmt":"2024-02-23T01:44:25","guid":{"rendered":"https:\/\/concejocuruzucuatia.gob.ar\/wp\/2024\/02\/23\/informe-de-prensa-hcd-sesion-22-de-febrero-de-2024\/"},"modified":"2024-02-23T01:44:25","modified_gmt":"2024-02-23T01:44:25","slug":"informe-de-prensa-hcd-sesion-22-de-febrero-de-2024","status":"publish","type":"post","link":"https:\/\/concejocuruzucuatia.gob.ar\/wp\/2024\/02\/23\/informe-de-prensa-hcd-sesion-22-de-febrero-de-2024\/","title":{"rendered":"Informe de Prensa HCD \/ sesi\u00f3n 22 de febrero de 2024"},"content":{"rendered":"<p class=\"MsoNormal\" style=\"text-align: justify;\"><span lang=\"ES\" style=\"font-size: 12.0pt; line-height: 115%; font-family: 'Arial',sans-serif;\"><img loading=\"lazy\" decoding=\"async\" src=\"images\/220224-sesion-8.JPG\" alt=\"\" width=\"925\" height=\"619\" \/><\/span><\/p>\n<p class=\"MsoNormal\" style=\"text-align: justify;\"><span lang=\"ES\" style=\"font-size: 12.0pt; line-height: 115%; font-family: 'Arial',sans-serif;\">Como estaba previsto por convocatoria se realiz\u00f3 el jueves 22 de febrero del corriente la sesi\u00f3n ordinaria, presidida por la presidente del cuerpo Sra. Mariel Naya Yrigoyen y la pro secretaria Cra. Vanesa M\u00fcller quienes dieron inicio a la sesi\u00f3n del d\u00eda de la fecha con la \u00fanica ausencia justificada del concejal Arbelo.<span style=\"mso-spacerun: yes;\">\u00a0 <\/span>El concejal Cerono solicit\u00f3 la palabra, haciendo uso del art\u00edculo 132 del reglamento interno, solicit\u00f3 la incorporaci\u00f3n de un proyecto de declaraci\u00f3n de interbloque al orden del d\u00eda el que fue aprobado. A continuaci\u00f3n, se trat\u00f3 el primer punto referido a la lectura y consideraci\u00f3n de las Actas N\u00b0 1651, 1652, 1653 y 1654, las que omitiendo su lectura fueron aprobadas un\u00e1nimemente.<\/span><\/p>\n<p class=\"MsoNormal\" style=\"text-align: justify;\"><span lang=\"ES\" style=\"font-size: 12.0pt; line-height: 115%; font-family: 'Arial',sans-serif;\">El segundo punto fue la conformaci\u00f3n de las comisiones permanentes para el a\u00f1o 2.024. Para la comisi\u00f3n de GOBIERNO, el concejal \u00c1lvarez propuso a los concejales Acu\u00f1a, Cerono y Gonz\u00e1lez, se puso a consideraci\u00f3n y fue aprobado por unanimidad. Para la comisi\u00f3n de PRESUPUESTO, el concejal Cerono propuso a los concejales \u00c1lvarez, Crespi y Acu\u00f1a, se puso a consideraci\u00f3n y fue aprobada por unanimidad. Para la comisi\u00f3n de OBRAS P\u00daBLICAS, el concejal Gonz\u00e1lez propuso a los concejales Arbelo, Cerono y Crespi, se puso a consideraci\u00f3n y fue aprobado por unanimidad. En cuanto a la comisi\u00f3n de PETICIONES Y SALUD, la concejal Crespi propuso a los concejales Arbelo, \u00c1lvarez y Zakegian, se puso a consideraci\u00f3n y fue aprobado por unanimidad. Para la comisi\u00f3n de INTEGRACION y MERCOSUR, el concejal \u00c1lvarez propuso a los concejales Gonz\u00e1lez, Acu\u00f1a y Tsotson, se puso a consideraci\u00f3n y fue aprobado por unanimidad. La comisi\u00f3n de control y aprobaci\u00f3n de cuentas, estar\u00e1 formada por los presidentes de bloques, quienes presentaron por nota en mesa de entrada del HCD.<\/span><\/p>\n<p class=\"MsoNormal\" style=\"text-align: justify;\"><span lang=\"ES\" style=\"font-size: 12.0pt; line-height: 115%; font-family: 'Arial',sans-serif;\">Para la comisi\u00f3n de MEDIO AMBIENTE, la concejal Crespi propuso a los concejales Acu\u00f1a, Gonz\u00e1lez y \u00c1lvarez, sin otra moci\u00f3n se puso a consideraci\u00f3n la que fue aprobada un\u00e1nimemente. Para la comisi\u00f3n de PRODUCCION y DESARROLLO, la concejal Acu\u00f1a propuso a los concejales \u00c1lvarez, Cerono y Gonz\u00e1lez, sin otra moci\u00f3n se puso a consideraci\u00f3n la que se aprob\u00f3 de manera un\u00e1nime.<span style=\"mso-spacerun: yes;\">\u00a0\u00a0\u00a0 <\/span><\/span><\/p>\n<p class=\"MsoNormal\" style=\"text-align: justify;\"><span lang=\"ES\" style=\"font-size: 12.0pt; line-height: 115%; font-family: 'Arial',sans-serif;\">El tercer punto fue el de proyectos ingresado, primeramente, de ordenanza del DEM fijando la remuneraci\u00f3n m\u00e1xima del escalaf\u00f3n municipal a partir del 1 de febrero de 2024, el concejal \u00c1lvarez solicita el tratamiento sobre tablas el que fue aprobado un\u00e1nimemente. Puesto a consideraci\u00f3n por presidencia fue aprobado en particular y en general un\u00e1nimemente.<\/span><\/p>\n<p class=\"MsoNormal\" style=\"text-align: justify;\"><span lang=\"ES\" style=\"font-size: 12.0pt; line-height: 115%; font-family: 'Arial',sans-serif;\">EL HONORABLE CONCEJO DELIBERANTE <\/span><\/p>\n<p class=\"MsoNormal\" style=\"text-align: justify;\"><span lang=\"ES\" style=\"font-size: 12.0pt; line-height: 115%; font-family: 'Arial',sans-serif;\">DE CURUZ\u00da CUATI\u00c1<\/span><\/p>\n<p class=\"MsoNormal\" style=\"text-align: justify;\"><span lang=\"ES\" style=\"font-size: 12.0pt; line-height: 115%; font-family: 'Arial',sans-serif;\">SANCIONA CON FUERZA DE <\/span><\/p>\n<p class=\"MsoNormal\" style=\"text-align: justify;\"><span lang=\"ES\" style=\"font-size: 12.0pt; line-height: 115%; font-family: 'Arial',sans-serif;\">ORDENANZA<\/span><\/p>\n<p class=\"MsoNormal\" style=\"text-align: justify;\"><span lang=\"ES\" style=\"font-size: 12.0pt; line-height: 115%; font-family: 'Arial',sans-serif;\">ARTICULO 1\u00b0: FIJAR la remuneraci\u00f3n m\u00e1xima del Escalaf\u00f3n Municipal (Art. N\u00b0 156 C.O.M.) en la suma de Pesos sesenta y cuatro mil quinientos cuatro ($64.504), a partir del 01 de febrero del a\u00f1o 2.024. Las remuneraciones de los funcionarios comprendidos en el Art. N\u00b0 157 de la C.O.M., ser\u00e1n las establecidas en dicha norma legal conforme ANEXO I.-<\/span><\/p>\n<p class=\"MsoNormal\" style=\"text-align: justify;\"><span lang=\"ES\" style=\"font-size: 12.0pt; line-height: 115%; font-family: 'Arial',sans-serif;\">ARTICULO 2\u00b0: FIJAR la remuneraci\u00f3n m\u00e1xima del Escalaf\u00f3n Municipal (Art. N\u00b0 156 C.O.M.) en la suma de Pesos setenta y siete mil cuatrocientos cinco ($77.405), a partir del 01 de marzo del a\u00f1o 2.024. Las remuneraciones de los funcionarios comprendidos en el Art. N\u00ba 157 de la C.O.M., ser\u00e1n las establecidas en dicha norma legal conforme ANEXO I.-<\/span><\/p>\n<p class=\"MsoNormal\" style=\"text-align: justify;\"><span lang=\"ES\" style=\"font-size: 12.0pt; line-height: 115%; font-family: 'Arial',sans-serif;\">ARTICULO 3\u00b0: ESTABLECER los sueldos b\u00e1sicos para las distintas clases conforme \u0391\u039d\u0395\u03a7\u039f \u0399.-<\/span><\/p>\n<p class=\"MsoNormal\" style=\"text-align: justify;\"><span lang=\"ES\" style=\"font-size: 12.0pt; line-height: 115%; font-family: 'Arial',sans-serif;\">ARTICULO 4\u00b0: DE FORMA.<\/span><\/p>\n<p class=\"MsoNormal\" style=\"text-align: justify;\"><span lang=\"ES\" style=\"font-size: 12.0pt; line-height: 115%; font-family: 'Arial',sans-serif;\">Seguidamente se trat\u00f3 lo incorporado al orden del d\u00eda, el proyecto de declaraci\u00f3n de inter\u00e9s de interbloques de la <\/span><span lang=\"ES\" style=\"font-size: 12.0pt; line-height: 115%; font-family: 'Arial',sans-serif; mso-fareast-font-family: 'Times New Roman'; color: black; mso-fareast-language: EN-US;\">56<span style=\"mso-bidi-font-weight: bold;\">\u00b0 <\/span>Exposici\u00f3n Feria del Ternero Correntino. Luego de su lectura y pedido de tratamiento sobre tablas por el concejal Cerono, se aprob\u00f3 el proyecto de declaraci\u00f3n un\u00e1nimemente.<\/span><\/p>\n<p class=\"MsoNormal\" style=\"text-align: justify;\"><span lang=\"ES\" style=\"font-size: 12.0pt; line-height: 115%; font-family: 'Arial',sans-serif; mso-fareast-font-family: 'Times New Roman'; color: black; mso-fareast-language: EN-US;\">EL HONORABLE CONCEJO DELIBERANTE<\/span><\/p>\n<p class=\"MsoNormal\" style=\"text-align: justify;\"><span lang=\"ES\" style=\"font-size: 12.0pt; line-height: 115%; font-family: 'Arial',sans-serif; mso-fareast-font-family: 'Times New Roman'; color: black; mso-fareast-language: EN-US;\">DE CURUZU CUATIA <\/span><\/p>\n<p class=\"MsoNormal\" style=\"text-align: justify;\"><span lang=\"ES\" style=\"font-size: 12.0pt; line-height: 115%; font-family: 'Arial',sans-serif; mso-fareast-font-family: 'Times New Roman'; color: black; mso-fareast-language: EN-US;\">DECLARA<\/span><\/p>\n<p class=\"MsoNormal\" style=\"text-align: justify;\"><span lang=\"ES\" style=\"font-size: 12.0pt; line-height: 115%; font-family: 'Arial',sans-serif; mso-fareast-font-family: 'Times New Roman'; color: black; mso-fareast-language: EN-US;\">Art. 1\u00ba.- DECLARAR de Inter\u00e9s Municipal, a la \u201c56\u00b0 Exposici\u00f3n Feria del Ternero Correntino\u00bb, a realizarse el d\u00eda 1 de marzo del corriente a\u00f1o, en las instalaciones del local feria de la Sociedad Rural de Curuz\u00fa Cuati\u00e1 &#8211;<\/span><\/p>\n<p class=\"MsoNormal\" style=\"text-align: justify;\"><span lang=\"ES\" style=\"font-size: 12.0pt; line-height: 115%; font-family: 'Arial',sans-serif; mso-fareast-font-family: 'Times New Roman'; color: black; mso-fareast-language: EN-US;\">Art. 2\u00ba.- ENVIAR copia de la presente a la Sociedad Rural de Curuz\u00fa Cuati\u00e1. &#8211;<\/span><\/p>\n<p class=\"MsoNormal\" style=\"text-align: justify;\"><span lang=\"ES\" style=\"font-size: 12.0pt; line-height: 115%; font-family: 'Arial',sans-serif; mso-fareast-font-family: 'Times New Roman'; color: black; mso-fareast-language: EN-US;\">Art.3\u00b0. De Forma.<\/span><\/p>\n<p class=\"MsoNormal\" style=\"text-align: justify;\"><span lang=\"ES\" style=\"font-size: 12.0pt; line-height: 115%; font-family: 'Arial',sans-serif; mso-fareast-font-family: 'Times New Roman'; color: black; mso-fareast-language: EN-US;\"><img loading=\"lazy\" decoding=\"async\" src=\"images\/220224-sesion-1.JPG\" alt=\"\" width=\"917\" height=\"613\" \/><\/span><\/p>\n<p class=\"MsoNormal\" style=\"text-align: justify;\"><span lang=\"ES\" style=\"font-size: 12.0pt; line-height: 115%; font-family: 'Arial',sans-serif; mso-fareast-font-family: 'Times New Roman'; color: black; mso-fareast-language: EN-US;\">El cuarto punto fue de las <\/span><span lang=\"ES\" style=\"font-size: 12.0pt; line-height: 115%; font-family: 'Arial',sans-serif;\">comunicaciones oficiales, primero del <\/span><span lang=\"ES\" style=\"font-size: 12.0pt; line-height: 115%; font-family: 'Arial',sans-serif; mso-fareast-font-family: 'Times New Roman'; color: black; mso-fareast-language: EN-US; mso-bidi-font-weight: bold;\">D.E.M. los Boletines Oficiales N\u00b0 3.482, 3.483 ,3.484, 3.485,3.486,3.487, 3.488, 3.489, 3.490, 3.491.<\/span><\/p>\n<p class=\"MsoNormal\" style=\"text-align: justify; line-height: normal; margin: 12.0pt 0cm 12.0pt 0cm;\"><span lang=\"ES\" style=\"font-size: 12.0pt; font-family: 'Arial',sans-serif; mso-fareast-font-family: 'Times New Roman'; color: black; mso-fareast-language: EN-US; mso-bidi-font-weight: bold;\">Movimiento de personal <\/span><span lang=\"ES\" style=\"font-size: 12.0pt; font-family: 'Arial',sans-serif; mso-fareast-font-family: 'Times New Roman'; color: black; mso-fareast-language: EN-US;\">de los meses de octubre, noviembre y diciembre del 2.023.<\/span><\/p>\n<p class=\"MsoNormal\" style=\"text-align: justify; line-height: normal; margin: 12.0pt 0cm 12.0pt 0cm;\"><span lang=\"ES\" style=\"font-size: 12.0pt; font-family: 'Arial',sans-serif; mso-fareast-font-family: 'Times New Roman'; color: black; mso-fareast-language: EN-US; mso-bidi-font-weight: bold;\">Del Auditor Municipal la nota N\u00b0 67\/2023,<\/span><span lang=\"ES\" style=\"font-size: 12.0pt; font-family: 'Arial',sans-serif; mso-fareast-font-family: 'Times New Roman'; color: black; mso-fareast-language: EN-US;\"> informe especial N\u00b035\/2323 -vales de caja correspondiente al\u00a0tercer trimestre 2023 y la <span style=\"mso-bidi-font-weight: bold;\">Nota N\u00b0 04\/2024<\/span> solicitando autorizaci\u00f3n para ausentarse por m\u00e1s cinco d\u00edas.<\/span><\/p>\n<p class=\"MsoNormal\" style=\"text-align: justify; line-height: normal; margin: 12.0pt 0cm 12.0pt 0cm;\"><span lang=\"ES\" style=\"font-size: 12.0pt; font-family: 'Arial',sans-serif; mso-fareast-font-family: 'Times New Roman'; color: black; mso-fareast-language: EN-US; mso-bidi-font-weight: bold;\">De la direcci\u00f3n de calidad ambiental y bromatolog\u00eda presentando informe <\/span><span lang=\"ES\" style=\"font-size: 12.0pt; font-family: 'Arial',sans-serif; mso-fareast-font-family: 'Times New Roman'; color: black; mso-fareast-language: EN-US;\">de fumigaci\u00f3n y prevenci\u00f3n: DENGUE 2024.<\/span><\/p>\n<p class=\"MsoNormal\" style=\"text-align: justify; line-height: normal; margin: 12.0pt 0cm 12.0pt 0cm;\"><span lang=\"ES\" style=\"font-size: 12.0pt; font-family: 'Arial',sans-serif; mso-fareast-font-family: 'Times New Roman'; color: black; mso-fareast-language: EN-US; mso-bidi-font-weight: bold;\">Del\u00a0juzgado de faltas informe <\/span><span lang=\"ES\" style=\"font-size: 12.0pt; font-family: 'Arial',sans-serif; mso-fareast-font-family: 'Times New Roman'; color: black; mso-fareast-language: EN-US;\">de Caja y Planilla de Movimientos Noviembre, diciembre\u00a02023 y enero 2024.<\/span><\/p>\n<p class=\"MsoNormal\" style=\"text-align: justify; line-height: normal; margin: 12.0pt 0cm 12.0pt 0cm;\"><span lang=\"ES\" style=\"font-size: 12.0pt; font-family: 'Arial',sans-serif; mso-fareast-font-family: 'Times New Roman'; color: black; mso-fareast-language: EN-US; mso-bidi-font-weight: bold;\">De la Dra. Norma Castillo solicitando<\/span><span lang=\"ES\" style=\"font-size: 12.0pt; font-family: 'Arial',sans-serif; mso-fareast-font-family: 'Times New Roman'; color: black; mso-fareast-language: EN-US;\"> que se liquide\u00a0dieta\u00a0a partir del 15 de enero 2024.<\/span><\/p>\n<p class=\"MsoNormal\" style=\"text-align: justify; line-height: normal; margin: 12.0pt 0cm 12.0pt 0cm;\"><span lang=\"ES\" style=\"font-size: 12.0pt; font-family: 'Arial',sans-serif; mso-fareast-font-family: 'Times New Roman'; color: black; mso-fareast-language: EN-US; mso-bidi-font-weight: bold;\">De los concejales, Castillo Norma, Tsotson Enrique y Zakegian Natalia solicitando<\/span><span lang=\"ES\" style=\"font-size: 12.0pt; font-family: 'Arial',sans-serif; mso-fareast-font-family: 'Times New Roman'; color: black; mso-fareast-language: EN-US;\"> convocatoria para debatir sobre la enfermedad que aqueja a nuestra ciudad, \u201cDengue\u201d.<\/span><\/p>\n<p class=\"MsoNormal\" style=\"text-align: justify; line-height: normal; margin: 12.0pt 0cm .0001pt 0cm;\"><span lang=\"ES\" style=\"font-size: 12.0pt; font-family: 'Arial',sans-serif; mso-fareast-font-family: 'Times New Roman'; color: black; mso-fareast-language: EN-US; mso-bidi-font-weight: bold;\">De presidencia del HCD informando<\/span><span lang=\"ES\" style=\"font-size: 12.0pt; font-family: 'Arial',sans-serif; mso-fareast-font-family: 'Times New Roman'; color: black; mso-fareast-language: EN-US;\"> a la Secretar\u00eda de Hacienda movimientos de fondos fijos asignados al H.C.D. correspondiente al\u00a0mes de octubre, noviembre y diciembre del 2.023.<\/span><\/p>\n<p class=\"MsoNormal\" style=\"text-align: justify; line-height: normal; margin: 12.0pt 0cm 12.0pt 0cm;\"><span lang=\"ES\" style=\"font-size: 12.0pt; font-family: 'Arial',sans-serif; mso-fareast-font-family: 'Times New Roman'; color: black; mso-fareast-language: EN-US; mso-bidi-font-weight: bold;\">Informando<\/span><span lang=\"ES\" style=\"font-size: 12.0pt; font-family: 'Arial',sans-serif; mso-fareast-font-family: 'Times New Roman'; color: black; mso-fareast-language: EN-US;\"> a la Secretar\u00eda de Hacienda movimientos de fondos fijos asignados al H.C.D. correspondiente a la\u00a0Resoluci\u00f3n N\u00b0 6\/2023.-<\/span><\/p>\n<p class=\"MsoNormal\" style=\"text-align: justify; line-height: normal; margin: 12.0pt 0cm 12.0pt 0cm;\"><span lang=\"ES\" style=\"font-size: 12.0pt; font-family: 'Arial',sans-serif; mso-fareast-font-family: 'Times New Roman'; color: black; mso-fareast-language: EN-US; mso-bidi-font-weight: bold;\">Informando<\/span><span lang=\"ES\" style=\"font-size: 12.0pt; font-family: 'Arial',sans-serif; mso-fareast-font-family: 'Times New Roman'; color: black; mso-fareast-language: EN-US;\"> a la Secretar\u00eda de Hacienda movimientos de fondos fijos asignados al H.C.D. correspondientes a la Ordenanza N 3472.-\u00a0<\/span><\/p>\n<p class=\"MsoNormal\" style=\"text-align: justify; line-height: normal; margin: 12.0pt 0cm 12.0pt 0cm;\"><span lang=\"ES\" style=\"font-size: 12.0pt; font-family: 'Arial',sans-serif; mso-fareast-font-family: 'Times New Roman'; color: black; mso-fareast-language: EN-US; mso-bidi-font-weight: bold;\">Todas las comunicaciones oficiales citadas anteriormente quedaron en secretar\u00eda para su conocimiento.<\/span><\/p>\n<p class=\"MsoNormal\" style=\"text-align: justify; line-height: normal; margin: 12.0pt 0cm 12.0pt 0cm;\"><span lang=\"ES\" style=\"font-size: 12.0pt; font-family: 'Arial',sans-serif; mso-fareast-font-family: 'Times New Roman'; color: black; mso-fareast-language: EN-US; mso-bidi-font-weight: bold;\">Del bloque U.C.R. comunicando <\/span><span lang=\"ES\" style=\"font-size: 12.0pt; font-family: 'Arial',sans-serif; mso-fareast-font-family: 'Times New Roman'; color: black; mso-fareast-language: EN-US;\">conformaci\u00f3n y presidencia del bloque recayendo en el concejal Oscar Arbelo.<\/span><\/p>\n<p class=\"MsoNormal\" style=\"text-align: justify; line-height: normal; margin: 12.0pt 0cm 12.0pt 0cm;\"><span lang=\"ES\" style=\"font-size: 12.0pt; font-family: 'Arial',sans-serif; mso-fareast-font-family: 'Times New Roman'; color: black; mso-fareast-language: EN-US; mso-bidi-font-weight: bold;\">Del bloque PRO comunicando <\/span><span lang=\"ES\" style=\"font-size: 12.0pt; font-family: 'Arial',sans-serif; mso-fareast-font-family: 'Times New Roman'; color: black; mso-fareast-language: EN-US;\">conformaci\u00f3n y presidencia del bloque siendo Pedro Gonz\u00e1lez.<\/span><\/p>\n<p class=\"MsoNormal\" style=\"text-align: justify; line-height: normal; margin: 12.0pt 0cm 12.0pt 0cm;\"><span lang=\"ES\" style=\"font-size: 12.0pt; font-family: 'Arial',sans-serif; mso-fareast-font-family: 'Times New Roman'; color: black; mso-fareast-language: EN-US; mso-bidi-font-weight: bold;\">Del bloque Partido Liberal comunicando <\/span><span lang=\"ES\" style=\"font-size: 12.0pt; font-family: 'Arial',sans-serif; mso-fareast-font-family: 'Times New Roman'; color: black; mso-fareast-language: EN-US;\">conformaci\u00f3n y presidencia del bloque, siendo la concejal Gabriela Crespi.<\/span><\/p>\n<p class=\"MsoNormal\" style=\"text-align: justify; line-height: normal; margin: 12.0pt 0cm 12.0pt 0cm;\"><span lang=\"ES\" style=\"font-size: 12.0pt; font-family: 'Arial',sans-serif; mso-fareast-font-family: 'Times New Roman'; color: black; mso-fareast-language: EN-US; mso-bidi-font-weight: bold;\">Del bloque Partido Justicialista comunicando <\/span><span lang=\"ES\" style=\"font-size: 12.0pt; font-family: 'Arial',sans-serif; mso-fareast-font-family: 'Times New Roman'; color: black; mso-fareast-language: EN-US;\">conformaci\u00f3n y presidencia del bloque siendo Norma Castillo.<\/span><\/p>\n<p class=\"MsoNormal\" style=\"text-align: justify; line-height: normal; margin: 12.0pt 0cm 12.0pt 0cm;\"><span lang=\"ES\" style=\"font-size: 12.0pt; font-family: 'Arial',sans-serif; mso-fareast-font-family: 'Times New Roman'; color: black; mso-fareast-language: EN-US; mso-bidi-font-weight: bold;\">Del bloque Partido ELI comunicando <\/span><span lang=\"ES\" style=\"font-size: 12.0pt; font-family: 'Arial',sans-serif; mso-fareast-font-family: 'Times New Roman'; color: black; mso-fareast-language: EN-US;\">conformaci\u00f3n y presidencia del bloque siendo Axel Toffoli.<\/span><\/p>\n<p class=\"MsoNormal\" style=\"text-align: justify; line-height: normal; margin: 12.0pt 0cm 12.0pt 0cm;\"><span lang=\"ES\" style=\"font-size: 12.0pt; font-family: 'Arial',sans-serif; mso-fareast-font-family: 'Times New Roman'; color: black; mso-fareast-language: EN-US; mso-bidi-font-weight: bold;\">Del Conservador Popular comunicando <\/span><span lang=\"ES\" style=\"font-size: 12.0pt; font-family: 'Arial',sans-serif; mso-fareast-font-family: 'Times New Roman'; color: black; mso-fareast-language: EN-US;\">conformaci\u00f3n y presidencia del bloque siendo Jos\u00edas Cerono.<\/span><\/p>\n<p class=\"MsoNormal\" style=\"text-align: justify; line-height: normal; margin: 12.0pt 0cm 12.0pt 0cm;\"><span lang=\"ES\" style=\"font-size: 12.0pt; font-family: 'Arial',sans-serif; mso-fareast-font-family: 'Times New Roman'; color: black; mso-fareast-language: EN-US; mso-bidi-font-weight: bold;\">Del bloque Frente Renovador comunicando <\/span><span lang=\"ES\" style=\"font-size: 12.0pt; font-family: 'Arial',sans-serif; mso-fareast-font-family: 'Times New Roman'; color: black; mso-fareast-language: EN-US;\">conformaci\u00f3n y presidencia del bloque Natalia Zakegian.<\/span><\/p>\n<p class=\"MsoNormal\" style=\"text-align: justify; line-height: normal; margin: 12.0pt 0cm 12.0pt 0cm;\"><span lang=\"ES\" style=\"font-size: 12.0pt; font-family: 'Arial',sans-serif;\">El quinto punto tratado fue el de notas privadas, <\/span><span lang=\"ES\" style=\"font-size: 12.0pt; font-family: 'Arial',sans-serif; mso-fareast-font-family: 'Times New Roman'; color: black; mso-fareast-language: EN-US; mso-bidi-font-weight: bold;\">de la Sra. Khouri Araceli Teresita solicitando<\/span><span lang=\"ES\" style=\"font-size: 12.0pt; font-family: 'Arial',sans-serif; mso-fareast-font-family: 'Times New Roman'; color: black; mso-fareast-language: EN-US;\"> reparaci\u00f3n de da\u00f1o provocado por colectivo larga distancia en la calle\u00a0Bonpland N\u00b0797 pas\u00f3 a comisi\u00f3n de Obras.<\/span><\/p>\n<p class=\"MsoNormal\" style=\"text-align: justify; line-height: normal; margin: 12.0pt 0cm 12.0pt 0cm;\"><span lang=\"ES\" style=\"font-size: 12.0pt; font-family: 'Arial',sans-serif; mso-fareast-font-family: 'Times New Roman'; color: black; mso-fareast-language: EN-US; mso-bidi-font-weight: bold;\">De la Sra. Avalos N\u00e9lida Ana DNI N\u00b0 14.403.184 solicitando<\/span><span lang=\"ES\" style=\"font-size: 12.0pt; font-family: 'Arial',sans-serif; mso-fareast-font-family: 'Times New Roman'; color: black; mso-fareast-language: EN-US;\"> condonaci\u00f3n de deuda municipal pas\u00f3 a comisi\u00f3n de presupuesto. <\/span><\/p>\n<p class=\"MsoNormal\" style=\"text-align: justify; line-height: normal; margin: 12.0pt 0cm 12.0pt 0cm;\"><span lang=\"ES\" style=\"font-size: 12.0pt; font-family: 'Arial',sans-serif; mso-fareast-font-family: 'Times New Roman'; color: black; mso-fareast-language: EN-US; mso-bidi-font-weight: bold;\">De los vecinos del Barrio La Calera solicitando<\/span><span lang=\"ES\" style=\"font-size: 12.0pt; font-family: 'Arial',sans-serif; mso-fareast-font-family: 'Times New Roman'; color: black; mso-fareast-language: EN-US;\"> autorizaci\u00f3n para la colocaci\u00f3n de arcos y carteles en la plaza 2 de abril pas\u00f3 a comisi\u00f3n de gobierno.<\/span><\/p>\n<p class=\"MsoNormal\" style=\"text-align: justify; line-height: normal; margin: 12.0pt 0cm 12.0pt 0cm;\"><span lang=\"ES\" style=\"font-size: 12.0pt; font-family: 'Arial',sans-serif; mso-fareast-font-family: 'Times New Roman'; color: black; mso-fareast-language: EN-US; mso-bidi-font-weight: bold;\">De la Sociedad Rural de Curuz\u00fa Cuati\u00e1 solicitando <\/span><span lang=\"ES\" style=\"font-size: 12.0pt; font-family: 'Arial',sans-serif; mso-fareast-font-family: 'Times New Roman'; color: black; mso-fareast-language: EN-US;\">declarar de Inter\u00e9s Municipal la 56<span style=\"mso-bidi-font-weight: bold;\">\u00b0 <\/span>Exposici\u00f3n Feria del Ternero Correntino, fue declarado en el punto tercero del orden del d\u00eda.<\/span><\/p>\n<p class=\"MsoNormal\" style=\"text-align: justify; line-height: normal; margin: 12.0pt 0cm 12.0pt 0cm;\"><span lang=\"ES\" style=\"font-size: 12.0pt; font-family: 'Arial',sans-serif;\">El sexto punto fue el de Resoluciones del DEM<\/span><\/p>\n<p class=\"MsoNormal\" style=\"text-align: justify; line-height: normal; margin: 12.0pt 0cm 12.0pt 0cm;\"><span lang=\"ES\" style=\"font-size: 12.0pt; font-family: 'Arial',sans-serif; mso-fareast-font-family: 'Times New Roman'; color: black; mso-fareast-language: EN-US; mso-bidi-font-weight: bold;\">RES.N\u00b0433:\u00a0 Otorgar <\/span><span lang=\"ES\" style=\"font-size: 12.0pt; font-family: 'Arial',sans-serif; mso-fareast-font-family: 'Times New Roman'; color: black; mso-fareast-language: EN-US;\">licencia sin goce de haberes desde el 1\/12\/23 al 30\/11\/24 al agente Maciel Romeo Guillermo Ceferino DNI N\u00b018.539.160.-<\/span><\/p>\n<p class=\"MsoNormal\" style=\"text-align: justify; line-height: normal; margin: 12.0pt 0cm 12.0pt 0cm;\"><span lang=\"ES\" style=\"font-size: 12.0pt; font-family: 'Arial',sans-serif; mso-fareast-font-family: 'Times New Roman'; color: black; mso-fareast-language: EN-US; mso-bidi-font-weight: bold;\">RES.N\u00b0434: Incorporar <\/span><span lang=\"ES\" style=\"font-size: 12.0pt; font-family: 'Arial',sans-serif; mso-fareast-font-family: 'Times New Roman'; color: black; mso-fareast-language: EN-US;\">al Presupuesto General Municipal\u00a0del a\u00f1o 2023 en la partida 1.2.2.56 \u201cInstituto Nacional de Seguridad Social para Jubilados y Pensionados (PAMI)\u201d, la remesa\u00a0recibida por\u00a0esta Municipalidad en la Cuenta Corriente N\u00b0 22500213\/93.-<\/span><\/p>\n<p class=\"MsoNormal\" style=\"text-align: justify; line-height: normal; margin: 12.0pt 0cm 12.0pt 0cm;\"><span lang=\"ES\" style=\"font-size: 12.0pt; font-family: 'Arial',sans-serif; mso-fareast-font-family: 'Times New Roman'; color: black; mso-fareast-language: EN-US; mso-bidi-font-weight: bold;\">RES.N\u00b0435: Adjudicar <\/span><span lang=\"ES\" style=\"font-size: 12.0pt; font-family: 'Arial',sans-serif; mso-fareast-font-family: 'Times New Roman'; color: black; mso-fareast-language: EN-US;\">al oferente Robaina Ram\u00f3n Roberto CUIT N\u00b0 20-07845255-3\u00a0la adquisici\u00f3n de productos alimenticios varios, que se destinar\u00e1n a asistencia social a trav\u00e9s del CIC.-<\/span><\/p>\n<p class=\"MsoNormal\" style=\"text-align: justify; line-height: normal; margin: 12.0pt 0cm 12.0pt 0cm;\"><span lang=\"ES\" style=\"font-size: 12.0pt; font-family: 'Arial',sans-serif; mso-fareast-font-family: 'Times New Roman'; color: black; mso-fareast-language: EN-US; mso-bidi-font-weight: bold;\">RES.N\u00b0436: Adjudicar <\/span><span lang=\"ES\" style=\"font-size: 12.0pt; font-family: 'Arial',sans-serif; mso-fareast-font-family: 'Times New Roman'; color: black; mso-fareast-language: EN-US;\">al oferente Robaina Ram\u00f3n Roberto CUIT N\u00b0 20-07845255-3\u00a0la adquisici\u00f3n de \u201cLeche entera\u201d, que se destinar\u00e1n a asistencia social a trav\u00e9s del CIC. &#8211;<\/span><\/p>\n<p class=\"MsoNormal\" style=\"text-align: justify; line-height: normal; margin: 12.0pt 0cm 12.0pt 0cm;\"><span lang=\"ES\" style=\"font-size: 12.0pt; font-family: 'Arial',sans-serif; mso-fareast-font-family: 'Times New Roman'; color: black; mso-fareast-language: EN-US; mso-bidi-font-weight: bold;\">RES.N\u00b0437: Promulgar y Ordenar la Publicaci\u00f3n en el Bolet\u00edn Oficial <\/span><span lang=\"ES\" style=\"font-size: 12.0pt; font-family: 'Arial',sans-serif; mso-fareast-font-family: 'Times New Roman'; color: black; mso-fareast-language: EN-US;\">la Ordenanza N\u00b0 3474<\/span><\/p>\n<p class=\"MsoNormal\" style=\"text-align: justify; line-height: normal; margin: 12.0pt 0cm 12.0pt 0cm;\"><span lang=\"ES\" style=\"font-size: 12.0pt; font-family: 'Arial',sans-serif; mso-fareast-font-family: 'Times New Roman'; color: black; mso-fareast-language: EN-US; mso-bidi-font-weight: bold;\">RES.N\u00b0438: Promulgar y Ordenar la Publicaci\u00f3n en el Bolet\u00edn Oficial <\/span><span lang=\"ES\" style=\"font-size: 12.0pt; font-family: 'Arial',sans-serif; mso-fareast-font-family: 'Times New Roman'; color: black; mso-fareast-language: EN-US;\">la Ordenanza N\u00b0 3476.-<\/span><\/p>\n<p class=\"MsoNormal\" style=\"text-align: justify; line-height: normal; margin: 12.0pt 0cm 12.0pt 0cm;\"><span lang=\"ES\" style=\"font-size: 12.0pt; font-family: 'Arial',sans-serif; mso-fareast-font-family: 'Times New Roman'; color: black; mso-fareast-language: EN-US; mso-bidi-font-weight: bold;\">RES.N\u00b0439: Promulgar y Ordenar la Publicaci\u00f3n en el Bolet\u00edn Oficial <\/span><span lang=\"ES\" style=\"font-size: 12.0pt; font-family: 'Arial',sans-serif; mso-fareast-font-family: 'Times New Roman'; color: black; mso-fareast-language: EN-US;\">la Ordenanza N\u00b0 3477.-<\/span><\/p>\n<p class=\"MsoNormal\" style=\"text-align: justify; line-height: normal; margin: 12.0pt 0cm 12.0pt 0cm;\"><span lang=\"ES\" style=\"font-size: 12.0pt; font-family: 'Arial',sans-serif; mso-fareast-font-family: 'Times New Roman'; color: black; mso-fareast-language: EN-US; mso-bidi-font-weight: bold;\">RES.N\u00b0440: Promulgar y Ordenar la Publicaci\u00f3n en el Bolet\u00edn Oficial <\/span><span lang=\"ES\" style=\"font-size: 12.0pt; font-family: 'Arial',sans-serif; mso-fareast-font-family: 'Times New Roman'; color: black; mso-fareast-language: EN-US;\">la Ordenanza N\u00b0 3478.-<\/span><\/p>\n<p class=\"MsoNormal\" style=\"text-align: justify; line-height: normal; margin: 12.0pt 0cm 12.0pt 0cm;\"><span lang=\"ES\" style=\"font-size: 12.0pt; font-family: 'Arial',sans-serif; mso-fareast-font-family: 'Times New Roman'; color: black; mso-fareast-language: EN-US; mso-bidi-font-weight: bold;\">RES.N\u00b0441: Promulgar y Ordenar la Publicaci\u00f3n en el Bolet\u00edn Oficial <\/span><span lang=\"ES\" style=\"font-size: 12.0pt; font-family: 'Arial',sans-serif; mso-fareast-font-family: 'Times New Roman'; color: black; mso-fareast-language: EN-US;\">la Ordenanza N\u00b0 3479.-<\/span><\/p>\n<p class=\"MsoNormal\" style=\"text-align: justify; line-height: normal; margin: 12.0pt 0cm 12.0pt 0cm;\"><span lang=\"ES\" style=\"font-size: 12.0pt; font-family: 'Arial',sans-serif; mso-fareast-font-family: 'Times New Roman'; color: black; mso-fareast-language: EN-US; mso-bidi-font-weight: bold;\">RES.N\u00b0442: Promulgar y Ordenar la Publicaci\u00f3n en el Bolet\u00edn Oficial <\/span><span lang=\"ES\" style=\"font-size: 12.0pt; font-family: 'Arial',sans-serif; mso-fareast-font-family: 'Times New Roman'; color: black; mso-fareast-language: EN-US;\">la Ordenanza N\u00b0 3480.-<\/span><\/p>\n<p class=\"MsoNormal\" style=\"text-align: justify; line-height: normal; margin: 12.0pt 0cm 12.0pt 0cm;\"><span lang=\"ES\" style=\"font-size: 12.0pt; font-family: 'Arial',sans-serif; mso-fareast-font-family: 'Times New Roman'; color: black; mso-fareast-language: EN-US; mso-bidi-font-weight: bold;\">RES.N\u00b0443: Promulgar y Ordenar la Publicaci\u00f3n en el Bolet\u00edn Oficial <\/span><span lang=\"ES\" style=\"font-size: 12.0pt; font-family: 'Arial',sans-serif; mso-fareast-font-family: 'Times New Roman'; color: black; mso-fareast-language: EN-US;\">la Ordenanza N\u00b0 3481.-<\/span><\/p>\n<p class=\"MsoNormal\" style=\"text-align: justify; line-height: normal; margin: 12.0pt 0cm 12.0pt 0cm;\"><span lang=\"ES\" style=\"font-size: 12.0pt; font-family: 'Arial',sans-serif; mso-fareast-font-family: 'Times New Roman'; color: black; mso-fareast-language: EN-US; mso-bidi-font-weight: bold;\">RES.N\u00b0444: Promulgar y Ordenar la Publicaci\u00f3n en el Bolet\u00edn Oficial <\/span><span lang=\"ES\" style=\"font-size: 12.0pt; font-family: 'Arial',sans-serif; mso-fareast-font-family: 'Times New Roman'; color: black; mso-fareast-language: EN-US;\">la Ordenanza N\u00b0 3482.-<\/span><\/p>\n<p class=\"MsoNormal\" style=\"text-align: justify; line-height: normal; margin: 12.0pt 0cm 12.0pt 0cm;\"><span lang=\"ES\" style=\"font-size: 12.0pt; font-family: 'Arial',sans-serif; mso-fareast-font-family: 'Times New Roman'; color: black; mso-fareast-language: EN-US; mso-bidi-font-weight: bold;\">RES.N\u00b0445: Promulgar y Ordenar la Publicaci\u00f3n en el Bolet\u00edn Oficial <\/span><span lang=\"ES\" style=\"font-size: 12.0pt; font-family: 'Arial',sans-serif; mso-fareast-font-family: 'Times New Roman'; color: black; mso-fareast-language: EN-US;\">la Ordenanza N\u00b0 3483.-<\/span><\/p>\n<p class=\"MsoNormal\" style=\"text-align: justify; line-height: normal; margin: 12.0pt 0cm 12.0pt 0cm;\"><span lang=\"ES\" style=\"font-size: 12.0pt; font-family: 'Arial',sans-serif; mso-fareast-font-family: 'Times New Roman'; color: black; mso-fareast-language: EN-US; mso-bidi-font-weight: bold;\">RES.N\u00b0446: Crear <\/span><span lang=\"ES\" style=\"font-size: 12.0pt; font-family: 'Arial',sans-serif; mso-fareast-font-family: 'Times New Roman'; color: black; mso-fareast-language: EN-US;\">un concepto como adicional mensual no remunerativo\u00a0ni bonificable de pesos diez mil ($10.000) que se abonar\u00e1 a partir del mes de diciembre\u00a0del 2023.-<\/span><\/p>\n<p class=\"MsoNormal\" style=\"text-align: justify; line-height: normal; margin: 12.0pt 0cm 12.0pt 0cm;\"><span lang=\"ES\" style=\"font-size: 12.0pt; font-family: 'Arial',sans-serif; mso-fareast-font-family: 'Times New Roman'; color: black; mso-fareast-language: EN-US; mso-bidi-font-weight: bold;\">RES.N\u00b0447: Declarar de Inter\u00e9s Municipal <\/span><span lang=\"ES\" style=\"font-size: 12.0pt; font-family: 'Arial',sans-serif; mso-fareast-font-family: 'Times New Roman'; color: black; mso-fareast-language: EN-US;\">el centenario de la Escuela T\u00e9cnica\u201d Ingeniero Juan Jos\u00e9 G\u00f3mez Araujo\u201d\u00a0<\/span><\/p>\n<p class=\"MsoNormal\" style=\"text-align: justify; line-height: normal; margin: 12.0pt 0cm 12.0pt 0cm;\"><span lang=\"ES\" style=\"font-size: 12.0pt; font-family: 'Arial',sans-serif; mso-fareast-font-family: 'Times New Roman'; color: black; mso-fareast-language: EN-US; mso-bidi-font-weight: bold;\">RES.N\u00b0448: Otorgar <\/span><span lang=\"ES\" style=\"font-size: 12.0pt; font-family: 'Arial',sans-serif; mso-fareast-font-family: 'Times New Roman'; color: black; mso-fareast-language: EN-US;\">una ayuda econ\u00f3mica de pesos cincuenta mil ($50.000) <span style=\"mso-bidi-font-weight: bold;\">Sergio E. Filandino DNI N\u00b0 21.552.729<\/span> en calidad de Pte. de la Asociaci\u00f3n Civil Rinc\u00f3n de Luz. &#8211;<\/span><\/p>\n<p class=\"MsoNormal\" style=\"text-align: justify; line-height: normal; margin: 12.0pt 0cm 12.0pt 0cm;\"><span lang=\"ES\" style=\"font-size: 12.0pt; font-family: 'Arial',sans-serif; mso-fareast-font-family: 'Times New Roman'; color: black; mso-fareast-language: EN-US; mso-bidi-font-weight: bold;\">RES.N\u00b0449: Otorgar <\/span><span lang=\"ES\" style=\"font-size: 12.0pt; font-family: 'Arial',sans-serif; mso-fareast-font-family: 'Times New Roman'; color: black; mso-fareast-language: EN-US;\">una ayuda econ\u00f3mica de pesos cuarenta y tres\u00a0mil ($43.000) <span style=\"mso-bidi-font-weight: bold;\">Clara Pilar Romero DNI N\u00b0 37.064.139<\/span>.-<\/span><\/p>\n<p class=\"MsoNormal\" style=\"text-align: justify; line-height: normal; margin: 12.0pt 0cm 12.0pt 0cm;\"><span lang=\"ES\" style=\"font-size: 12.0pt; font-family: 'Arial',sans-serif; mso-fareast-font-family: 'Times New Roman'; color: black; mso-fareast-language: EN-US; mso-bidi-font-weight: bold;\">RES.N\u00b0450: Otorgar <\/span><span lang=\"ES\" style=\"font-size: 12.0pt; font-family: 'Arial',sans-serif; mso-fareast-font-family: 'Times New Roman'; color: black; mso-fareast-language: EN-US;\">una ayuda econ\u00f3mica de pesos cincuenta mil ($50.000) <span style=\"mso-bidi-font-weight: bold;\">Sra. Zoe Josefina Leiva\u00a0DNI N\u00b0 46.380.501<\/span> en car\u00e1cter de Directora de Studio Moon<\/span><\/p>\n<p class=\"MsoNormal\" style=\"text-align: justify; line-height: normal; margin: 12.0pt 0cm 12.0pt 0cm;\"><span lang=\"ES\" style=\"font-size: 12.0pt; font-family: 'Arial',sans-serif; mso-fareast-font-family: 'Times New Roman'; color: black; mso-fareast-language: EN-US; mso-bidi-font-weight: bold;\">RES. N<\/span><span lang=\"ES\" style=\"font-family: 'Arial',sans-serif; mso-fareast-font-family: 'Times New Roman'; color: black; mso-fareast-language: EN-US;\">\u00b0<\/span><span lang=\"ES\" style=\"font-size: 12.0pt; font-family: 'Arial',sans-serif; mso-fareast-font-family: 'Times New Roman'; color: black; mso-fareast-language: EN-US; mso-bidi-font-weight: bold;\"> 451: Conceder <\/span><span lang=\"ES\" style=\"font-size: 12.0pt; font-family: 'Arial',sans-serif; mso-fareast-font-family: 'Times New Roman'; color: black; mso-fareast-language: EN-US;\">Licencia especial con goce de haberes al personal municipal de planta permanente, contratados y jornalizados del 26\/12\/23 al 5\/01\/24 en dos\u00a0(2) grupos. &#8211;\u00a0<\/span><\/p>\n<p class=\"MsoNormal\" style=\"text-align: justify; line-height: normal; margin: 12.0pt 0cm 12.0pt 0cm;\"><span lang=\"ES\" style=\"font-size: 12.0pt; font-family: 'Arial',sans-serif; mso-fareast-font-family: 'Times New Roman'; color: black; mso-fareast-language: EN-US; mso-bidi-font-weight: bold;\">RES.N\u00b0452: Incorporar <\/span><span lang=\"ES\" style=\"font-size: 12.0pt; font-family: 'Arial',sans-serif; mso-fareast-font-family: 'Times New Roman'; color: black; mso-fareast-language: EN-US;\">al Presupuesto General Municipal\u00a0del a\u00f1o 2023 en la partida 1.2.3.4\u00a0\u201cPlan Sumar\u201d, la remesa\u00a0recibida por\u00a0esta Municipalidad en la Cuenta Corriente N\u00b0 22500247\/32.-<\/span><\/p>\n<p class=\"MsoNormal\" style=\"text-align: justify; line-height: normal; margin: 12.0pt 0cm 12.0pt 0cm;\"><span lang=\"ES\" style=\"font-size: 12.0pt; font-family: 'Arial',sans-serif; mso-fareast-font-family: 'Times New Roman'; color: black; mso-fareast-language: EN-US; mso-bidi-font-weight: bold;\">RES.N\u00b0453: Incorporar <\/span><span lang=\"ES\" style=\"font-size: 12.0pt; font-family: 'Arial',sans-serif; mso-fareast-font-family: 'Times New Roman'; color: black; mso-fareast-language: EN-US;\">al Presupuesto General Municipal\u00a0del a\u00f1o 2023 en la partida 1.2.2.62\u00a0\u201cPrograma Argentina Hace I\u201d, la remesa\u00a0recibida por\u00a0esta Municipalidad en la Cuenta Corriente<span style=\"background: white;\"> N\u00b0 22500247\/32.-<\/span><\/span><\/p>\n<p class=\"MsoNormal\" style=\"text-align: justify; line-height: normal; margin: 12.0pt 0cm 12.0pt 0cm;\"><span lang=\"ES\" style=\"font-size: 12.0pt; font-family: 'Arial',sans-serif; mso-fareast-font-family: 'Times New Roman'; color: black; background: white; mso-fareast-language: EN-US; mso-bidi-font-weight: bold;\">RES.N\u00b0454: Vetar <\/span><span lang=\"ES\" style=\"font-size: 12.0pt; font-family: 'Arial',sans-serif; mso-fareast-font-family: 'Times New Roman'; color: black; background: white; mso-fareast-language: EN-US;\">totalmente la Ordenanza N\u00b03475<\/span><\/p>\n<p class=\"MsoNormal\" style=\"text-align: justify; line-height: normal; margin: 12.0pt 0cm 12.0pt 0cm;\"><span lang=\"ES\" style=\"font-size: 12.0pt; font-family: 'Arial',sans-serif; mso-fareast-font-family: 'Times New Roman'; color: black; mso-fareast-language: EN-US; mso-bidi-font-weight: bold;\">RES.N\u00b0455: Adjudicar <\/span><span lang=\"ES\" style=\"font-size: 12.0pt; font-family: 'Arial',sans-serif; mso-fareast-font-family: 'Times New Roman'; color: black; mso-fareast-language: EN-US;\">al oferente Ruiz Mauro Hern\u00e1n\u00a0CUIT N\u00b0 20-28369055-6\u00a0la adquisici\u00f3n de \u201cTanque de agua tricapa de 5.000 L\u201d , que se destinar\u00e1n al abastecimiento de agua potable en el sector \u201cSarand\u00ed Norte\u201d.-<\/span><\/p>\n<p class=\"MsoNormal\" style=\"text-align: justify; line-height: normal; margin: 12.0pt 0cm 12.0pt 0cm;\"><span lang=\"ES\" style=\"font-size: 12.0pt; font-family: 'Arial',sans-serif; mso-fareast-font-family: 'Times New Roman'; color: black; mso-fareast-language: EN-US; mso-bidi-font-weight: bold;\">RES.N\u00b0456: Adjudicar <\/span><span lang=\"ES\" style=\"font-size: 12.0pt; font-family: 'Arial',sans-serif; mso-fareast-font-family: 'Times New Roman'; color: black; mso-fareast-language: EN-US;\">al oferente Robaina Ram\u00f3n Alberto CUIT N\u00b020-07845255-3 la adquisici\u00f3n de \u201cProductos alimenticios varios\u201d destinados a asistencia social a trav\u00e9s del CIC.-<\/span><\/p>\n<p class=\"MsoNormal\" style=\"text-align: justify; line-height: normal; margin: 12.0pt 0cm 12.0pt 0cm;\"><span lang=\"ES\" style=\"font-size: 12.0pt; font-family: 'Arial',sans-serif; mso-fareast-font-family: 'Times New Roman'; color: black; mso-fareast-language: EN-US; mso-bidi-font-weight: bold;\">RES.N\u00b0457: Adjudicar <\/span><span lang=\"ES\" style=\"font-size: 12.0pt; font-family: 'Arial',sans-serif; mso-fareast-font-family: 'Times New Roman'; color: black; mso-fareast-language: EN-US;\">al oferente Robaina Ram\u00f3n Alberto CUIT N\u00b020-07845255-3 la adquisici\u00f3n de \u201cLeche entera en polvo\u201d destinadas a asistencia social a trav\u00e9s del CIC.-<\/span><\/p>\n<p class=\"MsoNormal\" style=\"text-align: justify; line-height: normal; margin: 12.0pt 0cm 12.0pt 0cm;\"><span lang=\"ES\" style=\"font-size: 12.0pt; font-family: 'Arial',sans-serif; mso-fareast-font-family: 'Times New Roman'; color: black; mso-fareast-language: EN-US; mso-bidi-font-weight: bold;\">RES.N\u00b0458: otorgar <\/span><span lang=\"ES\" style=\"font-size: 12.0pt; font-family: 'Arial',sans-serif; mso-fareast-font-family: 'Times New Roman'; color: black; mso-fareast-language: EN-US;\">un anticipo de pesos trescientos sesenta mil ($360.000) al S.O.E.M., CUIT N\u00b030-66979054-2.-<\/span><\/p>\n<p class=\"MsoNormal\" style=\"text-align: justify; line-height: normal; margin: 12.0pt 0cm 12.0pt 0cm;\"><span lang=\"ES\" style=\"font-size: 12.0pt; font-family: 'Arial',sans-serif; mso-fareast-font-family: 'Times New Roman'; color: black; mso-fareast-language: EN-US; mso-bidi-font-weight: bold;\">RES.N\u00b0459: Promulgar y Ordenar la Publicaci\u00f3n en el Bolet\u00edn Oficial <\/span><span lang=\"ES\" style=\"font-size: 12.0pt; font-family: 'Arial',sans-serif; mso-fareast-font-family: 'Times New Roman'; color: black; mso-fareast-language: EN-US;\">la Ordenanza N\u00b0 3484.-<\/span><\/p>\n<p class=\"MsoNormal\" style=\"text-align: justify; line-height: normal; margin: 12.0pt 0cm 12.0pt 0cm;\"><span lang=\"ES\" style=\"font-size: 12.0pt; font-family: 'Arial',sans-serif; mso-fareast-font-family: 'Times New Roman'; color: black; mso-fareast-language: EN-US; mso-bidi-font-weight: bold;\">RES.N\u00b0460: Promulgar y Ordenar la Publicaci\u00f3n en el Bolet\u00edn Oficial <\/span><span lang=\"ES\" style=\"font-size: 12.0pt; font-family: 'Arial',sans-serif; mso-fareast-font-family: 'Times New Roman'; color: black; mso-fareast-language: EN-US;\">la Ordenanza N\u00b0 3485.-<\/span><\/p>\n<p class=\"MsoNormal\" style=\"text-align: justify; line-height: normal; margin: 12.0pt 0cm 12.0pt 0cm;\"><span lang=\"ES\" style=\"font-size: 12.0pt; font-family: 'Arial',sans-serif; mso-fareast-font-family: 'Times New Roman'; color: black; mso-fareast-language: EN-US; mso-bidi-font-weight: bold;\">RES.N\u00b0461: otorgar <\/span><span lang=\"ES\" style=\"font-size: 12.0pt; font-family: 'Arial',sans-serif; mso-fareast-font-family: 'Times New Roman'; color: black; mso-fareast-language: EN-US;\">una ayuda econ\u00f3mica al Sr. Juan Alberto Rolin DNI N\u00b0 40.263.915 en car\u00e1cter de director de la Academia Word Coreograf\u00edas. &#8211;<\/span><\/p>\n<p class=\"MsoNormal\" style=\"text-align: justify; line-height: normal; margin: 12.0pt 0cm 12.0pt 0cm;\"><span lang=\"ES\" style=\"font-size: 12.0pt; font-family: 'Arial',sans-serif; mso-fareast-font-family: 'Times New Roman'; color: black; mso-fareast-language: EN-US; mso-bidi-font-weight: bold;\">RES.N\u00b0462: otorgar <\/span><span lang=\"ES\" style=\"font-size: 12.0pt; font-family: 'Arial',sans-serif; mso-fareast-font-family: 'Times New Roman'; color: black; mso-fareast-language: EN-US;\">una ayuda econ\u00f3mica a la Sra. Juliana Elizabeth Centuri\u00f3n\u00a0DNI N\u00b0 37.288.748.-<\/span><\/p>\n<p class=\"MsoNormal\" style=\"text-align: justify; line-height: normal; margin: 12.0pt 0cm 12.0pt 0cm;\"><span lang=\"ES\" style=\"font-size: 12.0pt; font-family: 'Arial',sans-serif; mso-fareast-font-family: 'Times New Roman'; color: black; mso-fareast-language: EN-US; mso-bidi-font-weight: bold;\">RES.N\u00b0463: otorgar <\/span><span lang=\"ES\" style=\"font-size: 12.0pt; font-family: 'Arial',sans-serif; mso-fareast-font-family: 'Times New Roman'; color: black; mso-fareast-language: EN-US;\">una ayuda econ\u00f3mica al Sr. Carlos Iv\u00e1n Campestrini\u00a0DNI N\u00b0 43.822.978.-<\/span><\/p>\n<p class=\"MsoNormal\" style=\"text-align: justify; line-height: normal; margin: 12.0pt 0cm 12.0pt 0cm;\"><span lang=\"ES\" style=\"font-size: 12.0pt; font-family: 'Arial',sans-serif; mso-fareast-font-family: 'Times New Roman'; color: black; mso-fareast-language: EN-US; mso-bidi-font-weight: bold;\">RES.N\u00b0464: Adjudicar <\/span><span lang=\"ES\" style=\"font-size: 12.0pt; font-family: 'Arial',sans-serif; mso-fareast-font-family: 'Times New Roman'; color: black; mso-fareast-language: EN-US;\">al oferente Romero Jonat\u00e1n Esequiel CUIT N\u00b0 20-36542271-1 el alquiler\u00a0de \u201cTribunas y estructuras para la realizaci\u00f3n del show de carnaval 2024 \u201c\u00a0\u00a0<\/span><\/p>\n<p class=\"MsoNormal\" style=\"text-align: justify; line-height: normal; margin: 12.0pt 0cm 12.0pt 0cm;\"><span lang=\"ES\" style=\"font-size: 12.0pt; font-family: 'Arial',sans-serif; mso-fareast-font-family: 'Times New Roman'; color: black; mso-fareast-language: EN-US; mso-bidi-font-weight: bold;\">RES.N\u00b0465: designar <\/span><span lang=\"ES\" style=\"font-size: 12.0pt; font-family: 'Arial',sans-serif; mso-fareast-font-family: 'Times New Roman'; color: black; mso-fareast-language: EN-US;\">a partir del 10 de diciembre del 2023,<span style=\"mso-bidi-font-weight: bold;\">\u00a0al<\/span> Cr Juan Agust\u00edn S\u00e1nchez DNI N\u00b0 38.874.649, a cargo de la Sub Direcci\u00f3n de Compras. &#8211;<\/span><\/p>\n<p class=\"MsoNormal\" style=\"text-align: justify; line-height: normal; margin: 12.0pt 0cm 12.0pt 0cm;\"><span lang=\"ES\" style=\"font-size: 12.0pt; font-family: 'Arial',sans-serif; mso-fareast-font-family: 'Times New Roman'; color: black; mso-fareast-language: EN-US; mso-bidi-font-weight: bold;\">RES. N\u00b0466: disminuir y aumentar <\/span><span lang=\"ES\" style=\"font-size: 12.0pt; font-family: 'Arial',sans-serif; mso-fareast-font-family: 'Times New Roman'; color: black; mso-fareast-language: EN-US;\">partidas correspondientes al Presupuesto 2023 del DEM.<\/span><\/p>\n<p class=\"MsoNormal\" style=\"text-align: justify; line-height: normal; margin: 12.0pt 0cm 12.0pt 0cm;\"><span lang=\"ES\" style=\"font-size: 12.0pt; font-family: 'Arial',sans-serif; mso-fareast-font-family: 'Times New Roman'; color: black; mso-fareast-language: EN-US; mso-bidi-font-weight: bold;\">RES. N\u00b0467: establecer <\/span><span lang=\"ES\" style=\"font-size: 12.0pt; font-family: 'Arial',sans-serif; mso-fareast-font-family: 'Times New Roman'; color: black; mso-fareast-language: EN-US;\">horarios de atenci\u00f3n al p\u00fablico de la Municipalidad de Curuz\u00fa Cuati\u00e1 durante el mes de enero 2024.-<\/span><\/p>\n<p class=\"MsoNormal\" style=\"text-align: justify; line-height: normal; margin: 12.0pt 0cm 12.0pt 0cm;\"><span lang=\"ES\" style=\"font-size: 12.0pt; font-family: 'Arial',sans-serif; mso-fareast-font-family: 'Times New Roman'; color: black; mso-fareast-language: EN-US; mso-bidi-font-weight: bold;\">RES.N\u00b0468: declarar <\/span><span lang=\"ES\" style=\"font-size: 12.0pt; font-family: 'Arial',sans-serif; mso-fareast-font-family: 'Times New Roman'; color: black; mso-fareast-language: EN-US;\">el cese como agente de Planta permanente a partir del 31 de diciembre del 2023 del Sr. Pared Alberto Luis M.I. N\u00b0 13.499.102, cumpliendo con los requisitos de acceso a la jubilaci\u00f3n. &#8211;<\/span><\/p>\n<p class=\"MsoNormal\" style=\"text-align: justify; line-height: normal; margin: 12.0pt 0cm 12.0pt 0cm;\"><span lang=\"ES\" style=\"font-size: 12.0pt; font-family: 'Arial',sans-serif; mso-fareast-font-family: 'Times New Roman'; color: black; mso-fareast-language: EN-US; mso-bidi-font-weight: bold;\">RES.N\u00b0469: crea <\/span><span lang=\"ES\" style=\"font-size: 12.0pt; font-family: 'Arial',sans-serif; mso-fareast-font-family: 'Times New Roman'; color: black; mso-fareast-language: EN-US;\">a partir del 11 de diciembre del 2023, la Secretaria Legal y T\u00e9cnica<span style=\"mso-bidi-font-weight: bold;\"> y designar <\/span>al Dr. Leonardo Ezequiel Mart\u00ednez\u00a0DNI N\u00b0 36.027.124 , como Secretario de Legal y T\u00e9cnica.-<\/span><\/p>\n<p class=\"MsoNormal\" style=\"text-align: justify; line-height: normal; margin: 12.0pt 0cm 12.0pt 0cm;\"><span lang=\"ES\" style=\"font-size: 12.0pt; font-family: 'Arial',sans-serif; mso-fareast-font-family: 'Times New Roman'; color: black; mso-fareast-language: EN-US; mso-bidi-font-weight: bold;\">RES.N\u00b0470: designar <\/span><span lang=\"ES\" style=\"font-size: 12.0pt; font-family: 'Arial',sans-serif; mso-fareast-font-family: 'Times New Roman'; color: black; mso-fareast-language: EN-US;\">a partir del 11 de diciembre del 2023 al Sr. Hern\u00e1n Andr\u00e9s Ortiz DNI N\u00b026.994.370 como Secretario de Servicios P\u00fablico. &#8211;<\/span><\/p>\n<p class=\"MsoNormal\" style=\"text-align: justify; line-height: normal; margin: 12.0pt 0cm 12.0pt 0cm;\"><span lang=\"ES\" style=\"font-size: 12.0pt; font-family: 'Arial',sans-serif; mso-fareast-font-family: 'Times New Roman'; color: black; mso-fareast-language: EN-US; mso-bidi-font-weight: bold;\">RES.N\u00b0471: revocar <\/span><span lang=\"ES\" style=\"font-size: 12.0pt; font-family: 'Arial',sans-serif; mso-fareast-font-family: 'Times New Roman'; color: black; mso-fareast-language: EN-US;\">a partir del 11 de diciembre del 2023\u00a0la designaci\u00f3n de la Sra. Claudia Beatriz Fern\u00e1ndez\u00a0DNI 23.083.381 como Secretaria de Servicios P\u00fablico. y <span style=\"mso-bidi-font-weight: bold;\">designar <\/span>a la misma como Subsecretaria de Servicios P\u00fablico. &#8211;<\/span><\/p>\n<p class=\"MsoNormal\" style=\"text-align: justify; line-height: normal; margin: 12.0pt 0cm 12.0pt 0cm;\"><span lang=\"ES\" style=\"font-size: 12.0pt; font-family: 'Arial',sans-serif; mso-fareast-font-family: 'Times New Roman'; color: black; mso-fareast-language: EN-US; mso-bidi-font-weight: bold;\">RES.N\u00b0472: revocar <\/span><span lang=\"ES\" style=\"font-size: 12.0pt; font-family: 'Arial',sans-serif; mso-fareast-font-family: 'Times New Roman'; color: black; mso-fareast-language: EN-US;\">a partir del 11 de diciembre del 2023\u00a0la designaci\u00f3n del\u00a0Sr. Lower Alberto Antonio DNI N\u00b025.037.346 como Coordinador de Espacios Verdes. y <span style=\"mso-bidi-font-weight: bold;\">designar <\/span>al mismo como\u00a0\u201cDirector de\u00a0Espacios Verdes\u201d.\u00a0<\/span><\/p>\n<p class=\"MsoNormal\" style=\"text-align: justify; line-height: normal; margin: 12.0pt 0cm 12.0pt 0cm;\"><span lang=\"ES\" style=\"font-size: 12.0pt; font-family: 'Arial',sans-serif; mso-fareast-font-family: 'Times New Roman'; color: black; mso-fareast-language: EN-US; mso-bidi-font-weight: bold;\">RES.N\u00b0473: designar <\/span><span lang=\"ES\" style=\"font-size: 12.0pt; font-family: 'Arial',sans-serif; mso-fareast-font-family: 'Times New Roman'; color: black; mso-fareast-language: EN-US;\">a partir del 11 de diciembre del 2023, a la Sra. Gladis Ver\u00f3nica Mu\u00f1oz DNI N\u00b026.063.279 como Coordinadora de Infraestructura de eventos. &#8211;<\/span><\/p>\n<p class=\"MsoNormal\" style=\"text-align: justify; line-height: normal; margin: 12.0pt 0cm 12.0pt 0cm;\"><span lang=\"ES\" style=\"font-size: 12.0pt; font-family: 'Arial',sans-serif; mso-fareast-font-family: 'Times New Roman'; color: black; mso-fareast-language: EN-US; mso-bidi-font-weight: bold;\">RES.N\u00b0474: designar <\/span><span lang=\"ES\" style=\"font-size: 12.0pt; font-family: 'Arial',sans-serif; mso-fareast-font-family: 'Times New Roman'; color: black; mso-fareast-language: EN-US;\">a partir del 11 de diciembre del 2023 a la Dra. Valeria Gisela De Le\u00f3n DNI N\u00b0 33.716.542\u00a0como Coordinadora de Ejecuci\u00f3n fiscal. &#8211;<\/span><\/p>\n<p class=\"MsoNormal\" style=\"text-align: justify; line-height: normal; margin: 12.0pt 0cm 12.0pt 0cm;\"><span lang=\"ES\" style=\"font-size: 12.0pt; font-family: 'Arial',sans-serif; mso-fareast-font-family: 'Times New Roman'; color: black; mso-fareast-language: EN-US; mso-bidi-font-weight: bold;\">A\u00f1o 2024:<\/span><\/p>\n<p class=\"MsoNormal\" style=\"text-align: justify; line-height: normal; margin: 12.0pt 0cm 12.0pt 0cm;\"><span lang=\"ES\" style=\"font-size: 12.0pt; font-family: 'Arial',sans-serif; mso-fareast-font-family: 'Times New Roman'; color: black; mso-fareast-language: EN-US; mso-bidi-font-weight: bold;\">RES.N\u00ba1: derogar <\/span><span lang=\"ES\" style=\"font-size: 12.0pt; font-family: 'Arial',sans-serif; mso-fareast-font-family: 'Times New Roman'; color: black; mso-fareast-language: EN-US;\">resoluciones anteriores a la presente, que traten temas relacionados con las\u00a0Tarifas del Transporte Urbano de Pasajeros y <span style=\"mso-bidi-font-weight: bold;\">Fijar <\/span>las tarifas el Transporte Urbano de Pasajeros. &#8211;<\/span><\/p>\n<p class=\"MsoNormal\" style=\"text-align: justify; line-height: normal; margin: 12.0pt 0cm 12.0pt 0cm;\"><span lang=\"ES\" style=\"font-size: 12.0pt; font-family: 'Arial',sans-serif; mso-fareast-font-family: 'Times New Roman'; color: black; mso-fareast-language: EN-US; mso-bidi-font-weight: bold;\">RES.N\u00ba2: otorgar<\/span><span lang=\"ES\" style=\"font-size: 12.0pt; font-family: 'Arial',sans-serif; mso-fareast-font-family: 'Times New Roman'; color: black; mso-fareast-language: EN-US;\"> una ayuda econ\u00f3mica al <span style=\"mso-bidi-font-weight: bold;\">Sra. Teresita Casco\u00a0DNI N\u00ba 17.263.519-<\/span><\/span><\/p>\n<p class=\"MsoNormal\" style=\"text-align: justify; line-height: normal; margin: 12.0pt 0cm 12.0pt 0cm;\"><span lang=\"ES\" style=\"font-size: 12.0pt; font-family: 'Arial',sans-serif; mso-fareast-font-family: 'Times New Roman'; color: black; mso-fareast-language: EN-US; mso-bidi-font-weight: bold;\">RES.N\u00ba3: otorgar<\/span><span lang=\"ES\" style=\"font-size: 12.0pt; font-family: 'Arial',sans-serif; mso-fareast-font-family: 'Times New Roman'; color: black; mso-fareast-language: EN-US;\"> una ayuda econ\u00f3mica al <span style=\"mso-bidi-font-weight: bold;\">Sr. Urbano Jos\u00e9 Surt. DNI N\u00ba 42.203.799-<\/span><\/span><\/p>\n<p class=\"MsoNormal\" style=\"text-align: justify; line-height: normal; margin: 12.0pt 0cm 12.0pt 0cm;\"><span lang=\"ES\" style=\"font-size: 12.0pt; font-family: 'Arial',sans-serif; mso-fareast-font-family: 'Times New Roman'; color: black; mso-fareast-language: EN-US; mso-bidi-font-weight: bold;\">RES.N\u00ba4: autorizar <\/span><span lang=\"ES\" style=\"font-size: 12.0pt; font-family: 'Arial',sans-serif; mso-fareast-font-family: 'Times New Roman'; color: black; mso-fareast-language: EN-US;\">la Escritura P\u00fablica de Compraventa a favor de Mazzeto Dana Antonella DNI N\u00ba 43.267.020 y otros-<\/span><\/p>\n<p class=\"MsoNormal\" style=\"text-align: justify; line-height: normal; margin: 12.0pt 0cm 12.0pt 0cm;\"><span lang=\"ES\" style=\"font-size: 12.0pt; font-family: 'Arial',sans-serif; mso-fareast-font-family: 'Times New Roman'; color: black; mso-fareast-language: EN-US; mso-bidi-font-weight: bold;\">RES.N\u00b05: Adjudicar <\/span><span lang=\"ES\" style=\"font-size: 12.0pt; font-family: 'Arial',sans-serif; mso-fareast-font-family: 'Times New Roman'; color: black; mso-fareast-language: EN-US;\">al oferente Piloni Mariel Karina CUIT 27-20528044-3\u00a0el servicio de alquiler\u00a0de \u201cSonidos e iluminaci\u00f3n para el show de carnavales 2024\u201d<\/span><\/p>\n<p class=\"MsoNormal\" style=\"text-align: justify; line-height: normal; margin: 12.0pt 0cm 12.0pt 0cm;\"><span lang=\"ES\" style=\"font-size: 12.0pt; font-family: 'Arial',sans-serif; mso-fareast-font-family: 'Times New Roman'; color: black; mso-fareast-language: EN-US; mso-bidi-font-weight: bold;\">RES.N\u00b06: constit\u00fayase <\/span><span lang=\"ES\" style=\"font-size: 12.0pt; font-family: 'Arial',sans-serif; mso-fareast-font-family: 'Times New Roman'; color: black; mso-fareast-language: EN-US;\">los fondos permanentes del Sr Intendente Municipal, Vice intendente, Secretar\u00edas, Subsecretar\u00edas, Direcciones Subdirecciones\u00a0y Juzgado de faltas. &#8211;<\/span><\/p>\n<p class=\"MsoNormal\" style=\"text-align: justify; line-height: normal; margin: 12.0pt 0cm 12.0pt 0cm;\"><span lang=\"ES\" style=\"font-size: 12.0pt; font-family: 'Arial',sans-serif; mso-fareast-font-family: 'Times New Roman'; color: black; mso-fareast-language: EN-US; mso-bidi-font-weight: bold;\">RES.N\u00b07: constit\u00fayase <\/span><span lang=\"ES\" style=\"font-size: 12.0pt; font-family: 'Arial',sans-serif; mso-fareast-font-family: 'Times New Roman'; color: black; mso-fareast-language: EN-US;\">los fondos permanentes para viajes u otras cuestiones puntuales para distintas \u00e1reas del D.E.M..-<\/span><\/p>\n<p class=\"MsoNormal\" style=\"text-align: justify; line-height: normal; margin: 12.0pt 0cm 12.0pt 0cm;\"><span lang=\"ES\" style=\"font-size: 12.0pt; font-family: 'Arial',sans-serif; mso-fareast-font-family: 'Times New Roman'; color: black; mso-fareast-language: EN-US; mso-bidi-font-weight: bold;\">RES.N\u00b08: Dejar sin efecto <\/span><span lang=\"ES\" style=\"font-size: 12.0pt; font-family: 'Arial',sans-serif; mso-fareast-font-family: 'Times New Roman'; color: black; mso-fareast-language: EN-US;\">las Resoluciones N\u00ba45\/2023; 56\/2023; 72\/2023; 73\/2023; 94\/2023; 118\/2023; 119\/2023; 150\/2023; 200\/2023; 235\/2023; 273\/2023; 406\/2023; 408\/2023; 413\/2023.-<\/span><\/p>\n<p class=\"MsoNormal\" style=\"text-align: justify; line-height: normal; margin: 12.0pt 0cm 12.0pt 0cm;\"><span lang=\"ES\" style=\"font-size: 12.0pt; font-family: 'Arial',sans-serif; mso-fareast-font-family: 'Times New Roman'; color: black; mso-fareast-language: EN-US; mso-bidi-font-weight: bold;\">RES.N\u00b09: otorgar <\/span><span lang=\"ES\" style=\"font-size: 12.0pt; font-family: 'Arial',sans-serif; mso-fareast-font-family: 'Times New Roman'; color: black; mso-fareast-language: EN-US;\">ayuda econ\u00f3mica a la Sra. Ramona Graciela Ver\u00f3n DNI N\u00ba31.720.115.<\/span><\/p>\n<p class=\"MsoNormal\" style=\"text-align: justify; line-height: normal; margin: 12.0pt 0cm 12.0pt 0cm;\"><span lang=\"ES\" style=\"font-size: 12.0pt; font-family: 'Arial',sans-serif; mso-fareast-font-family: 'Times New Roman'; color: black; mso-fareast-language: EN-US; mso-bidi-font-weight: bold;\">RES N\u00b0 10: Adjudicar <\/span><span lang=\"ES\" style=\"font-size: 12.0pt; font-family: 'Arial',sans-serif; mso-fareast-font-family: 'Times New Roman'; color: black; mso-fareast-language: EN-US;\">al oferente Suc. de Sotelo Juan A y otros\u00a0CUIT N\u00b0 30-71120012-2\u00a0la adquisici\u00f3n de neum\u00e1ticos para veh\u00edculos de diversas \u00e1reas del Municipio. &#8211;<\/span><\/p>\n<p class=\"MsoNormal\" style=\"text-align: justify; line-height: normal; margin: 12.0pt 0cm 12.0pt 0cm;\"><span lang=\"ES\" style=\"font-size: 12.0pt; font-family: 'Arial',sans-serif; mso-fareast-font-family: 'Times New Roman'; color: black; mso-fareast-language: EN-US; mso-bidi-font-weight: bold;\">RES N\u00b0 11: Incorporar <\/span><span lang=\"ES\" style=\"font-size: 12.0pt; font-family: 'Arial',sans-serif; mso-fareast-font-family: 'Times New Roman'; color: black; mso-fareast-language: EN-US;\">al presupuesto del D.E.M. correspondiente al ejercicio del a\u00f1o 2.023, en las partidas 1.1.2.1 \u201cCoparticipaci\u00f3n Provincia y 1.1.2.3 Coparticipaci\u00f3n Federal\u201d<\/span><\/p>\n<p class=\"MsoNormal\" style=\"text-align: justify; line-height: normal; margin: 12.0pt 0cm 12.0pt 0cm;\"><span lang=\"ES\" style=\"font-size: 12.0pt; font-family: 'Arial',sans-serif; mso-fareast-font-family: 'Times New Roman'; color: black; mso-fareast-language: EN-US; mso-bidi-font-weight: bold;\">RES N\u00b0 12: Autorizar<\/span><span lang=\"ES\" style=\"font-size: 12.0pt; font-family: 'Arial',sans-serif; mso-fareast-font-family: 'Times New Roman'; color: black; mso-fareast-language: EN-US;\"> la contrataci\u00f3n del Grupo o conjunto musical denominado \u201cViento Norte\u201d para brindar el espect\u00e1culo musical en el marco del Show de Carnaval de Curuz\u00fa Cuati\u00e1.<\/span><\/p>\n<p class=\"MsoNormal\" style=\"text-align: justify; line-height: normal; margin: 12.0pt 0cm 12.0pt 0cm;\"><span lang=\"ES\" style=\"font-size: 12.0pt; font-family: 'Arial',sans-serif; mso-fareast-font-family: 'Times New Roman'; color: black; mso-fareast-language: EN-US; mso-bidi-font-weight: bold;\">-RES N\u00b0 13: Fijar el precio de venta<\/span><span lang=\"ES\" style=\"font-size: 12.0pt; font-family: 'Arial',sans-serif; mso-fareast-font-family: 'Times New Roman'; color: black; mso-fareast-language: EN-US;\"> del inmueble identificado, adjudic\u00e1ndose una vez pago, en forma directa a Gonz\u00e1lez Mar\u00eda Ang\u00e9lica, DNI N\u00b0 24.809.153,\u00a0<\/span><\/p>\n<p class=\"MsoNormal\" style=\"text-align: justify; line-height: normal; margin: 12.0pt 0cm 12.0pt 0cm;\"><span lang=\"ES\" style=\"font-size: 12.0pt; font-family: 'Arial',sans-serif; mso-fareast-font-family: 'Times New Roman'; color: black; mso-fareast-language: EN-US; mso-bidi-font-weight: bold;\">-RES N\u00b0 14: Fijar<\/span><span lang=\"ES\" style=\"font-size: 12.0pt; font-family: 'Arial',sans-serif; mso-fareast-font-family: 'Times New Roman'; color: black; mso-fareast-language: EN-US;\"> el precio de venta del inmueble identificado, adjudic\u00e1ndose una vez pago, en forma directa a Romero Guillermo Omar, DNI N\u00b0 29.792.739.<\/span><\/p>\n<p class=\"MsoNormal\" style=\"text-align: justify; line-height: normal; margin: 12.0pt 0cm 12.0pt 0cm;\"><span lang=\"ES\" style=\"font-size: 12.0pt; font-family: 'Arial',sans-serif; mso-fareast-font-family: 'Times New Roman'; color: black; mso-fareast-language: EN-US; mso-bidi-font-weight: bold;\">-RES N\u00b0 15: Fijar el precio de venta<\/span><span lang=\"ES\" style=\"font-size: 12.0pt; font-family: 'Arial',sans-serif; mso-fareast-font-family: 'Times New Roman'; color: black; mso-fareast-language: EN-US;\"> del inmueble identificado, adjudic\u00e1ndose una vez pago, en forma directa a Paiva Dolores Itat\u00ed, DNI N\u00b0 22.463.457.<\/span><\/p>\n<p class=\"MsoNormal\" style=\"text-align: justify; line-height: normal; margin: 12.0pt 0cm 12.0pt 0cm;\"><span lang=\"ES\" style=\"font-size: 12.0pt; font-family: 'Arial',sans-serif; mso-fareast-font-family: 'Times New Roman'; color: black; mso-fareast-language: EN-US; mso-bidi-font-weight: bold;\">-RES N\u00b0 16: Fijar el precio de venta<\/span><span lang=\"ES\" style=\"font-size: 12.0pt; font-family: 'Arial',sans-serif; mso-fareast-font-family: 'Times New Roman'; color: black; mso-fareast-language: EN-US;\"> del inmueble identificado, adjudic\u00e1ndose una vez pago, en forma directa a Mildemberger Judit Fiorela, DNI N\u00b0 40.996.567.<\/span><\/p>\n<p class=\"MsoNormal\" style=\"text-align: justify; line-height: normal; margin: 12.0pt 0cm 12.0pt 0cm;\"><span lang=\"ES\" style=\"font-size: 12.0pt; font-family: 'Arial',sans-serif; mso-fareast-font-family: 'Times New Roman'; color: black; mso-fareast-language: EN-US; mso-bidi-font-weight: bold;\">-RES N\u00b0 17: Fijar el precio de venta<\/span><span lang=\"ES\" style=\"font-size: 12.0pt; font-family: 'Arial',sans-serif; mso-fareast-font-family: 'Times New Roman'; color: black; mso-fareast-language: EN-US;\"> del inmueble identificado, adjudic\u00e1ndose una vez pago, en forma directa a Ojeda Mercedes del Valle, DNI N\u00b0 14.241.045.<\/span><\/p>\n<p class=\"MsoNormal\" style=\"text-align: justify; line-height: normal; margin: 12.0pt 0cm 12.0pt 0cm;\"><span lang=\"ES\" style=\"font-size: 12.0pt; font-family: 'Arial',sans-serif; mso-fareast-font-family: 'Times New Roman'; color: black; mso-fareast-language: EN-US; mso-bidi-font-weight: bold;\">-RES N\u00b0 18: Fijar el precio de venta<\/span><span lang=\"ES\" style=\"font-size: 12.0pt; font-family: 'Arial',sans-serif; mso-fareast-font-family: 'Times New Roman'; color: black; mso-fareast-language: EN-US;\"> del inmueble identificado, adjudic\u00e1ndose una vez pago, en forma directa a Girotto Silvina Elizabeth, DNI N\u00b0 37.586.530.<\/span><\/p>\n<p class=\"MsoNormal\" style=\"text-align: justify; line-height: normal; margin: 12.0pt 0cm 12.0pt 0cm;\"><span lang=\"ES\" style=\"font-size: 12.0pt; font-family: 'Arial',sans-serif; mso-fareast-font-family: 'Times New Roman'; color: black; mso-fareast-language: EN-US; mso-bidi-font-weight: bold;\">-RES N\u00b0 19: Fijar el precio de venta<\/span><span lang=\"ES\" style=\"font-size: 12.0pt; font-family: 'Arial',sans-serif; mso-fareast-font-family: 'Times New Roman'; color: black; mso-fareast-language: EN-US;\"> del inmueble identificado, adjudic\u00e1ndose una vez pago, en forma directa a Gonz\u00e1lez Juan Orlando, DNI N\u00b0 27.591.398.<\/span><\/p>\n<p class=\"MsoNormal\" style=\"text-align: justify; line-height: normal; margin: 12.0pt 0cm 12.0pt 0cm;\"><span lang=\"ES\" style=\"font-size: 12.0pt; font-family: 'Arial',sans-serif; mso-fareast-font-family: 'Times New Roman'; color: black; mso-fareast-language: EN-US; mso-bidi-font-weight: bold;\">-RES N\u00b0 20: Fijar el precio de venta<\/span><span lang=\"ES\" style=\"font-size: 12.0pt; font-family: 'Arial',sans-serif; mso-fareast-font-family: 'Times New Roman'; color: black; mso-fareast-language: EN-US;\"> del inmueble identificado, adjudic\u00e1ndose una vez pago, en forma directa a Sarli Daniel Nicol\u00e1s, DNI N\u00b0 31.609.377, y Sarli Daniela Nerina Eliana, DNI N\u00b0 35.701.082.<\/span><\/p>\n<p class=\"MsoNormal\" style=\"text-align: justify; line-height: normal; margin: 12.0pt 0cm 12.0pt 0cm;\"><span lang=\"ES\" style=\"font-size: 12.0pt; font-family: 'Arial',sans-serif; mso-fareast-font-family: 'Times New Roman'; color: black; mso-fareast-language: EN-US; mso-bidi-font-weight: bold;\">-RES N\u00b0 21: Fijar<\/span><span lang=\"ES\" style=\"font-size: 12.0pt; font-family: 'Arial',sans-serif; mso-fareast-font-family: 'Times New Roman'; color: black; mso-fareast-language: EN-US;\"> el precio de venta del inmueble identificado, adjudic\u00e1ndose una vez pago, en forma directa a Sotelo Juana Isabel DNI N\u00b0 12.492.703.<\/span><\/p>\n<p class=\"MsoNormal\" style=\"text-align: justify; line-height: normal; margin: 12.0pt 0cm 12.0pt 0cm;\"><span lang=\"ES\" style=\"font-size: 12.0pt; font-family: 'Arial',sans-serif; mso-fareast-font-family: 'Times New Roman'; color: black; mso-fareast-language: EN-US; mso-bidi-font-weight: bold;\">-RES N\u00b0 22: Incorporar a<\/span><span lang=\"ES\" style=\"font-size: 12.0pt; font-family: 'Arial',sans-serif; mso-fareast-font-family: 'Times New Roman'; color: black; mso-fareast-language: EN-US;\">l Presupuesto Municipal del a\u00f1o 2024 en la Partida 1.2.2.56.- INSTITUTO NACIONAL DE SEGURIDAD SOCIAL PARA JUBILADOS Y PENSIONADOS(PAMI), la remesa recibida por esta MUNICIPALIDAD en Cuenta Corriente N\u00b0 22500213\/93\u00a0<\/span><\/p>\n<p class=\"MsoNormal\" style=\"text-align: justify; line-height: normal; margin: 12.0pt 0cm 12.0pt 0cm;\"><span lang=\"ES\" style=\"font-size: 12.0pt; font-family: 'Arial',sans-serif; mso-fareast-font-family: 'Times New Roman'; color: black; mso-fareast-language: EN-US; mso-bidi-font-weight: bold;\">-RES N\u00b0 23: Adjudicar <\/span><span lang=\"ES\" style=\"font-size: 12.0pt; font-family: 'Arial',sans-serif; mso-fareast-font-family: 'Times New Roman'; color: black; mso-fareast-language: EN-US;\">al oferente Robaina Ram\u00f3n Alberto CUIT N\u00b020-07845255-3 la adquisici\u00f3n de \u201cLeche entera en polvo\u201d\u00a0destinadas a asistencia social a trav\u00e9s del CIC.-<\/span><\/p>\n<p class=\"MsoNormal\" style=\"text-align: justify; line-height: normal; margin: 12.0pt 0cm 12.0pt 0cm;\"><span lang=\"ES\" style=\"font-size: 12.0pt; font-family: 'Arial',sans-serif; mso-fareast-font-family: 'Times New Roman'; color: black; mso-fareast-language: EN-US; mso-bidi-font-weight: bold;\">-RES N\u00b0 24: Adjudicar <\/span><span lang=\"ES\" style=\"font-size: 12.0pt; font-family: 'Arial',sans-serif; mso-fareast-font-family: 'Times New Roman'; color: black; mso-fareast-language: EN-US;\">al oferente Robaina Ram\u00f3n Alberto CUIT N\u00b020-07845255-3 la adquisici\u00f3n de \u201cProductos alimenticios varios\u201d destinadas a asistencia social a trav\u00e9s del CIC.-<\/span><\/p>\n<p class=\"MsoNormal\" style=\"text-align: justify; line-height: normal; margin: 12.0pt 0cm 12.0pt 0cm;\"><span lang=\"ES\" style=\"font-size: 12.0pt; font-family: 'Arial',sans-serif; mso-fareast-font-family: 'Times New Roman'; color: black; mso-fareast-language: EN-US; mso-bidi-font-weight: bold;\">-RES N\u00b0 25: Adjudicar<\/span><span lang=\"ES\" style=\"font-size: 12.0pt; font-family: 'Arial',sans-serif; mso-fareast-font-family: 'Times New Roman'; color: black; mso-fareast-language: EN-US;\"> al oferente Sosa Azevez Elvio Arturo\u00a0CUIT 20-31720145-2 la adquisici\u00f3n de enfriador de aceite para motor retropala\u00a0<\/span><\/p>\n<p class=\"MsoNormal\" style=\"text-align: justify; line-height: normal; margin: 12.0pt 0cm 12.0pt 0cm;\"><span lang=\"ES\" style=\"font-size: 12.0pt; font-family: 'Arial',sans-serif; mso-fareast-font-family: 'Times New Roman'; color: black; mso-fareast-language: EN-US; mso-bidi-font-weight: bold;\">-RES N\u00b0 26: <\/span><span lang=\"ES\" style=\"font-size: 12.0pt; font-family: 'Arial',sans-serif; mso-fareast-font-family: 'Times New Roman'; color: black; mso-fareast-language: EN-US;\">Planilla de inasistencias, tardanzas y suspensiones en que incurri\u00f3 el personal correspondiente al 4\u00ba trimestre 2023.-<\/span><\/p>\n<p class=\"MsoNormal\" style=\"text-align: justify; line-height: normal; margin: 12.0pt 0cm 12.0pt 0cm;\"><span lang=\"ES\" style=\"font-size: 12.0pt; font-family: 'Arial',sans-serif; mso-fareast-font-family: 'Times New Roman'; color: black; mso-fareast-language: EN-US; mso-bidi-font-weight: bold;\">-RES N\u00b0 27: Otorgar <\/span><span lang=\"ES\" style=\"font-size: 12.0pt; font-family: 'Arial',sans-serif; mso-fareast-font-family: 'Times New Roman'; color: black; mso-fareast-language: EN-US;\">una ayuda econ\u00f3mica al Sr. Silvio Agust\u00edn Mart\u00ednez, D.N.I. 26.515.204.-\u00a0<\/span><\/p>\n<p class=\"MsoNormal\" style=\"text-align: justify; line-height: normal; margin: 12.0pt 0cm 12.0pt 0cm;\"><span lang=\"ES\" style=\"font-size: 12.0pt; font-family: 'Arial',sans-serif; mso-fareast-font-family: 'Times New Roman'; color: black; mso-fareast-language: EN-US; mso-bidi-font-weight: bold;\">-RES N\u00b0 28: Otorgar <\/span><span lang=\"ES\" style=\"font-size: 12.0pt; font-family: 'Arial',sans-serif; mso-fareast-font-family: 'Times New Roman'; color: black; mso-fareast-language: EN-US;\">una ayuda econ\u00f3mica a la Sra. Milca Ester CURISTIRIANO D.N.I. 24.408.134.-\u00a0<\/span><\/p>\n<p class=\"MsoNormal\" style=\"text-align: justify; line-height: normal; margin: 12.0pt 0cm 12.0pt 0cm;\"><span lang=\"ES\" style=\"font-size: 12.0pt; font-family: 'Arial',sans-serif; mso-fareast-font-family: 'Times New Roman'; color: black; mso-fareast-language: EN-US; mso-bidi-font-weight: bold;\">-RES N\u00b0 29: Otorgar <\/span><span lang=\"ES\" style=\"font-size: 12.0pt; font-family: 'Arial',sans-serif; mso-fareast-font-family: 'Times New Roman'; color: black; mso-fareast-language: EN-US;\">una ayuda econ\u00f3mica al Sr. Luis Mar\u00eda FERNANDEZ, D.N.I. 20.322.116.-\u00a0<\/span><\/p>\n<p class=\"MsoNormal\" style=\"text-align: justify; line-height: normal; margin: 12.0pt 0cm 12.0pt 0cm;\"><span lang=\"ES\" style=\"font-size: 12.0pt; font-family: 'Arial',sans-serif; mso-fareast-font-family: 'Times New Roman'; color: black; mso-fareast-language: EN-US; mso-bidi-font-weight: bold;\">-RES N\u00b0 30: Aceptar <\/span><span lang=\"ES\" style=\"font-size: 12.0pt; font-family: 'Arial',sans-serif; mso-fareast-font-family: 'Times New Roman'; color: black; mso-fareast-language: EN-US;\">la renuncia al cargo presentada por el DIRECTOR DE CONTROL PATRIMONIAL de esta MUNICIPALIDAD, Sr. CARLOS RAUL RODRIGUEZ, DNI 18.242.231, a partir del 31 de enero de 2024.-\u00a0<\/span><\/p>\n<p class=\"MsoNormal\" style=\"text-align: justify; line-height: normal; margin: 12.0pt 0cm 12.0pt 0cm;\"><span lang=\"ES\" style=\"font-size: 12.0pt; font-family: 'Arial',sans-serif; mso-fareast-font-family: 'Times New Roman'; color: black; mso-fareast-language: EN-US; mso-bidi-font-weight: bold;\">-RES N\u00b0 31: Designar <\/span><span lang=\"ES\" style=\"font-size: 12.0pt; font-family: 'Arial',sans-serif; mso-fareast-font-family: 'Times New Roman'; color: black; mso-fareast-language: EN-US;\">a partir del 1\u00b0 de FEBRERO del a\u00f1o 2024; al Sr. Leandro Adri\u00e1n RAMIREZ VALLE, DNI: 25.208.897; como DIRECTOR DE CONTROL PATRIMONIAL, clase 24 del escalaf\u00f3n Municipal. &#8211;\u00a0<\/span><\/p>\n<p class=\"MsoNormal\" style=\"text-align: justify; line-height: normal; margin: 12.0pt 0cm 12.0pt 0cm;\"><span lang=\"ES\" style=\"font-size: 12.0pt; font-family: 'Arial',sans-serif; mso-fareast-font-family: 'Times New Roman'; color: black; mso-fareast-language: EN-US; mso-bidi-font-weight: bold;\">-RES N\u00b0 32: Adjudicar<\/span><span lang=\"ES\" style=\"font-size: 12.0pt; font-family: 'Arial',sans-serif; mso-fareast-font-family: 'Times New Roman'; color: black; mso-fareast-language: EN-US;\"> al oferente Devona Rodolfo Daniel CUIT 30-33317016-8 la adquisici\u00f3n de impresoras destinadas a distintas \u00e1reas municipales. &#8211;<\/span><\/p>\n<p class=\"MsoNormal\" style=\"text-align: justify; line-height: normal; margin: 12.0pt 0cm 12.0pt 0cm;\"><span lang=\"ES\" style=\"font-size: 12.0pt; font-family: 'Arial',sans-serif; mso-fareast-font-family: 'Times New Roman'; color: black; mso-fareast-language: EN-US; mso-bidi-font-weight: bold;\">-RES N\u00b0 33: Adjudicar<\/span><span lang=\"ES\" style=\"font-size: 12.0pt; font-family: 'Arial',sans-serif; mso-fareast-font-family: 'Times New Roman'; color: black; mso-fareast-language: EN-US;\"> al oferente Suc. de Sotelo Juan A y otros\u00a0CUIT N\u00b0 30-71120012-2\u00a0la adquisici\u00f3n de neum\u00e1ticos para veh\u00edculos del DEM<\/span><\/p>\n<p class=\"MsoNormal\" style=\"text-align: justify; line-height: normal; margin: 12.0pt 0cm 12.0pt 0cm;\"><span lang=\"ES\" style=\"font-size: 12.0pt; font-family: 'Arial',sans-serif; mso-fareast-font-family: 'Times New Roman'; color: black; mso-fareast-language: EN-US; mso-bidi-font-weight: bold;\">-RES N\u00b0 34: Adjudicar<\/span><span lang=\"ES\" style=\"font-size: 12.0pt; font-family: 'Arial',sans-serif; mso-fareast-font-family: 'Times New Roman'; color: black; mso-fareast-language: EN-US;\">\u00a0EyG SRL CUIT 30-71803018-4 la adquisici\u00f3n de productos alimenticios frescos. &#8211;<\/span><\/p>\n<p class=\"MsoNormal\" style=\"text-align: justify; line-height: normal; margin: 12.0pt 0cm 12.0pt 0cm;\"><span lang=\"ES\" style=\"font-size: 12.0pt; font-family: 'Arial',sans-serif; mso-fareast-font-family: 'Times New Roman'; color: black; mso-fareast-language: EN-US; mso-bidi-font-weight: bold;\">-RES N\u00b0 35: Otorgar <\/span><span lang=\"ES\" style=\"font-size: 12.0pt; font-family: 'Arial',sans-serif; mso-fareast-font-family: 'Times New Roman'; color: black; mso-fareast-language: EN-US;\">una ayuda econ\u00f3mica en forma mensual, al Sr. <span style=\"mso-bidi-font-weight: bold;\">Rub\u00e9n V\u00edctor RODRIGUEZ DNI 12.056.102. <\/span>en representaci\u00f3n de \u201cEscuela Tarragosera \u201c.-<\/span><\/p>\n<p class=\"MsoNormal\" style=\"text-align: justify; line-height: normal; margin: 12.0pt 0cm 12.0pt 0cm;\"><span lang=\"ES\" style=\"font-size: 12.0pt; font-family: 'Arial',sans-serif; mso-fareast-font-family: 'Times New Roman'; color: black; mso-fareast-language: EN-US; mso-bidi-font-weight: bold;\">-RES N\u00b0 36: Otorgar <\/span><span lang=\"ES\" style=\"font-size: 12.0pt; font-family: 'Arial',sans-serif; mso-fareast-font-family: 'Times New Roman'; color: black; mso-fareast-language: EN-US;\">una ayuda econ\u00f3mica en forma mensual, al Sr. <span style=\"mso-bidi-font-weight: bold;\">Juan Jos\u00e9 ESTIGARRIBIA DNI 25.208.846.-\u00a0 <\/span>en representaci\u00f3n de \u201cEscuela Tarragosera\u201d. <\/span><\/p>\n<p class=\"MsoNormal\" style=\"text-align: justify; line-height: normal; margin: 12.0pt 0cm 12.0pt 0cm;\"><span lang=\"ES\" style=\"font-size: 12.0pt; font-family: 'Arial',sans-serif; mso-fareast-font-family: 'Times New Roman'; color: black; mso-fareast-language: EN-US; mso-bidi-font-weight: bold;\">RES N\u00b0 37: Otorgar\u00a0premio<\/span><span lang=\"ES\" style=\"font-size: 12.0pt; font-family: 'Arial',sans-serif; mso-fareast-font-family: 'Times New Roman'; color: black; mso-fareast-language: EN-US;\"> al Embajador y Embajadora del Carnaval, y al 1er. lugar y 2do. puesto de Mejor Bater\u00eda.<\/span><\/p>\n<p class=\"MsoNormal\" style=\"text-align: justify; line-height: normal; margin: 12.0pt 0cm 12.0pt 0cm;\"><span lang=\"ES\" style=\"font-size: 12.0pt; font-family: 'Arial',sans-serif; mso-fareast-font-family: 'Times New Roman'; color: black; mso-fareast-language: EN-US;\">RES N\u00b0 38: Autorizar la compra directa de un Termonebulizador Humidificador UV Foggin Machine + Tanque 15 litros, que ser\u00e1 destinado para la direcci\u00f3n de Bromatolog\u00eda.<\/span><\/p>\n<p class=\"MsoNormal\" style=\"text-align: justify; line-height: normal; margin: 12.0pt 0cm 12.0pt 0cm;\"><span lang=\"ES\" style=\"font-size: 12.0pt; font-family: 'Arial',sans-serif; mso-fareast-font-family: 'Times New Roman'; color: black; mso-fareast-language: EN-US; mso-bidi-font-weight: bold;\">RES N\u00b0 39: Derogar resoluciones anteriroes y fijar las tarifas del transporte urbano de pasajeros, el concejal Tsotson solicit\u00f3 la lectura que se realiz\u00f3 por secretar\u00eda.<\/span><\/p>\n<p class=\"MsoNormal\" style=\"text-align: justify; line-height: normal; margin: 12.0pt 0cm 12.0pt 0cm;\"><span lang=\"ES\" style=\"font-size: 12.0pt; font-family: 'Arial',sans-serif; mso-fareast-font-family: 'Times New Roman'; color: black; mso-fareast-language: EN-US; mso-bidi-font-weight: bold;\">El s\u00e9ptimo punto fue el de resoluciones de presidencia:<\/span><\/p>\n<p class=\"MsoNormal\" style=\"text-align: justify; line-height: normal; margin: 12.0pt 0cm .0001pt 0cm;\"><span lang=\"ES\" style=\"font-size: 12.0pt; font-family: 'Arial',sans-serif; mso-fareast-font-family: 'Times New Roman'; color: black; mso-fareast-language: EN-US; mso-bidi-font-weight: bold;\">RES N\u00b0112\/2023: Establecer<\/span><span lang=\"ES\" style=\"font-size: 12.0pt; font-family: 'Arial',sans-serif; mso-fareast-font-family: 'Times New Roman'; color: black; mso-fareast-language: EN-US;\"> que todos los incrementos, recomposiciones salariales y creaciones de conceptos adicionales sean remunerativos o no remunerativos, que dicte el D.E.M. ser\u00e1n aplicados a los concejales, funcionarios y empleados dependientes de este H.C.D.<\/span><\/p>\n<p class=\"MsoNormal\" style=\"text-align: justify; line-height: normal; margin: 12.0pt 0cm .0001pt 0cm;\"><span lang=\"ES\" style=\"font-size: 12.0pt; font-family: 'Arial',sans-serif; mso-fareast-font-family: 'Times New Roman'; color: black; mso-fareast-language: EN-US; mso-bidi-font-weight: bold;\">RES N\u00b0 04\/2024: Autorizar <\/span><span lang=\"ES\" style=\"font-size: 12.0pt; font-family: 'Arial',sans-serif; mso-fareast-font-family: 'Times New Roman'; color: black; mso-fareast-language: EN-US;\">al Sr. Auditor Municipal, Cdor. Agust\u00edn Eduardo Chiappe, a ausentarse desde el d\u00eda 01 de febrero al 16 de febrero del corriente a\u00f1o. &#8211;\u00a0<\/span><\/p>\n<p class=\"MsoNormal\" style=\"text-align: justify; line-height: normal; margin: 12.0pt 0cm .0001pt 0cm;\"><span lang=\"ES\" style=\"font-size: 12.0pt; font-family: 'Arial',sans-serif; mso-fareast-font-family: 'Times New Roman'; color: black; mso-fareast-language: EN-US; mso-bidi-font-weight: bold;\">RES N\u00b0 05\/2024: Aceptar <\/span><span lang=\"ES\" style=\"font-size: 12.0pt; font-family: 'Arial',sans-serif; mso-fareast-font-family: 'Times New Roman'; color: black; mso-fareast-language: EN-US;\">el pedido de la concejal Norma Beatriz Castillo, a fin de que se liquide la Dieta de concejal correspondiente desde el 16 de enero del corriente a\u00f1o, atento a que no existe compatibilidad para que la perciba. &#8211;\u00a0<\/span><\/p>\n<p class=\"MsoNormal\" style=\"text-align: justify;\"><span lang=\"ES\" style=\"font-size: 12.0pt; line-height: 115%; font-family: 'Arial',sans-serif;\">RES N\u00b0 15\/2024: Solicitar acuerdo para la designaci\u00f3n de la secretar\u00eda del H.C.D., el concejal \u00c1lvarez solicita la lectura y luego de la misma se pone a consideraci\u00f3n del cuerpo la designaci\u00f3n del cargo de secretaria a la Dra. Priscila Fonseca, lo que fue aprobado un\u00e1nimemente.<\/span><\/p>\n<p class=\"MsoNormal\" style=\"text-align: justify;\"><span lang=\"ES\" style=\"font-size: 12.0pt; line-height: 115%; font-family: 'Arial',sans-serif;\">No habiendo otro tema que tratar la presidente dio por finalizada la sesi\u00f3n del d\u00eda de la fecha.<\/span><\/p>\n<p class=\"MsoNormal\" style=\"text-align: justify;\"><span lang=\"ES\" style=\"font-size: 12.0pt; line-height: 115%; font-family: 'Arial',sans-serif;\"><img loading=\"lazy\" decoding=\"async\" src=\"images\/220224-sesion-6.JPG\" alt=\"\" width=\"929\" height=\"621\" \/><\/span><\/p>\n","protected":false},"excerpt":{"rendered":"<p class=\"MsoNormal\" style=\"text-align: justify;\"><span lang=\"ES\" style=\"font-size: 12.0pt; line-height: 115%; font-family: 'Arial',sans-serif;\"><img loading=\"lazy\" decoding=\"async\" src=\"images\/220224-sesion-8.JPG\" alt=\"\" width=\"925\" height=\"619\" \/><\/span><\/p>\n<p class=\"MsoNormal\" style=\"text-align: justify;\"><span lang=\"ES\" style=\"font-size: 12.0pt; line-height: 115%; font-family: 'Arial',sans-serif;\">Como estaba previsto por convocatoria se realiz\u00f3 el jueves 22 de febrero del corriente la sesi\u00f3n ordinaria, presidida por la presidente del cuerpo Sra. Mariel Naya Yrigoyen y la pro secretaria Cra. Vanesa M\u00fcller quienes dieron inicio a la sesi\u00f3n del d\u00eda de la fecha con la \u00fanica ausencia justificada del concejal Arbelo.<span style=\"mso-spacerun: yes;\">\u00a0 <\/span>El concejal Cerono solicit\u00f3 la palabra, haciendo uso del art\u00edculo 132 del reglamento interno, solicit\u00f3 la incorporaci\u00f3n de un proyecto de declaraci\u00f3n de interbloque al orden del d\u00eda el que fue aprobado. A continuaci\u00f3n, se trat\u00f3 el primer punto referido a la lectura y consideraci\u00f3n de las Actas N\u00b0 1651, 1652, 1653 y 1654, las que omitiendo su lectura fueron aprobadas un\u00e1nimemente.<\/span><\/p>\n","protected":false},"author":1,"featured_media":1647,"comment_status":"open","ping_status":"open","sticky":false,"template":"","format":"standard","meta":{"footnotes":""},"categories":[3],"tags":[],"class_list":["post-1648","post","type-post","status-publish","format-standard","has-post-thumbnail","hentry","category-uncategorised"],"brizy_media":[],"_links":{"self":[{"href":"https:\/\/concejocuruzucuatia.gob.ar\/wp\/wp-json\/wp\/v2\/posts\/1648","targetHints":{"allow":["GET"]}}],"collection":[{"href":"https:\/\/concejocuruzucuatia.gob.ar\/wp\/wp-json\/wp\/v2\/posts"}],"about":[{"href":"https:\/\/concejocuruzucuatia.gob.ar\/wp\/wp-json\/wp\/v2\/types\/post"}],"author":[{"embeddable":true,"href":"https:\/\/concejocuruzucuatia.gob.ar\/wp\/wp-json\/wp\/v2\/users\/1"}],"replies":[{"embeddable":true,"href":"https:\/\/concejocuruzucuatia.gob.ar\/wp\/wp-json\/wp\/v2\/comments?post=1648"}],"version-history":[{"count":0,"href":"https:\/\/concejocuruzucuatia.gob.ar\/wp\/wp-json\/wp\/v2\/posts\/1648\/revisions"}],"wp:featuredmedia":[{"embeddable":true,"href":"https:\/\/concejocuruzucuatia.gob.ar\/wp\/wp-json\/wp\/v2\/media\/1647"}],"wp:attachment":[{"href":"https:\/\/concejocuruzucuatia.gob.ar\/wp\/wp-json\/wp\/v2\/media?parent=1648"}],"wp:term":[{"taxonomy":"category","embeddable":true,"href":"https:\/\/concejocuruzucuatia.gob.ar\/wp\/wp-json\/wp\/v2\/categories?post=1648"},{"taxonomy":"post_tag","embeddable":true,"href":"https:\/\/concejocuruzucuatia.gob.ar\/wp\/wp-json\/wp\/v2\/tags?post=1648"}],"curies":[{"name":"wp","href":"https:\/\/api.w.org\/{rel}","templated":true}]}}