{"id":1641,"date":"2024-02-05T12:04:49","date_gmt":"2024-02-05T12:04:49","guid":{"rendered":"https:\/\/concejocuruzucuatia.gob.ar\/wp\/2024\/02\/05\/el-presidente-del-concejo-deliberante-convoco-a-sesion-preparatoria-2\/"},"modified":"2024-02-05T12:04:49","modified_gmt":"2024-02-05T12:04:49","slug":"el-presidente-del-concejo-deliberante-convoco-a-sesion-preparatoria-2","status":"publish","type":"post","link":"https:\/\/concejocuruzucuatia.gob.ar\/wp\/2024\/02\/05\/el-presidente-del-concejo-deliberante-convoco-a-sesion-preparatoria-2\/","title":{"rendered":"Este 7 de febrero se realizar\u00e1 la sesi\u00f3n preparatoria"},"content":{"rendered":"<p><span lang=\"ES-AR\" style=\"font-size: 12.0pt; line-height: 115%; font-family: 'Arial',sans-serif; mso-ansi-language: ES-AR;\"><img loading=\"lazy\" decoding=\"async\" src=\"images\/HCD-entrada.jpeg\" alt=\"\" width=\"930\" height=\"523\" \/>El concejal Axel Toffoli, a trav\u00e9s de la Resoluci\u00f3n de Presidencia N\u00b0 03\/2024, convoc\u00f3 a los ediles a sesi\u00f3n preparatoria seg\u00fan lo establecido <\/span><span lang=\"ES\" style=\"font-size: 12.0pt; line-height: 115%; font-family: 'Arial',sans-serif;\">por el Art. 39 de la Carta Org\u00e1nica Municipal y el Art. 20 del Reglamento Interno (Ordenanza 1192).<\/span><\/p>\n<p>\u00a0<\/p>\n<p class=\"MsoHeader\" style=\"text-align: justify;\"><span lang=\"ES\" style=\"font-size: 12.0pt; font-family: 'Arial',sans-serif;\">De conformidad a las citadas normas, la sesi\u00f3n preparatoria tiene como fin elegir las autoridades del Concejo Deliberante para el a\u00f1o 2024.<\/span>\u00a0<\/p>\n<p>\u00a0<\/p>\n<p class=\"MsoHeader\" style=\"text-align: justify;\"><span lang=\"ES\" style=\"font-size: 12.0pt; font-family: 'Arial',sans-serif;\">La misma se celebrar\u00e1 el d\u00eda mi\u00e9rcoles 7 de febrero de 2024, a la hora 20 en la Sala de Sesiones del HCD a fin de tratar el siguiente Orden del D\u00eda:<\/span>\u00a0<\/p>\n<p>\u00a0<\/p>\n<p class=\"MsoHeader\" style=\"text-align: justify;\"><span lang=\"ES\" style=\"font-size: 12.0pt; font-family: 'Arial',sans-serif;\">1.- Elecci\u00f3n de presidente del H.C.D.<\/span><\/p>\n<p>\u00a0<\/p>\n<p class=\"MsoHeader\" style=\"text-align: justify;\"><span lang=\"ES\" style=\"font-size: 12.0pt; font-family: 'Arial',sans-serif;\">2.- Elecci\u00f3n de vicepresidente primero del H.C.D.<\/span><\/p>\n<p>\u00a0<\/p>\n<p class=\"MsoHeader\" style=\"text-align: justify;\"><span lang=\"ES\" style=\"font-size: 12.0pt; font-family: 'Arial',sans-serif;\">3.- Elecci\u00f3n de vicepresidente segundo del H.C.D.<\/span><\/p>\n<p>\u00a0<\/p>\n<p>\u00a0<\/p>\n","protected":false},"excerpt":{"rendered":"<p><span lang=\"ES-AR\" style=\"font-size: 12.0pt; line-height: 115%; font-family: 'Arial',sans-serif; mso-ansi-language: ES-AR;\"><img loading=\"lazy\" decoding=\"async\" src=\"images\/HCD-entrada.jpeg\" alt=\"\" width=\"930\" height=\"523\" \/>El concejal Axel Toffoli, a trav\u00e9s de la Resoluci\u00f3n de Presidencia N\u00b0 03\/2024, convoc\u00f3 a los ediles a sesi\u00f3n preparatoria seg\u00fan lo establecido <\/span><span lang=\"ES\" style=\"font-size: 12.0pt; line-height: 115%; font-family: 'Arial',sans-serif;\">por el Art. 39 de la Carta Org\u00e1nica Municipal y el Art. 20 del Reglamento Interno (Ordenanza 1192).<\/span><\/p>\n","protected":false},"author":1,"featured_media":1640,"comment_status":"open","ping_status":"open","sticky":false,"template":"","format":"standard","meta":{"footnotes":""},"categories":[3],"tags":[],"class_list":["post-1641","post","type-post","status-publish","format-standard","has-post-thumbnail","hentry","category-uncategorised"],"brizy_media":[],"_links":{"self":[{"href":"https:\/\/concejocuruzucuatia.gob.ar\/wp\/wp-json\/wp\/v2\/posts\/1641","targetHints":{"allow":["GET"]}}],"collection":[{"href":"https:\/\/concejocuruzucuatia.gob.ar\/wp\/wp-json\/wp\/v2\/posts"}],"about":[{"href":"https:\/\/concejocuruzucuatia.gob.ar\/wp\/wp-json\/wp\/v2\/types\/post"}],"author":[{"embeddable":true,"href":"https:\/\/concejocuruzucuatia.gob.ar\/wp\/wp-json\/wp\/v2\/users\/1"}],"replies":[{"embeddable":true,"href":"https:\/\/concejocuruzucuatia.gob.ar\/wp\/wp-json\/wp\/v2\/comments?post=1641"}],"version-history":[{"count":0,"href":"https:\/\/concejocuruzucuatia.gob.ar\/wp\/wp-json\/wp\/v2\/posts\/1641\/revisions"}],"wp:featuredmedia":[{"embeddable":true,"href":"https:\/\/concejocuruzucuatia.gob.ar\/wp\/wp-json\/wp\/v2\/media\/1640"}],"wp:attachment":[{"href":"https:\/\/concejocuruzucuatia.gob.ar\/wp\/wp-json\/wp\/v2\/media?parent=1641"}],"wp:term":[{"taxonomy":"category","embeddable":true,"href":"https:\/\/concejocuruzucuatia.gob.ar\/wp\/wp-json\/wp\/v2\/categories?post=1641"},{"taxonomy":"post_tag","embeddable":true,"href":"https:\/\/concejocuruzucuatia.gob.ar\/wp\/wp-json\/wp\/v2\/tags?post=1641"}],"curies":[{"name":"wp","href":"https:\/\/api.w.org\/{rel}","templated":true}]}}