{"id":1638,"date":"2023-12-20T14:09:41","date_gmt":"2023-12-20T14:09:41","guid":{"rendered":"https:\/\/concejocuruzucuatia.gob.ar\/wp\/2023\/12\/20\/acto-de-colacion-egresados-cespa-n-2\/"},"modified":"2023-12-20T14:09:41","modified_gmt":"2023-12-20T14:09:41","slug":"acto-de-colacion-egresados-cespa-n-2","status":"publish","type":"post","link":"https:\/\/concejocuruzucuatia.gob.ar\/wp\/2023\/12\/20\/acto-de-colacion-egresados-cespa-n-2\/","title":{"rendered":"Acto de colaci\u00f3n egresados CESPA N\u00b02"},"content":{"rendered":"<p class=\"MsoNormal\"><span lang=\"ES\" style=\"mso-ansi-language: ES;\"><img decoding=\"async\" src=\"images\/cespa-2-3.jpeg\" alt=\"\" \/><\/span><\/p>\n<p class=\"MsoNormal\"><span lang=\"ES\" style=\"mso-ansi-language: ES;\">En la noche del martes 19 de diciembre se realiz\u00f3 la ceremonia acad\u00e9mica en el local de la instituci\u00f3n por calle Irastorza al 600.<\/span><\/p>\n<p class=\"MsoNormal\"><span lang=\"ES\" style=\"mso-ansi-language: ES;\">Esta instituci\u00f3n es ahijada del Honorable Concejo Deliberante y por ello como es de costumbre se hace entrega de la medalla al mejor promedio.<\/span><\/p>\n<p class=\"MsoNormal\"><span lang=\"ES\" style=\"mso-ansi-language: ES;\">Luego de la recepci\u00f3n de las autoridades, presidida por el Director Sergio Filandino, acompa\u00f1ado por el concejal Axel Toffoli, a cargo de la presidencia, los concejales Gabriela Crespi, Natalia Zakegian, Jos\u00edas Cerono, Pedro Gonz\u00e1lez y Ram\u00f3n Tsotson y en representaci\u00f3n del Ejecutivo el secretario de gobierno Juan L\u00f3pez.<\/span><\/p>\n<p class=\"MsoNormal\"><span lang=\"ES\" style=\"mso-ansi-language: ES;\">Prosiguiendo con el acto protocolar y luego de la entrada de las banderas de ceremonias, entonaci\u00f3n del himno nacional y el acto de cambio de banderas, palabras de docentes, alumnos y del director Filandino, se realiz\u00f3 la entrega de la medalla al mejor promedio por parte del Honorable Concejo Deliberante en la persona del presidente Axel Toffoli recayendo en el alumno Barrientos Franco Javier.<\/span><\/p>\n<p class=\"MsoNormal\"><span lang=\"ES\" style=\"mso-ansi-language: ES;\">Seguidamente se entregaron las distinciones a mejores promedios y compa\u00f1eros de cada m\u00f3dulo para luego hacer entrega de los certificados a la promo 2023.<\/span><\/p>\n<p class=\"MsoNormal\"><span lang=\"ES\" style=\"mso-ansi-language: ES;\"><img decoding=\"async\" src=\"images\/cespa-2-1.jpeg\" alt=\"\" \/><img loading=\"lazy\" decoding=\"async\" src=\"images\/cespa-2-2.jpeg\" alt=\"\" width=\"930\" height=\"540\" \/><img decoding=\"async\" src=\"images\/cespa-2-4.jpeg\" alt=\"\" \/><\/span><\/p>\n","protected":false},"excerpt":{"rendered":"<p class=\"MsoNormal\"><span lang=\"ES\" style=\"mso-ansi-language: ES;\"><img decoding=\"async\" src=\"images\/cespa-2-3.jpeg\" alt=\"\" \/><\/span><\/p>\n","protected":false},"author":1,"featured_media":1637,"comment_status":"open","ping_status":"open","sticky":false,"template":"","format":"standard","meta":{"footnotes":""},"categories":[3],"tags":[],"class_list":["post-1638","post","type-post","status-publish","format-standard","has-post-thumbnail","hentry","category-uncategorised"],"brizy_media":[],"_links":{"self":[{"href":"https:\/\/concejocuruzucuatia.gob.ar\/wp\/wp-json\/wp\/v2\/posts\/1638","targetHints":{"allow":["GET"]}}],"collection":[{"href":"https:\/\/concejocuruzucuatia.gob.ar\/wp\/wp-json\/wp\/v2\/posts"}],"about":[{"href":"https:\/\/concejocuruzucuatia.gob.ar\/wp\/wp-json\/wp\/v2\/types\/post"}],"author":[{"embeddable":true,"href":"https:\/\/concejocuruzucuatia.gob.ar\/wp\/wp-json\/wp\/v2\/users\/1"}],"replies":[{"embeddable":true,"href":"https:\/\/concejocuruzucuatia.gob.ar\/wp\/wp-json\/wp\/v2\/comments?post=1638"}],"version-history":[{"count":0,"href":"https:\/\/concejocuruzucuatia.gob.ar\/wp\/wp-json\/wp\/v2\/posts\/1638\/revisions"}],"wp:featuredmedia":[{"embeddable":true,"href":"https:\/\/concejocuruzucuatia.gob.ar\/wp\/wp-json\/wp\/v2\/media\/1637"}],"wp:attachment":[{"href":"https:\/\/concejocuruzucuatia.gob.ar\/wp\/wp-json\/wp\/v2\/media?parent=1638"}],"wp:term":[{"taxonomy":"category","embeddable":true,"href":"https:\/\/concejocuruzucuatia.gob.ar\/wp\/wp-json\/wp\/v2\/categories?post=1638"},{"taxonomy":"post_tag","embeddable":true,"href":"https:\/\/concejocuruzucuatia.gob.ar\/wp\/wp-json\/wp\/v2\/tags?post=1638"}],"curies":[{"name":"wp","href":"https:\/\/api.w.org\/{rel}","templated":true}]}}