{"id":1609,"date":"2023-10-19T00:21:37","date_gmt":"2023-10-19T00:21:37","guid":{"rendered":"https:\/\/concejocuruzucuatia.gob.ar\/wp\/2023\/10\/19\/emotiva-entrega-de-reconocimientos-a-las-hermanas-carmelitas-teresianas\/"},"modified":"2023-10-19T00:21:37","modified_gmt":"2023-10-19T00:21:37","slug":"emotiva-entrega-de-reconocimientos-a-las-hermanas-carmelitas-teresianas","status":"publish","type":"post","link":"https:\/\/concejocuruzucuatia.gob.ar\/wp\/2023\/10\/19\/emotiva-entrega-de-reconocimientos-a-las-hermanas-carmelitas-teresianas\/","title":{"rendered":"Emotiva entrega de reconocimientos a las Hermanas Carmelitas Teresianas"},"content":{"rendered":"<p class=\"MsoNormal\" style=\"text-align: justify; line-height: normal; background: white; margin: 6.0pt 0cm 18.0pt 0cm;\"><img loading=\"lazy\" decoding=\"async\" src=\"images\/181023-hermanas-teresianas-2.JPG\" alt=\"\" width=\"922\" height=\"617\" \/><\/p>\n<p class=\"MsoNormal\" style=\"text-align: justify; line-height: normal; background: white; margin: 6.0pt 0cm 18.0pt 0cm;\"><span lang=\"ES\" style=\"font-size: 12.0pt; font-family: 'Arial',sans-serif; mso-fareast-font-family: 'Times New Roman'; color: #555555; mso-font-kerning: 0pt; mso-ligatures: none; mso-ansi-language: ES; mso-fareast-language: ES-AR;\">Este mi\u00e9rcoles 18 de octubre, pasada las 20hs. la presidente del Honorable Concejo Deliberante Mariel Naya Yrigoyen junto a los concejales Fabiana Ruiz, Rosa M\u00fcller, Gabriela Crespi, Natalia Zakegian y Oscar Arbelo, acompa\u00f1ados por el intendente Jos\u00e9 Irigoyen se hicieron presentes en el Instituto Nuestra Se\u00f1ora del Pilar para hacer entrega de los reconocimientos a las hermanas que fueron declaradas ciudadanas destacadas de la ciudad de Curuz\u00fa Cuati\u00e1 en la \u00faltima sesi\u00f3n del cuerpo deliberativo.<\/span><\/p>\n<p class=\"MsoNormal\" style=\"text-align: justify; line-height: normal; background: white; margin: 6.0pt 0cm 18.0pt 0cm;\"><span lang=\"ES\" style=\"font-size: 12.0pt; font-family: 'Arial',sans-serif; mso-fareast-font-family: 'Times New Roman'; color: #555555; mso-font-kerning: 0pt; mso-ligatures: none; mso-ansi-language: ES; mso-fareast-language: ES-AR;\"><img loading=\"lazy\" decoding=\"async\" src=\"images\/181023-hermanas-teresianas-3.JPG\" alt=\"\" width=\"928\" height=\"621\" \/><\/span><\/p>\n<p class=\"MsoNormal\" style=\"text-align: justify; line-height: normal; background: white; margin: 6.0pt 0cm 18.0pt 0cm;\"><span lang=\"ES\" style=\"font-size: 12.0pt; font-family: 'Arial',sans-serif; mso-fareast-font-family: 'Times New Roman'; color: #555555; mso-font-kerning: 0pt; mso-ligatures: none; mso-ansi-language: ES; mso-fareast-language: ES-AR;\">Junto a las hermanas Blanca Vargas, Alcira Blanco, Amalia Ponce y Ana Mar\u00eda Carvajal, las acompa\u00f1aron la Hermana Teresa Rosas, la Hermana provincial Isabel Obreg\u00f3n y los representantes legales de la instituci\u00f3n Norma Bonnin y Oscar De Sena. La hermana Rosa Peret\u00f3 ya realiz\u00f3 su viaje de traslado.<\/span><\/p>\n<p class=\"MsoNormal\" style=\"text-align: justify; line-height: normal; background: white; margin: 6.0pt 0cm 18.0pt 0cm;\"><span style=\"font-size: 12.0pt; font-family: 'Arial',sans-serif; mso-fareast-font-family: 'Times New Roman'; color: #555555; mso-font-kerning: 0pt; mso-ligatures: none; mso-fareast-language: ES-AR;\">La comunidad Carmelita est\u00e1 presente hace 111 a\u00f1os en esta ciudad por lo cual representa un valor cultural hist\u00f3rico para el pueblo curuzucuate\u00f1o y luego de dar a conocer que las Hnas. Carmelitas Misioneras (CMT) se encuentran viviendo un proceso de reorganizaci\u00f3n, y por tal motivo se ha dispuesto que la comunidad de hermanas que residen en el Colegio \u201cNuestra. Sra. del Pilar\u201d se traslade a otros lugares de la Argentina, se hicieron conocer por parte de la ciudadan\u00eda los mensajes de reconocimiento por lo brindado a la comunidad.<\/span><\/p>\n<p class=\"MsoNormal\" style=\"text-align: justify; line-height: normal; background: white; margin: 6.0pt 0cm 18.0pt 0cm;\"><span style=\"font-size: 12.0pt; font-family: 'Arial',sans-serif; mso-fareast-font-family: 'Times New Roman'; color: #555555; mso-font-kerning: 0pt; mso-ligatures: none; mso-fareast-language: ES-AR;\">Por ello el Honorable Concejo Deliberante aprob\u00f3 en la \u00faltima sesi\u00f3n la ordenanza que declara como ciudadanas destacadas <\/span><span lang=\"ES\" style=\"font-size: 12.0pt; font-family: 'Arial',sans-serif; mso-fareast-font-family: 'Times New Roman'; color: #555555; mso-font-kerning: 0pt; mso-ligatures: none; mso-ansi-language: ES; mso-fareast-language: ES-AR;\">a las Hermanas de la congregaci\u00f3n Carmelitas Misioneras Teresianas.<\/span><\/p>\n<p class=\"MsoNormal\" style=\"text-align: justify; line-height: normal; background: white; margin: 6.0pt 0cm 18.0pt 0cm;\"><span lang=\"ES\" style=\"font-size: 12.0pt; font-family: 'Arial',sans-serif; mso-fareast-font-family: 'Times New Roman'; color: #555555; mso-font-kerning: 0pt; mso-ligatures: none; mso-ansi-language: ES; mso-fareast-language: ES-AR;\"><img loading=\"lazy\" decoding=\"async\" src=\"images\/181023-hermanas-teresianas-1.JPG\" alt=\"\" width=\"922\" height=\"617\" \/><\/span><\/p>\n<p class=\"MsoNormal\" style=\"text-align: justify; line-height: normal; background: white; margin: 6.0pt 0cm 18.0pt 0cm;\"><span lang=\"ES\" style=\"font-size: 12.0pt; font-family: 'Arial',sans-serif; mso-fareast-font-family: 'Times New Roman'; color: #555555; mso-font-kerning: 0pt; mso-ligatures: none; mso-ansi-language: ES; mso-fareast-language: ES-AR;\">EL HONORABLE CONCEJO DELIBERANTE<\/span><\/p>\n<p class=\"MsoNormal\" style=\"text-align: justify; line-height: normal; background: white; margin: 6.0pt 0cm 18.0pt 0cm;\"><span lang=\"ES\" style=\"font-size: 12.0pt; font-family: 'Arial',sans-serif; mso-fareast-font-family: 'Times New Roman'; color: #555555; mso-font-kerning: 0pt; mso-ligatures: none; mso-ansi-language: ES; mso-fareast-language: ES-AR;\">DE CURUZU CUATIA<\/span><\/p>\n<p class=\"MsoNormal\" style=\"text-align: justify; line-height: normal; background: white; margin: 6.0pt 0cm 18.0pt 0cm;\"><span lang=\"ES\" style=\"font-size: 12.0pt; font-family: 'Arial',sans-serif; mso-fareast-font-family: 'Times New Roman'; color: #555555; mso-font-kerning: 0pt; mso-ligatures: none; mso-ansi-language: ES; mso-fareast-language: ES-AR;\">SANCIONA CON FUERZA DE<\/span><\/p>\n<p class=\"MsoNormal\" style=\"text-align: justify; line-height: normal; background: white; margin: 6.0pt 0cm 18.0pt 0cm;\"><span lang=\"ES\" style=\"font-size: 12.0pt; font-family: 'Arial',sans-serif; mso-fareast-font-family: 'Times New Roman'; color: #555555; mso-font-kerning: 0pt; mso-ligatures: none; mso-ansi-language: ES; mso-fareast-language: ES-AR;\">ORDENANZA<\/span><\/p>\n<p class=\"MsoNormal\" style=\"text-align: justify; line-height: normal; background: white; margin: 6.0pt 0cm 18.0pt 0cm;\"><span lang=\"ES\" style=\"font-size: 12.0pt; font-family: 'Arial',sans-serif; mso-fareast-font-family: 'Times New Roman'; color: #555555; mso-font-kerning: 0pt; mso-ligatures: none; mso-ansi-language: ES; mso-fareast-language: ES-AR;\">Art.1.- DECLARAR CIUDADANAS DESTACADAS de la ciudad de Curuz\u00fa Cuati\u00e1 a las Hermanas de la Congregaci\u00f3n Carmelitas Misioneras Teresianas; Rosa Peret\u00f3, Blanca Vargas, Alcira Blanco, Amalia Ponce y Ana Mar\u00eda Carvajal.-<\/span><\/p>\n<p class=\"MsoNormal\" style=\"text-align: justify; line-height: normal; background: white; margin: 6.0pt 0cm 18.0pt 0cm;\"><span lang=\"ES\" style=\"font-size: 12.0pt; font-family: 'Arial',sans-serif; mso-fareast-font-family: 'Times New Roman'; color: #555555; mso-font-kerning: 0pt; mso-ligatures: none; mso-ansi-language: ES; mso-fareast-language: ES-AR;\">Art. 2. &#8211; ENTREGAR una copia de la presente al Instituto Ntra. Sra. Del Pilar de esta ciudad, y cada una de las Hermanas mencionadas en el Art\u00edculo 1&#8243;. &#8211;<\/span><\/p>\n<p class=\"MsoNormal\" style=\"text-align: justify; line-height: normal; background: white; margin: 6.0pt 0cm 18.0pt 0cm;\"><span lang=\"ES\" style=\"font-size: 12.0pt; font-family: 'Arial',sans-serif; mso-fareast-font-family: 'Times New Roman'; color: #555555; mso-font-kerning: 0pt; mso-ligatures: none; mso-ansi-language: ES; mso-fareast-language: ES-AR;\">Art. 3\u00ba.- DE FORMA.<\/span><\/p>\n<p class=\"MsoNormal\" style=\"text-align: justify; line-height: normal; background: white; margin: 6.0pt 0cm 18.0pt 0cm;\"><span style=\"font-size: 12.0pt; font-family: 'Arial',sans-serif; mso-fareast-font-family: 'Times New Roman'; color: #555555; mso-font-kerning: 0pt; mso-ligatures: none; mso-fareast-language: ES-AR;\">La misa de despedida se realizar\u00e1 el d\u00eda 19 de octubre en el colegio Carmelitas a las 19 hs. con la presencia del obispo.<\/span><\/p>\n<p class=\"MsoNormal\" style=\"text-align: justify; line-height: normal; background: white; margin: 6.0pt 0cm 18.0pt 0cm;\"><span style=\"font-size: 12.0pt; font-family: 'Arial',sans-serif; mso-fareast-font-family: 'Times New Roman'; color: #555555; mso-font-kerning: 0pt; mso-ligatures: none; mso-fareast-language: ES-AR;\"><img loading=\"lazy\" decoding=\"async\" src=\"images\/181023-hermanas-teresianas-4.JPG\" alt=\"\" width=\"922\" height=\"617\" \/><\/span><\/p>\n","protected":false},"excerpt":{"rendered":"<p class=\"MsoNormal\" style=\"text-align: justify; line-height: normal; background: white; margin: 6.0pt 0cm 18.0pt 0cm;\"><img loading=\"lazy\" decoding=\"async\" src=\"images\/181023-hermanas-teresianas-2.JPG\" alt=\"\" width=\"922\" height=\"617\" \/><\/p>\n<p class=\"MsoNormal\" style=\"text-align: justify; line-height: normal; background: white; margin: 6.0pt 0cm 18.0pt 0cm;\"><span lang=\"ES\" style=\"font-size: 12.0pt; font-family: 'Arial',sans-serif; mso-fareast-font-family: 'Times New Roman'; color: #555555; mso-font-kerning: 0pt; mso-ligatures: none; mso-ansi-language: ES; mso-fareast-language: ES-AR;\">Este mi\u00e9rcoles 18 de octubre, pasada las 20hs. la presidente del Honorable Concejo Deliberante Mariel Naya Yrigoyen junto a los concejales Fabiana Ruiz, Rosa M\u00fcller, Gabriela Crespi, Natalia Zakegian y Oscar Arbelo, acompa\u00f1ados por el intendente Jos\u00e9 Irigoyen se hicieron presentes en el Instituto Nuestra Se\u00f1ora del Pilar para hacer entrega de los reconocimientos a las hermanas que fueron declaradas ciudadanas destacadas de la ciudad de Curuz\u00fa Cuati\u00e1 en la \u00faltima sesi\u00f3n del cuerpo deliberativo.<\/span><\/p>\n","protected":false},"author":1,"featured_media":1608,"comment_status":"open","ping_status":"open","sticky":false,"template":"","format":"standard","meta":{"footnotes":""},"categories":[3],"tags":[],"class_list":["post-1609","post","type-post","status-publish","format-standard","has-post-thumbnail","hentry","category-uncategorised"],"brizy_media":[],"_links":{"self":[{"href":"https:\/\/concejocuruzucuatia.gob.ar\/wp\/wp-json\/wp\/v2\/posts\/1609","targetHints":{"allow":["GET"]}}],"collection":[{"href":"https:\/\/concejocuruzucuatia.gob.ar\/wp\/wp-json\/wp\/v2\/posts"}],"about":[{"href":"https:\/\/concejocuruzucuatia.gob.ar\/wp\/wp-json\/wp\/v2\/types\/post"}],"author":[{"embeddable":true,"href":"https:\/\/concejocuruzucuatia.gob.ar\/wp\/wp-json\/wp\/v2\/users\/1"}],"replies":[{"embeddable":true,"href":"https:\/\/concejocuruzucuatia.gob.ar\/wp\/wp-json\/wp\/v2\/comments?post=1609"}],"version-history":[{"count":0,"href":"https:\/\/concejocuruzucuatia.gob.ar\/wp\/wp-json\/wp\/v2\/posts\/1609\/revisions"}],"wp:featuredmedia":[{"embeddable":true,"href":"https:\/\/concejocuruzucuatia.gob.ar\/wp\/wp-json\/wp\/v2\/media\/1608"}],"wp:attachment":[{"href":"https:\/\/concejocuruzucuatia.gob.ar\/wp\/wp-json\/wp\/v2\/media?parent=1609"}],"wp:term":[{"taxonomy":"category","embeddable":true,"href":"https:\/\/concejocuruzucuatia.gob.ar\/wp\/wp-json\/wp\/v2\/categories?post=1609"},{"taxonomy":"post_tag","embeddable":true,"href":"https:\/\/concejocuruzucuatia.gob.ar\/wp\/wp-json\/wp\/v2\/tags?post=1609"}],"curies":[{"name":"wp","href":"https:\/\/api.w.org\/{rel}","templated":true}]}}