{"id":1566,"date":"2023-06-16T02:20:01","date_gmt":"2023-06-16T02:20:01","guid":{"rendered":"https:\/\/concejocuruzucuatia.gob.ar\/wp\/2023\/06\/16\/informe-de-prensa-hcd-sesion-15-de-junio-de-2023\/"},"modified":"2023-06-16T02:20:01","modified_gmt":"2023-06-16T02:20:01","slug":"informe-de-prensa-hcd-sesion-15-de-junio-de-2023","status":"publish","type":"post","link":"https:\/\/concejocuruzucuatia.gob.ar\/wp\/2023\/06\/16\/informe-de-prensa-hcd-sesion-15-de-junio-de-2023\/","title":{"rendered":"Informe de Prensa HCD \/ sesi\u00f3n 15 de junio de 2023"},"content":{"rendered":"<p class=\"MsoNormal\" style=\"text-align: justify;\"><img decoding=\"async\" src=\"images\/150623-sesion-5.JPG\" alt=\"\" \/><\/p>\n<p class=\"MsoNormal\" style=\"text-align: justify;\"><span style=\"font-size: 12.0pt; line-height: 115%; font-family: 'Arial','sans-serif';\">Como estaba previsto por convocatoria se realiz\u00f3 el jueves 15 de junio del corriente a las 20.30hs, la sesi\u00f3n ordinaria presidida por la presidente del cuerpo Sra. Mariel Naya Yrigoyen y la secretaria Dra. Carmen Yamila Ben\u00edtez quienes dieron inicio a la sesi\u00f3n con la presencia de la totalidad de los concejales.<\/span><\/p>\n<p class=\"MsoNormal\" style=\"text-align: justify;\"><span style=\"font-size: 12.0pt; line-height: 115%; font-family: 'Arial','sans-serif';\">Puesto a consideraci\u00f3n el orden del d\u00eda fue aprobado un\u00e1nimemente. <\/span><\/p>\n<p class=\"MsoNormal\" style=\"text-align: justify;\"><span style=\"font-size: 12.0pt; line-height: 115%; font-family: 'Arial','sans-serif';\">A continuaci\u00f3n se trat\u00f3 el primer segundo referido a la lectura y consideraci\u00f3n del Acta N\u00b0 1633, la que omitiendo su lectura fue aprobada un\u00e1nimemente.<\/span><\/p>\n<p class=\"MsoNormal\" style=\"text-align: justify;\"><span style=\"font-size: 12.0pt; line-height: 115%; font-family: 'Arial','sans-serif';\">El segundo punto tratado fue el de los despachos, primero de la comisi\u00f3n de<span style=\"mso-spacerun: yes;\">\u00a0 <\/span>gobierno el concejales Santini solicit\u00f3 el pase a archivo de los siguientes expedientes debido a que vencieron su tratamiento o ya fueron ejecutados a saber, el Expte. N\u00b05693\/2022 referido al proyecto de Ordenanza del Frente de Todos- Crear el Consejo Municipal de los adultos mayores; el Expte. N\u00b05705\/2022 sobre el proyecto de Resoluci\u00f3n del Frente de Todos solicitando informe respecto al Convenio de Cesi\u00f3n del cobro del Alumbrado P\u00fablico a la Direcci\u00f3n Provincial de Energ\u00eda de Corrientes; Expte. N\u00b05807\/2023 proyecto de Ordenanza de afectar el espacio ubicado en el sector Sur de la Plazoleta Italia de nuestra ciudad para crear el \u201cPaseo de la Mujer\u201d, el cual llevar\u00e1 el nombre de \u201cElena Bonatti\u201d; Expte. N\u00b05811\/2023 comunicaci\u00f3n del Asesor legal remitiendo Expte. N\u00b03620\/2022, respecto de la solicitud de los vecinos de la calle Alberdi y Expte. N\u00b05818\/2023 nota privada del Grupo por Amor al Arte- Solicitando el traslado del busto de Sargento Cabral. Puesto a consideraci\u00f3n por la presidente se aprob\u00f3 un\u00e1nimemente el pase a archivo.<\/span><\/p>\n<p class=\"MsoNormal\" style=\"text-align: justify;\"><span style=\"font-size: 12.0pt; line-height: 115%; font-family: 'Arial','sans-serif';\">Luego se trato el Expte. N\u00b05830\/2023 sobre la nota de la Directora de Cultura y Turismo solicitando se establezca el 11 de junio como \u201cD\u00eda de los Primeros Pobladores de Nuestra Se\u00f1ora del Pilar de Curuz\u00fa Cuati\u00e1\u201d. El concejal Santini comenta que se debe a la carta enviada por Zambrana al Virrey de Avil\u00e9s en d\u00f3nde cita a las primeras familias asentadas en 1800, y que con esta declaraci\u00f3n resguardamos los valores hist\u00f3ricos. Puesto a consideraci\u00f3n se aprob\u00f3 de manera un\u00e1nime.<\/span><\/p>\n<p class=\"MsoNormal\" style=\"text-align: justify;\"><span style=\"font-size: 12.0pt; line-height: 115%; font-family: 'Arial','sans-serif';\">EL HONORABLE CONCEJO DELIBERANTE <\/span><\/p>\n<p class=\"MsoNormal\" style=\"text-align: justify;\"><span style=\"font-size: 12.0pt; line-height: 115%; font-family: 'Arial','sans-serif';\">DE CURUZU CUATIA <\/span><\/p>\n<p class=\"MsoNormal\" style=\"text-align: justify;\"><span style=\"font-size: 12.0pt; line-height: 115%; font-family: 'Arial','sans-serif';\">DECLARA<\/span><\/p>\n<p class=\"MsoNormal\" style=\"text-align: justify;\"><span style=\"font-size: 12.0pt; line-height: 115%; font-family: 'Arial','sans-serif';\">Art 1\u00b0.- El 11 de junio como \u00abD\u00eda de los primeros pobladores de Nuestra Se\u00f1ora del Pilar de Curuz\u00fa Cuati\u00e1\u00bb. &#8211;<\/span><\/p>\n<p class=\"MsoNormal\" style=\"text-align: justify;\"><span style=\"font-size: 12.0pt; line-height: 115%; font-family: 'Arial','sans-serif';\">Art. 2\u00b0. &#8211; <span style=\"mso-spacerun: yes;\">\u00a0<\/span>DE FORMA. <\/span><\/p>\n<p class=\"MsoNormal\" style=\"text-align: justify;\"><span style=\"font-size: 12.0pt; line-height: 115%; font-family: 'Arial','sans-serif';\">Seguidamente se trat\u00f3 el Expte. N\u00b05835\/2023 referido al proyecto de Ordenanza del D.E.M.- R\u00e9gimen \u201cSistema Municipal de Planificaci\u00f3n\u201d, el concejal Santini expres\u00f3 que se solicita dejar sin efecto el pedido de tratamiento urgente teniendo en cuenta que tiene un vencimiento pr\u00f3ximo para su despacho, y se necesita m\u00e1s tiempo<span style=\"mso-spacerun: yes;\">\u00a0 <\/span>para analizarlo exhaustivamente. Puesto a consideraci\u00f3n se aprob\u00f3 un\u00e1nimemente la siguiente resoluci\u00f3n.<\/span><\/p>\n<p class=\"MsoNormal\" style=\"text-align: justify;\"><span style=\"font-size: 12.0pt; line-height: 115%; font-family: 'Arial','sans-serif';\">EL HONORABLE CONCEJO DELIBERANTE <\/span><\/p>\n<p class=\"MsoNormal\" style=\"text-align: justify;\"><span style=\"font-size: 12.0pt; line-height: 115%; font-family: 'Arial','sans-serif';\">DE CURUZU CUATIA <\/span><\/p>\n<p class=\"MsoNormal\" style=\"text-align: justify;\"><span style=\"font-size: 12.0pt; line-height: 115%; font-family: 'Arial','sans-serif';\">RESUELVE<\/span><\/p>\n<p class=\"MsoNormal\" style=\"text-align: justify;\"><span style=\"font-size: 12.0pt; line-height: 115%; font-family: 'Arial','sans-serif';\">ART.1\u00b0.- DEJAR sin efecto el procedimiento de Urgente Tratamiento del expediente N\u00b0 5835\/2023, de acuerdo a lo establecido por el segundo p\u00e1rrafo del art\u00edculo 56 de la C.O.M.<\/span><\/p>\n<p class=\"MsoNormal\" style=\"text-align: justify;\"><span style=\"font-size: 12.0pt; line-height: 115%; font-family: 'Arial','sans-serif';\">ART.2\u00b0.- DE FORMA.<\/span><\/p>\n<p class=\"MsoNormal\" style=\"text-align: justify;\"><span style=\"font-size: 12.0pt; line-height: 115%; font-family: 'Arial','sans-serif';\">El Expte. N\u00b05859\/2023 que trata la nota privada del Instituto \u201cMas Salud\u201d y \u201cNeuroeduca\u201d solicitando se declare de Inter\u00e9s Municipal la \u201cNeuro-Experiencia las Flores 2023\u201d que se realizar\u00e1 el 30 de septiembre en la sociedad rural de nuestra ciudad, la importancia de este encuentro que acerca nuevas experiencias y conocimientos en el que trata diferentes patolog\u00edas, beneficia a los asistentes de toda la zona expres\u00f3 Santini, quien solicit\u00f3 el acompa\u00f1amiento de los concejales para su aprobaci\u00f3n, la que fue un\u00e1nime.<\/span><\/p>\n<p class=\"MsoNormal\" style=\"text-align: justify;\"><span style=\"font-size: 12.0pt; line-height: 115%; font-family: 'Arial','sans-serif';\">EL HONORABLE CONCEJO DELIBERANTE<\/span><\/p>\n<p class=\"MsoNormal\" style=\"text-align: justify;\"><span style=\"font-size: 12.0pt; line-height: 115%; font-family: 'Arial','sans-serif';\">DECURUZU CUATIA <\/span><\/p>\n<p class=\"MsoNormal\" style=\"text-align: justify;\"><span style=\"font-size: 12.0pt; line-height: 115%; font-family: 'Arial','sans-serif';\">DECLARA<\/span><\/p>\n<p class=\"MsoNormal\" style=\"text-align: justify;\"><span style=\"font-size: 12.0pt; line-height: 115%; font-family: 'Arial','sans-serif';\">Art. 1\u00b0.- DE INTERES MUNICIPAL la \u00abNeuro- Experiencia Las Flores 2023\u00bb, la cual tendr\u00e1 lugar el d\u00eda s\u00e1bado 30 de septiembre del corriente a\u00f1o, en el Sal\u00f3n del Predio Ferial de la Sociedad Rural de Curuz\u00fa Cuati\u00e1.-<\/span><\/p>\n<p class=\"MsoNormal\" style=\"text-align: justify;\"><span style=\"font-size: 12.0pt; line-height: 115%; font-family: 'Arial','sans-serif';\">Art. 2\u00b0. &#8211; ENVIAR copia de la presente a los organizadores.-<\/span><\/p>\n<p class=\"MsoNormal\" style=\"text-align: justify;\"><span style=\"font-size: 12.0pt; line-height: 115%; font-family: 'Arial','sans-serif';\">Art. 3\u00b0. \u2013 DE FORMA.<\/span><\/p>\n<p class=\"MsoNormal\" style=\"text-align: justify;\"><span style=\"font-size: 12.0pt; line-height: 115%; font-family: 'Arial','sans-serif';\"><img decoding=\"async\" src=\"images\/150623-sesion-2.JPG\" alt=\"\" \/><\/span><\/p>\n<p class=\"MsoNormal\" style=\"text-align: justify;\"><span style=\"font-size: 12.0pt; line-height: 115%; font-family: 'Arial','sans-serif';\">Luego se trat\u00f3 el despacho de la comisi\u00f3n de Gobierno y Obras el Expte. N\u00b05859\/2023 sobre la nota privada de la Sra. Teresita Parodi de Basualdo solicitando se traslade la parada de pasajeros que se encuentra por calle Gobernador G\u00f3mez al 583. El concejal Santini solicito el pase a archivo debido a que el transporte urbano cambi\u00f3 de recorrido y no utiliza esa arteria, puesto a consideraci\u00f3n se aprob\u00f3 un\u00e1nimemente.<\/span><\/p>\n<p class=\"MsoNormal\" style=\"text-align: justify;\"><span style=\"font-size: 12.0pt; line-height: 115%; font-family: 'Arial','sans-serif';\">De la comisi\u00f3n de gobierno y medio ambiente el Expte. N\u00b05852\/2023 sobre el proyecto de Ordenanza de Interbloque de Regulaci\u00f3n de la Actividad de Recuperadores Urbanos de Residuos S\u00f3lidos Urbanos (RUS). El concejal Rubin explic\u00f3 que de este despacho participaron todos los concejales, vecinos e interesados para regularizar esta actividad y con esta ordenanza se pasa a una etapa superior y se le da inclusi\u00f3n<span style=\"mso-spacerun: yes;\">\u00a0 <\/span>social. Luego de un breve debate se puedo a consideraci\u00f3n y se aprob\u00f3 como ordenanza un\u00e1nimemente.<\/span><\/p>\n<p class=\"MsoNormal\" style=\"text-align: justify;\"><span style=\"font-size: 12.0pt; line-height: 115%; font-family: 'Arial','sans-serif';\">EL HONORABLE CONCEJO DELIBERANTE<\/span><\/p>\n<p class=\"MsoNormal\" style=\"text-align: justify;\"><span style=\"font-size: 12.0pt; line-height: 115%; font-family: 'Arial','sans-serif';\">DE CURUZU CUATIA <\/span><\/p>\n<p class=\"MsoNormal\" style=\"text-align: justify;\"><span style=\"font-size: 12.0pt; line-height: 115%; font-family: 'Arial','sans-serif';\">SANCIONA CON FUERZA DE <\/span><\/p>\n<p class=\"MsoNormal\" style=\"text-align: justify;\"><span style=\"font-size: 12.0pt; line-height: 115%; font-family: 'Arial','sans-serif';\">ORDENANZA<\/span><\/p>\n<p class=\"MsoNormal\" style=\"text-align: justify;\"><span style=\"font-size: 12.0pt; line-height: 115%; font-family: 'Arial','sans-serif';\">AP\u00cdTULO I &#8211; De los Recuperadores Urbanos y la Gesti\u00f3n Integral e Inclusiva<span style=\"mso-spacerun: yes;\">\u00a0 <\/span>de Residuos S\u00f3lidos Urbanos.<\/span><\/p>\n<p class=\"MsoNormal\" style=\"text-align: justify;\"><span style=\"font-size: 12.0pt; line-height: 115%; font-family: 'Arial','sans-serif';\">Art. 1\u00b0. &#8211; Declarase como Servicio Esencial a los Recuperadores Urbanos (RU) que tendr\u00e1n por objeto la gesti\u00f3n integral e inclusiva de los residuos s\u00f3lidos urbanos reciclables fracci\u00f3n seca del Plan Municipal de Residuos S\u00f3lidos (PLAMARES) mediante el Sistema Local de Reciclado (SLR) determinado en la presente Ordenanza.<\/span><\/p>\n<p class=\"MsoNormal\" style=\"text-align: justify;\"><span style=\"font-size: 12.0pt; line-height: 115%; font-family: 'Arial','sans-serif';\">Art. 2\u00b0.- La Gesti\u00f3n Integral e Inclusiva de los RSU supone el aprovechamiento 1 econ\u00f3mico de los residuos s\u00f3lidos urbanos en general, y en particular de la fracci\u00f3n seca tendiendo a la generaci\u00f3n de empleo en condiciones \u00f3ptimas de salubridad atendiendo especialmente la situaci\u00f3n de los trabajadores informales denominados Recuperadores Urbanos en cumplimiento de los principios establecidos en la Ley Nacional N\u00b0 25.916 y la Ordenanza No 3168.<\/span><\/p>\n<p class=\"MsoNormal\" style=\"text-align: justify;\"><span style=\"font-size: 12.0pt; line-height: 115%; font-family: 'Arial','sans-serif';\">Art. 3\u00b0. &#8211; Se entiende por Residuos S\u00f3lidos Urbanos reciclable fracci\u00f3n seca a los materiales tales como: papel, cart\u00f3n, pl\u00e1stico, vidrio, metal, y todo otro material pasible de ser reciclado, rehusado y revalorizado excluyendo los Residuos Especiales y los Residuos Patog\u00e9nicos conforme con la legislaci\u00f3n vigente en la materia, y promoviendo.<\/span><\/p>\n<p class=\"MsoNormal\" style=\"text-align: justify;\"><span style=\"font-size: 12.0pt; line-height: 115%; font-family: 'Arial','sans-serif';\">Se entiende por Residuos S\u00f3lidos Urbanos Reciclable fracci\u00f3n h\u00fameda reciclable a los residuos org\u00e1nicos domiciliarios y residuos de poda susceptibles de ser reciclados.<\/span><\/p>\n<p class=\"MsoNormal\" style=\"text-align: justify;\"><span style=\"font-size: 12.0pt; line-height: 115%; font-family: 'Arial','sans-serif';\">Art 4\u00b0.- El Sistema Local de Reciclado (SLR) estar\u00e1 a cargo de los Recuperadores Urbanos y las cooperativas conformadas, que lo prestar\u00e1n en forma concurrente y coordinada con la Municipalidad de Curuz\u00fa Cuati\u00e1, de acuerdo a la presente, las reglamentaciones y los convenios respectivos.<\/span><\/p>\n<p class=\"MsoNormal\" style=\"text-align: justify;\"><span style=\"font-size: 12.0pt; line-height: 115%; font-family: 'Arial','sans-serif';\">Art. 5\u00b0. &#8211; El Sistema Local de Reciclado (SLR) de los residuos fracci\u00f3n seca deber\u00e1 efectuarse cumpliendo con los siguientes objetivos:<\/span><\/p>\n<p class=\"MsoNormal\" style=\"text-align: justify;\"><span style=\"font-size: 12.0pt; line-height: 115%; font-family: 'Arial','sans-serif';\">a. Concebir una Gesti\u00f3n Integral e Inclusiva de los Residuos Urbanos, que permita la recuperaci\u00f3n de materiales reciclables y reutilizables en concordancia con los principios establecidos en la Ley N\u00b0 25.916 y la Ordenanza No 3168.<\/span><\/p>\n<p class=\"MsoNormal\" style=\"text-align: justify;\"><span style=\"font-size: 12.0pt; line-height: 115%; font-family: 'Arial','sans-serif';\">b. Priorizar la asignaci\u00f3n de zonas de trabajo de los Recuperadores Urbanos -RU- considerando la preexistencia tanto de los RU como de la\/s cooperativa\/s de trabajo.<\/span><\/p>\n<p class=\"MsoNormal\" style=\"text-align: justify;\"><span style=\"font-size: 12.0pt; line-height: 115%; font-family: 'Arial','sans-serif';\">c. Reconocer e incluir en las pol\u00edticas p\u00fablicas a los Recuperadores Urbanos -RU- independientes que se encuentren desarrollando la tarea por cuenta propia.<\/span><\/p>\n<p class=\"MsoNormal\" style=\"text-align: justify;\"><span style=\"font-size: 12.0pt; line-height: 115%; font-family: 'Arial','sans-serif';\">d. Dise\u00f1ar un Programa Municipal de separaci\u00f3n Domiciliaria de Residuos Secos.<\/span><\/p>\n<p class=\"MsoNormal\" style=\"text-align: justify;\"><span style=\"font-size: 12.0pt; line-height: 115%; font-family: 'Arial','sans-serif';\">e. Ejecuci\u00f3n de pol\u00edticas p\u00fablicas de prevengan del trabajo insalubre e infantil.<\/span><\/p>\n<p class=\"MsoNormal\" style=\"text-align: justify;\"><span style=\"font-size: 12.0pt; line-height: 115%; font-family: 'Arial','sans-serif';\">f. Promover la creaci\u00f3n de Nodos de Cuidado como espacios para la contenci\u00f3n de los hijos de los Recuperadores Urbanos, en los horarios que los RU desempe\u00f1an su trabajo, comedores comunitarios, salud, educaci\u00f3n.<\/span><\/p>\n<p class=\"MsoNormal\" style=\"text-align: justify;\"><span style=\"font-size: 12.0pt; line-height: 115%; font-family: 'Arial','sans-serif';\">g. Cumplir con el principio \u00abde Responsabilidad del Causante&#8217;, por el cual toda persona f\u00edsica o jur\u00eddica que produce detenta o gestiona un residuo, est\u00e1 obligada a asegurar o hacer asegurar su eliminaci\u00f3n conforme a las disposiciones vigentes.<\/span><\/p>\n<p class=\"MsoNormal\" style=\"text-align: justify;\"><span style=\"font-size: 12.0pt; line-height: 115%; font-family: 'Arial','sans-serif';\">h. Realizar una campa\u00f1a permanente de comunicaci\u00f3n, educaci\u00f3n sobre los beneficios ecol\u00f3gicos, econ\u00f3micos y sociales de la separaci\u00f3n en origen. La campa\u00f1a comprender\u00e1 las siguientes instancias:<\/span><\/p>\n<p class=\"MsoNormal\" style=\"text-align: justify;\"><span style=\"font-size: 12.0pt; line-height: 115%; font-family: 'Arial','sans-serif';\">1. Campa\u00f1a de difusi\u00f3n masiva de la separaci\u00f3n en origen<\/span><\/p>\n<p class=\"MsoNormal\" style=\"text-align: justify;\"><span style=\"font-size: 12.0pt; line-height: 115%; font-family: 'Arial','sans-serif';\">2. Campa\u00f1as de promoci\u00f3n ambiental barrial<\/span><\/p>\n<p class=\"MsoNormal\" style=\"text-align: justify;\"><span style=\"font-size: 12.0pt; line-height: 115%; font-family: 'Arial','sans-serif';\">3. Talleres de capacitaci\u00f3n implementados por Cooperativas de Recuperadores Urbanos u otras instituciones competentes.<\/span><\/p>\n<p class=\"MsoNormal\" style=\"text-align: justify;\"><span style=\"font-size: 12.0pt; line-height: 115%; font-family: 'Arial','sans-serif';\">4. Ofrecer material y capacitaciones para fortalecer la educaci\u00f3n ambiental con contenidos de Minimizaci\u00f3n, Recuperaci\u00f3n, Reciclado y Compostaje.<\/span><\/p>\n<p class=\"MsoNormal\" style=\"text-align: justify;\"><span style=\"font-size: 12.0pt; line-height: 115%; font-family: 'Arial','sans-serif';\">Art.6\u00b0.- El Departamento Ejecutivo Municipal establecer\u00e1 que \u00e1rea o funcionario ser\u00e1 la Autoridad de Aplicaci\u00f3n de la presente, teniendo las siguientes obligaciones y facultades, a saber:<\/span><\/p>\n<p class=\"MsoNormal\" style=\"text-align: justify;\"><span style=\"font-size: 12.0pt; line-height: 115%; font-family: 'Arial','sans-serif';\">a. Deber\u00e1 instrumentar todos los medios necesarios para el funcionamiento del SLR, su operatividad y mejoramiento continuo.<\/span><\/p>\n<p class=\"MsoNormal\" style=\"text-align: justify;\"><span style=\"font-size: 12.0pt; line-height: 115%; font-family: 'Arial','sans-serif';\">b. Tendr\u00e1 a su cargo el control y seguimiento del SLR municipal.<\/span><\/p>\n<p class=\"MsoNormal\" style=\"text-align: justify;\"><span style=\"font-size: 12.0pt; line-height: 115%; font-family: 'Arial','sans-serif';\">c. Planificar\u00e1 y fijar\u00e1 objetivos de corto, mediano y largo plazo, debiendo conformar un cronograma de Gesti\u00f3n Integral e Inclusiva de Residuos S\u00f3lidos Urbanos para la concreci\u00f3n de las distintas etapas.<\/span><\/p>\n<p class=\"MsoNormal\" style=\"text-align: justify;\"><span style=\"font-size: 12.0pt; line-height: 115%; font-family: 'Arial','sans-serif';\">d. Instrumentar\u00e1 los mecanismos necesarios para estimular y generar incentivos ciudadanos para obtener los mejores resultados.<\/span><\/p>\n<p class=\"MsoNormal\" style=\"text-align: justify;\"><span style=\"font-size: 12.0pt; line-height: 115%; font-family: 'Arial','sans-serif';\">e. Presentar\u00e1 ante el Concejo Deliberante, informes semestrales sobre estad\u00edsticas referidas al funcionamiento del S.L.R. debiendo especificar la cantidad de residuos s\u00f3lidos urbanos depositados en predios de disposici\u00f3n final y aquellos reciclados.<\/span><\/p>\n<p class=\"MsoNormal\" style=\"text-align: justify;\"><span style=\"font-size: 12.0pt; line-height: 115%; font-family: 'Arial','sans-serif';\">f. Realizar\u00e1 y actualizar\u00e1 el Censo y el Registro \u00fanico de Recuperadores Urbanos y Registro de Grandes Generadores<\/span><\/p>\n<p class=\"MsoNormal\" style=\"text-align: justify;\"><span style=\"font-size: 12.0pt; line-height: 115%; font-family: 'Arial','sans-serif';\">g. Coordinar\u00e1 las acciones con los RU y las Cooperativas.<\/span><\/p>\n<p class=\"MsoNormal\" style=\"text-align: justify;\"><span style=\"font-size: 12.0pt; line-height: 115%; font-family: 'Arial','sans-serif';\">h. Seguimiento y asistencia t\u00e9cnica del cumplimiento de las condiciones de uso y preservaci\u00f3n de los Nodos<\/span><\/p>\n<p class=\"MsoNormal\" style=\"text-align: justify;\"><span style=\"font-size: 12.0pt; line-height: 115%; font-family: 'Arial','sans-serif';\">i. Proposici\u00f3n de cursos de formaci\u00f3n, capacitaci\u00f3n y talleres para las cooperativas que son parte del programa;<\/span><\/p>\n<p class=\"MsoNormal\" style=\"text-align: justify;\"><span style=\"font-size: 12.0pt; line-height: 115%; font-family: 'Arial','sans-serif';\">j. Planificaci\u00f3n y dise\u00f1o de campa\u00f1as de separaci\u00f3n de residuos vinculadas al presente sistema.<\/span><\/p>\n<p class=\"MsoNormal\" style=\"text-align: justify;\"><span style=\"font-size: 12.0pt; line-height: 115%; font-family: 'Arial','sans-serif';\">k. Supervisi\u00f3n de rutas de recolecci\u00f3n domiciliarias y de grandes generadores del Municipio.<\/span><\/p>\n<p class=\"MsoNormal\" style=\"text-align: justify;\"><span style=\"font-size: 12.0pt; line-height: 115%; font-family: 'Arial','sans-serif';\">I. Gesti\u00f3n de est\u00edmulos econ\u00f3micos.<\/span><\/p>\n<p class=\"MsoNormal\" style=\"text-align: justify;\"><span style=\"font-size: 12.0pt; line-height: 115%; font-family: 'Arial','sans-serif';\"><img decoding=\"async\" src=\"images\/150623-sesion-3.JPG\" alt=\"\" \/><\/span><\/p>\n<p class=\"MsoNormal\" style=\"text-align: justify;\"><span style=\"font-size: 12.0pt; line-height: 115%; font-family: 'Arial','sans-serif';\">CAPITULO II &#8211; Del Censo y Registro de los Recuperadores Urbanos.<\/span><\/p>\n<p class=\"MsoNormal\" style=\"text-align: justify;\"><span style=\"font-size: 12.0pt; line-height: 115%; font-family: 'Arial','sans-serif';\">Art. 7\u00b0. &#8211; Real\u00edcese el Censo de Cartoneros. Carreros. Recuperadores y\/o Recicladores Urbanos en el Municipio a fin de determinar un diagn\u00f3stico inicial de la situaci\u00f3n socio econ\u00f3mica del sector de recuperadores urbanos propios del Municipio.<\/span><\/p>\n<p class=\"MsoNormal\" style=\"text-align: justify;\"><span style=\"font-size: 12.0pt; line-height: 115%; font-family: 'Arial','sans-serif';\">Art. 8\u00b0.- Cr\u00e9ase el Registro \u00danico de Cartoneros. Carreros, Recuperadores y\/o Recicladores Urbanos, as\u00ed como de Cooperativas de Recuperadores Urbanos del Municipio, que ser\u00e1 de inscripci\u00f3n obligatoria para los que pretendan ejercer la actividad. El Registro deber\u00e1 contar con la siguiente informaci\u00f3n m\u00ednima:<\/span><\/p>\n<p class=\"MsoNormal\" style=\"text-align: justify;\"><span style=\"font-size: 12.0pt; line-height: 115%; font-family: 'Arial','sans-serif';\">\u2022 Datos personales y de n\u00facleo familiar, en el caso de las cooperativas n\u00famero de Inscripci\u00f3n en el INAES comisi\u00f3n directiva y dem\u00e1s documentaci\u00f3n legal.<\/span><\/p>\n<p class=\"MsoNormal\" style=\"text-align: justify;\"><span style=\"font-size: 12.0pt; line-height: 115%; font-family: 'Arial','sans-serif';\">Situaci\u00f3n escolar, de salud y habitacional.<\/span><\/p>\n<p class=\"MsoNormal\" style=\"text-align: justify;\"><span style=\"font-size: 12.0pt; line-height: 115%; font-family: 'Arial','sans-serif';\">Informaci\u00f3n sobre el material recolectado: tipo, frecuencia y horario en el que desarrolla actividad.<\/span><\/p>\n<p class=\"MsoNormal\" style=\"text-align: justify;\"><span style=\"font-size: 12.0pt; line-height: 115%; font-family: 'Arial','sans-serif';\">Oficios y capacidades laborales del n\u00facleo familiar Cooperativa de reciclaje a la que pertenece.<\/span><\/p>\n<p class=\"MsoNormal\" style=\"text-align: justify;\"><span style=\"font-size: 12.0pt; line-height: 115%; font-family: 'Arial','sans-serif';\">Art. 9\u00b0. &#8211; El \u00e1rea de Ambiente del D.E.M. ser\u00e1 la encargada de la confecci\u00f3n del Registro y tendr\u00e1 a su cargo:<\/span><\/p>\n<p class=\"MsoNormal\" style=\"text-align: justify;\"><span style=\"font-size: 12.0pt; line-height: 115%; font-family: 'Arial','sans-serif';\">a. Confeccionar el Registro mencionado en el Articulo 8\u00b0, actualizarlo anualmente para lo cual se relevar\u00e1 a todos los Cartoneros, Carreros, Recuperadores y\/o Recicladores Urbanos, y las cooperativas conformadas por ellos, que realizan su actividad en el Municipio.<\/span><\/p>\n<p class=\"MsoNormal\" style=\"text-align: justify;\"><span style=\"font-size: 12.0pt; line-height: 115%; font-family: 'Arial','sans-serif';\">b. Efectuar intimaciones, inspecciones, requerimientos a los inscriptos para garantizar el cumplimiento de la normativa vigente y eventualmente ante incumplimientos graves, previa sustanciaron, excluirlos del Registro.<\/span><\/p>\n<p class=\"MsoNormal\" style=\"text-align: justify;\"><span style=\"font-size: 12.0pt; line-height: 115%; font-family: 'Arial','sans-serif';\">c. Determinar progresivamente zonas de actividad y acopio, a los diferentes grupos y\/o cooperativas para las tareas de recuperaci\u00f3n y reciclado teniendo en cuenta la pre existencia de su actividad.<\/span><\/p>\n<p class=\"MsoNormal\" style=\"text-align: justify;\"><span style=\"font-size: 12.0pt; line-height: 115%; font-family: 'Arial','sans-serif';\">d. Realizar las acciones necesarias para que la actividad de los Cartoneros, Carreros, Recuperadores y\/o Recicladores Urbanos en el Municipio se realice observando criterios de salubridad e higiene urbana, seguridad urbana y cuidado del ambiente.<\/span><\/p>\n<p class=\"MsoNormal\" style=\"text-align: justify;\"><span style=\"font-size: 12.0pt; line-height: 115%; font-family: 'Arial','sans-serif';\">e. Proveer a los inscriptos una credencial y libreta sanitaria para ser utilizada durante el desarrollo de su actividad, promoviendo que tengan vestimenta de trabajo y elementos de protecci\u00f3n personal. Se tender\u00e1 al equipamiento necesario para equiparar la recolecci\u00f3n al sistema de higiene urbana.<\/span><\/p>\n<p class=\"MsoNormal\" style=\"text-align: justify;\"><span style=\"font-size: 12.0pt; line-height: 115%; font-family: 'Arial','sans-serif';\">f. Brindar la vacunaci\u00f3n y el tratamiento de salud preventiva adecuada a la actividad que desempe\u00f1a.<\/span><\/p>\n<p class=\"MsoNormal\" style=\"text-align: justify;\"><span style=\"font-size: 12.0pt; line-height: 115%; font-family: 'Arial','sans-serif';\">Art.10\u00b0.- Se proceder\u00e1 a incorporar a las Cooperativas de RU debidamente inscriptas al registro, a la recolecci\u00f3n diferenciada en el servicio de residuos vigente, en el modo y las condiciones que lo fije la autoridad de aplicaci\u00f3n.<\/span><\/p>\n<p class=\"MsoNormal\" style=\"text-align: justify;\"><span style=\"font-size: 12.0pt; line-height: 115%; font-family: 'Arial','sans-serif';\">Art.11\u00b0.- Los Recuperadores Urbanos inscriptos se encuentran habilitados para recolectar las bolsas con residuos reciclables y todo otro material reciclable que haya sido descartado y que se encuentre depositado en la v\u00eda p\u00fablica del territorio Municipal.<\/span><\/p>\n<p class=\"MsoNormal\" style=\"text-align: justify;\"><span style=\"font-size: 12.0pt; line-height: 115%; font-family: 'Arial','sans-serif';\">Art.12\u00b0.- Los Recuperadores Urbanos cooperativizados inscriptos en el Registro municipal se encuentran habilitados para ejercer su trabajo en todo el \u00e1mbito del Municipio, otorg\u00e1ndose prioridad de trabajo en determinadas \u00e1reas a las personas f\u00edsicas y cooperativas que tengan preexistencia en la tarea y que incorporen mayor n\u00famero de recuperadores urbanos informales.<\/span><\/p>\n<p class=\"MsoNormal\" style=\"text-align: justify;\"><span style=\"font-size: 12.0pt; line-height: 115%; font-family: 'Arial','sans-serif';\">Art.13\u00b0.- Los Recuperadores Urbanos cooperativizados deben declarar, para su aprobaci\u00f3n, ante la Autoridad de Aplicaci\u00f3n el recorrido y\/o zona de desarrollo de su actividad en la v\u00eda p\u00fablica, oblig\u00e1ndose a respetar dicho \u00e1mbito territorial, evitando cualquier tipo de superposici\u00f3n o conflictos con otros RU.<\/span><\/p>\n<p class=\"MsoNormal\" style=\"text-align: justify;\"><span style=\"font-size: 12.0pt; line-height: 115%; font-family: 'Arial','sans-serif';\">Art. 14\u00b0.- La Autoridad de Aplicaci\u00f3n implementar\u00e1 programas de capacitaci\u00f3n destinados a todos los inscriptos en el Registro de RU, con el objeto de proteger la salud, la higiene y la seguridad laboral durante el ejercicio de la actividad, como as\u00ed tambi\u00e9n, promocionar una adecuada planificaci\u00f3n de la actividad, evitando que el desarrollo de la misma redunde en menoscabo de la limpieza e higiene del Municipio. Los programas deber\u00e1n dise\u00f1arse teniendo como ejes, adem\u00e1s, los siguientes puntos:<\/span><\/p>\n<p class=\"MsoNormal\" style=\"text-align: justify;\"><span style=\"font-size: 12.0pt; line-height: 115%; font-family: 'Arial','sans-serif';\">a. Capacitaci\u00f3n en mantenimiento integral de equipos y maquinaria de los Nodos.<\/span><\/p>\n<p class=\"MsoNormal\" style=\"text-align: justify;\"><span style=\"font-size: 12.0pt; line-height: 115%; font-family: 'Arial','sans-serif';\">b. Formaci\u00f3n en buenas pr\u00e1cticas de uso de quipos y maquinarias de los Nodos.<\/span><\/p>\n<p class=\"MsoNormal\" style=\"text-align: justify;\"><span style=\"font-size: 12.0pt; line-height: 115%; font-family: 'Arial','sans-serif';\">c. Capacitaci\u00f3n en oficios, formaci\u00f3n profesional y comercializaci\u00f3n.<\/span><\/p>\n<p class=\"MsoNormal\" style=\"text-align: justify;\"><span style=\"font-size: 12.0pt; line-height: 115%; font-family: 'Arial','sans-serif';\">d. Programa de salud espec\u00edfico para los inscriptos y su grupo familiar.<\/span><\/p>\n<p class=\"MsoNormal\" style=\"text-align: justify;\"><span style=\"font-size: 12.0pt; line-height: 115%; font-family: 'Arial','sans-serif';\">e. Programas de Educaci\u00f3n Ambiental.<\/span><\/p>\n<p class=\"MsoNormal\" style=\"text-align: justify;\"><span style=\"font-size: 12.0pt; line-height: 115%; font-family: 'Arial','sans-serif';\">Art.15\u00b0.- Los Recuperadores Urbanos y las cooperativas registradas podr\u00e1n contar con la prioridad e inclusi\u00f3n en el proceso de recolecci\u00f3n y transporte de los residuos s\u00f3lidos urbanos generados por los Grandes y Medianos Generadores. Los mismos deber\u00e1n adecuar su actividad a los requisitos que establezca la reglamentaci\u00f3n de la presente ordenanza.<\/span><\/p>\n<p class=\"MsoNormal\" style=\"text-align: justify;\"><span style=\"font-size: 12.0pt; line-height: 115%; font-family: 'Arial','sans-serif';\">Art.16\u00b0.- La Municipalidad de Curuz\u00fa Cuati\u00e1 en ning\u00fan caso tendr\u00e1 responsabilidad civil, laboral, administrativa ni de ning\u00fan tipo; por eventuales perjuicios que se deriven de la actividad de los Recuperadores urbanos en forma individual o por las Cooperativas, atento a que carecen de relaci\u00f3n laboral ni contractual alguna con la Comuna<\/span><\/p>\n<p class=\"MsoNormal\" style=\"text-align: justify;\"><span style=\"font-size: 12.0pt; line-height: 115%; font-family: 'Arial','sans-serif';\">Art.17\u00b0.- El D.E.M. deber\u00e1 implementar la presente en el plazo m\u00e1ximo de 90 d\u00edas corridos, incluso su reglamentaci\u00f3n en caso necesario.<\/span><\/p>\n<p class=\"MsoNormal\" style=\"text-align: justify;\"><span style=\"font-size: 12.0pt; line-height: 115%; font-family: 'Arial','sans-serif';\">Art. 18\u00b0.- DE FORMA.<\/span><\/p>\n<p class=\"MsoNormal\" style=\"text-align: justify;\"><span style=\"font-size: 12.0pt; line-height: 115%; font-family: 'Arial','sans-serif';\"><img decoding=\"async\" src=\"images\/150623-sesion-1.JPG\" alt=\"\" \/><\/span><\/p>\n<p class=\"MsoNormal\" style=\"text-align: justify;\"><span style=\"font-size: 12.0pt; line-height: 115%; font-family: 'Arial','sans-serif';\">De la comisi\u00f3n de presupuesto el Expte. N\u00b05857\/2023 sobre la nota de la Directora del CDI \u201cSemillitas\u201d, Lic. Mart\u00ednez Noem\u00ed solicitando ayuda econ\u00f3mica para la compra de juegos, la concejal Muller solicit\u00f3 el pase a archivo debido a que fue tramitado por presidencia lo que puesto a consideraci\u00f3n se aprob\u00f3 de manera un\u00e1nime.<\/span><\/p>\n<p class=\"MsoNormal\" style=\"text-align: justify;\"><span style=\"font-size: 12.0pt; line-height: 115%; font-family: 'Arial','sans-serif';\">El tercer punto tratado fue el de proyectos ingresados de Ordenanza del Bloque Conservador Popular de Crear el programa \u201cPeatonal Curuzucuate\u00f1a\u201d, pas\u00f3 a comisiones de gobierno y Producci\u00f3n.<\/span><\/p>\n<p class=\"MsoNormal\" style=\"text-align: justify;\"><span style=\"font-size: 12.0pt; line-height: 115%; font-family: 'Arial','sans-serif';\">De interbloque de afectar como espacio verde el inmueble de propiedad municipal ubicado en el barrio Juan Pedro Sorribes y el del \u201cBanco Municipal de Tierras\u201d, ambos pasaron a gobierno.<\/span><\/p>\n<p class=\"MsoNormal\" style=\"text-align: justify;\"><span style=\"font-size: 12.0pt; line-height: 115%; font-family: 'Arial','sans-serif';\">El cuarto punto tratado fue el de comunicaciones oficiales del D.E.M, los Boletines Municipales 3.454; 3.455 y 3.456 quedaron a disposici\u00f3n.<\/span><\/p>\n<p class=\"MsoNormal\" style=\"text-align: justify;\"><span style=\"font-size: 12.0pt; line-height: 115%; font-family: 'Arial','sans-serif';\">De Presidencia del HCD remitiendo a la oficina de archivo documentaci\u00f3n correspondiente a al primer y segundo trimestre del a\u00f1o 2.020, que ha sido auditada y aprobada por este cuerpo legislativo; informe a la Secretaria de Hacienda de los movimientos de fondos fijos asignados al HCD correspondientes al mes de marzo de 2023.<\/span><\/p>\n<p class=\"MsoNormal\" style=\"text-align: justify;\"><span style=\"font-size: 12.0pt; line-height: 115%; font-family: 'Arial','sans-serif';\">Del Auditor nota N\u00b019\/2023: Remitiendo documentaci\u00f3n correspondiente al tercer trimestre del a\u00f1o 2022 y Nota N\u00b021\/2023: informe de recepci\u00f3n de documentaci\u00f3n.<\/span><\/p>\n<p class=\"MsoNormal\" style=\"text-align: justify;\"><span style=\"font-size: 12.0pt; line-height: 115%; font-family: 'Arial','sans-serif';\">Del Juzgado de Faltas remite informe de caja y planillas de infractores mes de Mayo 2023.<\/span><\/p>\n<p class=\"MsoNormal\" style=\"text-align: justify;\"><span style=\"font-size: 12.0pt; line-height: 115%; font-family: 'Arial','sans-serif';\">El quinto punto, notas privadas primero de la Fundaci\u00f3n Curuz\u00fa Solidario solicita subsidio para solventar gastos de la fundaci\u00f3n pas\u00f3 a comisi\u00f3n de presupuesto.<\/span><\/p>\n<p class=\"MsoNormal\" style=\"text-align: justify;\"><span style=\"font-size: 12.0pt; line-height: 115%; font-family: 'Arial','sans-serif';\">Nota vecinos solicitan asignaci\u00f3n de nombre actualmente a la calle proyectada ubicada en Barrio Norte (Mz. 56), entre las calles Gobernador G\u00f3mez entre Vieytes y Larrea pas\u00f3 a comisi\u00f3n de gobierno.<\/span><\/p>\n<p class=\"MsoNormal\" style=\"text-align: justify;\"><span style=\"font-size: 12.0pt; line-height: 115%; font-family: 'Arial','sans-serif';\">Nota del Sr. Galeano Miguel Angel, solicita condonaci\u00f3n de deuda por Tasas Municipales pas\u00f3 a comisi\u00f3n de presupuesto.<\/span><\/p>\n<p class=\"MsoNormal\" style=\"text-align: justify;\"><span style=\"font-size: 12.0pt; line-height: 115%; font-family: 'Arial','sans-serif';\">Nota de la Rueda Femenina del Rotary Club solicitan se Declare de Inter\u00e9s Municipal a la \u201cXXVII Caminata por la vida\u201d en Adhesi\u00f3n al \u201cD\u00eda Nacional de la Donaci\u00f3n de \u00d3rganos\u201d, ya fue resuelto por presidencia.<\/span><\/p>\n<p class=\"MsoNormal\" style=\"text-align: justify;\"><span style=\"font-size: 12.0pt; line-height: 115%; font-family: 'Arial','sans-serif';\">Nota de la Asociaci\u00f3n Curuzucuate\u00f1a de Actividades Acu\u00e1ticas, solicita ayuda econ\u00f3mica destinada a la compra de elementos e insumos de importancia para la nataci\u00f3n pas\u00f3 a comisi\u00f3n de presupuesto.<\/span><\/p>\n<p class=\"MsoNormal\" style=\"text-align: justify;\"><span style=\"font-size: 12.0pt; line-height: 115%; font-family: 'Arial','sans-serif';\">Nota del Sr. Borda Manuel Rub\u00e9n, solicitando condonaci\u00f3n de deuda que posee con la Municipalidad de Curuz\u00fa Cuati\u00e1 pas\u00f3 a comisi\u00f3n de presupuesto. <\/span><\/p>\n<p class=\"MsoNormal\" style=\"text-align: justify;\"><span style=\"font-size: 12.0pt; line-height: 115%; font-family: 'Arial','sans-serif';\">Nota de vecinos de la calle Podest\u00e1 al 220, denuncian circulaci\u00f3n de carga pesada con productos de \u00edndole agropecuario, potencialmente peligroso pas\u00f3 a comisiones de gobierno y medioambiente.<\/span><\/p>\n<p class=\"MsoNormal\" style=\"text-align: justify;\"><span style=\"font-size: 12.0pt; line-height: 115%; font-family: 'Arial','sans-serif';\">Nota de Curuz\u00fa Bus solicita elevar los costos de boleto del servicio p\u00fablico urbano de pasajeros pas\u00f3 a comisi\u00f3n de presupuesto.<\/span><\/p>\n<p class=\"MsoNormal\" style=\"text-align: justify;\"><span style=\"font-size: 12.0pt; line-height: 115%; font-family: 'Arial','sans-serif';\">Nota del Aeroclub de Curuz\u00fa Cuati\u00e1, solicita Declare de Inter\u00e9s Municipal la \u201cReapertura de la Estaci\u00f3n Meteorol\u00f3gica\u201d en el predio del Aeroclub de esta ciudad pas\u00f3 a comisi\u00f3n de gobierno.<\/span><\/p>\n<p class=\"MsoNormal\" style=\"text-align: justify;\"><span style=\"font-size: 12.0pt; line-height: 115%; font-family: 'Arial','sans-serif';\">El sexto punto el de resoluciones del DEM: <\/span><\/p>\n<p class=\"MsoNormal\" style=\"text-align: justify;\"><span style=\"font-size: 12.0pt; line-height: 115%; font-family: 'Arial','sans-serif';\">-N\u00b0143: Entrega de premios en el marco \u201cGran Velada de Box Gratuito\u201d a llevarse a cabo el d\u00eda 12 mayo del corriente.<\/span><\/p>\n<p class=\"MsoNormal\" style=\"text-align: justify;\"><span style=\"font-size: 12.0pt; line-height: 115%; font-family: 'Arial','sans-serif';\">-N\u00b0144: Adjudicar a VICTOR HUGO FRIAS, CUIT N\u00b020-10846648-1, la oferta presentada el d\u00eda 11 de mayo de 2023, por \u201ccompra de indumentaria y elementos deportivos\u201d, por el precio total de pesos CUATRO MILLONES CUATROCIENTOS CUARENTA MIL ($4.440.000,00) en concepto de Camisetas. Y a SILVINA SALGUERO, CUIT N\u00b027-23412890-1, por la suma total de pesos OCHOCIENTOS OCHENTA Y OCHO MIL ($888.000,00) en concepto de pelotas, y pesos SETENTA MIL OCHOCIENTOS ($70.800,00), monto total de erogaci\u00f3n pesos CINCO MILLLONES TRECIENTOS CINCUENTA Y OCHO MIL OCHOCIENTOS ($5.358.800,00).<\/span><\/p>\n<p class=\"MsoNormal\" style=\"text-align: justify;\"><span style=\"font-size: 12.0pt; line-height: 115%; font-family: 'Arial','sans-serif';\">-N\u00b0145: Incorporar al presupuesto municipal del a\u00f1o 2023 en la partida presupuestaria de ingresos \u201c1.2.3.18\u201d denominada \u201cMantenimiento De Establecimientos Escolares\u201d, la remesa recibida por esta Municipalidad en la cuenta N\u00b0132024-1 del Banco de Corrientes S.A. sucursal local por la suma de PESOS NOVECIENTOS NOVENTA Y CUATRO MIL ($994.000,00) acreditada el 17 de abril de 2023; realizada por el gobierno de la Provincia de Corrientes a trav\u00e9s del ministerio de Hacienda y Finanzas.<\/span><\/p>\n<p class=\"MsoNormal\" style=\"text-align: justify;\"><span style=\"font-size: 12.0pt; line-height: 115%; font-family: 'Arial','sans-serif';\">-N\u00b0146: Otorgar una ayuda econ\u00f3mica de pesos OCHENTA MIL ($80.000) al Instituto Superior de Curuz\u00fa Cuati\u00e1 a trav\u00e9s de su profesora Licenciada en Educaci\u00f3n Daniela Zarate, D.N.I N\u00b028.082.399.-<\/span><\/p>\n<p class=\"MsoNormal\" style=\"text-align: justify;\"><span style=\"font-size: 12.0pt; line-height: 115%; font-family: 'Arial','sans-serif';\">-N\u00b0147: Otorgar una ayuda econ\u00f3mica de pesos SESENTA MIL ($60.000) al Profesor Cesar Norberto Ca\u00f1ete, D.N.I N\u00b023.841.863.-<\/span><\/p>\n<p class=\"MsoNormal\" style=\"text-align: justify;\"><span style=\"font-size: 12.0pt; line-height: 115%; font-family: 'Arial','sans-serif';\">-N\u00b0148: Otorgar una ayuda econ\u00f3mica de pesos VEINTIOCHO MIL SETECIENTOS ($28.700) al Sr. Carlos Andr\u00e9s Estigarribia, D.N.I N\u00b043.206.295.-<\/span><\/p>\n<p class=\"MsoNormal\" style=\"text-align: justify;\"><span style=\"font-size: 12.0pt; line-height: 115%; font-family: 'Arial','sans-serif';\">-N\u00b0149: Otorgar una ayuda econ\u00f3mica de pesos NOVENTA MIL ($90.000) a la Sra. Mabel Rosario Chau, D.N.I N\u00b016.739.779.-<\/span><\/p>\n<p class=\"MsoNormal\" style=\"text-align: justify;\"><span style=\"font-size: 12.0pt; line-height: 115%; font-family: 'Arial','sans-serif';\">-N\u00b0150: Otorgar una ayuda econ\u00f3mica de pesos SESENTA MIL ($60.000) al Sr. Sergio Ram\u00f3n Garate, D.N.I N\u00b031.260.579.-<\/span><\/p>\n<p class=\"MsoNormal\" style=\"text-align: justify;\"><span style=\"font-size: 12.0pt; line-height: 115%; font-family: 'Arial','sans-serif';\">-N\u00b0151: Otorgar una ayuda econ\u00f3mica de pesos CINCUENTA MIL ($50.000) a la Sra. Araceli Soledad Maciel, D.N.I N\u00b041.843.373.-<\/span><\/p>\n<p class=\"MsoNormal\" style=\"text-align: justify;\"><span style=\"font-size: 12.0pt; line-height: 115%; font-family: 'Arial','sans-serif';\">-N\u00b0152: Otorgar una ayuda econ\u00f3mica de pesos SESENTA MIL ($60.000) a la Sra. Ana Lorena Callaba, D.N.I N\u00b029.155.578.-<\/span><\/p>\n<p class=\"MsoNormal\" style=\"text-align: justify;\"><span style=\"font-size: 12.0pt; line-height: 115%; font-family: 'Arial','sans-serif';\">-N\u00b0153: Promulgar y Ordenar la publicaci\u00f3n en el Bolet\u00edn Oficial la Ordenanza N\u00b03438 dictada por el HCD, que designa con el nombre \u201cELENA BONATTI ROCCA\u201d.-<\/span><\/p>\n<p class=\"MsoNormal\" style=\"text-align: justify;\"><span style=\"font-size: 12.0pt; line-height: 115%; font-family: 'Arial','sans-serif';\">-N\u00b0154: Promulgar y Ordenar la publicaci\u00f3n en el Bolet\u00edn Oficial la Ordenanza N\u00b03439 dictada por el HCD, que condona por \u00fanica vez la deuda por impuesto y tasas Municipales al Sr. Lorenzo Olivera DNI N\u00b010.935.872.-<\/span><\/p>\n<p class=\"MsoNormal\" style=\"text-align: justify;\"><span style=\"font-size: 12.0pt; line-height: 115%; font-family: 'Arial','sans-serif';\">-N\u00b0155: Promulgar y Ordenar la publicaci\u00f3n en el Bolet\u00edn Oficial la Ordenanza N\u00b03440 dictada por el HCD, que aprueba el Pliego de Bases y Condiciones para la Prestaci\u00f3n del Servicio Urbano de Colectivo de Pasajeros de la Ciudad de Curuz\u00fa Cuati\u00e1.-<\/span><\/p>\n<p class=\"MsoNormal\" style=\"text-align: justify;\"><span style=\"font-size: 12.0pt; line-height: 115%; font-family: 'Arial','sans-serif';\">-N\u00b0156: Promulgar y Ordenar la publicaci\u00f3n en el Bolet\u00edn Oficial la Ordenanza N\u00b03441 dictada por el HCD, que crea el Programa \u201cCeniceros P\u00fablicos\u201d.-<\/span><\/p>\n<p class=\"MsoNormal\" style=\"text-align: justify;\"><span style=\"font-size: 12.0pt; line-height: 115%; font-family: 'Arial','sans-serif';\">-N\u00b0157: Promulgar y Ordenar la publicaci\u00f3n en el Bolet\u00edn Oficial la Ordenanza N\u00b03442 dictada por el HCD que fija remuneraci\u00f3n m\u00e1xima del Escalaf\u00f3n Municipal (Art.156 C.O.M.).-<\/span><\/p>\n<p class=\"MsoNormal\" style=\"text-align: justify;\"><span style=\"font-size: 12.0pt; line-height: 115%; font-family: 'Arial','sans-serif';\">-N\u00b0158: Promulgar y Ordenar la publicaci\u00f3n en el Bolet\u00edn Oficial la Ordenanza N\u00b03443 dictada por el HCD, que condona por \u00fanica vez la deuda por impuesto y tasas Municipales a la Sra. Evangelina Itat\u00ed Vallejos DNI N\u00b025.671.788.-<\/span><\/p>\n<p class=\"MsoNormal\" style=\"text-align: justify;\"><span style=\"font-size: 12.0pt; line-height: 115%; font-family: 'Arial','sans-serif';\">-N\u00b0159: Promulgar y Ordenar la publicaci\u00f3n en el Bolet\u00edn Oficial la Ordenanza N\u00b03444 dictada por el HCD, que adhiere a la Ley Nacional 27.714\/23 \u201cAlcohol Cero\u201d.-<\/span><\/p>\n<p class=\"MsoNormal\" style=\"text-align: justify;\"><span style=\"font-size: 12.0pt; line-height: 115%; font-family: 'Arial','sans-serif';\">-N\u00b0160: Autorizar la Escritura P\u00fablica a favor del Sr. Castillo Ram\u00f3n Alfredo D.N.I N\u00b027.700.406 y la Sra. Compar\u00edn Paola Alejandra D.N.I. N\u00b028.284.664.<\/span><\/p>\n<p class=\"MsoNormal\" style=\"text-align: justify;\"><span style=\"font-size: 12.0pt; line-height: 115%; font-family: 'Arial','sans-serif';\">-N\u00b0161: Autorizar la Escritura P\u00fablica de compraventa a favor de la Sra. Luque Rosana Beatriz D.N.I N\u00b025.671.488, un terreno propiedad municipal ubicado en Mz. N\u00b0189 de la Planta Urbana de la ciudad de Curuz\u00fa Cuati\u00e1, lote interno con entrada por calle Posadas N\u00b01642.-<\/span><\/p>\n<p class=\"MsoNormal\" style=\"text-align: justify;\"><span style=\"font-size: 12.0pt; line-height: 115%; font-family: 'Arial','sans-serif';\">-N\u00b0162: Decl\u00e1rese de propiedad Municipal el terreno ubicado en la Manzana N\u00b0189, terreno con frente sobre calle Posadas; de la Mensura N\u00b09122-L del Agrimensor Nacional Emanuel Ulises Schweizer; Direcci\u00f3n General de Catastro y Cartograf\u00eda de Corrientes de fecha 23\/06\/2022; registrado bajo Partida Inmobiliaria E1-17208-1.-<\/span><\/p>\n<p class=\"MsoNormal\" style=\"text-align: justify;\"><span style=\"font-size: 12.0pt; line-height: 115%; font-family: 'Arial','sans-serif';\">-N\u00b0163: Derogar la Resoluci\u00f3n N\u00b0112 de fecha 02 de julio de 2014.-<\/span><\/p>\n<p class=\"MsoNormal\" style=\"text-align: justify;\"><span style=\"font-size: 12.0pt; line-height: 115%; font-family: 'Arial','sans-serif';\">-N\u00b0164: Otorgar una ayuda econ\u00f3mica de pesos SESENTA MIL ($60.000) a la Sra. Ver\u00f3nica Antonia Rodr\u00edguez, D.N.I N\u00b027.165.165.-<\/span><\/p>\n<p class=\"MsoNormal\" style=\"text-align: justify;\"><span style=\"font-size: 12.0pt; line-height: 115%; font-family: 'Arial','sans-serif';\">-N\u00b0165: Otorgar una ayuda econ\u00f3mica de Pesos OCHENTA MIL ($80.000), al Sr. Mario Antonio Sosa DNI N\u00b031.597.982.-<\/span><\/p>\n<p class=\"MsoNormal\" style=\"text-align: justify;\"><span style=\"font-size: 12.0pt; line-height: 115%; font-family: 'Arial','sans-serif';\">-N\u00b0166: Otorgar una ayuda econ\u00f3mica de Pesos OCHENTA MIL ($80.000), al Sr. Juan Manuel Gauna, DNI N\u00b030.257.017.-<\/span><\/p>\n<p class=\"MsoNormal\" style=\"text-align: justify;\"><span style=\"font-size: 12.0pt; line-height: 115%; font-family: 'Arial','sans-serif';\">-N\u00b0167: Otorgar una ayuda econ\u00f3mica de Pesos TREINTA MIL ($30.000), al Sr. Facundo Gabriel Blanco, DNI N\u00b043.266.104.-<\/span><\/p>\n<p class=\"MsoNormal\" style=\"text-align: justify;\"><span style=\"font-size: 12.0pt; line-height: 115%; font-family: 'Arial','sans-serif';\">-N\u00b0168: Otorgar una ayuda econ\u00f3mica de Pesos VEINTE MIL ($20.000), a la Sra. Elisa Catalina Eymann, DNI N\u00b023.613.172.-<\/span><\/p>\n<p class=\"MsoNormal\" style=\"text-align: justify;\"><span style=\"font-size: 12.0pt; line-height: 115%; font-family: 'Arial','sans-serif';\">-N\u00b0169: Otorgar una ayuda econ\u00f3mica de Pesos DIECISEIS MIL ($16.000), al Sr. Ram\u00f3n Andr\u00e9s Ayala, DNI N\u00b026.515.446.-<\/span><\/p>\n<p class=\"MsoNormal\" style=\"text-align: justify;\"><span style=\"font-size: 12.0pt; line-height: 115%; font-family: 'Arial','sans-serif';\">-N\u00b0170: Otorgar una ayuda econ\u00f3mica de Pesos CINCUENTA MIL ($50.000), a la Sra. Claudia Isabel Torres, DNI N\u00b042.742.806.-<\/span><\/p>\n<p class=\"MsoNormal\" style=\"text-align: justify;\"><span style=\"font-size: 12.0pt; line-height: 115%; font-family: 'Arial','sans-serif';\">-N\u00b0171: Otorgar una ayuda econ\u00f3mica de Pesos DOSCIENTOS TREINTA Y SEIS MIL ($236.000), al Club Atl\u00e9tico Centenario a trav\u00e9s de su Presidente, Sr. Fernando Cantero- DNI 28.284.829.-<\/span><\/p>\n<p class=\"MsoNormal\" style=\"text-align: justify;\"><span style=\"font-size: 12.0pt; line-height: 115%; font-family: 'Arial','sans-serif';\">-N\u00b0172: Otorgar una ayuda econ\u00f3mica de Pesos DOSCIENTOS TREINTA Y SEIS MIL ($236.000), al Club Atl\u00e9tico General Belgrano, a trav\u00e9s de su Presidente, Sr. Diego Bernardoni, DNI 22.817.979.-<\/span><\/p>\n<p class=\"MsoNormal\" style=\"text-align: justify;\"><span style=\"font-size: 12.0pt; line-height: 115%; font-family: 'Arial','sans-serif';\">-N\u00b0173: Otorgar una ayuda econ\u00f3mica de Pesos DOSCIENTOS TREINTA Y SEIS MIL ($236.000), al Club Deportivo y Recreativo Santa Rosa, a trav\u00e9s de su Presidente, Sr. Ariel Vallejos- DNI 28.111.564.-<\/span><\/p>\n<p class=\"MsoNormal\" style=\"text-align: justify;\"><span style=\"font-size: 12.0pt; line-height: 115%; font-family: 'Arial','sans-serif';\">-N\u00b0174: Otorgar una ayuda econ\u00f3mica de Pesos DOSCIENTOS TREINTA Y SEIS MIL ($236.000), al Club Social y Deportivo Victoria, a trav\u00e9s de su Presidente, Sr. Claudio Penizotto, DNI 18.379.947.-<\/span><\/p>\n<p class=\"MsoNormal\" style=\"text-align: justify;\"><span style=\"font-size: 12.0pt; line-height: 115%; font-family: 'Arial','sans-serif';\">-N\u00b0175: Otorgar una ayuda econ\u00f3mica de Pesos DOSCIENTOS TREINTA Y SEIS MIL ($236.000), al Club Sportivo San Lorenzo, a trav\u00e9s de su Presidente, Sr. Carlos Zarza, DNI 31.236.598.-<\/span><\/p>\n<p class=\"MsoNormal\" style=\"text-align: justify;\"><span style=\"font-size: 12.0pt; line-height: 115%; font-family: 'Arial','sans-serif';\">-N\u00b0176: Otorgar una ayuda econ\u00f3mica de Pesos DOSCIENTOS TREINTA Y SEIS MIL ($236.000), al Club Atl\u00e9tico Hurac\u00e1n, a trav\u00e9s de su Presidente, Sr. Marco Isusi, DNI 14.523.211.-<\/span><\/p>\n<p class=\"MsoNormal\" style=\"text-align: justify;\"><span style=\"font-size: 12.0pt; line-height: 115%; font-family: 'Arial','sans-serif';\">-N\u00b0177: Otorgar una ayuda econ\u00f3mica de Pesos DOSCIENTOS TREINTA Y SEIS MIL ($236.000), al Club Deportivo Patitas, a trav\u00e9s de su Presidente, Sr. Jorge Arce, DNI 32.411.540.-<\/span><\/p>\n<p class=\"MsoNormal\" style=\"text-align: justify;\"><span style=\"font-size: 12.0pt; line-height: 115%; font-family: 'Arial','sans-serif';\">-N\u00b0178: Otorgar una ayuda econ\u00f3mica de Pesos CIENTO OCHENTA Y OCHO MIL ($188.000), al Club General San Mart\u00edn, a trav\u00e9s de su Presidente, el Sr. Ricardo Merino Brown, DNI 28.397.211.-<\/span><\/p>\n<p class=\"MsoNormal\" style=\"text-align: justify;\"><span style=\"font-size: 12.0pt; line-height: 115%; font-family: 'Arial','sans-serif';\">-N\u00b0179: Otorgar una ayuda econ\u00f3mica de Pesos CIENTO OCHENTA Y OCHO MIL ($188.000), al Club Atl\u00e9tico y Deportivo Barracas, a trav\u00e9s de su Presidente, Sra. Marina Fontana, DNI 30.213.943.-<\/span><\/p>\n<p class=\"MsoNormal\" style=\"text-align: justify;\"><span style=\"font-size: 12.0pt; line-height: 115%; font-family: 'Arial','sans-serif';\">-N\u00b0180: Otorgar una ayuda econ\u00f3mica de Pesos DOSCIENTOS TREINTA Y SEIS MIL ($236.000), al Club Deportivo y Recreativo Villa del Parque, a trav\u00e9s de su Presidente, Sr. Abel Borba, DNI 4.996.864.-<\/span><\/p>\n<p class=\"MsoNormal\" style=\"text-align: justify;\"><span style=\"font-size: 12.0pt; line-height: 115%; font-family: 'Arial','sans-serif';\">-N\u00b0181: Otorgar una ayuda econ\u00f3mica de Pesos DOSCIENTOS TREINTA Y SEIS MIL ($236.000), al Club Social y Deportivo Villa Dolores, a trav\u00e9s de su Presidente, Sr. Pedro Iriarte, DNI 13.349.332.-<\/span><\/p>\n<p class=\"MsoNormal\" style=\"text-align: justify;\"><span style=\"font-size: 12.0pt; line-height: 115%; font-family: 'Arial','sans-serif';\">-N\u00b0182: Otorgar una ayuda econ\u00f3mica de Pesos CUARENTA Y OCHO MIL ($48.000), al Club Social, Cultural y Deportivo Campo de Mayo, a trav\u00e9s de su Presidente, Sra. Julia Areco DNI 37.801.783.-<\/span><\/p>\n<p class=\"MsoNormal\" style=\"text-align: justify;\"><span style=\"font-size: 12.0pt; line-height: 115%; font-family: 'Arial','sans-serif';\">-N\u00b0183: Otorgar una ayuda econ\u00f3mica de Pesos CIENTO OCHENTA Y OCHO MIL ($188.000), al Club Social Deportivo La Cantera, a trav\u00e9s de su Presidente, Sr. Hugo Cantero, DNI 26.895.568.-<\/span><\/p>\n<p class=\"MsoNormal\" style=\"text-align: justify;\"><span style=\"font-size: 12.0pt; line-height: 115%; font-family: 'Arial','sans-serif';\">-N\u00b0184: Otorgar una ayuda econ\u00f3mica de Pesos CIENTO SETENTA Y DOS MIL ($172.000), al Club Social Deportivo y Cultural Paso de Las Ni\u00f1as, a trav\u00e9s de su Presidente, Sr. Ram\u00f3n Gonz\u00e1lez, DNI 18.431.472.-<\/span><\/p>\n<p class=\"MsoNormal\" style=\"text-align: justify;\"><span style=\"font-size: 12.0pt; line-height: 115%; font-family: 'Arial','sans-serif';\">-N\u00b0185: Decl\u00e1rese de propiedad Municipal el terreno ubicado en la Manzana N\u00b0212, terreno con frente sobre calle Espa\u00f1a N\u00b01243; Barrio Villa Belgrano duplicado de Mensura N\u00b08037-L del Agrimensor Nacional Ram\u00f3n Humberto Contreras; Direcci\u00f3n General de Catastro y Cartograf\u00eda de Corrientes de fecha 30\/06\/2017; registrado bajo Partida Inmobiliaria E1-15674-1.-<\/span><\/p>\n<p class=\"MsoNormal\" style=\"text-align: justify;\"><span style=\"font-size: 12.0pt; line-height: 115%; font-family: 'Arial','sans-serif';\">-N\u00b0186: Decl\u00e1rese de propiedad Municipal el terreno ubicado en la Manzana N\u00b0236, terreno con frente sobre calle Ca\u00e1 Guaz\u00fa N\u00b0375; entre calles Domingo French y Mart\u00edn Rodr\u00edguez del duplicado de Mensura N\u00b07243-L del Agrimensor Nacional Eduardo Edgar Robaina; de fecha 06\/12\/2017; registrado bajo Partida Inmobiliaria E1-14742-1.-<\/span><\/p>\n<p class=\"MsoNormal\" style=\"text-align: justify;\"><span style=\"font-size: 12.0pt; line-height: 115%; font-family: 'Arial','sans-serif';\">-N\u00b0187: Decl\u00e1rese de propiedad Municipal el terreno ubicado en la Manzana N\u00b032, terreno con frente a calle Juan Pujol S\/N\u00b0, de la Mensura N\u00b09243-L del Agrimensor Nacional Cesar H. Khouri; Direcci\u00f3n General de Catastro y Cartograf\u00eda de Corrientes de fecha 24\/11\/2022; registrado bajo Partida Inmobiliaria E1-17360-1.-<\/span><\/p>\n<p class=\"MsoNormal\" style=\"text-align: justify;\"><span style=\"font-size: 12.0pt; line-height: 115%; font-family: 'Arial','sans-serif';\">-N\u00b0188: Decl\u00e1rese de propiedad Municipal el terreno ubicado en la Manzana N\u00b032, terreno con frente a calle Juan Pujol y Vieytes, de la Mensura N\u00b09242-L del Agrimensor Nacional Cesar H. Khouri; Direcci\u00f3n General de Catastro y Cartograf\u00eda de Corrientes de fecha 24\/11\/2022; registrado bajo Partida Inmobiliaria E1-17359-1.-<\/span><\/p>\n<p class=\"MsoNormal\" style=\"text-align: justify;\"><span style=\"font-size: 12.0pt; line-height: 115%; font-family: 'Arial','sans-serif';\">-N\u00b0189: Adjudicar al Oferente Ruiz Mauro Hern\u00e1n, CUIT N\u00b020-28369055-6, la oferta presentada en Licitaci\u00f3n P\u00fablica 02\/2023 d\u00eda 19 de mayo de 2023 que tiene por objeto \u201ccompra de materiales para la realizaci\u00f3n de obra de pavimentaci\u00f3n d 8 cuadras en diversos sectores del ejido urbano de la ciudad de Curuz\u00fa Cuati\u00e1\u201d, por el monto total de pesos SESENTA Y CUATRO MILLONES QUINIENTOS TREINTA Y CINCO MIL DOSCIENTOS OCHENTA Y UNO CON 65\/100 ($64.535.281,65).-<\/span><\/p>\n<p class=\"MsoNormal\" style=\"text-align: justify;\"><span style=\"font-size: 12.0pt; line-height: 115%; font-family: 'Arial','sans-serif';\">-N\u00b0190: Adjudicar al Oferente Ruiz Mauro Hern\u00e1n, CUIT N\u00b020-28369055-6, la oferta presentada en concurso de precios 12\/2023 bis de fecha 24 de mayo de 2023, que tiene por objeto \u201ccompra de columnas para alumbrado p\u00fablico\u201d destinados a la remodelaci\u00f3n y embellecimiento del alumbrado p\u00fablico\u201d, por el monto total de pesos DOCE MILLONES CUATROCIENTOS MIL ($12.400.000).-<\/span><\/p>\n<p class=\"MsoNormal\" style=\"text-align: justify;\"><span style=\"font-size: 12.0pt; line-height: 115%; font-family: 'Arial','sans-serif';\">-N\u00b0191: Otorgar una ayuda econ\u00f3mica de Pesos CINCO MIL ($5.000), al Sr. Miguel Alberto Romero, DNI N\u00b017.436.487.-<\/span><\/p>\n<p class=\"MsoNormal\" style=\"text-align: justify;\"><span style=\"font-size: 12.0pt; line-height: 115%; font-family: 'Arial','sans-serif';\">-N\u00b0192: Otorgar una ayuda econ\u00f3mica de Pesos DIECIOCHO MIL ($18.000), a la Sra. Daiana Anabella Torres Ram\u00edrez, DNI N\u00b033.716.573.-<\/span><\/p>\n<p class=\"MsoNormal\" style=\"text-align: justify;\"><span style=\"font-size: 12.0pt; line-height: 115%; font-family: 'Arial','sans-serif';\">-N\u00b0193: Otorgar una ayuda econ\u00f3mica de Pesos TREINTA MIL ($30.000), al Sr. Fausto Nahuel Sandoval, DNI N\u00b037.801.606.-<\/span><\/p>\n<p class=\"MsoNormal\" style=\"text-align: justify;\"><span style=\"font-size: 12.0pt; line-height: 115%; font-family: 'Arial','sans-serif';\">-N\u00b0194: Otorgar una ayuda econ\u00f3mica de Pesos SETENTA MIL ($70.000), a la Sra. Gisela Patricia Almir\u00f3n, DNI N\u00b035.102.148.-<\/span><\/p>\n<p class=\"MsoNormal\" style=\"text-align: justify;\"><span style=\"font-size: 12.0pt; line-height: 115%; font-family: 'Arial','sans-serif';\">-N\u00b0195: Otorgar una ayuda econ\u00f3mica de Pesos TREINTA MIL ($30.000), a la Sra. Karina Lorena Ianni, DNI N\u00b028.283.414.-<\/span><\/p>\n<p class=\"MsoNormal\" style=\"text-align: justify;\"><span style=\"font-size: 12.0pt; line-height: 115%; font-family: 'Arial','sans-serif';\">-N\u00b0196: Otorgar una ayuda econ\u00f3mica de Pesos TREINTA MIL ($30.000), a la Sra. Patricia Mar\u00eda Ang\u00e9lica Perez de Moreno, DNI N\u00b017.440.139.-<\/span><\/p>\n<p class=\"MsoNormal\" style=\"text-align: justify;\"><span style=\"font-size: 12.0pt; line-height: 115%; font-family: 'Arial','sans-serif';\">-N\u00b0197: Otorgar una ayuda econ\u00f3mica de Pesos OCEHNTA MIL ($80.000), al Sr. Ram\u00f3n Ger\u00f3nimo Videla, DNI N\u00b022.817.611.-<\/span><\/p>\n<p class=\"MsoNormal\" style=\"text-align: justify;\"><span style=\"font-size: 12.0pt; line-height: 115%; font-family: 'Arial','sans-serif';\">-N\u00b0198: Abonar la suma a cada una de Pesos CINCUENTA MIL ($50.000), a la Sra. Mar\u00eda Cecilia Torres, DNI N\u00b030.618.252<span style=\"mso-spacerun: yes;\">\u00a0 <\/span>y Erika Valeria Ponzoni DNI N\u00b026.351.007 en forma mensual desde el mes de mayo, hasta el mes de diciembre por el pago de clases gratuitas de aer\u00f3bico de alto impacto.-<\/span><\/p>\n<p class=\"MsoNormal\" style=\"text-align: justify;\"><span style=\"font-size: 12.0pt; line-height: 115%; font-family: 'Arial','sans-serif';\">-N\u00b0199: Otorgar una ayuda econ\u00f3mica de Pesos CIENTO VEINTE MIL ($120.000), a la Sra. Olga Ester Caceres, DNI N\u00b013.317.067.-<\/span><\/p>\n<p class=\"MsoNormal\" style=\"text-align: justify;\"><span style=\"font-size: 12.0pt; line-height: 115%; font-family: 'Arial','sans-serif';\">-N\u00b0200: Otorgar una ayuda econ\u00f3mica de Pesos OCHENTA MIL ($80.000), al Sr. Jorge Alberto Chavez, DNI N\u00b027.937.094.-<\/span><\/p>\n<p class=\"MsoNormal\" style=\"text-align: justify;\"><span style=\"font-size: 12.0pt; line-height: 115%; font-family: 'Arial','sans-serif';\">-N\u00b0201: Otorgar una ayuda econ\u00f3mica de Pesos OCHENTA MIL ($80.000), al Sr. Cristi\u00e1n Ariel Almir\u00f3n, DNI N\u00b030.892.722.-<\/span><\/p>\n<p class=\"MsoNormal\" style=\"text-align: justify;\"><span style=\"font-size: 12.0pt; line-height: 115%; font-family: 'Arial','sans-serif';\">-N\u00b0202: Otorgar una ayuda econ\u00f3mica de pesos TREINTA MIL ($30.000), a la Sra. Leonela Dayana Segura Aballay, DNI N\u00b040.265.255.<\/span><\/p>\n<p class=\"MsoNormal\" style=\"text-align: justify;\"><span style=\"font-size: 12.0pt; line-height: 115%; font-family: 'Arial','sans-serif';\"><img decoding=\"async\" src=\"images\/150623-sesion-4.JPG\" alt=\"\" \/><\/span><\/p>\n<p class=\"MsoNormal\" style=\"text-align: justify;\"><span style=\"font-size: 12.0pt; line-height: 115%; font-family: 'Arial','sans-serif';\">-N\u00b0203: Autorizar la escritura P\u00fablica de compraventa a favor de Ver\u00f3n Ernesto Guillermo, DNI N\u00b020.322.468; Ver\u00f3n Myriam Liliana DNI N\u00b022.175.652 y Ver\u00f3n Natael Emilio DNI N\u00b028.588.719 de un terreno de Propiedad Municipal ubicado en la Manzana N\u00b0252 de la Planta urbana de la ciudad de Curuz\u00fa Cuati\u00e1, calle el Maestro N\u00b0435 entre calles 25 de mayo y Juan Jos\u00e9 Paso.- Inscripto en el Registro de la Propiedad Inmueble de la Provincia de Corrientes; Folio Real Matricula N\u00b02951, a nombre de la Municipalidad de Curuz\u00fa Cuati\u00e1; Registrado en la Direcci\u00f3n General de Catastro y Cartograf\u00eda bajo Partida Inmobiliaria E1-7134-1 (Fracci\u00f3n A) de la Mesura N\u00b02684-L; Agrimensor Ram\u00f3n Humberto Contreras, con una Superficie: 535 m2. <\/span><\/p>\n<p class=\"MsoNormal\" style=\"text-align: justify;\"><span style=\"font-size: 12.0pt; line-height: 115%; font-family: 'Arial','sans-serif';\">-N\u00b0204: Disponer para los agentes de la planta y no permanente municipal (\u201ccontratados\u201d y \u201cjornalizados\u201d), a partir del mes siguiente en que les falte cumplir DIEZ (10) a\u00f1os o menos para alcanzar alguno de los dos requisitos de la jubilaci\u00f3n ordinaria establecida en el art. N\u00b041 de la Ley Provincial N\u00b04.917, que el \u201cPLUS SALARIAL\u201d (Art\u00edculo N\u00b05 de la Resl. N\u00b067 del D.E.M., fechada el 16\/01\/2018; que fuera homologada por Ordenanza Nro. 3101) pasar\u00e1 a tener de pleno derecho car\u00e1cter de REMUNERATIVO al s\u00f3lo efecto previsional.-<\/span><\/p>\n<p class=\"MsoNormal\" style=\"text-align: justify;\"><span style=\"font-size: 12.0pt; line-height: 115%; font-family: 'Arial','sans-serif';\">-N\u00b0205: Establecer una suma adicional, no remunerativa ni bonificable, y por \u00fanica vez, de Pesos DIEZ MIL ($10.000), a todo el Personal Municipal.-<\/span><\/p>\n<p class=\"MsoNormal\" style=\"text-align: justify;\"><span style=\"font-size: 12.0pt; line-height: 115%; font-family: 'Arial','sans-serif';\">-N\u00b0206: Incorporar al Presupuesto Municipal del a\u00f1o 2023 en la Partida 1.2.3.4 del Banco de la Naci\u00f3n Argentina, Sucursal Curuz\u00fa Cuati\u00e1, por las sumas de PESOS SETECIENTOS NOVENTA Y NUEVE MIL TRECIENTOS CUARENTA ($799.340,00) acreditadas el 08 de Mayo de 2023, correspondientes al \u201cPLAN SUMAR\u201d destinados a atender las erogaciones que demande la ejecuci\u00f3n del mencionado plan.-<\/span><\/p>\n<p class=\"MsoNormal\" style=\"text-align: justify;\"><span style=\"font-size: 12.0pt; line-height: 115%; font-family: 'Arial','sans-serif';\">-N\u00b0207: Otorgar una ayuda econ\u00f3mica de Pesos TREINTA Y SIETE MIL ($37.000) a la Sra. Santa Lidia G\u00f3mez, D.N.I N\u00b022.463.111.-<\/span><\/p>\n<p class=\"MsoNormal\" style=\"text-align: justify;\"><span style=\"font-size: 12.0pt; line-height: 115%; font-family: 'Arial','sans-serif';\">-N\u00b0208: Otorgar una ayuda econ\u00f3mica de Pesos OCHO MIL ($8.000) a la Sra. Guadalupe Soreira, D.N.I. N\u00b036.495.951.-<\/span><\/p>\n<p class=\"MsoNormal\" style=\"text-align: justify;\"><span style=\"font-size: 12.0pt; line-height: 115%; font-family: 'Arial','sans-serif';\">-N\u00b0209: Otorgar una ayuda econ\u00f3mica de Pesos DICISEIS MIL ($16.000) al Sr. Roque Rafael Olgu\u00edn, D.N.I. N\u00b036.311.807.-<\/span><\/p>\n<p class=\"MsoNormal\" style=\"text-align: justify;\"><span style=\"font-size: 12.0pt; line-height: 115%; font-family: 'Arial','sans-serif';\">-N\u00b0210: Otorgar una ayuda econ\u00f3mica de Pesos SESENTA MIL ($60.000) a la Sra. Micaela Rosana Ponce, D.N.I. N\u00b042.422.803.-<\/span><\/p>\n<p class=\"MsoNormal\" style=\"text-align: justify;\"><span style=\"font-size: 12.0pt; line-height: 115%; font-family: 'Arial','sans-serif';\">-N\u00b0211: Contratar a la firma adjudicataria mediante concurso de precios a Crucijuegos Insumos P\u00fablicos S.R.L., C.U.I.T. 30-71206423-0 para la compra e instalaci\u00f3n del \u201cBarco Gale\u00f3n del Paran\u00e1\u201d.-<\/span><\/p>\n<p class=\"MsoNormal\" style=\"text-align: justify;\"><span style=\"font-size: 12.0pt; line-height: 115%; font-family: 'Arial','sans-serif';\">7\u00b0.- RESOLUCIONES DE PRESIDENCIA:<\/span><\/p>\n<p class=\"MsoNormal\" style=\"text-align: justify;\"><span style=\"font-size: 12.0pt; line-height: 115%; font-family: 'Arial','sans-serif';\">N\u00b032\/2023 Declarar de Inter\u00e9s Municipal \u201cLA XXVII CAMINATA POR LA VIDA\u201d en Curuz\u00fa Cuati\u00e1 sometida a votaci\u00f3n se aprob\u00f3 un\u00e1nimemente.<\/span><\/p>\n<p class=\"MsoNormal\" style=\"text-align: justify;\"><span style=\"font-size: 12.0pt; line-height: 115%; font-family: 'Arial','sans-serif';\">No habiendo otro tema que tratar la presidente dio por finalizada la sesi\u00f3n del d\u00eda de la fecha.<\/span><\/p>\n<p class=\"MsoNormal\" style=\"text-align: justify;\"><span style=\"font-size: 12.0pt; line-height: 115%; font-family: 'Arial','sans-serif';\">\u00a0<\/span><\/p>\n","protected":false},"excerpt":{"rendered":"<p class=\"MsoNormal\" style=\"text-align: justify;\"><img decoding=\"async\" src=\"images\/150623-sesion-5.JPG\" alt=\"\" \/><\/p>\n<p class=\"MsoNormal\" style=\"text-align: justify;\"><span style=\"font-size: 12.0pt; line-height: 115%; font-family: 'Arial','sans-serif';\">Como estaba previsto por convocatoria se realiz\u00f3 el jueves 15 de junio del corriente a las 20.30hs, la sesi\u00f3n ordinaria presidida por la presidente del cuerpo Sra. Mariel Naya Yrigoyen y la secretaria Dra. Carmen Yamila Ben\u00edtez quienes dieron inicio a la sesi\u00f3n con la presencia de la totalidad de los concejales.<\/span><\/p>\n","protected":false},"author":1,"featured_media":1565,"comment_status":"open","ping_status":"open","sticky":false,"template":"","format":"standard","meta":{"footnotes":""},"categories":[3],"tags":[],"class_list":["post-1566","post","type-post","status-publish","format-standard","has-post-thumbnail","hentry","category-uncategorised"],"brizy_media":[],"_links":{"self":[{"href":"https:\/\/concejocuruzucuatia.gob.ar\/wp\/wp-json\/wp\/v2\/posts\/1566","targetHints":{"allow":["GET"]}}],"collection":[{"href":"https:\/\/concejocuruzucuatia.gob.ar\/wp\/wp-json\/wp\/v2\/posts"}],"about":[{"href":"https:\/\/concejocuruzucuatia.gob.ar\/wp\/wp-json\/wp\/v2\/types\/post"}],"author":[{"embeddable":true,"href":"https:\/\/concejocuruzucuatia.gob.ar\/wp\/wp-json\/wp\/v2\/users\/1"}],"replies":[{"embeddable":true,"href":"https:\/\/concejocuruzucuatia.gob.ar\/wp\/wp-json\/wp\/v2\/comments?post=1566"}],"version-history":[{"count":0,"href":"https:\/\/concejocuruzucuatia.gob.ar\/wp\/wp-json\/wp\/v2\/posts\/1566\/revisions"}],"wp:featuredmedia":[{"embeddable":true,"href":"https:\/\/concejocuruzucuatia.gob.ar\/wp\/wp-json\/wp\/v2\/media\/1565"}],"wp:attachment":[{"href":"https:\/\/concejocuruzucuatia.gob.ar\/wp\/wp-json\/wp\/v2\/media?parent=1566"}],"wp:term":[{"taxonomy":"category","embeddable":true,"href":"https:\/\/concejocuruzucuatia.gob.ar\/wp\/wp-json\/wp\/v2\/categories?post=1566"},{"taxonomy":"post_tag","embeddable":true,"href":"https:\/\/concejocuruzucuatia.gob.ar\/wp\/wp-json\/wp\/v2\/tags?post=1566"}],"curies":[{"name":"wp","href":"https:\/\/api.w.org\/{rel}","templated":true}]}}