{"id":1554,"date":"2023-05-30T15:07:11","date_gmt":"2023-05-30T15:07:11","guid":{"rendered":"https:\/\/concejocuruzucuatia.gob.ar\/wp\/2023\/05\/30\/se-realizo-una-nueva-edicion-de-la-caminata-por-la-vida\/"},"modified":"2023-05-30T15:07:11","modified_gmt":"2023-05-30T15:07:11","slug":"se-realizo-una-nueva-edicion-de-la-caminata-por-la-vida","status":"publish","type":"post","link":"https:\/\/concejocuruzucuatia.gob.ar\/wp\/2023\/05\/30\/se-realizo-una-nueva-edicion-de-la-caminata-por-la-vida\/","title":{"rendered":"Se realiz\u00f3 una nueva edici\u00f3n de la caminata por la vida"},"content":{"rendered":"<p class=\"MsoNormal\" style=\"text-align: left;\" align=\"left\">\u00a0<img decoding=\"async\" src=\"images\/300523-donante-1.JPG\" alt=\"\" \/><\/p>\n<p class=\"MsoNormal\" style=\"text-align: left;\" align=\"left\"><span lang=\"ES-AR\" style=\"font-size: 12.0pt; font-family: 'Arial','sans-serif'; mso-ansi-language: ES-AR;\">Este martes 30 de mayo se celebra el d\u00eda Nacional de la donaci\u00f3n de \u00f3rganos y en nuestra ciudad, como todos los a\u00f1os a cargo de la Rueda Femenina del Rotary Club organiza la \u201cCaminata por la Vida\u201d, en su edici\u00f3n 27.La presidente del HCD Mariel Naya Yrigoyen y las concejales Fabiana Ruiz y Gabriela Crespi<span style=\"mso-spacerun: yes;\">\u00a0 <\/span>acompa\u00f1aron a los organizadores, caminata que fue declarada de inter\u00e9s municipal por Concejo Deliberante.<\/span><\/p>\n<p class=\"MsoNormal\" style=\"text-align: left;\" align=\"left\"><span lang=\"ES-AR\" style=\"font-size: 12.0pt; font-family: 'Arial','sans-serif'; mso-ansi-language: ES-AR;\">La marcha dio inicio por calle Ber\u00f3n de Astrada en su intersecci\u00f3n con Duarte Ardoy, que acompa\u00f1ados de alumnos de la escuela N\u00b0 36, j\u00f3venes de colegios secundarios, alumnos del instituto superior, personal de transito y bomberos, Rotarios e integrantes del club de Leones, finaliz\u00f3 en la rueda rotaria ubicada en Avda. Laprida y Ber\u00f3n de Astrada.<\/span><span lang=\"ES-AR\" style=\"font-size: 12.0pt; font-family: 'Arial','sans-serif'; mso-ansi-language: ES-AR;\">\u00a0<\/span><\/p>\n<p class=\"MsoNormal\" style=\"text-align: left;\" align=\"left\"><span lang=\"ES-AR\" style=\"font-size: 12.0pt; font-family: 'Arial','sans-serif'; mso-ansi-language: ES-AR;\">En el lugar tom\u00f3 la palabra la presidente de la Rueda Femenina Cecilia Tomassone y Cecilia Zeballos para luego dar por finalizada esta tradicional caminata con <\/span><span style=\"font-size: 12.0pt; font-family: 'Arial','sans-serif'; background: white;\">tan loable compromiso con la ciudadan\u00eda de difundir y concientizar la Donaci\u00f3n de \u00d3rganos.<\/span><\/p>\n<p class=\"MsoNormal\" style=\"text-align: left;\" align=\"left\"><span style=\"font-size: 12.0pt; font-family: 'Arial','sans-serif'; background: white;\"><img decoding=\"async\" src=\"images\/300523-donante-2.JPG\" alt=\"\" \/><img decoding=\"async\" src=\"images\/300523-donante-3.JPG\" alt=\"\" \/><img decoding=\"async\" src=\"images\/300523-donante-4.JPG\" alt=\"\" \/><\/span><\/p>\n","protected":false},"excerpt":{"rendered":"<p class=\"MsoNormal\" style=\"text-align: left;\" align=\"left\">\u00a0<img decoding=\"async\" src=\"images\/300523-donante-1.JPG\" alt=\"\" \/><\/p>\n<p class=\"MsoNormal\" style=\"text-align: left;\" align=\"left\"><span lang=\"ES-AR\" style=\"font-size: 12.0pt; font-family: 'Arial','sans-serif'; mso-ansi-language: ES-AR;\">Este martes 30 de mayo se celebra el d\u00eda Nacional de la donaci\u00f3n de \u00f3rganos y en nuestra ciudad, como todos los a\u00f1os a cargo de la Rueda Femenina del Rotary Club organiza la \u201cCaminata por la Vida\u201d, en su edici\u00f3n 27.La presidente del HCD Mariel Naya Yrigoyen y las concejales Fabiana Ruiz y Gabriela Crespi<span style=\"mso-spacerun: yes;\">\u00a0 <\/span>acompa\u00f1aron a los organizadores, caminata que fue declarada de inter\u00e9s municipal por Concejo Deliberante.<\/span><\/p>\n","protected":false},"author":1,"featured_media":1553,"comment_status":"open","ping_status":"open","sticky":false,"template":"","format":"standard","meta":{"footnotes":""},"categories":[3],"tags":[],"class_list":["post-1554","post","type-post","status-publish","format-standard","has-post-thumbnail","hentry","category-uncategorised"],"brizy_media":[],"_links":{"self":[{"href":"https:\/\/concejocuruzucuatia.gob.ar\/wp\/wp-json\/wp\/v2\/posts\/1554","targetHints":{"allow":["GET"]}}],"collection":[{"href":"https:\/\/concejocuruzucuatia.gob.ar\/wp\/wp-json\/wp\/v2\/posts"}],"about":[{"href":"https:\/\/concejocuruzucuatia.gob.ar\/wp\/wp-json\/wp\/v2\/types\/post"}],"author":[{"embeddable":true,"href":"https:\/\/concejocuruzucuatia.gob.ar\/wp\/wp-json\/wp\/v2\/users\/1"}],"replies":[{"embeddable":true,"href":"https:\/\/concejocuruzucuatia.gob.ar\/wp\/wp-json\/wp\/v2\/comments?post=1554"}],"version-history":[{"count":0,"href":"https:\/\/concejocuruzucuatia.gob.ar\/wp\/wp-json\/wp\/v2\/posts\/1554\/revisions"}],"wp:featuredmedia":[{"embeddable":true,"href":"https:\/\/concejocuruzucuatia.gob.ar\/wp\/wp-json\/wp\/v2\/media\/1553"}],"wp:attachment":[{"href":"https:\/\/concejocuruzucuatia.gob.ar\/wp\/wp-json\/wp\/v2\/media?parent=1554"}],"wp:term":[{"taxonomy":"category","embeddable":true,"href":"https:\/\/concejocuruzucuatia.gob.ar\/wp\/wp-json\/wp\/v2\/categories?post=1554"},{"taxonomy":"post_tag","embeddable":true,"href":"https:\/\/concejocuruzucuatia.gob.ar\/wp\/wp-json\/wp\/v2\/tags?post=1554"}],"curies":[{"name":"wp","href":"https:\/\/api.w.org\/{rel}","templated":true}]}}