{"id":1552,"date":"2023-05-29T15:29:55","date_gmt":"2023-05-29T15:29:55","guid":{"rendered":"https:\/\/concejocuruzucuatia.gob.ar\/wp\/2023\/05\/29\/celebracion-por-el-213-aniversario-de-la-creacion-del-ejercito-argentino\/"},"modified":"2023-05-29T15:29:55","modified_gmt":"2023-05-29T15:29:55","slug":"celebracion-por-el-213-aniversario-de-la-creacion-del-ejercito-argentino","status":"publish","type":"post","link":"https:\/\/concejocuruzucuatia.gob.ar\/wp\/2023\/05\/29\/celebracion-por-el-213-aniversario-de-la-creacion-del-ejercito-argentino\/","title":{"rendered":"Celebraci\u00f3n por el 213\u00b0 aniversario de la creaci\u00f3n del Ej\u00e9rcito Argentino"},"content":{"rendered":"<p style=\"margin: 0cm 0cm 7.5pt; background: white; text-align: center;\"><span style=\"font-family: 'Open Sans','sans-serif'; color: #333333;\">\u00a0<img decoding=\"async\" src=\"images\/290523-ejercito.JPG\" alt=\"\" \/><\/span><\/p>\n<p style=\"text-align: justify; background: white; margin: 0cm 0cm 7.5pt 0cm;\"><span style=\"font-family: 'Open Sans','sans-serif'; color: #333333;\">Por el D\u00eda del Ej\u00e9rcito Argentino se realiz\u00f3 la ceremonia el lunes 29 de mayo pasadas las 9 horas en la Plaza de Armas \u201cIslas Malvinas\u201d del Comando de la Primera Divisi\u00f3n de Ej\u00e9rcito.<\/span><\/p>\n<p style=\"text-align: justify; background: white; box-sizing: border-box; font-variant-ligatures: normal; font-variant-caps: normal; orphans: 2; widows: 2; -webkit-text-stroke-width: 0px; text-decoration-thickness: initial; text-decoration-style: initial; text-decoration-color: initial; word-spacing: 0px; margin: 0cm 0cm 7.5pt 0cm;\"><span style=\"font-family: 'Open Sans','sans-serif'; color: #333333;\">Fue presidida por el Segundo Comandante de la Primera Divisi\u00f3n de Ej\u00e9rcito, Coronel Mayor Alejandro Norberto Leonardi y cont\u00f3 con la presencia de la presidente del Honorable Concejo Deliberante Mariel Naya Yrigoyen, autoridades provinciales y locales.<\/span><\/p>\n<p style=\"text-align: justify; background: white; margin: 0cm 0cm 7.5pt 0cm;\"><span style=\"font-family: 'Open Sans','sans-serif'; color: #333333;\">Luego de la presentaci\u00f3n de la formaci\u00f3n y entonaci\u00f3n del Himno Nacional Argentino, se ley\u00f3 el mensaje del Estado Mayor del Ej\u00e9rcito y posterior las palabras del Segundo Comandante de la Primera Divisi\u00f3n de Ej\u00e9rcito, Coronel Mayor Alejandro Norberto Leonardi.<\/span><\/p>\n<p style=\"text-align: justify; background: white; margin: 0cm 0cm 7.5pt 0cm;\"><span style=\"font-family: 'Open Sans','sans-serif'; color: #333333;\">Se hicieron entrega de reconocimientos a personal militar que se retira y personal civil que se jubil\u00f3. Para finalizar se dispuso el dispositivo para el desfile militar junto a<span style=\"mso-spacerun: yes;\">\u00a0 <\/span>los veteranos de guerra acompa\u00f1ados por la banda militar Sancti Spiritus. <span style=\"mso-spacerun: yes;\">\u00a0<\/span><span style=\"mso-spacerun: yes;\">\u00a0<\/span><\/span><\/p>\n<p class=\"MsoNormal\">\u00a0<img decoding=\"async\" src=\"images\/290523-ejercito-2.JPG\" alt=\"\" \/><img decoding=\"async\" src=\"images\/290523-ejercito-3.JPG\" alt=\"\" \/><\/p>\n","protected":false},"excerpt":{"rendered":"<p style=\"margin: 0cm 0cm 7.5pt; background: white; text-align: center;\"><span style=\"font-family: 'Open Sans','sans-serif'; color: #333333;\">\u00a0<img decoding=\"async\" src=\"images\/290523-ejercito.JPG\" alt=\"\" \/><\/span><\/p>\n<p style=\"text-align: justify; background: white; margin: 0cm 0cm 7.5pt 0cm;\"><span style=\"font-family: 'Open Sans','sans-serif'; color: #333333;\">Por el D\u00eda del Ej\u00e9rcito Argentino se realiz\u00f3 la ceremonia el lunes 29 de mayo pasadas las 9 horas en la Plaza de Armas \u201cIslas Malvinas\u201d del Comando de la Primera Divisi\u00f3n de Ej\u00e9rcito.<\/span><\/p>\n","protected":false},"author":1,"featured_media":1551,"comment_status":"open","ping_status":"open","sticky":false,"template":"","format":"standard","meta":{"footnotes":""},"categories":[3],"tags":[],"class_list":["post-1552","post","type-post","status-publish","format-standard","has-post-thumbnail","hentry","category-uncategorised"],"brizy_media":[],"_links":{"self":[{"href":"https:\/\/concejocuruzucuatia.gob.ar\/wp\/wp-json\/wp\/v2\/posts\/1552","targetHints":{"allow":["GET"]}}],"collection":[{"href":"https:\/\/concejocuruzucuatia.gob.ar\/wp\/wp-json\/wp\/v2\/posts"}],"about":[{"href":"https:\/\/concejocuruzucuatia.gob.ar\/wp\/wp-json\/wp\/v2\/types\/post"}],"author":[{"embeddable":true,"href":"https:\/\/concejocuruzucuatia.gob.ar\/wp\/wp-json\/wp\/v2\/users\/1"}],"replies":[{"embeddable":true,"href":"https:\/\/concejocuruzucuatia.gob.ar\/wp\/wp-json\/wp\/v2\/comments?post=1552"}],"version-history":[{"count":0,"href":"https:\/\/concejocuruzucuatia.gob.ar\/wp\/wp-json\/wp\/v2\/posts\/1552\/revisions"}],"wp:featuredmedia":[{"embeddable":true,"href":"https:\/\/concejocuruzucuatia.gob.ar\/wp\/wp-json\/wp\/v2\/media\/1551"}],"wp:attachment":[{"href":"https:\/\/concejocuruzucuatia.gob.ar\/wp\/wp-json\/wp\/v2\/media?parent=1552"}],"wp:term":[{"taxonomy":"category","embeddable":true,"href":"https:\/\/concejocuruzucuatia.gob.ar\/wp\/wp-json\/wp\/v2\/categories?post=1552"},{"taxonomy":"post_tag","embeddable":true,"href":"https:\/\/concejocuruzucuatia.gob.ar\/wp\/wp-json\/wp\/v2\/tags?post=1552"}],"curies":[{"name":"wp","href":"https:\/\/api.w.org\/{rel}","templated":true}]}}