{"id":1511,"date":"2023-04-02T15:16:19","date_gmt":"2023-04-02T15:16:19","guid":{"rendered":"https:\/\/concejocuruzucuatia.gob.ar\/wp\/2023\/04\/02\/acto-central-por-el-dia-de-los-veteranos-y-caidos-en-la-guerra-de-malvinas\/"},"modified":"2023-04-02T15:16:19","modified_gmt":"2023-04-02T15:16:19","slug":"acto-central-por-el-dia-de-los-veteranos-y-caidos-en-la-guerra-de-malvinas","status":"publish","type":"post","link":"https:\/\/concejocuruzucuatia.gob.ar\/wp\/2023\/04\/02\/acto-central-por-el-dia-de-los-veteranos-y-caidos-en-la-guerra-de-malvinas\/","title":{"rendered":"Acto central por el D\u00eda de los Veteranos y Ca\u00eddos en la guerra de Malvinas"},"content":{"rendered":"<p class=\"MsoNormal\" style=\"margin-bottom: 0cm; line-height: normal; background: white;\"><img decoding=\"async\" src=\"images\/020423-malvinas-3.JPG\" alt=\"\" \/>Se realiz\u00f3 en la ma\u00f1ana del domingo 2 de abril el acto central por el 41\u00b0 aniversario de la gesta de Malvinas, entre las autoridades que presidieron el acto estuvo presente la presidente del Honorable Concejo Deliberante Mariel Naya Yrigoyen. Tambi\u00e9n acompa\u00f1aron los concejales Rosa Muller, Natalia Zakegian y Andr\u00e9s Ortiz.<\/p>\n<p class=\"MsoNormal\" style=\"margin-bottom: 0cm; line-height: normal; background: white;\"><span style=\"font-size: 10.5pt; font-family: 'Segoe UI',sans-serif; color: #262626; background: white;\">En la ma\u00f1ana del domingo se realiz\u00f3 el acto central que, como es habitual inici\u00f3 con el traslado de la Bandera Nacional portada por los Veteranos de Guerra de Malvinas y por las autoridades locales, provinciales y militares <\/span><span style=\"font-size: 10.5pt; font-family: 'Segoe UI',sans-serif; color: #262626; background: white;\"> desde el Palacio Municipal hasta el m\u00e1stil que se encuentra detr\u00e1s del monumento que recuerda a los ca\u00eddos en combate.<\/span><\/p>\n<p class=\"MsoNormal\" style=\"margin-bottom: 0cm; line-height: normal; background: white;\"><span style=\"font-size: 10.5pt; font-family: 'Segoe UI',sans-serif; color: #262626; background: white;\"><span style=\"mso-spacerun: yes;\">\u00a0<\/span><\/span><span style=\"font-size: 10.5pt; font-family: 'Segoe UI',sans-serif; color: #262626; background: white;\">Luego se trasladaron al palco\u00a0para dar inicio al acto con el saludo protocolar a la agrupaci\u00f3n \u201c2 de abril\u201d formada al efecto. Estuvo presente la banda \u00abFuerte Sancti Spiritus\u00bb de Mercedes.<\/span><\/p>\n<p class=\"MsoNormal\" style=\"margin-bottom: 0cm; line-height: normal; background: white;\"><span style=\"font-size: 10.5pt; font-family: 'Segoe UI',sans-serif; color: #262626; background: white;\"><span style=\"mso-spacerun: yes;\">\u00a0<\/span><\/span><span style=\"font-size: 10.5pt; font-family: 'Segoe UI',sans-serif; color: #262626; background: white;\">Luego el capell\u00e1n del ej\u00e9rcito el padre Norberto Damelio realiz\u00f3 la invocaci\u00f3n religiosa para finalmente hacer una evocaci\u00f3n religiosa a cargo del pastor Ram\u00f3n Alberto Aquino de la Iglesia R\u00edos de Vida.<\/span><\/p>\n<p class=\"MsoNormal\" style=\"margin-bottom: 0cm; line-height: normal; background: white;\"><span style=\"font-size: 10.5pt; font-family: 'Segoe UI',sans-serif; color: #262626; background: white;\"><span style=\"mso-spacerun: yes;\">\u00a0<\/span><\/span><span style=\"font-size: 10.5pt; font-family: 'Segoe UI',sans-serif; color: #262626; background: white;\">Minutos m\u00e1s tarde una comitiva encabezada por el Intendente Jos\u00e9 Irigoyen, viceintendente Guillermo Morandini, la presidente del HCD Mariel Naya Yrigoyen, del ej\u00e9rcito el coronel Mayor Alejandro Norberto Leonardi y del Centro de Veteranos de Guerra VGM Eduardo S\u00e1nchez se dirigieron hasta el monumento para honrar a los ca\u00eddos con una ofrenda floral y un minuto de silencio.<\/span><\/p>\n<p class=\"MsoNormal\" style=\"margin-bottom: 0cm; line-height: normal; background: white;\"><span style=\"font-size: 10.5pt; font-family: 'Segoe UI',sans-serif; color: #262626; background: white;\">En el momento de las palabras se escucharon al VGM suboficial principal (RE) Francisco Pedro Blanco y en representaci\u00f3n del ejecutivo al secretario privado del intendente Roberto Luis Soliz.<\/span><span style=\"font-size: 10.5pt; font-family: 'Segoe UI',sans-serif; color: #262626; background: white;\">\u00a0<\/span><\/p>\n<p class=\"MsoNormal\" style=\"margin-bottom: 0cm; line-height: normal; background: white;\"><span style=\"font-size: 10.5pt; font-family: 'Segoe UI',sans-serif; color: #262626; background: white;\">Luego la banda militar enton\u00f3 la canci\u00f3n oficial \u201cA Curuz\u00fa Cuati\u00e1\u201d y se adopt\u00f3 el dispositivo del desfile c\u00edvico militar.<\/span><\/p>\n<p class=\"MsoNormal\" style=\"margin-bottom: 0cm; line-height: normal; background: white;\"><span style=\"font-size: 10.5pt; font-family: 'Segoe UI',sans-serif; color: #262626; background: white;\"><img loading=\"lazy\" decoding=\"async\" src=\"images\/020423-malvinas-4.JPG\" alt=\"\" width=\"845\" height=\"567\" \/><img loading=\"lazy\" decoding=\"async\" src=\"images\/020423-malvinas-5.JPG\" alt=\"\" width=\"845\" height=\"567\" \/><img loading=\"lazy\" decoding=\"async\" src=\"images\/020423-malvinas-6.JPG\" alt=\"\" width=\"841\" height=\"565\" \/><\/span><\/p>\n<p class=\"MsoNormal\" style=\"margin-bottom: 0cm; line-height: normal; background: white;\"><span style=\"font-size: 10.5pt; font-family: 'Segoe UI',sans-serif; color: #262626; background: white;\"><span style=\"mso-spacerun: yes;\">\u00a0<\/span><\/span><\/p>\n","protected":false},"excerpt":{"rendered":"<p class=\"MsoNormal\" style=\"margin-bottom: 0cm; line-height: normal; background: white;\"><img decoding=\"async\" src=\"images\/020423-malvinas-3.JPG\" alt=\"\" \/>Se realiz\u00f3 en la ma\u00f1ana del domingo 2 de abril el acto central por el 41\u00b0 aniversario de la gesta de Malvinas, entre las autoridades que presidieron el acto estuvo presente la presidente del Honorable Concejo Deliberante Mariel Naya Yrigoyen. Tambi\u00e9n acompa\u00f1aron los concejales Rosa Muller, Natalia Zakegian y Andr\u00e9s Ortiz.<\/p>\n","protected":false},"author":1,"featured_media":1510,"comment_status":"open","ping_status":"open","sticky":false,"template":"","format":"standard","meta":{"footnotes":""},"categories":[3],"tags":[],"class_list":["post-1511","post","type-post","status-publish","format-standard","has-post-thumbnail","hentry","category-uncategorised"],"brizy_media":[],"_links":{"self":[{"href":"https:\/\/concejocuruzucuatia.gob.ar\/wp\/wp-json\/wp\/v2\/posts\/1511","targetHints":{"allow":["GET"]}}],"collection":[{"href":"https:\/\/concejocuruzucuatia.gob.ar\/wp\/wp-json\/wp\/v2\/posts"}],"about":[{"href":"https:\/\/concejocuruzucuatia.gob.ar\/wp\/wp-json\/wp\/v2\/types\/post"}],"author":[{"embeddable":true,"href":"https:\/\/concejocuruzucuatia.gob.ar\/wp\/wp-json\/wp\/v2\/users\/1"}],"replies":[{"embeddable":true,"href":"https:\/\/concejocuruzucuatia.gob.ar\/wp\/wp-json\/wp\/v2\/comments?post=1511"}],"version-history":[{"count":0,"href":"https:\/\/concejocuruzucuatia.gob.ar\/wp\/wp-json\/wp\/v2\/posts\/1511\/revisions"}],"wp:featuredmedia":[{"embeddable":true,"href":"https:\/\/concejocuruzucuatia.gob.ar\/wp\/wp-json\/wp\/v2\/media\/1510"}],"wp:attachment":[{"href":"https:\/\/concejocuruzucuatia.gob.ar\/wp\/wp-json\/wp\/v2\/media?parent=1511"}],"wp:term":[{"taxonomy":"category","embeddable":true,"href":"https:\/\/concejocuruzucuatia.gob.ar\/wp\/wp-json\/wp\/v2\/categories?post=1511"},{"taxonomy":"post_tag","embeddable":true,"href":"https:\/\/concejocuruzucuatia.gob.ar\/wp\/wp-json\/wp\/v2\/tags?post=1511"}],"curies":[{"name":"wp","href":"https:\/\/api.w.org\/{rel}","templated":true}]}}