{"id":1499,"date":"2023-03-10T02:12:01","date_gmt":"2023-03-10T02:12:01","guid":{"rendered":"https:\/\/concejocuruzucuatia.gob.ar\/wp\/2023\/03\/10\/informe-de-prensa-hcd-sesion-9-de-marzo-de-2023\/"},"modified":"2023-03-10T02:12:01","modified_gmt":"2023-03-10T02:12:01","slug":"informe-de-prensa-hcd-sesion-9-de-marzo-de-2023","status":"publish","type":"post","link":"https:\/\/concejocuruzucuatia.gob.ar\/wp\/2023\/03\/10\/informe-de-prensa-hcd-sesion-9-de-marzo-de-2023\/","title":{"rendered":"Informe de Prensa HCD \/ sesi\u00f3n 9 de marzo de 2023"},"content":{"rendered":"<p class=\"MsoNormal\" style=\"text-align: justify;\"><span style=\"font-size: 12.0pt; line-height: 115%; font-family: 'Arial','sans-serif';\"><img decoding=\"async\" src=\"images\/090323-sesion-1.JPG\" alt=\"\" \/><\/span><span style=\"font-size: 12.0pt; line-height: 115%; font-family: 'Arial','sans-serif';\">Como estaba previsto por convocatoria se realiz\u00f3 el jueves 9 de marzo del corriente la sesi\u00f3n ordinaria, presidida por la presidente del cuerpo Sra. Mariel Naya Yrigoyen y la pro secretaria Cra. Vanesa Muller quienes dieron inicio a la sesi\u00f3n del d\u00eda de la fecha.<span style=\"mso-spacerun: yes;\">\u00a0 <\/span>A continuaci\u00f3n se trat\u00f3 el primer punto referido a la lectura y consideraci\u00f3n de las<span style=\"mso-spacerun: yes;\">\u00a0 <\/span>Actas<span style=\"mso-spacerun: yes;\">\u00a0 <\/span>N\u00b0 1622, 1623, 1624 y 1625, las que omitiendo su lectura fueron aprobadas un\u00e1nimemente.<\/span><\/p>\n<p class=\"MsoNormal\" style=\"text-align: justify;\"><span style=\"font-size: 12.0pt; line-height: 115%; font-family: 'Arial','sans-serif';\">El segundo punto fue la conformaci\u00f3n de las comisiones permanentes para el a\u00f1o 2.023.<\/span><\/p>\n<p class=\"MsoNormal\" style=\"text-align: justify;\"><span style=\"font-size: 12.0pt; line-height: 115%; font-family: 'Arial','sans-serif';\">Para la comisi\u00f3n de GOBIERNO, el concejal Arbelo propuso a los concejales Santini, Crespi y Rub\u00edn, se puso a consideraci\u00f3n y fue aprobado por unanimidad quedando conformada la comisi\u00f3n de Gobierno por los ediles Santini, Crespi y Rub\u00edn.<\/span><\/p>\n<p class=\"MsoNormal\" style=\"text-align: justify;\"><span style=\"font-size: 12.0pt; line-height: 115%; font-family: 'Arial','sans-serif';\">Para la comisi\u00f3n de PRESUPUESTO, la concejal Ruiz propuso a los concejales Muller, Ruiz y Toffoli, se puso a consideraci\u00f3n y fue aprobada por unanimidad quedando conformada la comisi\u00f3n de Presupuesto por los ediles Muller, Ruiz y Toffoli.<\/span><\/p>\n<p class=\"MsoNormal\" style=\"text-align: justify;\"><span style=\"font-size: 12.0pt; line-height: 115%; font-family: 'Arial','sans-serif';\">Para la comisi\u00f3n de OBRAS P\u00daBLICAS, la concejal Muller propuso a los concejales Ortiz, Arbelo y Muller, se puso a consideraci\u00f3n y fue aprobada por unanimidad quedando conformada la comisi\u00f3n de Obras por los ediles Ortiz, Arbelo y Muller.<\/span><\/p>\n<p class=\"MsoNormal\" style=\"text-align: justify;\"><span style=\"font-size: 12.0pt; line-height: 115%; font-family: 'Arial','sans-serif';\">En cuanto a la comisi\u00f3n de PETICIONES Y SALUD, el concejal Rubin propuso a los concejales Cerono, Zakegian y Arbelo, se puso a consideraci\u00f3n y fue aprobada por unanimidad quedando conformada la comisi\u00f3n de Peticiones y Salud por los ediles Cerono, Zakegian y Arbelo.<\/span><\/p>\n<p class=\"MsoNormal\" style=\"text-align: justify;\"><span style=\"font-size: 12.0pt; line-height: 115%; font-family: 'Arial','sans-serif';\">Para la comisi\u00f3n de INTEGRACION y MERCOSUR, el concejal Ortiz propuso a los concejales Muller, Cerono y Toffoli, se puso a consideraci\u00f3n y fue aprobada por unanimidad quedando conformada la comisi\u00f3n de Integraci\u00f3n y Mercosur por los ediles Muller, Cerono y Toffoli.<span style=\"mso-spacerun: yes;\">\u00a0\u00a0\u00a0\u00a0\u00a0\u00a0\u00a0\u00a0\u00a0\u00a0 <\/span><\/span><\/p>\n<p class=\"MsoNormal\" style=\"text-align: justify;\"><span style=\"font-size: 12.0pt; line-height: 115%; font-family: 'Arial','sans-serif';\">La comisi\u00f3n de control y aprobaci\u00f3n de cuentas, estar\u00e1 formada por los presidentes de bloques, quienes presentaron por nota en mesa de entrada del HCD.<\/span><\/p>\n<p class=\"MsoNormal\" style=\"text-align: justify;\"><span style=\"font-size: 12.0pt; line-height: 115%; font-family: 'Arial','sans-serif';\">Para la comisi\u00f3n de MEDIO AMBIENTE, el concejal Toffoli propuso a los concejales Crespi, Ruiz y Cerono, sin otra moci\u00f3n se puso a consideraci\u00f3n la que fue aprobada un\u00e1nimemente quedando conformada por los ediles Crespi, Ruiz y Cerono.<\/span><\/p>\n<p class=\"MsoNormal\" style=\"text-align: justify;\"><span style=\"font-size: 12.0pt; line-height: 115%; font-family: 'Arial','sans-serif';\">Para la comisi\u00f3n de PRODUCCION y DESARROLLO, el concejal Cerono propuso a los concejales Muller, Crespi y Cerono, sin otra moci\u00f3n se puso a consideraci\u00f3n la que se aprob\u00f3 de manera un\u00e1nime quedando conformada por los ediles Muller, Crespi y Cerono.<span style=\"mso-spacerun: yes;\">\u00a0\u00a0\u00a0 <\/span><\/span><\/p>\n<p class=\"MsoNormal\" style=\"text-align: justify;\"><span style=\"font-size: 12.0pt; line-height: 115%; font-family: 'Arial','sans-serif';\">El tercer punto fue el de proyectos ingresados, primeramente de ordenanza,<span style=\"mso-spacerun: yes;\">\u00a0 <\/span>del bloque U.C.R. de establecer que durante el a\u00f1o 2.023 se deber\u00e1 inscribir la leyenda: \u201c1.983\/2.023- 40 a\u00f1os de Democracia\u201d, en toda documentaci\u00f3n oficial del Honorable Concejo Deliberante y del Departamento Ejecutivo Municipal, en lugar visible. El concejal Arbelo solicit\u00f3 el tratamiento sobre tablas el que fue aprobado un\u00e1nimemente, luego se dio lectura del proyecto aprob\u00e1ndolo posteriormente como ordenanza.<\/span><\/p>\n<p class=\"MsoNormal\" style=\"text-align: justify;\"><span style=\"font-size: 12.0pt; line-height: 115%; font-family: 'Arial','sans-serif';\">EL HONORABLE CONCEJO DELIBERANTE<\/span><\/p>\n<p class=\"MsoNormal\" style=\"text-align: justify;\"><span style=\"font-size: 12.0pt; line-height: 115%; font-family: 'Arial','sans-serif';\">DE CURUZU CUATIA<\/span><\/p>\n<p class=\"MsoNormal\" style=\"text-align: justify;\"><span style=\"font-size: 12.0pt; line-height: 115%; font-family: 'Arial','sans-serif';\">SANCIONA CON FUERZA DE<\/span><\/p>\n<p class=\"MsoNormal\" style=\"text-align: justify;\"><span style=\"font-size: 12.0pt; line-height: 115%; font-family: 'Arial','sans-serif';\">ORDENANZA<\/span><\/p>\n<p class=\"MsoNormal\" style=\"text-align: justify;\"><span style=\"font-size: 12.0pt; line-height: 115%; font-family: 'Arial','sans-serif';\">ART\u00cdCULO 1\u00b0.- ESTABLECER que durante el a\u00f1o 2.023 se deber\u00e1 inscribir la leyenda: \u00ab1983\/2023 &#8211; 40 A\u00d1OS DE DEMOCRACIA\u00bb, en toda documentaci\u00f3n oficial del Honorable Concejo Deliberante y del Departamento Ejecutivo Municipal, en lugar visible.<\/span><\/p>\n<p class=\"MsoNormal\" style=\"text-align: justify;\"><span style=\"font-size: 12.0pt; line-height: 115%; font-family: 'Arial','sans-serif';\">ART\u00cdCULO 2\u00b0.- DE FORMA. &#8211; <\/span><\/p>\n<p class=\"MsoNormal\" style=\"text-align: justify;\"><span style=\"font-size: 12.0pt; line-height: 115%; font-family: 'Arial','sans-serif';\">El proyecto de interbloques de afectar el espacio p\u00fablico ubicado en el sector Sur de la Plazoleta Italia de nuestra ciudad para CREAR<span style=\"mso-spacerun: yes;\">\u00a0 <\/span>el \u201cPaseo de la Mujer\u201d, el cual llevar\u00e1 el nombre de \u201cElena Bonatti\u201d pas\u00f3 a comisi\u00f3n de gobierno.<\/span><\/p>\n<p class=\"MsoNormal\" style=\"text-align: justify;\"><span style=\"font-size: 12.0pt; line-height: 115%; font-family: 'Arial','sans-serif';\"><img decoding=\"async\" src=\"images\/090323-sesion-2.JPG\" alt=\"\" \/><\/span><\/p>\n<p class=\"MsoNormal\" style=\"text-align: justify;\"><span style=\"font-size: 12.0pt; line-height: 115%; font-family: 'Arial','sans-serif';\">El proyecto de ordenanza que declara el mes de la mujer en el \u00e1mbito de la ciudad de Curuz\u00fa Cuati\u00e1 desde el 1 de marzo hasta el 31 de marzo de cada a\u00f1o que tendr\u00e1 el car\u00e1cter de adhesi\u00f3n de la Municipalidad de la Ciudad de Curuz\u00fa Cuati\u00e1 el d\u00eda internacional de la mujer, instituido por las Naciones Unidas, a celebrarse el 8 de marzo de cada a\u00f1o, fue solicitado por la concejal Fabiana Ruiz que sea tratado sobre tablas el que fue aprobado un\u00e1nimemente. Luego de la lectura se aprob\u00f3 como ordenanza de manera un\u00e1nime. <\/span><\/p>\n<p class=\"MsoNormal\" style=\"text-align: justify;\"><span style=\"font-size: 12.0pt; line-height: 115%; font-family: 'Arial','sans-serif';\">EL HONORABLE CONCEJO DELIBERANTE<\/span><\/p>\n<p class=\"MsoNormal\" style=\"text-align: justify;\"><span style=\"font-size: 12.0pt; line-height: 115%; font-family: 'Arial','sans-serif';\">DE CURUZU CUATIA<\/span><\/p>\n<p class=\"MsoNormal\" style=\"text-align: justify;\"><span style=\"font-size: 12.0pt; line-height: 115%; font-family: 'Arial','sans-serif';\">SANCIONA CON FUERZA DE <\/span><\/p>\n<p class=\"MsoNormal\" style=\"text-align: justify;\"><span style=\"font-size: 12.0pt; line-height: 115%; font-family: 'Arial','sans-serif';\">ORDENANZA<\/span><\/p>\n<p class=\"MsoNormal\" style=\"text-align: justify;\"><span style=\"font-size: 12.0pt; line-height: 115%; font-family: 'Arial','sans-serif';\">\u00a0<\/span><\/p>\n<p class=\"MsoNormal\" style=\"text-align: justify;\"><span style=\"font-size: 12.0pt; line-height: 115%; font-family: 'Arial','sans-serif';\">ART 1\u00b0. &#8211; DECLARAR el Mes de la Mujer en el \u00e1mbito de la ciudad de Curuz\u00fa Cuati\u00e1 desde el 1 de marzo hasta el 31 de marzo de cada a\u00f1o, que tendr\u00e1 el car\u00e1cter de adhesi\u00f3n de la Municipalidad de la Ciudad de Curuz\u00fa Cuati\u00e1 al D\u00eda Internacional de la Mujer, instituido por las Naciones Unidas, a celebrarse el 8 de marzo de cada a\u00f1o.<\/span><\/p>\n<p class=\"MsoNormal\" style=\"text-align: justify;\"><span style=\"font-size: 12.0pt; line-height: 115%; font-family: 'Arial','sans-serif';\">ART. 2\u00ba.- CR\u00c9ASE una Comisi\u00f3n compuesta por; una representante del \u00e1rea de Cultura, Ni\u00f1ez Adolescencia y Familia y de Salud de la Municipalidad, una concejal integrante de cada bloque del Honorable Concejo Deliberante, y una representante del Hospital Civil Dr. Fernando Irastorza; quienes tendr\u00e1n a su cargo la coordinaci\u00f3n e implementaci\u00f3n de las actividades que se realizar\u00e1n durante el mes de la Mujer Curuzucuate\u00f1a.<\/span><\/p>\n<p class=\"MsoNormal\" style=\"text-align: justify;\"><span style=\"font-size: 12.0pt; line-height: 115%; font-family: 'Arial','sans-serif';\">ART.3\u00b0. &#8211;<span style=\"mso-spacerun: yes;\">\u00a0 <\/span>Se desarrollar\u00e1n durante todo el mes de marzo, operativos conjuntos a fin de concientizar sobre enfermedades que afecten espec\u00edficamente a la mujer, solicitando para dichas actividades el acompa\u00f1amiento del \u00e1rea de salud municipal y del Hospital Civil Dr. Fernando Irastorza.<\/span><\/p>\n<p class=\"MsoNormal\" style=\"text-align: justify;\"><span style=\"font-size: 12.0pt; line-height: 115%; font-family: 'Arial','sans-serif';\">ART. 4\u00ba.-<span style=\"mso-spacerun: yes;\">\u00a0 <\/span>Los actos a desarrollarse durante el mes de la Mujer consistir\u00e1n en exposiciones pl\u00e1sticas realizadas por artistas Curuzucuate\u00f1as; difusi\u00f3n de obras literarias de igual origen; conferencias y debates que tengan como tem\u00e1tica la presencia de la Mujer en los distintos aspectos de la vida local, como cualquier otra expresi\u00f3n cultural, deportiva, art\u00edstica y\/o actividad en la que se destaquen mujeres Curuzucuate\u00f1as.<\/span><\/p>\n<p class=\"MsoNormal\" style=\"text-align: justify;\"><span style=\"font-size: 12.0pt; line-height: 115%; font-family: 'Arial','sans-serif';\">ART. 5\u00ba.-<span style=\"mso-spacerun: yes;\">\u00a0 <\/span>La Comisi\u00f3n creada por el art\u00edculo 3\u00b0 de la presente deber\u00e1; elaborar un plan de labor, como un programa de los actos y reuniones a realizarse durante el mes, para lo cual invitar\u00e1 a todas las organizaciones femeninas, profesionales de la ciencia, el arte y la cultura del \u00e1mbito curuzucuate\u00f1o, a colaborar en la mencionada programaci\u00f3n.<\/span><\/p>\n<p class=\"MsoNormal\" style=\"text-align: justify;\"><span style=\"font-size: 12.0pt; line-height: 115%; font-family: 'Arial','sans-serif';\">ART. 6\u00ba.-<span style=\"mso-spacerun: yes;\">\u00a0 <\/span>El mes de la Mujer Curuzucuate\u00f1a tendr\u00e1 su culminaci\u00f3n en un evento que se llevar\u00e1 a cabo los \u00faltimos d\u00edas de marzo; quedando su ubicaci\u00f3n a criterio de la Comisi\u00f3n creada por el art\u00edculo 3\u00b0.<\/span><\/p>\n<p class=\"MsoNormal\" style=\"text-align: justify;\"><span style=\"font-size: 12.0pt; line-height: 115%; font-family: 'Arial','sans-serif';\">ART.<span style=\"mso-spacerun: yes;\">\u00a0 <\/span>7\u00b0. &#8211; REMITIR copia de la presente al \u00e1rea de Cultura, Ni\u00f1ez, Adolescencia y Familia y Salud de esta Municipalidad.<\/span><\/p>\n<p class=\"MsoNormal\" style=\"text-align: justify;\"><span style=\"font-size: 12.0pt; line-height: 115%; font-family: 'Arial','sans-serif';\">ART. 8\u00b0. -DEROGAR todas las ordenanzas que se opongan a la presente.<\/span><\/p>\n<p class=\"MsoNormal\" style=\"text-align: justify;\"><span style=\"font-size: 12.0pt; line-height: 115%; font-family: 'Arial','sans-serif';\">ART 9\u00b0. &#8211;<span style=\"mso-spacerun: yes;\">\u00a0 <\/span>DE FORMA.<\/span><\/p>\n<p class=\"MsoNormal\" style=\"text-align: justify;\"><span style=\"font-size: 12.0pt; line-height: 115%; font-family: 'Arial','sans-serif';\"><img decoding=\"async\" src=\"images\/090323-sesion.JPG\" alt=\"\" \/><\/span><\/p>\n<p class=\"MsoNormal\" style=\"text-align: justify;\"><span style=\"font-size: 12.0pt; line-height: 115%; font-family: 'Arial','sans-serif';\">El proyecto de resoluci\u00f3n del bloque Frente de Todos de declarar de relevante inter\u00e9s institucional la conmemoraci\u00f3n de los 40 a\u00f1os de democracia a celebrarse el 10 de Diciembre del 2023, para lo cual se<span style=\"mso-spacerun: yes;\">\u00a0 <\/span>llevar\u00e1 a cabo actividades alusivas durante todo el a\u00f1o. El concejal Rubin solicit\u00f3 el tratamiento sobre tablas el que fue aprobado y luego de la lectura de la parte resolutiva puesto a consideraci\u00f3n fue aprobada como resoluci\u00f3n un\u00e1nimemente.<\/span><\/p>\n<p class=\"MsoNormal\" style=\"text-align: justify;\"><span style=\"font-size: 12.0pt; line-height: 115%; font-family: 'Arial','sans-serif';\">EL HONORABLE CONCEJO DELIBERANTE<\/span><\/p>\n<p class=\"MsoNormal\" style=\"text-align: justify;\"><span style=\"font-size: 12.0pt; line-height: 115%; font-family: 'Arial','sans-serif';\">DE CURUZU CUATIA<\/span><\/p>\n<p class=\"MsoNormal\" style=\"text-align: justify;\"><span style=\"font-size: 12.0pt; line-height: 115%; font-family: 'Arial','sans-serif';\">RESUELVE<\/span><\/p>\n<p class=\"MsoNormal\" style=\"text-align: justify;\"><span style=\"font-size: 12.0pt; line-height: 115%; font-family: 'Arial','sans-serif';\">ARTICULO 1\u00b0.- DECLARAR de relevante inter\u00e9s institucional la CONMEMORACION DE LOS 40 A\u00d1OS DE DEMOCRACIA a celebrarse el d\u00eda 10 de Diciembre de 2023, para lo cual se llevar\u00e1n a cabo actividades alusivas durante todo el a\u00f1o, promoviendo la concientizaci\u00f3n democr\u00e1tica y la valorizaci\u00f3n del sistema constitucional como garantes de la convivencia social en pos de la PAZ y la JUSTICIA SOCIAL.<\/span><\/p>\n<p class=\"MsoNormal\" style=\"text-align: justify;\"><span style=\"font-size: 12.0pt; line-height: 115%; font-family: 'Arial','sans-serif';\">ARTICULO 2\u00b0.- ADHERIR a la Resoluci\u00f3n 35\/2022 del MINISTERIO DEL INTERIOR DE LA NACION que crea e implemento el PROGRAMA \u00ab40 A\u00d1OS-DEMOCRACIA SIEMPRE\u00bb, facultando a la Presidencia del H.C.D. a realizar los convenios y las gestiones necesarias para su aplicaci\u00f3n local.<\/span><\/p>\n<p class=\"MsoNormal\" style=\"text-align: justify;\"><span style=\"font-size: 12.0pt; line-height: 115%; font-family: 'Arial','sans-serif';\">ARTICULO 3\u00b0.- DE FORMA.<\/span><\/p>\n<p class=\"MsoNormal\" style=\"text-align: justify;\"><span style=\"font-size: 12.0pt; line-height: 115%; font-family: 'Arial','sans-serif';\">El cuarto punto tratado fue el de comunicaciones oficiales, de DEM los Boletines Oficiales 3.436, 3.437, 3.438, 3.439, 3.440, 3.441, 3.442, quedaron en secretar\u00eda.<\/span><\/p>\n<p class=\"MsoNormal\" style=\"text-align: justify;\"><span style=\"font-size: 12.0pt; line-height: 115%; font-family: 'Arial','sans-serif';\">Del DEM presentando informe emitido por la Empresa Aguas de Corrientes S.A, sobre el servicio de agua potable y perforaciones realizadas en el a\u00f1o 2.022 y 2.023 pas\u00f3 a comisi\u00f3n de Obras.<\/span><\/p>\n<p class=\"MsoNormal\" style=\"text-align: justify;\"><span style=\"font-size: 12.0pt; line-height: 115%; font-family: 'Arial','sans-serif';\">Del DEM poniendo en conocimiento de la perforaci\u00f3n realizada por la empresa Aguas de Corrientes S.A, de acuerdo a lo dispuesto por la Ordenanza N\u00b0 3.426 qued\u00f3 en secretar\u00eda.<\/span><\/p>\n<p class=\"MsoNormal\" style=\"text-align: justify;\"><span style=\"font-size: 12.0pt; line-height: 115%; font-family: 'Arial','sans-serif';\">Del Auditor Municipal presentando nota N\u00b0 45\/2.022, informe especial N\u00b0 31\/2.022, vale de caja correspondiente al tercer trimestre 2.022 pas\u00f3 a comisi\u00f3n de Control. Y solicitando autorizaci\u00f3n para ausentarse del 01 al 16 de febrero del 2.023 qued\u00f3 en secretar\u00eda.<\/span><\/p>\n<p class=\"MsoNormal\" style=\"text-align: justify;\"><span style=\"font-size: 12.0pt; line-height: 115%; font-family: 'Arial','sans-serif';\">De la Secretaria de Hacienda solicitando expedientes pertenecientes a los proveedores, Suc. De Manuel Garc\u00eda y otros CUIT: 30-35856225-9, Irma Beatriz Ruiz CUIT: 27-13826794-1 y Ram\u00f3n Roberto Robaina CUIT: 20-0785225-3.-<\/span><\/p>\n<p class=\"MsoNormal\" style=\"text-align: justify;\"><span style=\"font-size: 12.0pt; line-height: 115%; font-family: 'Arial','sans-serif';\">Solicitando expedientes pertenecientes a los proveedores Suc. De Manuel Garc\u00eda y otros CUIT: 30-35856225-9, DROGUERIA AVENIDA CUIT: 30-70818525-2, RAMON ROBERTO ROBAINA CUIT: 20-07845255-3 y FARMACIA ARGENTINA CUIT: 30-58682157-8.-<\/span><\/p>\n<p class=\"MsoNormal\" style=\"text-align: justify;\"><span style=\"font-size: 12.0pt; line-height: 115%; font-family: 'Arial','sans-serif';\">Solicitando expedientes pertenecientes a los proveedores, Suc. De Manuel Garc\u00eda y otros CUIT: 30-35856225-9, Ram\u00f3n Roberto Robaina CUIT: 20-0785225-3, Passarello Mat\u00edas Dami\u00e1n CUIT: 20-29991191-9.-<\/span><\/p>\n<p class=\"MsoNormal\" style=\"text-align: justify;\"><span style=\"font-size: 12.0pt; line-height: 115%; font-family: 'Arial','sans-serif';\">Solicitando expedientes pertenecientes a los proveedores, \u00c1ngel Mar\u00eda del Pilar CUIT: 27-23083868-8, Duarte Loiacono Mar\u00eda Guadalupe CUIT: 27-34478347-6, SYRY SRL CUIT: 30-71488438-3, Dalpra Sergio Fabi\u00e1n CUIT 20-29571282-2, Antonini Lina Mar\u00eda CUIT: 27-24954469-3, Galpon Sur SRL CUIT: 30-70869795-4, Ruiz Mauro Hern\u00e1n CUIT: 20-28369055-6, Suc. De Manuel Garc\u00eda y otros CUIT: 30-35856225-9 y Jauregui Gustavo Ra\u00fal CUIT: 20-11640479-7.-<\/span><\/p>\n<p class=\"MsoNormal\" style=\"text-align: justify;\"><span style=\"font-size: 12.0pt; line-height: 115%; font-family: 'Arial','sans-serif';\">Solicitando expedientes pertenecientes a los proveedores, \u00c1ngel Mar\u00eda del Pilar CUIT: 27-23083868-8, Dalpra Sergio Fabi\u00e1n CUIT 20-29571282-2, Blancos Carlos Alberto CUIT: 23-21366079-9.-<\/span><\/p>\n<p class=\"MsoNormal\" style=\"text-align: justify;\"><span style=\"font-size: 12.0pt; line-height: 115%; font-family: 'Arial','sans-serif';\">Remitiendo documentaci\u00f3n correspondiente al Cuarto Trimestre del a\u00f1o 2.022.-<\/span><\/p>\n<p class=\"MsoNormal\" style=\"text-align: justify;\"><span style=\"font-size: 12.0pt; line-height: 115%; font-family: 'Arial','sans-serif';\">Solicitando la remisi\u00f3n expediente perteneciente al proveedor INARGIND S.S. CUIT 30-50339600-5.<\/span><\/p>\n<p class=\"MsoNormal\" style=\"text-align: justify;\"><span style=\"font-size: 12.0pt; line-height: 115%; font-family: 'Arial','sans-serif';\">Todas las solicitudes nombradas anteriormente fueron remitidas por presidencia.<\/span><\/p>\n<p class=\"MsoNormal\" style=\"text-align: justify;\"><span style=\"font-size: 12.0pt; line-height: 115%; font-family: 'Arial','sans-serif';\"><span style=\"mso-spacerun: yes;\">\u00a0<\/span>De presidencia del HCD informando a la Secretaria de Hacienda, los fondos asignados seg\u00fan libramiento N\u00b0 3.386 y 3.425, correspondiente al mes de octubre y noviembre del 2.022 qued\u00f3 en secretar\u00eda.<\/span><\/p>\n<p class=\"MsoNormal\" style=\"text-align: justify;\"><span style=\"font-size: 12.0pt; line-height: 115%; font-family: 'Arial','sans-serif';\">Remitiendo expedientes pertenecientes a los proveedores, Suc. De Manuel Garc\u00eda y otros CUIT: 30-35856225-9, Irma Beatriz Ruiz CUIT:27-13826794-1 y Ram\u00f3n Roberto Robaina CUIT: 20-0785225-3.-<\/span><\/p>\n<p class=\"MsoNormal\" style=\"text-align: justify;\"><span style=\"font-size: 12.0pt; line-height: 115%; font-family: 'Arial','sans-serif';\">Remitiendo expedientes pertenecientes a los proveedores Suc. De Manuel Garc\u00eda y otros CUIT: 30-35856225-9, DROGUERIA AVENIDA CUIT: 30-70818525-2, RAMON ROBERTO ROBAINA CUIT: 20-07845255-3 y FARMACIA ARGENTINA CUIT: 30-58682157-8.-<\/span><\/p>\n<p class=\"MsoNormal\" style=\"text-align: justify;\"><span style=\"font-size: 12.0pt; line-height: 115%; font-family: 'Arial','sans-serif';\">Remitiendo expedientes originales, que se detallan como anexo I, solicitado el d\u00eda 2 de febrero del corriente a\u00f1o.-<\/span><\/p>\n<p class=\"MsoNormal\" style=\"text-align: justify;\"><span style=\"font-size: 12.0pt; line-height: 115%; font-family: 'Arial','sans-serif';\">Remitiendo expedientes pertenecientes a los proveedores, \u00c1ngel Mar\u00eda del Pilar CUIT: 27-23083868-8, Dalpra Sergio Fabi\u00e1n CUIT 20-29571282-2, Blancos Carlos Alberto CUIT: 23-21366079-9.-<\/span><\/p>\n<p class=\"MsoNormal\" style=\"text-align: justify;\"><span style=\"font-size: 12.0pt; line-height: 115%; font-family: 'Arial','sans-serif';\">De la C\u00e1mara de Apelaciones de Curuz\u00fa Cuati\u00e1 informando las autoridades para el a\u00f1o 2.023 que recae la presidencia en el Dr. Cesar Rafael Ferreira.<\/span><\/p>\n<p class=\"MsoNormal\" style=\"text-align: justify;\"><span style=\"font-size: 12.0pt; line-height: 115%; font-family: 'Arial','sans-serif';\">Del Equipo T\u00e9cnico PEP Curuz\u00fa 2030 invitando a los talleres \u201cPlan Estrat\u00e9gicos Participativos Curuz\u00fa 2030\u201d qued\u00f3 en secretar\u00eda.<\/span><\/p>\n<p class=\"MsoNormal\" style=\"text-align: justify;\"><span style=\"font-size: 12.0pt; line-height: 115%; font-family: 'Arial','sans-serif';\">Del Juzgado de Faltas presentando informe de caja y planillas de infractores del mes de diciembre del 2.022 y enero del 2.023 qued\u00f3 en secretar\u00eda.<\/span><\/p>\n<p class=\"MsoNormal\" style=\"text-align: justify;\"><span style=\"font-size: 12.0pt; line-height: 115%; font-family: 'Arial','sans-serif';\">De la direcci\u00f3n de personal informando movimiento de personal desde los meses de febrero hasta noviembre del 2.022 pas\u00f3 a comisi\u00f3n de control.<\/span><\/p>\n<p class=\"MsoNormal\" style=\"text-align: justify;\"><span style=\"font-size: 12.0pt; line-height: 115%; font-family: 'Arial','sans-serif';\">De Asesor\u00eda legal remitiendo expediente N\u00b0 3620\/2022 sobres vecinos de calle Alberdi el concejal pas\u00f3 a comisi\u00f3n de gobierno y el Rub\u00edn solicit\u00f3 que se anexe a la nota recibida en el HCD. <\/span><\/p>\n<p class=\"MsoNormal\" style=\"text-align: justify;\"><span style=\"font-size: 12.0pt; line-height: 115%; font-family: 'Arial','sans-serif';\">Del Bloque FRENTE DE TODOS comunicando conformaci\u00f3n y la presidencia del bloque a cargo del concejal Carlos Rubin.<\/span><\/p>\n<p class=\"MsoNormal\" style=\"text-align: justify;\"><span style=\"font-size: 12.0pt; line-height: 115%; font-family: 'Arial','sans-serif';\">Del Partido Liberal comunicando conformaci\u00f3n de Mono Bloque y la presidencia del mismo la concejal Gabriela Crespi.<\/span><\/p>\n<p class=\"MsoNormal\" style=\"text-align: justify;\"><span style=\"font-size: 12.0pt; line-height: 115%; font-family: 'Arial','sans-serif';\">Del Bloque Uni\u00f3n C\u00edvica Radical comunicando conformaci\u00f3n y la presidencia del bloque a cargo de la concejal Fabiana Ruiz.<\/span><\/p>\n<p class=\"MsoNormal\" style=\"text-align: justify;\"><span style=\"font-size: 12.0pt; line-height: 115%; font-family: 'Arial','sans-serif';\">Del Bloque Encuentro Liberal comunicando conformaci\u00f3n y la presidencia del bloque a cargo del concejal Axel Toffoli.<\/span><\/p>\n<p class=\"MsoNormal\" style=\"text-align: justify;\"><span style=\"font-size: 12.0pt; line-height: 115%; font-family: 'Arial','sans-serif';\">Del Bloque Acci\u00f3n Por Corrientes comunicando conformaci\u00f3n y la presidencia del bloque a cargo del concejal Andr\u00e9s Ortiz.<\/span><\/p>\n<p class=\"MsoNormal\" style=\"text-align: justify;\"><span style=\"font-size: 12.0pt; line-height: 115%; font-family: 'Arial','sans-serif';\">Del Bloque PRO comunicando conformaci\u00f3n y la presidencia del bloque de la concejal Rosa Muller.<\/span><\/p>\n<p class=\"MsoNormal\" style=\"text-align: justify;\"><span style=\"font-size: 12.0pt; line-height: 115%; font-family: 'Arial','sans-serif';\">Del Bloque CONSERVADOR POPUPAL comunicando conformaci\u00f3n y la presidencia del bloque Jos\u00edas Cerono.<\/span><\/p>\n<p class=\"MsoNormal\" style=\"text-align: justify;\"><span style=\"font-size: 12.0pt; line-height: 115%; font-family: 'Arial','sans-serif';\"><img decoding=\"async\" src=\"images\/090323-sesion-3.JPG\" alt=\"\" \/><\/span><\/p>\n<p class=\"MsoNormal\" style=\"text-align: justify;\"><span style=\"font-size: 12.0pt; line-height: 115%; font-family: 'Arial','sans-serif';\">El quinto punto fue el de notas privadas, primero de los vecinos de Curuz\u00fa Cuati\u00e1, solicitando se realicen gestiones ante la empresa Aguas de Corrientes S.A, para conocer obras e inversiones en la ciudad pas\u00f3 a comisi\u00f3n de obras.<\/span><\/p>\n<p class=\"MsoNormal\" style=\"text-align: justify;\"><span style=\"font-size: 12.0pt; line-height: 115%; font-family: 'Arial','sans-serif';\">De los vecinos de la calle Alberdi, solicitando que la misma vuelva a ser doble mano se anex\u00f3 a la nota de asesor\u00eda legal.<\/span><\/p>\n<p class=\"MsoNormal\" style=\"text-align: justify;\"><span style=\"font-size: 12.0pt; line-height: 115%; font-family: 'Arial','sans-serif';\">De los vecinos del Barrio Yagua Rinc\u00f3n, solicitando la conexi\u00f3n de cloacas en el Pasaje de las manzanas 186\/A y 186\/B pas\u00f3 a comisi\u00f3n de Obras.<\/span><\/p>\n<p class=\"MsoNormal\" style=\"text-align: justify;\"><span style=\"font-size: 12.0pt; line-height: 115%; font-family: 'Arial','sans-serif';\">De vecinos de Curuz\u00fa Cuati\u00e1, solicitando habilitaci\u00f3n para ampliaci\u00f3n de servicios gastron\u00f3micos pas\u00f3 a comisi\u00f3n de Gobierno.<\/span><\/p>\n<p class=\"MsoNormal\" style=\"text-align: justify;\"><span style=\"font-size: 12.0pt; line-height: 115%; font-family: 'Arial','sans-serif';\">De la Empresa Curuz\u00fa Bus S.R.L, solicitando el incremento del boleto del transporte p\u00fablico de pasajeros pas\u00f3 a comisi\u00f3n de presupuesto.<\/span><\/p>\n<p class=\"MsoNormal\" style=\"text-align: justify;\"><span style=\"font-size: 12.0pt; line-height: 115%; font-family: 'Arial','sans-serif';\">De la Sociedad Rural de Curuz\u00fa Cuati\u00e1, solicitando se declare de Inter\u00e9s Municipal 55\u00b0 Exposici\u00f3n Feria del Ternero Correntino qued\u00f3 en secretar\u00eda.<\/span><\/p>\n<p class=\"MsoNormal\" style=\"text-align: justify;\"><span style=\"font-size: 12.0pt; line-height: 115%; font-family: 'Arial','sans-serif';\">Del Instituto Listen &amp; Learn, solicitando un espacio exclusivo para el ascenso y descenso de los alumnos de dicho instituto paso a comisiones de Gobierno y Obras.<\/span><\/p>\n<p class=\"MsoNormal\" style=\"text-align: justify;\"><span style=\"font-size: 12.0pt; line-height: 115%; font-family: 'Arial','sans-serif';\">Del Grupo por amor al arte solicitando el traslado del busto<span style=\"mso-spacerun: yes;\">\u00a0 <\/span>Sargento Cabral pas\u00f3 a comisi\u00f3n de Gobierno. <\/span><\/p>\n<p class=\"MsoNormal\" style=\"text-align: justify;\"><span style=\"font-size: 12.0pt; line-height: 115%; font-family: 'Arial','sans-serif';\">Del Grupo por amor al arte solicitando se\u00f1alamiento de los barrios hist\u00f3ricos pas\u00f3 a comisi\u00f3n de obras. <\/span><\/p>\n<p class=\"MsoNormal\" style=\"text-align: justify;\"><span style=\"font-size: 12.0pt; line-height: 115%; font-family: 'Arial','sans-serif';\">De La Asociaci\u00f3n Civil Sin Fines de Lucro Dona Cabello solicitando colaboraci\u00f3n con mano de obra para la construcci\u00f3n de un ba\u00f1o pas\u00f3 a comisi\u00f3n de Obras.<\/span><\/p>\n<p class=\"MsoNormal\" style=\"text-align: justify;\"><span style=\"font-size: 12.0pt; line-height: 115%; font-family: 'Arial','sans-serif';\">El sexto punto fue el de Resoluciones del DEM<\/span><\/p>\n<p class=\"MsoNormal\" style=\"text-align: justify;\"><span style=\"font-size: 12.0pt; line-height: 115%; font-family: 'Arial','sans-serif';\">A\u00f1o 2.022:<\/span><\/p>\n<p class=\"MsoNormal\" style=\"text-align: justify;\"><span style=\"font-size: 12.0pt; line-height: 115%; font-family: 'Arial','sans-serif';\">N\u00b0 565: Otorgar una ayuda econ\u00f3mica de $ 40.000 a la Sra. N\u00e9lida Argentina Souza Reis, D.N.I N\u00b0 24.954.412.-<\/span><\/p>\n<p class=\"MsoNormal\" style=\"text-align: justify;\"><span style=\"font-size: 12.0pt; line-height: 115%; font-family: 'Arial','sans-serif';\">N\u00b0566: Adjudicar<span style=\"mso-spacerun: yes;\">\u00a0 <\/span>a las empresa que se indican m\u00e1s abajo,<span style=\"mso-spacerun: yes;\">\u00a0 <\/span>los productos que resultaron m\u00e1s convenientes, reuniendo los requisitos de calidad establecidos y que mejor satisfacen las necesidades requeridas para los fines previstos, correspondientes al concurso de precios; que tiene por objeto la \u201ccompra de materiales para la construcci\u00f3n\u201d, la que ser\u00e1n destinada para pavimento de la calle Edgar Estigarribia entre Santa Fe y Misiones de la ciudad de Curuz\u00fa Cuati\u00e1, cuya apertura de ofertas se efectu\u00f3 conforme a lo previsto, a las 10 horas del viernes 2 de diciembre del 2.022, adjudicado a Ruiz Mauro Hern\u00e1n C.U.I.T N\u00b0 20-28369055-6.-<\/span><\/p>\n<p class=\"MsoNormal\" style=\"text-align: justify;\"><span style=\"font-size: 12.0pt; line-height: 115%; font-family: 'Arial','sans-serif';\">N\u00b0567: Establecer que durante todo el mes de Enero del a\u00f1o 2.023 el horario de atenci\u00f3n al p\u00fablico en la Municipalidad de Curuz\u00fa Cuati\u00e1 ser\u00e1 de 7:00 hs. a 12:00hs.-<\/span><\/p>\n<p class=\"MsoNormal\" style=\"text-align: justify;\"><span style=\"font-size: 12.0pt; line-height: 115%; font-family: 'Arial','sans-serif';\">N\u00b0568: Promulgar y Ordenar la publicaci\u00f3n en el Bolet\u00edn Oficial de la Ordenanza N\u00b0 3.420.-<\/span><\/p>\n<p class=\"MsoNormal\" style=\"text-align: justify;\"><span style=\"font-size: 12.0pt; line-height: 115%; font-family: 'Arial','sans-serif';\">N\u00b0569: Promulgar y Ordenar la publicaci\u00f3n en el Bolet\u00edn Oficial de la Ordenanza N\u00b0 3.422.-<\/span><\/p>\n<p class=\"MsoNormal\" style=\"text-align: justify;\"><span style=\"font-size: 12.0pt; line-height: 115%; font-family: 'Arial','sans-serif';\">N\u00b0570: Promulgar y Ordenar la publicaci\u00f3n en el Bolet\u00edn Oficial de la Ordenanza N\u00b0 3.423.-<\/span><\/p>\n<p class=\"MsoNormal\" style=\"text-align: justify;\"><span style=\"font-size: 12.0pt; line-height: 115%; font-family: 'Arial','sans-serif';\">N\u00b0571: Promulgar y Ordenar la publicaci\u00f3n en el Bolet\u00edn Oficial de la Ordenanza N\u00b0 3.424.-<\/span><\/p>\n<p class=\"MsoNormal\" style=\"text-align: justify;\"><span style=\"font-size: 12.0pt; line-height: 115%; font-family: 'Arial','sans-serif';\">N\u00b0572: Promulgar y Ordenar la publicaci\u00f3n en el Bolet\u00edn Oficial de la Ordenanza N\u00b0 3.425.-<\/span><\/p>\n<p class=\"MsoNormal\" style=\"text-align: justify;\"><span style=\"font-size: 12.0pt; line-height: 115%; font-family: 'Arial','sans-serif';\">N\u00b0573: Incorporar al Presupuesto Municipal del a\u00f1o 2.022 en la Partida 1.2.2.56. Instituto Nacional de Seguridad Social para Jubilados y pensionados <\/span><\/p>\n<p class=\"MsoNormal\" style=\"text-align: justify;\"><span style=\"font-size: 12.0pt; line-height: 115%; font-family: 'Arial','sans-serif';\">(PAMI). La remesa recibida por esta Municipalidad en la cuenta corriente N\u00b0 22500213\/93, del Banco de la Naci\u00f3n Argentina Sucursal Curuz\u00fa Cuati\u00e1, por la suma de PESOS DOSCIENTOS CUARENTA Y UN MIL OCHOCIENTOS SETENTA Y SIETE CON 06\/100 ($ 241.877,06), acreditadas el 30 de noviembre de 2.022, correspondiente al PAMI y destinado a atender las erogaciones que demande la ejecuci\u00f3n del mencionado plan.-<\/span><\/p>\n<p class=\"MsoNormal\" style=\"text-align: justify;\"><span style=\"font-size: 12.0pt; line-height: 115%; font-family: 'Arial','sans-serif';\">N\u00b0574: Derogar la Resoluci\u00f3n N\u00b0 468 de fecha 24 de septiembre de 2.021. Autorizar la Escritura P\u00fablica de compraventa a favor de Estevez Cirila Antonia, D.N.I N\u00b0 F5.579.622 de un terreno de Propiedad Municipal ubicado en la Manzana. N\u00b0 263 de la Planta Urbana de la Ciudad de Curuz\u00fa Cuati\u00e1, calle San Martin N\u00b0 223 entre calle Mar\u00eda Castello de Velazco y Domingo French, Inscripto en el registro de la Propiedad Inmueble de la Provincia de Corrientes, Folio Real Matricula N\u00b0 3.189, a nombre de la Municipalidad de Curuz\u00fa Cuati\u00e1, registrado en la Direcci\u00f3n General de Catastro y Cartograf\u00eda, bajo Partida Inmobiliaria E1-8551-1 (Parcela 2) de la Mensura N\u00b0 2746-L, Agrimensor Nacional Juan Pedro Sorribes, con una superficie: 404,76 m2.-<\/span><\/p>\n<p class=\"MsoNormal\" style=\"text-align: justify;\"><span style=\"font-size: 12.0pt; line-height: 115%; font-family: 'Arial','sans-serif';\">N\u00b0 575: Convocar a Licitaci\u00f3n privada N\u00b0 03\/2.022, con el objeto de ejecutar el Proyecto Renovaci\u00f3n Integral y Puesta en Valor del Parque Urbano \u201cMita Rori\u201d en la Ciudad de Curuz\u00fa Cuati\u00e1, conforme se detalla en el anexo a las Condiciones particulares del pliego de bases y condiciones aprobado por la presente.-<\/span><\/p>\n<p class=\"MsoNormal\" style=\"text-align: justify;\"><span style=\"font-size: 12.0pt; line-height: 115%; font-family: 'Arial','sans-serif';\">N\u00b0576: Disponer que la presente Resoluci\u00f3n Municipal se realiza a efecto de subsanar la omisi\u00f3n de la debida incorporaci\u00f3n por Resoluci\u00f3n del D.E.M del aporte no reintegrable por la suma de $ 2.605.000 (Pesos Dos Millones Seiscientos Cinco Mil) realizado por el Gobierno de la Provincia de Corrientes a trav\u00e9s del Decreto Provincial N\u00b0 1167\/2.020 pas\u00f3 a comisi\u00f3n de Control.<\/span><\/p>\n<p class=\"MsoNormal\" style=\"text-align: justify;\"><span style=\"font-size: 12.0pt; line-height: 115%; font-family: 'Arial','sans-serif';\">N\u00b0577: Crear la partida presupuestaria de ingreso 1.2.3.6 denominada \u201cL\u00ednea de equipamiento de Municipio\u201d a trav\u00e9s de empresas proveedoras Decreto provincial 2071\/2.022, en el presupuesto del D.E.M correspondiente al ejercicio 2.022.-<\/span><\/p>\n<p class=\"MsoNormal\" style=\"text-align: justify;\"><span style=\"font-size: 12.0pt; line-height: 115%; font-family: 'Arial','sans-serif';\">N\u00b0578: Disminuir e incrementar la siguiente partida del presupuesto del D.E.M., correspondiente al ejercicio 2.022.-<\/span><\/p>\n<p class=\"MsoNormal\" style=\"text-align: justify;\"><span style=\"font-size: 12.0pt; line-height: 115%; font-family: 'Arial','sans-serif';\">N\u00b0579: Otorgar una ayuda econ\u00f3mica de $ 30.000 a la Sra. Mirta Celestina Ram\u00edrez, D.N.I N\u00b0 22.817.420.-<\/span><\/p>\n<p class=\"MsoNormal\" style=\"text-align: justify;\"><span style=\"font-size: 12.0pt; line-height: 115%; font-family: 'Arial','sans-serif';\">N\u00b0580: Adjudicar a las personas\/empresas que se indican m\u00e1s abajo, las propuestas que resultaron m\u00e1s convenientes, reuniendo los requisitos de\u00a0<\/span><span style=\"font-family: Arial, 'sans-serif'; font-size: 12pt;\">calidad establecidos y que mejor satisfacen las necesidades requeridas para los fines previstos, correspondientes al concurso de precios, que tiene por objeto otorgar la \u201cexplotaci\u00f3n de cantinas comunes-cantinas vip para la realizaci\u00f3n de los carnavales Curuzucuate\u00f1os edici\u00f3n 2.023\u201d, cuya apertura de ofertas se efectu\u00f3 conforme a lo previsto, a las 7 horas del d\u00eda 12 de diciembre del 2.022, oferentes: Alexis Dami\u00e1n Carlasara, CUIT: 20-34655661-8, Myriam Patricia Caballero CUIT: 23-26678018-4, Soraya Khouri CUIT: 27-37328402-0.-<\/span><\/p>\n<p class=\"MsoNormal\" style=\"text-align: justify;\"><span style=\"font-size: 12.0pt; line-height: 115%; font-family: 'Arial','sans-serif';\">N\u00b0581: Incorporar al presupuesto municipal del a\u00f1o 2.022 la partida presupuestaria de ingreso \u201c1.2.3.6\u201d denominada \u201cL\u00ednea de Equipamiento de Municipio\u201d a trav\u00e9s de empresas proveedoras Decreto provincial 2071\/2.022.-<\/span><\/p>\n<p class=\"MsoNormal\" style=\"text-align: justify;\"><span style=\"font-size: 12.0pt; line-height: 115%; font-family: 'Arial','sans-serif';\">N\u00b0582: Incorporar al Presupuesto Municipal del a\u00f1o 2.022 en la Partida 1.2.3.4. \u201cPlan Sumar\u201d, las remesas recibidas por esta Municipalidad en la cuenta corriente N\u00b0 22500247\/32, del Banco de la Naci\u00f3n Argentina Sucursal Curuz\u00fa Cuati\u00e1, por la suma de PESOS SETECIENTOS CUARENTA Y CUATRO MIL SEISCIENTOS OCHENTA ($ 744.680,00), acreditadas el 13 de diciembre de 2.022, correspondiente al \u201cPlan Sumar\u201d y destinados a atender las erogaciones que demande la ejecuci\u00f3n del mencionado plan.-<\/span><\/p>\n<p class=\"MsoNormal\" style=\"text-align: justify;\"><span style=\"font-size: 12.0pt; line-height: 115%; font-family: 'Arial','sans-serif';\">N\u00b0583: Aumentar la siguiente partida de ingreso en el presupuesto del D.E.M correspondiente al ejercicio 2.022.-<\/span><\/p>\n<p class=\"MsoNormal\" style=\"text-align: justify;\"><span style=\"font-size: 12.0pt; line-height: 115%; font-family: 'Arial','sans-serif';\">N\u00b0584: Incorporar al presupuesto municipal del a\u00f1o 2022 en la partida presupuestaria de ingreso \u201c1.2.1.8\u201d denominadas \u201ccarnavales\u201d la remesa recibida por esta Municipalidad en la cuenta corriente N\u00b0 132024-1 del Banco de Corrientes S.A sucursal local por la suma de $ 5.000.000.-<\/span><\/p>\n<p class=\"MsoNormal\" style=\"text-align: justify;\"><span style=\"font-size: 12.0pt; line-height: 115%; font-family: 'Arial','sans-serif';\"><img decoding=\"async\" src=\"images\/090323-sesion-4.JPG\" alt=\"\" \/><\/span><\/p>\n<p class=\"MsoNormal\" style=\"text-align: justify;\"><span style=\"font-size: 12.0pt; line-height: 115%; font-family: 'Arial','sans-serif';\">A\u00f1o 2.023:<\/span><\/p>\n<p class=\"MsoNormal\" style=\"text-align: justify;\"><span style=\"font-size: 12.0pt; line-height: 115%; font-family: 'Arial','sans-serif';\">001: Constit\u00fayase el fondo permanente del Sr. Intendente Municipal, Vice-Intendente, Juzgado de Faltas y dem\u00e1s Secretaria y Direcciones.-<\/span><\/p>\n<p class=\"MsoNormal\" style=\"text-align: justify;\"><span style=\"font-size: 12.0pt; line-height: 115%; font-family: 'Arial','sans-serif';\">002: Adjudicar<span style=\"mso-spacerun: yes;\">\u00a0 <\/span>a las empresa que se indican m\u00e1s abajo,<span style=\"mso-spacerun: yes;\">\u00a0 <\/span>los productos que resultaron m\u00e1s convenientes, reuniendo los requisitos de calidad establecidos y que mejor satisfacen las necesidades requeridas para los fines previstos, correspondientes al concurso de precios; que tiene por objeto la \u201calquiler de servicio de sonido carnavales 2023\u201d, el que ser\u00e1 utilizado para la realizaci\u00f3n y puesta en escena de los carnavales Curuzucuate\u00f1os a realizarse en fecha 21, 28 de enero y 4, 10, 11 y 18 de febrero en la ciudad de Curuz\u00fa Cuati\u00e1, cuya apertura de ofertas se efectu\u00f3 conforme a lo previsto, a las 10 horas del lunes 19 de diciembre del 2.022, adjudicado a Piloni Mariel Karina C.U.I.T N\u00b0 27-20528044-3.-<\/span><\/p>\n<p class=\"MsoNormal\" style=\"text-align: justify;\"><span style=\"font-size: 12.0pt; line-height: 115%; font-family: 'Arial','sans-serif';\">003: Adjudicar<span style=\"mso-spacerun: yes;\">\u00a0 <\/span>a las empresa que se indican m\u00e1s abajo,<span style=\"mso-spacerun: yes;\">\u00a0 <\/span>los productos que resultaron m\u00e1s convenientes, reuniendo los requisitos de calidad establecidos y que mejor satisfacen las necesidades requeridas para los fines previstos, correspondientes al concurso de precios; que tiene por objeto la \u201cexclusividad de la venta de nieve artificial para los carnavales 2023\u201d, cuya apertura de ofertas se efectu\u00f3 conforme a lo previsto, a las 10:30 horas del viernes 06 de enero del 2.023, adjudicado. Oferente Lorena Cristina Quiroz CUIT 27402638376.-<\/span><\/p>\n<p class=\"MsoNormal\" style=\"text-align: justify;\"><span style=\"font-size: 12.0pt; line-height: 115%; font-family: 'Arial','sans-serif';\">004: Constit\u00fayase el fondo permanente para viajes u otras cuestiones puntuales de distintas a\u00e9reas del DEM por la suma total y \u00fanica de pesos doscientos mil ($ 200.000)-<\/span><\/p>\n<p class=\"MsoNormal\" style=\"text-align: justify;\"><span style=\"font-size: 12.0pt; line-height: 115%; font-family: 'Arial','sans-serif';\">005: Otorgar una ayuda econ\u00f3mica de $ 25.000 al Sr. Claudio Sa\u00fal Arel D.N.I N\u00b0 40.281.468.-<\/span><\/p>\n<p class=\"MsoNormal\" style=\"text-align: justify;\"><span style=\"font-size: 12.0pt; line-height: 115%; font-family: 'Arial','sans-serif';\">006: Otorgar una ayuda econ\u00f3mica de $ 27.400 a la Sra. Leonor Elizabeth Espindola D.N.I N\u00b0 36.027.258.-<\/span><\/p>\n<p class=\"MsoNormal\" style=\"text-align: justify;\"><span style=\"font-size: 12.0pt; line-height: 115%; font-family: 'Arial','sans-serif';\">007: Otorgar una ayuda econ\u00f3mica de $ 40.000 a la Sra. Elba Leticia Mendoza D.N.I N\u00b0 20.094.720.-<\/span><\/p>\n<p class=\"MsoNormal\" style=\"text-align: justify;\"><span style=\"font-size: 12.0pt; line-height: 115%; font-family: 'Arial','sans-serif';\">008: Planilla De Descuento de haberes del mes de Mayo, Junio, Julio 2.022.-<\/span><\/p>\n<p class=\"MsoNormal\" style=\"text-align: justify;\"><span style=\"font-size: 12.0pt; line-height: 115%; font-family: 'Arial','sans-serif';\">009: Planilla De Descuento de haberes del mes de Febrero, Marzo, Abril 2.022.-<\/span><\/p>\n<p class=\"MsoNormal\" style=\"text-align: justify;\"><span style=\"font-size: 12.0pt; line-height: 115%; font-family: 'Arial','sans-serif';\">010: Planilla De Descuento de haberes del mes de Agosto, Septiembre, Octubre 2.022.-<\/span><\/p>\n<p class=\"MsoNormal\" style=\"text-align: justify;\"><span style=\"font-size: 12.0pt; line-height: 115%; font-family: 'Arial','sans-serif';\">011: Planilla De Descuento de haberes del mes de noviembre 2.022.-<\/span><\/p>\n<p class=\"MsoNormal\" style=\"text-align: justify;\"><span style=\"font-size: 12.0pt; line-height: 115%; font-family: 'Arial','sans-serif';\">012: Aceptar la renuncia al cargo presentada por el Coordinador de Recolecci\u00f3n de Residuos a esta Municipalidad, el Sr. Rub\u00e9n Dar\u00edo Taibo, D.N.I N\u00b0 21.646.596, a partir del 15 de enero del 2.023.-<\/span><\/p>\n<p class=\"MsoNormal\" style=\"text-align: justify;\"><span style=\"font-size: 12.0pt; line-height: 115%; font-family: 'Arial','sans-serif';\">013: Promulgar y Ordenas la publicaci\u00f3n en el Bolet\u00edn Oficial de la Ordenanza N\u00b0 3.426.-<\/span><\/p>\n<p class=\"MsoNormal\" style=\"text-align: justify;\"><span style=\"font-size: 12.0pt; line-height: 115%; font-family: 'Arial','sans-serif';\">014: Convocar a licitaci\u00f3n privada N\u00b0 01\/2.023, con el objeto de adquirir materiales de construcci\u00f3n destinado al bacheo y repavimentaci\u00f3n de 14 cuadras y 5 bocacalles en varias zona del ejido urbano de Curuz\u00fa Cuati\u00e1.-<\/span><\/p>\n<p class=\"MsoNormal\" style=\"text-align: justify;\"><span style=\"font-size: 12.0pt; line-height: 115%; font-family: 'Arial','sans-serif';\">015: Adjudicar a la empresa que se indica m\u00e1s abajo, el<span style=\"mso-spacerun: yes;\">\u00a0 <\/span>producto que resulto m\u00e1s conveniente, reuniendo los requisitos de calidad establecidos y que mejor satinasen las necesidades requeridas para los fines previstos, correspondientes al concurso de precios, que tiene por objeto la \u201cadquisici\u00f3n de trozados de pollo\u201d, la que ser\u00e1n destinada a la asistencia social a trav\u00e9s del C.I.C (Centro de Integraci\u00f3n Comunitaria) a familias de la ciudad y de parajes rurales dependiente de nuestro departamento, cuya apertura oferta se efectu\u00f3 conforme a lo previsto, a las 07:00 hs. del martes 24 de enero del 2.023 siendo adjudicada al oferente Ruiz Irma Beatriz, CUIT: 27-13826794-1.-<\/span><\/p>\n<p class=\"MsoNormal\" style=\"text-align: justify;\"><span style=\"font-size: 12.0pt; line-height: 115%; font-family: 'Arial','sans-serif';\">016: Adjudicar a las empresas que se indican abajo, los producto que resultaron m\u00e1s conveniente, reuniendo los requisitos de calidad establecidos y que mejor satinasen las necesidades requeridas para los fines previstos, correspondientes al concurso de precios, que tiene por objeto la \u201cadquisici\u00f3n de de leche entera\u201d, la que ser\u00e1n destinada a la asistencia social a trav\u00e9s del C.I.C (Centro de Integraci\u00f3n Comunitaria) a familias, merenderos y secciones rurales dependiente de nuestro departamento, cuya apertura de oferta se efectu\u00f3 conforme a lo previsto, a las 07:00 hs. del martes 24 de enero del 2.023 siendo adjudicada al oferente Robaina Ram\u00f3n Alberto, CUIT: 20-07845255-3.-<\/span><\/p>\n<p class=\"MsoNormal\" style=\"text-align: justify;\"><span style=\"font-size: 12.0pt; line-height: 115%; font-family: 'Arial','sans-serif';\">017: Incorporar al presupuesto municipal del a\u00f1o 2023 en la partida presupuestaria de ingreso \u201c1.2.1.8\u201d denominadas \u201ccarnavales\u201d la remesa recibida por esta Municipalidad en la cuenta corriente N\u00b0 132024-1 del Banco de Corrientes S.A sucursal local por la suma de $ 5.000.000.-<\/span><\/p>\n<p class=\"MsoNormal\" style=\"text-align: justify;\"><span style=\"font-size: 12.0pt; line-height: 115%; font-family: 'Arial','sans-serif';\">018: Abonar la suma de $ 25.000 a la Sra. Malena Cordova, D.N.I N\u00b0 36.468.595.-<\/span><\/p>\n<p class=\"MsoNormal\" style=\"text-align: justify;\"><span style=\"font-size: 12.0pt; line-height: 115%; font-family: 'Arial','sans-serif';\">019: Adjudicar a las empresas que se indican abajo, los producto que resultaron m\u00e1s conveniente, reuniendo los requisitos de calidad establecidos y que mejor satisfacen<span style=\"mso-spacerun: yes;\">\u00a0 <\/span>las necesidades requeridas para los fines previstos, correspondientes al concurso de precios, que tiene por objeto la \u201cadquisici\u00f3n de <\/span><\/p>\n<p class=\"MsoNormal\" style=\"text-align: justify;\"><span style=\"font-size: 12.0pt; line-height: 115%; font-family: 'Arial','sans-serif';\">productos alimenticios varios\u201d, la que ser\u00e1n destinada a la asistencia social a trav\u00e9s del C.I.C (Centro de Integraci\u00f3n Comunitaria) a familias de la ciudad y merenderos secciones rurales dependiente de nuestro departamento, cuya apertura<span style=\"mso-spacerun: yes;\">\u00a0 <\/span>oferta se efectu\u00f3 conforme a lo previsto, a las 07:00 hs. del martes 24 de enero del 2.023 siendo adjudicada al oferente Robaina Ram\u00f3n Alberto, CUIT: 20-07845255-3.-<\/span><\/p>\n<p class=\"MsoNormal\" style=\"text-align: justify;\"><span style=\"font-size: 12.0pt; line-height: 115%; font-family: 'Arial','sans-serif';\">020: Disminuir y Incrementar del presupuesto del D.E.M, correspondiente al ejercicio 2.022.-<\/span><\/p>\n<p class=\"MsoNormal\" style=\"text-align: justify;\"><span style=\"font-size: 12.0pt; line-height: 115%; font-family: 'Arial','sans-serif';\">021: Instruir sumario administrativo al agente municipal Gustavo Javier Romero, D.N.I N\u00b0 24.441.223, legajo N\u00b0 1.031.-<\/span><\/p>\n<p class=\"MsoNormal\" style=\"text-align: justify;\"><span style=\"font-size: 12.0pt; line-height: 115%; font-family: 'Arial','sans-serif';\">022: Incorporar al Presupuesto Municipal del a\u00f1o 2.023 en la Partida 1.2.2.56. Instituto Nacional de Seguridad Social para Jubilados y pensionados (PAMI). La remesa recibida por esta Municipalidad en la cuenta corriente N\u00b0 22500213\/93, del Banco de la Naci\u00f3n Argentina Sucursal Curuz\u00fa Cuati\u00e1, por la suma de PESOS CUARENTA MIL OCHOCIENTOS CUARENTA Y TRES CON 12\/100 ($ 40.843.12), acreditadas el 03 de enero de 2.023, correspondiente al PAMI y destinado a atender las erogaciones que demande la ejecuci\u00f3n del mencionado plan.-<\/span><\/p>\n<p class=\"MsoNormal\" style=\"text-align: justify;\"><span style=\"font-size: 12.0pt; line-height: 115%; font-family: 'Arial','sans-serif';\">023: Otorgar una ayuda econ\u00f3mica de $ 40.000 a la Sra. Gabriela Josefina Villalba D.N.I N\u00b0 20.087.986.-<\/span><\/p>\n<p class=\"MsoNormal\" style=\"text-align: justify;\"><span style=\"font-size: 12.0pt; line-height: 115%; font-family: 'Arial','sans-serif';\">024: Otorgar una ayuda econ\u00f3mica de $ 30.000 a la Sra. Mar\u00eda Marta Zabalo D.N.I N\u00b0 28.111.883.-<\/span><\/p>\n<p class=\"MsoNormal\" style=\"text-align: justify;\"><span style=\"font-size: 12.0pt; line-height: 115%; font-family: 'Arial','sans-serif';\">025: Aumentar la siguiente partida de ingresos en el presupuesto correspondiente al ejercicio 2.023 y aumentar la partida presupuestaria de egreso 2.3.2.21 denominada Ley 6.311.-<\/span><\/p>\n<p class=\"MsoNormal\" style=\"text-align: justify;\"><span style=\"font-size: 12.0pt; line-height: 115%; font-family: 'Arial','sans-serif';\">026: Aumentar la siguiente partida de ingresos en el presupuesto correspondiente al ejercicio 2.023 y aumentar la partida presupuestaria de egreso 2.2.1.52 denominada PAMI.-<\/span><\/p>\n<p class=\"MsoNormal\" style=\"text-align: justify;\"><span style=\"font-size: 12.0pt; line-height: 115%; font-family: 'Arial','sans-serif';\">027: Aumentar la siguiente partida de ingresos en el presupuesto correspondiente al ejercicio 2.023 y aumentar la partida presupuestaria de egreso 2.1.6.5 denominada Carnavales.-<\/span><\/p>\n<p class=\"MsoNormal\" style=\"text-align: justify;\"><span style=\"font-size: 12.0pt; line-height: 115%; font-family: 'Arial','sans-serif';\">028: Aumentar la siguiente partida de ingresos en el presupuesto correspondiente al ejercicio 2.023 y aumentar la partida presupuestaria de egreso 2.2.5.2 denominada Plan Sumar.-<\/span><\/p>\n<p class=\"MsoNormal\" style=\"text-align: justify;\"><span style=\"font-size: 12.0pt; line-height: 115%; font-family: 'Arial','sans-serif';\">029: Declarar el Estado de Emergencia H\u00eddrica Municipal, por el t\u00e9rmino de sesenta d\u00edas corridos.-<\/span><\/p>\n<p class=\"MsoNormal\" style=\"text-align: justify;\"><span style=\"font-size: 12.0pt; line-height: 115%; font-family: 'Arial','sans-serif';\">030: Otorgar una ayuda econ\u00f3mica de $ 45.000 al Sr. Rub\u00e9n V\u00edctor Rodr\u00edguez, D.N.I N\u00b0 12.056.102.-<\/span><\/p>\n<p class=\"MsoNormal\" style=\"text-align: justify;\"><span style=\"font-size: 12.0pt; line-height: 115%; font-family: 'Arial','sans-serif';\">031: Adjudicar al oferente que se indica m\u00e1s abajo,<span style=\"mso-spacerun: yes;\">\u00a0 <\/span>la Licitaci\u00f3n Privada 03\/2022, teniendo en cuenta, la propuesta que result\u00f3 v\u00e1lida, atento a la Licitaci\u00f3n Privada realizada con la modalidad \u201coferta por la totalidad de ejecuci\u00f3n de obra\u201d reuniendo los requisitos de calidad establecidos y que mejor satisfacen las necesidades requeridas para los fines previstos, correspondientes a la Licitaci\u00f3n Privada referida; que tiene por objeto \u201cRenovaci\u00f3n integral y puesta en valor del parque urbano Mita Rori de la ciudad de Curuz\u00fa Cuati\u00e1 Provincia de Corrientes\u201d cuya apertura de ofertas se efectu\u00f3 conforme a lo estipulado, a las 10:00 horas del d\u00eda jueves 5 de enero de 2.023. Adjudicada a CAVERCON S.R.L C.U.I.T N\u00b0 30-71034413-9.-<\/span><\/p>\n<p class=\"MsoNormal\" style=\"text-align: justify;\"><span style=\"font-size: 12.0pt; line-height: 115%; font-family: 'Arial','sans-serif';\">032: Otorgar una ayuda econ\u00f3mica de $ 45.000 al Sr. Juan Jos\u00e9 Estigarribia, D.N.I N\u00b0 25.208.846.-<\/span><\/p>\n<p class=\"MsoNormal\" style=\"text-align: justify;\"><span style=\"font-size: 12.0pt; line-height: 115%; font-family: 'Arial','sans-serif';\">033: Otorgar una ayuda econ\u00f3mica de $ 45.000 a la Sra. Mercedes Yasmin Yuliet Jacobo, D.N.I N\u00b0 18.164.120.-<\/span><\/p>\n<p class=\"MsoNormal\" style=\"text-align: justify;\"><span style=\"font-size: 12.0pt; line-height: 115%; font-family: 'Arial','sans-serif';\">034: Otorgar una ayuda econ\u00f3mica de $ 50.000 a la Sra. Mar\u00eda Natalia Monz\u00f3n, D.N.I N\u00b0 25.671.752.-<\/span><\/p>\n<p class=\"MsoNormal\" style=\"text-align: justify;\"><span style=\"font-size: 12.0pt; line-height: 115%; font-family: 'Arial','sans-serif';\">035: Incorporar al presupuesto municipal del a\u00f1o 2.020 el aporte no reintegrable por la suma $ 2.350.000 realizado por el Gobierno de la Provincia de Corrientes, a trav\u00e9s del Decreto Provincial N\u00b0 2552\/2020 pas\u00f3 a comisi\u00f3n de Control.<\/span><\/p>\n<p class=\"MsoNormal\" style=\"text-align: justify;\"><span style=\"font-size: 12.0pt; line-height: 115%; font-family: 'Arial','sans-serif';\">036: Incorporar al presupuesto municipal del a\u00f1o 2.020 el aporte no reintegrable por la suma $ 840.000 realizado por el Gobierno de la Provincia de Corrientes, a trav\u00e9s del Decreto Provincial N\u00b0 337\/2021 pas\u00f3 a comisi\u00f3n de Control.<\/span><\/p>\n<p class=\"MsoNormal\" style=\"text-align: justify;\"><span style=\"font-size: 12.0pt; line-height: 115%; font-family: 'Arial','sans-serif';\">037: Fijar la fecha de la realizaci\u00f3n de los carnavales 2.024.-<\/span><\/p>\n<p class=\"MsoNormal\" style=\"text-align: justify;\"><span style=\"font-size: 12.0pt; line-height: 115%; font-family: 'Arial','sans-serif';\">038: Adjudicar<span style=\"mso-spacerun: yes;\">\u00a0 <\/span>a las empresa que se indican m\u00e1s abajo,<span style=\"mso-spacerun: yes;\">\u00a0 <\/span>los productos que resultaron m\u00e1s convenientes, reuniendo los requisitos de calidad establecidos y que mejor satisfacen las necesidades requeridas para los fines previstos, correspondientes al concurso de precios; que tiene por objeto la \u201ccompra alimentos balanceado para bovinos 30 toneladas\u201d, la que ser\u00e1n destinada para la asistencia de peque\u00f1os productores de la ciudad de Curuz\u00fa Cuati\u00e1, cuya apertura de ofertas se efectu\u00f3 conforme a lo previsto, a las 7:00 horas del lunes 6<span style=\"mso-spacerun: yes;\">\u00a0 <\/span>de diciembre del 2.023, adjudicado a Agroveterinaria El Mangrullo C.U.I.T N\u00b0 30-71239500-8.-<\/span><\/p>\n<p class=\"MsoNormal\" style=\"text-align: justify;\"><span style=\"font-size: 12.0pt; line-height: 115%; font-family: 'Arial','sans-serif';\">039: Otorgar una ayuda econ\u00f3mica de $ 20.000 al Sr. Facundo Nazareno P\u00e9rez, D.N.I N\u00b0 26.063.400.-<\/span><\/p>\n<p class=\"MsoNormal\" style=\"text-align: justify;\"><span style=\"font-size: 12.0pt; line-height: 115%; font-family: 'Arial','sans-serif';\">040: Otorgar una ayuda econ\u00f3mica de $ 15.000 a la Sra. Daiana Anabella Torrez Ram\u00edrez, D.N.I N\u00b0 33.716.573.-<\/span><\/p>\n<p class=\"MsoNormal\" style=\"text-align: justify;\"><span style=\"font-size: 12.0pt; line-height: 115%; font-family: 'Arial','sans-serif';\">041: Otorgar una ayuda econ\u00f3mica de $ 50.000 al Sr. Ram\u00f3n Andr\u00e9s Acevedo, D.N.I N\u00b0 36.111.858.-<\/span><\/p>\n<p class=\"MsoNormal\" style=\"text-align: justify;\"><span style=\"font-size: 12.0pt; line-height: 115%; font-family: 'Arial','sans-serif';\">042: Aumentar partida de ingresos en el presupuesto del D.E.M correspondiente al ejercicio 2.023. Aumentar la partida presupuestaria de egreso \u201c2.2.5.7\u201d denominada \u201cReforma y Revitalizaci\u00f3n del Parque Mita Rori\u201d.-<\/span><\/p>\n<p class=\"MsoNormal\" style=\"text-align: justify;\"><span style=\"font-size: 12.0pt; line-height: 115%; font-family: 'Arial','sans-serif';\">043: Convocar a licitaci\u00f3n p\u00fablica N\u00b0 01\/2023 para la compra de una camioneta 0 km, la que se detalla en el anexo a las \u201ccondiciones particulares\u201d del pliego de base y condiciones aprobado por la presente.-<\/span><\/p>\n<p class=\"MsoNormal\" style=\"text-align: justify;\"><span style=\"font-size: 12.0pt; line-height: 115%; font-family: 'Arial','sans-serif';\">044: Modificar el aumento del \u201cPlus Salarial\u201d a la suma de $ 21.000 a partir del 01 de febrero del 2.023.-<\/span><\/p>\n<p class=\"MsoNormal\" style=\"text-align: justify;\"><span style=\"font-size: 12.0pt; line-height: 115%; font-family: 'Arial','sans-serif';\">045: Otorgar una ayuda econ\u00f3mica de $ 20.000 al Sr. Juan Mi\u00f1o, D.N.I N\u00b0 17.647.552.-<\/span><\/p>\n<p class=\"MsoNormal\" style=\"text-align: justify;\"><span style=\"font-size: 12.0pt; line-height: 115%; font-family: 'Arial','sans-serif';\">046: Otorgar una ayuda econ\u00f3mica de $ 75.000 al Sr. Ricardo Davis Ocampo, D.N.I N\u00b0 33.001.808.-<\/span><\/p>\n<p class=\"MsoNormal\" style=\"text-align: justify;\"><span style=\"font-size: 12.0pt; line-height: 115%; font-family: 'Arial','sans-serif';\">047: Otorgar una ayuda econ\u00f3mica de $ 100.000 al Sr. Santiago Martin Primo, D.N.I N\u00b0 37.449.670.-<\/span><\/p>\n<p class=\"MsoNormal\" style=\"text-align: justify;\"><span style=\"font-size: 12.0pt; line-height: 115%; font-family: 'Arial','sans-serif';\">048: Otorgar una ayuda econ\u00f3mica de $ 40.000 al Sr. Leonardo Ismael R\u00edos, D.N.I N\u00b0 40.736.240.-<\/span><\/p>\n<p class=\"MsoNormal\" style=\"text-align: justify;\"><span style=\"font-size: 12.0pt; line-height: 115%; font-family: 'Arial','sans-serif';\">049: Fijar el precio de venta del inmueble identificado en Pesos Trescientos Mil ($ 300.000) adjudic\u00e1ndose una vez pago, en forma directa al Sr. Coceres Jorge Rub\u00e9n, D.N.I N\u00b0 22.817.401 en donde solicita en compra un lote en terreno municipal ubicado en la Manzana N\u00b0 261, sobre Rafael Perazzo, Inscriptos: <\/span><\/p>\n<p class=\"MsoNormal\" style=\"text-align: justify;\"><span style=\"font-size: 12.0pt; line-height: 115%; font-family: 'Arial','sans-serif';\">Tomo 3\u00b0 Folio 592\/593 a\u00f1o 1.974, Bajo Partida Inmobiliaria: E1-16857-1 (Fracci\u00f3n A2).-<\/span><\/p>\n<p class=\"MsoNormal\" style=\"text-align: justify;\"><span style=\"font-size: 12.0pt; line-height: 115%; font-family: 'Arial','sans-serif';\">050: Autorizar la Escritura P\u00fablica de compraventa a favor de la Sra. Fern\u00e1ndez Mar\u00eda Dolores, D.N.I N\u00b0 14.196.585 de un terreno de Propiedad Municipal ubicado en la Mzana. N\u00b0 270 de la Planta Urbana de la Ciudad de Curuz\u00fa Cuati\u00e1, calle Don Bosco N\u00b0 1.943, Inscripto en el Registro de la Propiedad Inmueble de la Provincia de Corrientes, Folio Real Matricula N\u00b0 13368, a nombre de la Municipalidad de Curuz\u00fa Cuati\u00e1, registrado en la Direcci\u00f3n General de Catastro y Cartograf\u00eda, bajo Partida Inmobiliaria E1-16228-1 de la Mensura N\u00b0 8371-L, Agrimensor Nacional Eduardo Edgar Robaina, con una superficie: 124,89 m2.-<\/span><\/p>\n<p class=\"MsoNormal\" style=\"text-align: justify;\"><span style=\"font-size: 12.0pt; line-height: 115%; font-family: 'Arial','sans-serif';\">051: Otorgar una ayuda econ\u00f3mica de $ 20.000 al Centro de Veterano de Guerra \u201cIslas Malvinas\u201d, a trav\u00e9s de su presidente, Sr. Eduardo Ignacio S\u00e1nchez, D.N.I N\u00b0 16.029.921.- Desde febrero a diciembre<span style=\"mso-spacerun: yes;\">\u00a0 <\/span>del 2023.-<\/span><\/p>\n<p class=\"MsoNormal\" style=\"text-align: justify;\"><span style=\"font-size: 12.0pt; line-height: 115%; font-family: 'Arial','sans-serif';\">052: Adjudicar<span style=\"mso-spacerun: yes;\">\u00a0 <\/span>a las empresa que se indican m\u00e1s abajo,<span style=\"mso-spacerun: yes;\">\u00a0 <\/span>los productos que resultaron m\u00e1s convenientes, reuniendo los requisitos de calidad establecidos y que mejor satisfacen las necesidades requeridas para los fines previstos, correspondientes al concurso de precios; que tiene por objeto la \u201ccompra de art\u00edculos escolares varios\u201d, la que ser\u00e1n destinada al inicio del ciclo electivo 2.023, cuya apertura de ofertas se efectu\u00f3 conforme a lo previsto, a las 10 horas del viernes 24 de febrero del 2.023, adjudicado a Queirolo Hilda In\u00e9s C.U.I.T N\u00b0 27-05281407-9. Y Melgarejo Diego Armando CUIT 20-32363441-7<\/span><\/p>\n<p class=\"MsoNormal\" style=\"text-align: justify;\"><span style=\"font-size: 12.0pt; line-height: 115%; font-family: 'Arial','sans-serif';\">053: Adjudicar al oferente que se indica m\u00e1s abajo, la licitaci\u00f3n privada 01\/2023, teniendo en cuenta la prepuesta que resulto mas valida, atento a la Licitaci\u00f3n realizada con la modalidad \u201cRubro por Rubro\u201d, reuniendo los requisitos de calidad establecidos y que mejor satisfacen las necesidades requerida para los fines previstos, correspondiente a la Licitaci\u00f3n Privada referida, que tiene por objeto la \u201ccompra de materiales para la realizaci\u00f3n de bacheos y repavimentaci\u00f3n de 14 cuadras y 5 bocacalles del ejido urbano de la ciudad de Curuz\u00fa Cuati\u00e1, provincia de Corrientes\u201d, cuya apertura de oferta se efectu\u00f3 conforme a lo estipulado, a las 10 horas del d\u00eda Lunes 6 de febrero de 2023, cuyo adjudicado resulto Ruiz Mauro Hern\u00e1n, CUIT: 20-28369055-6.-<\/span><\/p>\n<p class=\"MsoNormal\" style=\"text-align: justify;\"><span style=\"font-size: 12.0pt; line-height: 115%; font-family: 'Arial','sans-serif';\">054: Disminuir e Incrementar las siguientes partidas del Presupuesto del D.E.M correspondiente al ejercicio 2023.-<\/span><\/p>\n<p class=\"MsoNormal\" style=\"text-align: justify;\"><span style=\"font-size: 12.0pt; line-height: 115%; font-family: 'Arial','sans-serif';\">055: Aplicar al agente municipal Gustavo Javier Romero D.N.I. N\u00b024.441.223, la sanci\u00f3n de 10(diez) d\u00edas de suspensi\u00f3n sin goce de haberes.-<\/span><\/p>\n<p class=\"MsoNormal\" style=\"text-align: justify;\"><span style=\"font-size: 12.0pt; line-height: 115%; font-family: 'Arial','sans-serif';\">056: Otorgar una ayuda econ\u00f3mica de pesos catorce mil ($14000) a la Sra Tamara Ortiz Aguirre D.N.I.N\u00b037.801.709.-<\/span><\/p>\n<p class=\"MsoNormal\" style=\"text-align: justify;\"><span style=\"font-size: 12.0pt; line-height: 115%; font-family: 'Arial','sans-serif';\">057: Otorgar<span style=\"mso-spacerun: yes;\">\u00a0 <\/span>a los ganadores de la \u201cV Ovimpiadas<span style=\"mso-spacerun: yes;\">\u00a0 <\/span>Nacionales\u201d 2022\u201d la suma de $595.000 (quinientos noventa y cinco mil).-<\/span><\/p>\n<p class=\"MsoNormal\" style=\"text-align: justify;\"><span style=\"font-size: 12.0pt; line-height: 115%; font-family: 'Arial','sans-serif';\">058: Adherir al decreto provincial<span style=\"mso-spacerun: yes;\">\u00a0 <\/span>N\u00b0360asueto provincial administrativo y escolar.-<\/span><\/p>\n<p class=\"MsoNormal\" style=\"text-align: justify;\"><span style=\"font-size: 12.0pt; line-height: 115%; font-family: 'Arial','sans-serif';\">059: Adjudicar al oferente que se indica m\u00e1s abajo, la licitaci\u00f3n p\u00fablica, teniendo en cuenta, las propuestas que resultaron validas atento a que fue realizada con la modalidad \u201coferta m\u00e1s conveniente \u201cobjeto de compra \u201cuna camioneta 0Km al oferente SEBASTIANI SA CUIT 30-68795256-8.-<\/span><\/p>\n<p class=\"MsoNormal\" style=\"text-align: justify;\"><span style=\"font-size: 12.0pt; line-height: 115%; font-family: 'Arial','sans-serif';\">7\u00b0.- RESOLUCIONES DE PRESIDENCIA:<\/span><\/p>\n<p class=\"MsoNormal\" style=\"text-align: justify;\"><span style=\"font-size: 12.0pt; line-height: 115%; font-family: 'Arial','sans-serif';\">N\u00b016\/2023: Solicitar acuerdo para la designaci\u00f3n de la secretaria del H.C.D. puesto a consideraci\u00f3n por presidencia a la Dra. Carmen Yamila Benitez como secretaria del cuerpo fue aprobada un\u00e1nimemente.<\/span><\/p>\n<p class=\"MsoNormal\" style=\"text-align: justify;\"><span style=\"font-size: 12.0pt; line-height: 115%; font-family: 'Arial','sans-serif';\">N\u00b017\/2023: Solicitar acuerdo para la<span style=\"mso-spacerun: yes;\">\u00a0 <\/span>designaci\u00f3n de<span style=\"mso-spacerun: yes;\">\u00a0 <\/span>Pro Secretaria, Director de Prensa, Directora de Comisiones, en las personas de la Cra. Vanesa Muller, Sr. Orlando Corradini, la Dra. Priscila Fonseca respectivamente fue aprobado un\u00e1nimemente.<\/span><\/p>\n<p class=\"MsoNormal\" style=\"text-align: justify;\"><span style=\"font-size: 12.0pt; line-height: 115%; font-family: 'Arial','sans-serif';\">No habiendo otro tema que tratar la presidente dio por finalizada la sesi\u00f3n del d\u00eda de la fecha.<\/span><\/p>\n","protected":false},"excerpt":{"rendered":"<p class=\"MsoNormal\" style=\"text-align: justify;\"><span style=\"font-size: 12.0pt; line-height: 115%; font-family: 'Arial','sans-serif';\"><img decoding=\"async\" src=\"images\/090323-sesion-1.JPG\" alt=\"\" \/><\/span><span style=\"font-size: 12.0pt; line-height: 115%; font-family: 'Arial','sans-serif';\">Como estaba previsto por convocatoria se realiz\u00f3 el jueves 9 de marzo del corriente la sesi\u00f3n ordinaria, presidida por la presidente del cuerpo Sra. Mariel Naya Yrigoyen y la pro secretaria Cra. Vanesa Muller quienes dieron inicio a la sesi\u00f3n del d\u00eda de la fecha.<span style=\"mso-spacerun: yes;\">\u00a0 <\/span>A continuaci\u00f3n se trat\u00f3 el primer punto referido a la lectura y consideraci\u00f3n de las<span style=\"mso-spacerun: yes;\">\u00a0 <\/span>Actas<span style=\"mso-spacerun: yes;\">\u00a0 <\/span>N\u00b0 1622, 1623, 1624 y 1625, las que omitiendo su lectura fueron aprobadas un\u00e1nimemente.<\/span><\/p>\n","protected":false},"author":1,"featured_media":1498,"comment_status":"open","ping_status":"open","sticky":false,"template":"","format":"standard","meta":{"footnotes":""},"categories":[3],"tags":[],"class_list":["post-1499","post","type-post","status-publish","format-standard","has-post-thumbnail","hentry","category-uncategorised"],"brizy_media":[],"_links":{"self":[{"href":"https:\/\/concejocuruzucuatia.gob.ar\/wp\/wp-json\/wp\/v2\/posts\/1499","targetHints":{"allow":["GET"]}}],"collection":[{"href":"https:\/\/concejocuruzucuatia.gob.ar\/wp\/wp-json\/wp\/v2\/posts"}],"about":[{"href":"https:\/\/concejocuruzucuatia.gob.ar\/wp\/wp-json\/wp\/v2\/types\/post"}],"author":[{"embeddable":true,"href":"https:\/\/concejocuruzucuatia.gob.ar\/wp\/wp-json\/wp\/v2\/users\/1"}],"replies":[{"embeddable":true,"href":"https:\/\/concejocuruzucuatia.gob.ar\/wp\/wp-json\/wp\/v2\/comments?post=1499"}],"version-history":[{"count":0,"href":"https:\/\/concejocuruzucuatia.gob.ar\/wp\/wp-json\/wp\/v2\/posts\/1499\/revisions"}],"wp:featuredmedia":[{"embeddable":true,"href":"https:\/\/concejocuruzucuatia.gob.ar\/wp\/wp-json\/wp\/v2\/media\/1498"}],"wp:attachment":[{"href":"https:\/\/concejocuruzucuatia.gob.ar\/wp\/wp-json\/wp\/v2\/media?parent=1499"}],"wp:term":[{"taxonomy":"category","embeddable":true,"href":"https:\/\/concejocuruzucuatia.gob.ar\/wp\/wp-json\/wp\/v2\/categories?post=1499"},{"taxonomy":"post_tag","embeddable":true,"href":"https:\/\/concejocuruzucuatia.gob.ar\/wp\/wp-json\/wp\/v2\/tags?post=1499"}],"curies":[{"name":"wp","href":"https:\/\/api.w.org\/{rel}","templated":true}]}}