{"id":1497,"date":"2023-03-09T01:04:47","date_gmt":"2023-03-09T01:04:47","guid":{"rendered":"https:\/\/concejocuruzucuatia.gob.ar\/wp\/2023\/03\/09\/acto-central-por-el-dia-internacional-de-la-mujer\/"},"modified":"2023-03-09T01:04:47","modified_gmt":"2023-03-09T01:04:47","slug":"acto-central-por-el-dia-internacional-de-la-mujer","status":"publish","type":"post","link":"https:\/\/concejocuruzucuatia.gob.ar\/wp\/2023\/03\/09\/acto-central-por-el-dia-internacional-de-la-mujer\/","title":{"rendered":"Acto central por el D\u00eda Internacional de la Mujer"},"content":{"rendered":"<p><img decoding=\"async\" src=\"images\/080323-paseo-mujer-1.JPG\" alt=\"\" \/><\/p>\n<p>Antes de las 20hs, del mi\u00e9rcoles 8 de marzo se realiz\u00f3 la conmemoraci\u00f3n de esta fecha que reivindica las demandas que siguen pendientes en cuanto al reconocimiento del ejercicio pleno de los derechos de todas las mujeres.\u00a0<\/p>\n<p>En el Paseo de la Mujer, ubicada en un sector de la plazoleta Italia se llev\u00f3 a cabo esta conmemoraci\u00f3n del cual particip\u00f3 la presidente del Honorable Concejo Deliberante Mariel Naya Yrigoyen acompa\u00f1ada por los concejales Fabiana Ruiz, Gabriela Crespi, Rosa Muller, Natalia Zakegian, Josias Cerono, Rodolfo Santini, Oscar Arbelo y Andr\u00e9s Ortiz. Tambi\u00e9n se cont\u00f3 con la presencia del intendente municipal Jos\u00e9 Irigoyen, la senadora provincial Ver\u00f3nica Esp\u00edndola, funcionarios municipales, invitadas especiales y p\u00fablico en general.\u00a0 \u00a0 \u00a0<\/p>\n<p>El acto inici\u00f3 con el corte de cintas inaugural del Paseo de la Mujer a cargo del intendente, la presidente del HCD, la senadora Ver\u00f3nica Esp\u00edndola y la directora del \u00e1rea de adolescencia minoridad y familia Valeria Oria. Posteriormente se realiz\u00f3 un minuto de silencio en honor a la memoria de todas las Mujeres que han dejado su vida en la lucha por la igualdad y a quienes han silenciado sesgando sus vidas.<\/p>\n<p>Continuando con el acto se descubri\u00f3 la obra de la artista pl\u00e1stica curuzucuate\u00f1a Sonia Fern\u00e1ndez, que se trata de un mural con la imagen de Frida Kahlo pintora mexicana de ascendencia alemana se convirti\u00f3 en un s\u00edmbolo nacional asociado al feminismo, la autosuperaci\u00f3n y el genio art\u00edstico.\u00a0<\/p>\n<p>Posteriormente los presentes observaron un video realizado por el \u00e1rea que encabeza Valeria Oria sobre el Dia Internacional de la Mujer.<\/p>\n<p><img decoding=\"async\" src=\"images\/080323-paseo-mujer-2.JPG\" alt=\"\" \/><\/p>\n<p>Al momento de las palabras se escuch\u00f3 a la Lic. Gabriela Bracco Ganancias, para luego escuchar a la joven Anita Soliz en compa\u00f1\u00eda del maestro Sebasti\u00e1n Gonz\u00e1lez la interpretaci\u00f3n de dos temas musicales.<\/p>\n<p>Seguidamente la profesora de Danza Contempor\u00e1nea, F\u00e1tima S\u00e1nchez del Cioppo, realiz\u00f3 una interpretaci\u00f3n de su arte con el acompa\u00f1amiento en la producci\u00f3n sonora de Ra\u00fal Mar\u00eda Cotto Oria.<\/p>\n<p>Para finalizar esta conmemoraci\u00f3n por el d\u00eda internacional de la mujer se escucharon los mensajes de la Prof. Valeria Oria Roch, directora del \u00c1rea de adolescencia, minoridad y familia y del Intendente Municipal Jos\u00e9 Irigoyen.<\/p>\n<p><img decoding=\"async\" src=\"images\/080323-paseo-mujer-4.JPG\" alt=\"\" \/><\/p>\n<p><img decoding=\"async\" src=\"images\/080323-paseo-mujer-3.JPG\" alt=\"\" \/><\/p>\n<p>\u00a0<\/p>\n","protected":false},"excerpt":{"rendered":"<p><img decoding=\"async\" src=\"images\/080323-paseo-mujer-1.JPG\" alt=\"\" \/><\/p>\n<p>Antes de las 20hs, del mi\u00e9rcoles 8 de marzo se realiz\u00f3 la conmemoraci\u00f3n de esta fecha que reivindica las demandas que siguen pendientes en cuanto al reconocimiento del ejercicio pleno de los derechos de todas las mujeres.\u00a0<\/p>\n","protected":false},"author":1,"featured_media":1496,"comment_status":"open","ping_status":"open","sticky":false,"template":"","format":"standard","meta":{"footnotes":""},"categories":[3],"tags":[],"class_list":["post-1497","post","type-post","status-publish","format-standard","has-post-thumbnail","hentry","category-uncategorised"],"brizy_media":[],"_links":{"self":[{"href":"https:\/\/concejocuruzucuatia.gob.ar\/wp\/wp-json\/wp\/v2\/posts\/1497","targetHints":{"allow":["GET"]}}],"collection":[{"href":"https:\/\/concejocuruzucuatia.gob.ar\/wp\/wp-json\/wp\/v2\/posts"}],"about":[{"href":"https:\/\/concejocuruzucuatia.gob.ar\/wp\/wp-json\/wp\/v2\/types\/post"}],"author":[{"embeddable":true,"href":"https:\/\/concejocuruzucuatia.gob.ar\/wp\/wp-json\/wp\/v2\/users\/1"}],"replies":[{"embeddable":true,"href":"https:\/\/concejocuruzucuatia.gob.ar\/wp\/wp-json\/wp\/v2\/comments?post=1497"}],"version-history":[{"count":0,"href":"https:\/\/concejocuruzucuatia.gob.ar\/wp\/wp-json\/wp\/v2\/posts\/1497\/revisions"}],"wp:featuredmedia":[{"embeddable":true,"href":"https:\/\/concejocuruzucuatia.gob.ar\/wp\/wp-json\/wp\/v2\/media\/1496"}],"wp:attachment":[{"href":"https:\/\/concejocuruzucuatia.gob.ar\/wp\/wp-json\/wp\/v2\/media?parent=1497"}],"wp:term":[{"taxonomy":"category","embeddable":true,"href":"https:\/\/concejocuruzucuatia.gob.ar\/wp\/wp-json\/wp\/v2\/categories?post=1497"},{"taxonomy":"post_tag","embeddable":true,"href":"https:\/\/concejocuruzucuatia.gob.ar\/wp\/wp-json\/wp\/v2\/tags?post=1497"}],"curies":[{"name":"wp","href":"https:\/\/api.w.org\/{rel}","templated":true}]}}