{"id":1487,"date":"2023-02-15T15:37:59","date_gmt":"2023-02-15T15:37:59","guid":{"rendered":"https:\/\/concejocuruzucuatia.gob.ar\/wp\/2023\/02\/15\/tomo-posesion-el-segundo-comandante-de-la-primera-division-de-ejercito\/"},"modified":"2023-02-15T15:37:59","modified_gmt":"2023-02-15T15:37:59","slug":"tomo-posesion-el-segundo-comandante-de-la-primera-division-de-ejercito","status":"publish","type":"post","link":"https:\/\/concejocuruzucuatia.gob.ar\/wp\/2023\/02\/15\/tomo-posesion-el-segundo-comandante-de-la-primera-division-de-ejercito\/","title":{"rendered":"Tom\u00f3 posesi\u00f3n el Segundo Comandante de la Primera Divisi\u00f3n de Ej\u00e9rcito"},"content":{"rendered":"<p><span class=\"FontStyle13\"><span lang=\"ES-TRAD\" style=\"font-size: 11.0pt; font-family: 'Arial','sans-serif'; mso-ansi-language: ES-TRAD; mso-fareast-language: ES-TRAD; font-style: normal; mso-bidi-font-style: italic;\"><img decoding=\"async\" src=\"images\/150223-ejercito-1.JPG\" alt=\"\" \/><\/span><\/span><\/p>\n<p class=\"Style6\" style=\"margin-top: 4.5pt; text-align: justify; mso-pagination: widow-orphan;\"><span class=\"FontStyle13\"><span lang=\"ES-TRAD\" style=\"font-size: 11.0pt; font-family: 'Arial','sans-serif'; mso-ansi-language: ES-TRAD; mso-fareast-language: ES-TRAD; font-style: normal; mso-bidi-font-style: italic;\">En la ma\u00f1ana del 15 de febrero se llev\u00f3 a cabo la ceremonia de puesta en posesi\u00f3n del cargo del Segundo Comandante de la Primera Divisi\u00f3n de Ej\u00e9rcito, al Coronel Mayor de Infanter\u00eda Alejandro Norberto Lonardi.<\/span><\/span><\/p>\n<p>\u00a0<\/p>\n<p class=\"Style6\" style=\"margin-top: 4.5pt; text-align: justify; mso-pagination: widow-orphan;\"><span class=\"FontStyle13\"><span lang=\"ES-TRAD\" style=\"font-size: 11.0pt; font-family: 'Arial','sans-serif'; mso-ansi-language: ES-TRAD; mso-fareast-language: ES-TRAD; font-style: normal; mso-bidi-font-style: italic;\">La misma fue presidida por el Comandante de Primera Divisi\u00f3n de Ej\u00e9rcito, General de Brigada ALDO DANIEL FERRARI. La presidente del HCD Mariel Naya Yrigoyen estuvo presente en la toma de posesi\u00f3n del cargo junto a autoridades provinciales y locales.<\/span><\/span><\/p>\n<p>\u00a0<\/p>\n<p class=\"Style6\" style=\"margin-top: 4.5pt; text-align: justify; mso-pagination: widow-orphan;\">\u00a0<\/p>\n<p class=\"Style6\" style=\"margin-top: 4.5pt; text-align: justify; mso-pagination: widow-orphan;\"><span class=\"FontStyle13\"><span lang=\"ES-TRAD\" style=\"font-size: 11.0pt; font-family: 'Arial','sans-serif'; mso-ansi-language: ES-TRAD; mso-fareast-language: ES-TRAD; font-style: normal; mso-bidi-font-style: italic;\">Participaron de la formaci\u00f3n: Jefes, Banderas, Estandartes y Secciones de desfile de las Unidades dependientes a esta Guarnici\u00f3n Militar.<\/span><\/span><span style=\"font-family: Arial, 'sans-serif'; font-size: 11pt;\">\u00a0<\/span><\/p>\n<p>\u00a0<\/p>\n<p class=\"Style6\" style=\"margin-top: 4.5pt; text-align: justify; mso-pagination: widow-orphan;\"><span class=\"FontStyle13\"><span lang=\"ES-TRAD\" style=\"font-size: 11.0pt; font-family: 'Arial','sans-serif'; mso-ansi-language: ES-TRAD; mso-fareast-language: ES-TRAD; font-style: normal; mso-bidi-font-style: italic;\">Despu\u00e9s de la lectura de la resoluci\u00f3n y de la trayectoria militar, se efect\u00fao la toma de juramento de fidelidad a la Constituci\u00f3n Nacional y la puesta en posesi\u00f3n del cargo al nuevo Segundo Comandante de la Primera Divisi\u00f3n de Ej\u00e9rcito.<\/span><\/span><span class=\"FontStyle13\"><span lang=\"ES-TRAD\" style=\"font-size: 11.0pt; font-family: 'Arial','sans-serif'; mso-ansi-language: ES-TRAD; mso-fareast-language: ES-TRAD; font-style: normal; mso-bidi-font-style: italic;\">\u00a0<\/span><\/span><\/p>\n<p>\u00a0<\/p>\n<p class=\"Style6\" style=\"margin-top: 4.5pt; text-align: justify; mso-pagination: widow-orphan;\"><span class=\"FontStyle13\"><span lang=\"ES-TRAD\" style=\"font-size: 11.0pt; font-family: 'Arial','sans-serif'; mso-ansi-language: ES-TRAD; mso-fareast-language: ES-TRAD; font-style: normal; mso-bidi-font-style: italic;\">Finalizando la ceremonia se adopt\u00f3 el dispositivo de desfile y desconcentraci\u00f3n.<\/span><\/span><\/p>\n<p class=\"Style6\" style=\"margin-top: 4.5pt; text-align: justify; mso-pagination: widow-orphan;\"><span class=\"FontStyle13\"><span lang=\"ES-TRAD\" style=\"font-size: 11.0pt; font-family: 'Arial','sans-serif'; mso-ansi-language: ES-TRAD; mso-fareast-language: ES-TRAD; font-style: normal; mso-bidi-font-style: italic;\"><img decoding=\"async\" src=\"images\/150223-ejercito-2.JPG\" alt=\"\" \/><\/span><\/span><\/p>\n<p>\u00a0<\/p>\n<p>\u00a0<\/p>\n","protected":false},"excerpt":{"rendered":"<p><span class=\"FontStyle13\"><span lang=\"ES-TRAD\" style=\"font-size: 11.0pt; font-family: 'Arial','sans-serif'; mso-ansi-language: ES-TRAD; mso-fareast-language: ES-TRAD; font-style: normal; mso-bidi-font-style: italic;\"><img decoding=\"async\" src=\"images\/150223-ejercito-1.JPG\" alt=\"\" \/><\/span><\/span><\/p>\n<p class=\"Style6\" style=\"margin-top: 4.5pt; text-align: justify; mso-pagination: widow-orphan;\"><span class=\"FontStyle13\"><span lang=\"ES-TRAD\" style=\"font-size: 11.0pt; font-family: 'Arial','sans-serif'; mso-ansi-language: ES-TRAD; mso-fareast-language: ES-TRAD; font-style: normal; mso-bidi-font-style: italic;\">En la ma\u00f1ana del 15 de febrero se llev\u00f3 a cabo la ceremonia de puesta en posesi\u00f3n del cargo del Segundo Comandante de la Primera Divisi\u00f3n de Ej\u00e9rcito, al Coronel Mayor de Infanter\u00eda Alejandro Norberto Lonardi.<\/span><\/span><\/p>\n<p>\u00a0<\/p>\n<p class=\"Style6\" style=\"margin-top: 4.5pt; text-align: justify; mso-pagination: widow-orphan;\"><span class=\"FontStyle13\"><span lang=\"ES-TRAD\" style=\"font-size: 11.0pt; font-family: 'Arial','sans-serif'; mso-ansi-language: ES-TRAD; mso-fareast-language: ES-TRAD; font-style: normal; mso-bidi-font-style: italic;\">La misma fue presidida por el Comandante de Primera Divisi\u00f3n de Ej\u00e9rcito, General de Brigada ALDO DANIEL FERRARI. La presidente del HCD Mariel Naya Yrigoyen estuvo presente en la toma de posesi\u00f3n del cargo junto a autoridades provinciales y locales.<\/span><\/span><\/p>\n","protected":false},"author":1,"featured_media":1486,"comment_status":"open","ping_status":"open","sticky":false,"template":"","format":"standard","meta":{"footnotes":""},"categories":[3],"tags":[],"class_list":["post-1487","post","type-post","status-publish","format-standard","has-post-thumbnail","hentry","category-uncategorised"],"brizy_media":[],"_links":{"self":[{"href":"https:\/\/concejocuruzucuatia.gob.ar\/wp\/wp-json\/wp\/v2\/posts\/1487","targetHints":{"allow":["GET"]}}],"collection":[{"href":"https:\/\/concejocuruzucuatia.gob.ar\/wp\/wp-json\/wp\/v2\/posts"}],"about":[{"href":"https:\/\/concejocuruzucuatia.gob.ar\/wp\/wp-json\/wp\/v2\/types\/post"}],"author":[{"embeddable":true,"href":"https:\/\/concejocuruzucuatia.gob.ar\/wp\/wp-json\/wp\/v2\/users\/1"}],"replies":[{"embeddable":true,"href":"https:\/\/concejocuruzucuatia.gob.ar\/wp\/wp-json\/wp\/v2\/comments?post=1487"}],"version-history":[{"count":0,"href":"https:\/\/concejocuruzucuatia.gob.ar\/wp\/wp-json\/wp\/v2\/posts\/1487\/revisions"}],"wp:featuredmedia":[{"embeddable":true,"href":"https:\/\/concejocuruzucuatia.gob.ar\/wp\/wp-json\/wp\/v2\/media\/1486"}],"wp:attachment":[{"href":"https:\/\/concejocuruzucuatia.gob.ar\/wp\/wp-json\/wp\/v2\/media?parent=1487"}],"wp:term":[{"taxonomy":"category","embeddable":true,"href":"https:\/\/concejocuruzucuatia.gob.ar\/wp\/wp-json\/wp\/v2\/categories?post=1487"},{"taxonomy":"post_tag","embeddable":true,"href":"https:\/\/concejocuruzucuatia.gob.ar\/wp\/wp-json\/wp\/v2\/tags?post=1487"}],"curies":[{"name":"wp","href":"https:\/\/api.w.org\/{rel}","templated":true}]}}