{"id":1453,"date":"2022-11-25T01:38:05","date_gmt":"2022-11-25T01:38:05","guid":{"rendered":"https:\/\/concejocuruzucuatia.gob.ar\/wp\/2022\/11\/25\/informe-de-prensa-hcd-sesion-24-de-noviembre-de-2022\/"},"modified":"2022-11-25T01:38:05","modified_gmt":"2022-11-25T01:38:05","slug":"informe-de-prensa-hcd-sesion-24-de-noviembre-de-2022","status":"publish","type":"post","link":"https:\/\/concejocuruzucuatia.gob.ar\/wp\/2022\/11\/25\/informe-de-prensa-hcd-sesion-24-de-noviembre-de-2022\/","title":{"rendered":"Informe de Prensa HCD \/ Sesi\u00f3n 24 de noviembre de 2022"},"content":{"rendered":"<p class=\"MsoNormal\" style=\"text-align: justify;\"><span style=\"font-size: 12.0pt; line-height: 115%; font-family: 'Arial','sans-serif';\"><img decoding=\"async\" src=\"images\/241122-sesion-5.JPG\" alt=\"\" \/><\/span><\/p>\n<p class=\"MsoNormal\" style=\"text-align: justify;\"><span style=\"font-size: 12.0pt; line-height: 115%; font-family: 'Arial','sans-serif';\">Pasadas las 20hs. del jueves 24 de noviembre del corriente, la presidente del cuerpo la Sra. Mariel Naya Yrigoyen y el secretario Dr. Fernando Dom\u00ednguez, con la totalidad de los Sres. concejales presentes dieron inicio a la sesi\u00f3n del d\u00eda de la fecha.<\/span><\/p>\n<p class=\"MsoNormal\" style=\"text-align: justify;\"><span style=\"font-size: 12.0pt; line-height: 115%; font-family: 'Arial','sans-serif';\">El concejal Santini hizo uso del art\u00edculo 132 del reglamento interno y solicit\u00f3 la incorporaci\u00f3n al orden del d\u00eda de documentaci\u00f3n anexa a un expediente en comisi\u00f3n lo que fue aprobado e incorporado en el \u00faltimo punto. <\/span><\/p>\n<p class=\"MsoNormal\" style=\"text-align: justify;\"><span style=\"font-size: 12.0pt; line-height: 115%; font-family: 'Arial','sans-serif';\">Luego la presidente someti\u00f3 a votaci\u00f3n el orden del d\u00eda el que fue aprobado un\u00e1nimemente.<\/span><\/p>\n<p class=\"MsoNormal\" style=\"text-align: justify;\"><span style=\"font-size: 12.0pt; line-height: 115%; font-family: 'Arial','sans-serif';\">A continuaci\u00f3n se trat\u00f3 el primer punto referido a la lectura y consideraci\u00f3n del<span style=\"mso-spacerun: yes;\">\u00a0 <\/span>Acta<span style=\"mso-spacerun: yes;\">\u00a0 <\/span>N\u00b0 1619, la que omitiendo su lectura fue aprobada un\u00e1nimemente.<\/span><\/p>\n<p class=\"MsoNormal\" style=\"text-align: justify;\"><span style=\"font-size: 12.0pt; line-height: 115%; font-family: 'Arial','sans-serif';\">El 2\u00b0 punto tratado fue de los despachos, de la comisi\u00f3n de gobierno primero el Expte. N\u00b0 5709\/2.022 referido al proyecto de Ordenanza, del Bloque Frente de Todos, marco jur\u00eddico de animales dom\u00e9sticos-Parque de Mascotas. El concejal Santini expres\u00f3 que en este despacho analizado en comisi\u00f3n profundamente se regula la tenencia de los animales dom\u00e9sticos dentro de la ciudad, tambi\u00e9n tuvo la palabra el concejal Rubin quien expres\u00f3 que el objeto de este despacho es protectorio para los animales. Puesto a consideraci\u00f3n por la presidente se aprob\u00f3 un\u00e1nimemente.<\/span><\/p>\n<p class=\"MsoNormal\" style=\"text-align: center;\" align=\"center\"><span class=\"FontStyle12\"><span style=\"font-size: 12.0pt; line-height: 115%; font-family: 'Arial','sans-serif';\">El Honorable Concejo Deliberante<\/span><\/span><\/p>\n<p class=\"MsoNormal\" style=\"text-align: center;\" align=\"center\"><span class=\"FontStyle12\"><span style=\"font-size: 12.0pt; line-height: 115%; font-family: 'Arial','sans-serif';\">de Curuz\u00fa Cuati\u00e1 Sanciona<\/span><\/span><\/p>\n<p class=\"MsoNormal\" style=\"text-align: center;\" align=\"center\"><span class=\"FontStyle12\"><span style=\"font-size: 12.0pt; line-height: 115%; font-family: 'Arial','sans-serif';\">con Fuerza de<\/span><\/span><\/p>\n<p class=\"MsoNormal\" style=\"text-align: center;\" align=\"center\"><span class=\"FontStyle12\"><span style=\"font-size: 12.0pt; line-height: 115%; font-family: 'Arial','sans-serif';\">ORDENANZA<\/span><\/span><\/p>\n<p class=\"MsoNormal\" style=\"text-align: justify;\"><span class=\"FontStyle12\"><span style=\"font-size: 12.0pt; line-height: 115%; font-family: 'Arial','sans-serif';\">\u00a0<\/span><\/span><\/p>\n<p class=\"MsoNormal\" style=\"text-align: justify;\"><span class=\"FontStyle12\"><span style=\"font-size: 12.0pt; line-height: 115%; font-family: 'Arial','sans-serif';\">Art. 1\u00b0.- La presente Ordenanza tiene por objeto regular la tenencia, control, registro, protecci\u00f3n y permanencia en lugares de uso p\u00fablico, de animales dom\u00e9sticos o de compa\u00f1\u00eda, fomentar la educaci\u00f3n ecol\u00f3gica y respeto a la naturaleza, as\u00ed como sancionar el maltrato y los actos de crueldad contra los mismos. Asimismo, realizar campa\u00f1as de concientizaci\u00f3n de cuidado responsable, prevenci\u00f3n de enfermedades zoon\u00f3ticas y de control de natalidad a trav\u00e9s de campa\u00f1as de esterilizaci\u00f3n de los animales dom\u00e9sticos.<\/span><\/span><\/p>\n<p class=\"MsoNormal\" style=\"text-align: justify;\"><span class=\"FontStyle12\"><span style=\"font-size: 12.0pt; line-height: 115%; font-family: 'Arial','sans-serif';\">Art 2\u00b0.- ADHERIR a la Ley Provincial No 6344 \/15 que tiene por objetivo alcanzar en todo el territorio de la Provincia de Corrientes- el equilibrio de la poblaci\u00f3n de perros y gatos de forma humanitaria no eutan\u00e1sica.<\/span><\/span><\/p>\n<p class=\"MsoNormal\" style=\"text-align: justify;\"><span class=\"FontStyle12\"><span style=\"font-size: 12.0pt; line-height: 115%; font-family: 'Arial','sans-serif';\">Art 3\u00b0.- Decl\u00e1rese de inter\u00e9s municipal la instalaci\u00f3n de un \u00abHOGAR DE MASCOTAS\u00bb, que incluya un hogar transitorio de animales destinados a adopci\u00f3n, espacios de recreaci\u00f3n, atenci\u00f3n m\u00e9dica, cementerio de animales dom\u00e9sticos y en general un espacio f\u00edsico apropiado para el cuidado, la protecci\u00f3n y la valorizaci\u00f3n de las mascotas.<\/span><\/span><\/p>\n<p class=\"MsoNormal\" style=\"text-align: justify;\"><span class=\"FontStyle12\"><span style=\"font-size: 12.0pt; line-height: 115%; font-family: 'Arial','sans-serif';\">Art 4\u00b0.-REGISTRO ENTIDADES: Crear un Registro de entidades protectoras de los animales donde se inscribir\u00e1n las Instituciones que tengan por finalidad primordial el cuidado, atenci\u00f3n y protecci\u00f3n, predominantemente de perros y gatos en la jurisdicci\u00f3n municipal. En caso que acrediten realizar efectivamente esterilizaciones y desparasitaciones entre otras actividades en favor de los animales, tendr\u00e1n derecho a acceder a subsidios municipales en forma equitativa y proporcional a la cantidad de prestaciones.<\/span><\/span><\/p>\n<p class=\"MsoNormal\" style=\"text-align: justify;\"><span class=\"FontStyle12\"><span style=\"font-size: 12.0pt; line-height: 115%; font-family: 'Arial','sans-serif';\">Art. 5\u00b0.- REGISTRO DE MASCOTAS: Crease el Registro \u00danico de Mascotas, en el cual podr\u00e1n ser inscriptos en forma voluntaria, gratuita los perros que circulen o no por la v\u00eda p\u00fablica. El registro podr\u00e1 hacerse por el propietario o tenedor responsable del animal a partir de los seis meses de vida del animal.-<\/span><\/span><\/p>\n<p class=\"MsoNormal\" style=\"text-align: justify;\"><span class=\"FontStyle12\"><span style=\"font-size: 12.0pt; line-height: 115%; font-family: 'Arial','sans-serif';\">Art 6\u00b0.- Todo propietario que registre su animal en el RUM recibir\u00e1 una Tarjeta identificatoria en la que se especificara como datos m\u00ednimos los siguientes:<\/span><\/span><\/p>\n<p class=\"MsoNormal\" style=\"text-align: justify;\"><span class=\"FontStyle12\"><span style=\"font-size: 12.0pt; line-height: 115%; font-family: 'Arial','sans-serif';\">\u2022<span style=\"mso-tab-count: 1;\">\u00a0\u00a0\u00a0\u00a0\u00a0\u00a0\u00a0\u00a0\u00a0 <\/span>Identificaci\u00f3n y domicilio del propietario del animal.-<\/span><\/span><\/p>\n<p class=\"MsoNormal\" style=\"text-align: justify;\"><span class=\"FontStyle12\"><span style=\"font-size: 12.0pt; line-height: 115%; font-family: 'Arial','sans-serif';\">\u2022<span style=\"mso-tab-count: 1;\">\u00a0\u00a0\u00a0\u00a0\u00a0\u00a0\u00a0\u00a0\u00a0 <\/span>La rese\u00f1a del animal con indicador de edad, sexo, raza y color<\/span><\/span><\/p>\n<p class=\"MsoNormal\" style=\"text-align: justify;\"><span class=\"FontStyle12\"><span style=\"font-size: 12.0pt; line-height: 115%; font-family: 'Arial','sans-serif';\">\u2022<span style=\"mso-tab-count: 1;\">\u00a0\u00a0\u00a0\u00a0\u00a0\u00a0\u00a0\u00a0\u00a0 <\/span>Datos de vacunaci\u00f3n y la de su expiraci\u00f3n, tipo y lote de las vacunas.-<\/span><\/span><\/p>\n<p class=\"MsoNormal\" style=\"text-align: justify;\"><span class=\"FontStyle12\"><span style=\"font-size: 12.0pt; line-height: 115%; font-family: 'Arial','sans-serif';\">\u2022<span style=\"mso-tab-count: 1;\">\u00a0\u00a0\u00a0\u00a0\u00a0\u00a0\u00a0\u00a0\u00a0 <\/span>Identificaci\u00f3n del m\u00e9dico veterinario que efectu\u00f3 la vacunaci\u00f3n antirr\u00e1bica con indicaci\u00f3n de los datos personales y colegiaci\u00f3n.-<\/span><\/span><\/p>\n<p class=\"MsoNormal\" style=\"text-align: justify;\"><span class=\"FontStyle12\"><span style=\"font-size: 12.0pt; line-height: 115%; font-family: 'Arial','sans-serif';\">\u2022<span style=\"mso-tab-count: 1;\">\u00a0\u00a0\u00a0\u00a0\u00a0\u00a0\u00a0\u00a0\u00a0 <\/span>El n\u00famero y c\u00f3digo de registro que se hubiere asignado al animal al efectuarse dicha registraci\u00f3n.-<\/span><\/span><\/p>\n<p class=\"MsoNormal\" style=\"text-align: justify;\"><span class=\"FontStyle12\"><span style=\"font-size: 12.0pt; line-height: 115%; font-family: 'Arial','sans-serif';\">\u2022<span style=\"mso-tab-count: 1;\">\u00a0\u00a0\u00a0\u00a0\u00a0\u00a0\u00a0\u00a0\u00a0 <\/span>Entero, castrado o esterilizado<\/span><\/span><\/p>\n<p class=\"MsoNormal\" style=\"text-align: justify;\"><span class=\"FontStyle12\"><span style=\"font-size: 12.0pt; line-height: 115%; font-family: 'Arial','sans-serif';\">\u2022<span style=\"mso-tab-count: 1;\">\u00a0\u00a0\u00a0\u00a0\u00a0\u00a0\u00a0\u00a0\u00a0 <\/span>Se actualizara cada dos a\u00f1os, inform\u00e1ndose la perdida, muerte del animal.-<\/span><\/span><\/p>\n<p class=\"MsoNormal\" style=\"text-align: justify;\"><span class=\"FontStyle12\"><span style=\"font-size: 12.0pt; line-height: 115%; font-family: 'Arial','sans-serif';\"><img decoding=\"async\" src=\"images\/241122-sesion-1.JPG\" alt=\"\" \/><\/span><\/span><\/p>\n<p class=\"MsoNormal\" style=\"text-align: justify;\"><span class=\"FontStyle12\"><span style=\"font-size: 12.0pt; line-height: 115%; font-family: 'Arial','sans-serif';\">Art 7\u00b0.- CIRCULACION EN VIA PUBLICA: S\u00f3lo se permitir\u00e1 la circulaci\u00f3n y permanencia de perros y otros animales dom\u00e9sticos, en parques, plazas, avenidas, calles y otros lugares de uso p\u00fablico, cuando \u00e9stos est\u00e9n acompa\u00f1ados por sus due\u00f1os, tenedor o persona responsable. Los animales deber\u00e1n estar sujetos con collar identificatorio, donde conste el nombre y apellido de su propietario y n\u00famero telef\u00f3nico para su localizaci\u00f3n, cadena o correa adecuada, estar vacunados contra la rabia y otras enfermedades que se\u00f1alen los organismos competentes.<\/span><\/span><\/p>\n<p class=\"MsoNormal\" style=\"text-align: justify;\"><span class=\"FontStyle12\"><span style=\"font-size: 12.0pt; line-height: 115%; font-family: 'Arial','sans-serif';\">Art. 8\u00b0.- ANIMAL COMUNITARIO: Todo animal dom\u00e9stico que tuviera residencia habitual en la calle o lugares p\u00fablicos sin propietario identificado, ser\u00e1 reconocido en la categor\u00eda de \u00abanimal comunitario\u00bb con residencia en el sitio, el que deber\u00e1 estar debidamente inscripto en el Registro \u00danico de Mascotas como tal y al cuidado de la comunidad o de las instituciones especializadas.<\/span><\/span><\/p>\n<p class=\"MsoNormal\" style=\"text-align: justify;\"><span class=\"FontStyle12\"><span style=\"font-size: 12.0pt; line-height: 115%; font-family: 'Arial','sans-serif';\">Art. 9\u00b0.- PROHIBICION DE ABANDONO: Queda terminantemente prohibido el abandono de los animales vivos o muertos en la v\u00eda p\u00fablica y zonas urbanas, los muertos no podr\u00e1n ser retirados por la recolecci\u00f3n tradicional de residuos domiciliarios, debiendo el propietario asumir personalmente la disposici\u00f3n de los restos.<\/span><\/span><\/p>\n<p class=\"MsoNormal\" style=\"text-align: justify;\"><span class=\"FontStyle12\"><span style=\"font-size: 12.0pt; line-height: 115%; font-family: 'Arial','sans-serif';\">Art. 10\u00b0.-REGISTRO DE PASEADORES: Cr\u00e9ase un Registro de Paseadores de Perros, en el cual deber\u00e1n Inscribirse obligatoriamente quienes desarrollen dicha actividad en la ciudad. A tal efecto def\u00ednanse como \u00abPaseadores de Perros&#8217; a toda persona f\u00edsica que con fines de lucro o a t\u00edtulo gratuito, en forma permanente, ocasional o aleatoria, realice la actividad de paseo de ejemplares caninos<span style=\"mso-tab-count: 1;\">\u00a0\u00a0\u00a0\u00a0\u00a0\u00a0\u00a0\u00a0\u00a0\u00a0\u00a0 <\/span>pertenecientes a terceras personas.<\/span><\/span><\/p>\n<p class=\"MsoNormal\" style=\"text-align: justify;\"><span class=\"FontStyle12\"><span style=\"font-size: 12.0pt; line-height: 115%; font-family: 'Arial','sans-serif';\">Art. 11\u00b0.-Requisitos para la inscripci\u00f3n: Las personas que actualmente realizan y\/o quienes en el futuro pretendan realizar la actividad descripta, deber\u00e1n inscribirse gratuitamente en el Registro que ser\u00e1 reglamentado, cumpliendo requisitos m\u00ednimos de identificaci\u00f3n personal, contacto y foto color tipo carnet, finalizado el tr\u00e1mite se le otorgar\u00e1 una credencial identificatoria.<\/span><\/span><\/p>\n<p class=\"MsoNormal\" style=\"text-align: justify;\"><span class=\"FontStyle12\"><span style=\"font-size: 12.0pt; line-height: 115%; font-family: 'Arial','sans-serif';\">Art. 12\u00b0.-En la v\u00eda p\u00fablica, los animales deber\u00e1n ser conducidos a pie por los paseadores ocupando el sector marginal externo de las veredas, en forma responsable, mediante el empleo de collar, correa o cadena, quedando prohibida la circulaci\u00f3n por calles y en horarios de intensa circulaci\u00f3n peatonal y vehicular En todo momento deber\u00e1n mantener el control de los animales, para lo cual ser\u00e1n responsables de conducir un exceso de ellos que impida dicho contralor adecuado para evitar molestias o perjuicios a las dem\u00e1s personas. En los espacios p\u00fablicos los perros no podr\u00e1n permanecer atados a \u00e1rboles, monumentos p\u00fablicos, postes de se\u00f1alizaci\u00f3n, telefon\u00eda, columna de alumbrado y cualquier tipo de mobiliario urbano.<\/span><\/span><\/p>\n<p class=\"MsoNormal\" style=\"text-align: justify;\"><span class=\"FontStyle12\"><span style=\"font-size: 12.0pt; line-height: 115%; font-family: 'Arial','sans-serif';\">Art 13\u00b0.-RESPONSABILIDAD DUE\u00d1O O TENEDOR: El due\u00f1o o tenedor de un animal dom\u00e9stico o quien tenga a su cuidado o responsabilidad deber\u00e1 extremar las medidas de precauci\u00f3n a los fines de evitar a los vecinos y a la comunidad en general, las molestias, inconvenientes y excesivos ruidos m\u00e1s all\u00e1 de los decibeles aceptables y debidamente comprobables que pueda causar el animal alterando la paz y la tranquilidad de estos En este orden se proh\u00edbe dejar el animal solo en la vivienda lugares en los cuales se aloje durante lapsos que pongan en peligro su vida y bienestar. &#8211;<\/span><\/span><\/p>\n<p class=\"MsoNormal\" style=\"text-align: justify;\"><span class=\"FontStyle12\"><span style=\"font-size: 12.0pt; line-height: 115%; font-family: 'Arial','sans-serif';\">Art. 14\u00b0.-OBLIGACI\u00d3N RETIRAR DEPOSICIONES: El due\u00f1o de un animal dom\u00e9stico o el que lo tenga a su cuidado est\u00e1 en la obligaci\u00f3n de retirar y recoger de las calles, avenidas, parques, plazas u otros lugares p\u00fablicos las deposiciones o materias similares que ellos depositen durante el traslado o paseo. Para lo cual deber\u00e1 disponer de una escobilla y bolsa de residuos o cualquier otro elemento apto para la recolecci\u00f3n y deber\u00e1n ser depositados en los recipientes colocados exclusivamente para ello, que ser\u00e1n colocados por la Municipalidad en los espacios p\u00fablicos.<\/span><\/span><\/p>\n<p class=\"MsoNormal\" style=\"text-align: justify;\"><span class=\"FontStyle12\"><span style=\"font-size: 12.0pt; line-height: 115%; font-family: 'Arial','sans-serif';\">Art. 15\u00b0.- ANIMALES DE PASO: Todo animal dom\u00e9stico procedente de otras jurisdicciones que deba permanecer en el Municipio de Curuz\u00fa Cuati\u00e1, deber\u00e1 estar acompa\u00f1ado de su propietario, tenedor, o responsable de su cuidado quedando obligados a acreditar el certificado de vacunaci\u00f3n antirr\u00e1bica, si fuere necesario.<\/span><\/span><\/p>\n<p class=\"MsoNormal\" style=\"text-align: justify;\"><span class=\"FontStyle12\"><span style=\"font-size: 12.0pt; line-height: 115%; font-family: 'Arial','sans-serif';\">Art. 16\u00b0.- PERROS PELIGROSOS: Se establece la siguiente normativa espec\u00edfica respecto de la tenencia de perros potencialmente peligrosos para hacerla compatible con la seguridad de las personas y otros animales. La presente Ordenanza no se aplica a perros pertenecientes a las Fuerzas Armadas y de Seguridad del Estado Nacional y Provincial.<\/span><\/span><\/p>\n<p class=\"MsoNormal\" style=\"text-align: justify;\"><span class=\"FontStyle12\"><span style=\"font-size: 12.0pt; line-height: 115%; font-family: 'Arial','sans-serif';\">Art. 17\u00b0.- REGISTRO: CREASE el Registro de Propietarios de Perros Peligrosos. En el registro se consignan los datos personales del solicitante y respecto del perro, los datos que permiten individualizarlo sus caracter\u00edsticas y el lugar habitual de residencia adem\u00e1s de los requisitos previstos en los art\u00edculos QUINTO y SEXTO de la presente. El registro entrega al solicitante un instructivo de crianza y prevenci\u00f3n en el cual indican al menos las disposiciones establecidas en esta ordenanza para la tenencia de perros potencialmente peligrosos, y las condiciones m\u00ednimas de adiestramiento y sociabilidad que requieren los mismos.<\/span><\/span><\/p>\n<p class=\"MsoNormal\" style=\"text-align: justify;\"><span class=\"FontStyle12\"><span style=\"font-size: 12.0pt; line-height: 115%; font-family: 'Arial','sans-serif';\">Art. 18\u00b0.- CUALQUIER incidente producido por un perro potencialmente peligroso a lo largo de su vida, conocido por las autoridades administrativas o judiciales. Se hace constar en su hoja registral que se cierra con su muerte.<\/span><\/span><\/p>\n<p class=\"MsoNormal\" style=\"text-align: justify;\"><span class=\"FontStyle12\"><span style=\"font-size: 12.0pt; line-height: 115%; font-family: 'Arial','sans-serif';\"><img decoding=\"async\" src=\"images\/241122-sesion-2.JPG\" alt=\"\" \/><\/span><\/span><\/p>\n<p class=\"MsoNormal\" style=\"text-align: justify;\"><span class=\"FontStyle12\"><span style=\"font-size: 12.0pt; line-height: 115%; font-family: 'Arial','sans-serif';\">Art. 19\u00b0.- LA tenencia de perros potencialmente peligrosos queda sujeta al cumplimiento de las siguientes disposiciones:<\/span><\/span><\/p>\n<p class=\"MsoNormal\" style=\"text-align: justify;\"><span class=\"FontStyle12\"><span style=\"font-size: 12.0pt; line-height: 115%; font-family: 'Arial','sans-serif';\">1.- Solicitar la inscripci\u00f3n en el registro antes que el perro cumpla seis meses (6) de vida.<\/span><\/span><\/p>\n<p class=\"MsoNormal\" style=\"text-align: justify;\"><span class=\"FontStyle12\"><span style=\"font-size: 12.0pt; line-height: 115%; font-family: 'Arial','sans-serif';\">2.- Identificar al perro mediante la colocaci\u00f3n de un chip o de un tatuaje. <span style=\"mso-spacerun: yes;\">\u00a0<\/span><span style=\"mso-spacerun: yes;\">\u00a0<\/span><span style=\"mso-spacerun: yes;\">\u00a0<\/span><\/span><\/span><\/p>\n<p class=\"MsoNormal\" style=\"text-align: justify;\"><span class=\"FontStyle12\"><span style=\"font-size: 12.0pt; line-height: 115%; font-family: 'Arial','sans-serif';\">3. &#8211; Para la presencia y circulaci\u00f3n en espacios p\u00fablicos, utilizar correa o cadena de menos de un metro de longitud Collar y bozal, adecuados para su raza<\/span><\/span><\/p>\n<p class=\"MsoNormal\" style=\"text-align: justify;\"><span class=\"FontStyle12\"><span style=\"font-size: 12.0pt; line-height: 115%; font-family: 'Arial','sans-serif';\">4.- Adoptar medidas de segundad y prevenci\u00f3n en el inmueble donde se aloja al perro, en el que debe haber estructuras suficientemente resistente y de dimensiones adecuadas que impidan al perro escaparse o sobrepasar el hocico mas all\u00e1 de los limites propios<\/span><\/span><\/p>\n<p class=\"MsoNormal\" style=\"text-align: justify;\"><span class=\"FontStyle12\"><span style=\"font-size: 12.0pt; line-height: 115%; font-family: 'Arial','sans-serif';\">5.- En el inmueble que pertenece a m\u00e1s de un propietario se proh\u00edbe dejar al perro en lugares comunes.<\/span><\/span><\/p>\n<p class=\"MsoNormal\" style=\"text-align: justify;\"><span class=\"FontStyle12\"><span style=\"font-size: 12.0pt; line-height: 115%; font-family: 'Arial','sans-serif';\">6 &#8211; Comunicar al registro la cesi\u00f3n robo muerte o p\u00e9rdida del perro, haci\u00e9ndose constar tal circunstancia en su correspondiente hoja registra!, sin perjuicio de que. si el perro cambiara de tenedor o a un nuevo propietario, este deber\u00e1 renovar la inscripci\u00f3n en el registro<\/span><\/span><\/p>\n<p class=\"MsoNormal\" style=\"text-align: justify;\"><span class=\"FontStyle12\"><span style=\"font-size: 12.0pt; line-height: 115%; font-family: 'Arial','sans-serif';\">Art. 20\u00b0- SE establece de manera enunciativa la lista de razas caninas alcanzadas por las disposiciones de la presente ordenanza<\/span><\/span><\/p>\n<p class=\"MsoNormal\" style=\"text-align: justify;\"><span class=\"FontStyle12\"><span style=\"font-size: 12.0pt; line-height: 115%; font-family: 'Arial','sans-serif';\">Akita Inu<\/span><\/span><\/p>\n<p class=\"MsoNormal\" style=\"text-align: justify;\"><span class=\"FontStyle12\"><span style=\"font-size: 12.0pt; line-height: 115%; font-family: 'Arial','sans-serif';\">American Scaffordshire<\/span><\/span><\/p>\n<p class=\"MsoNormal\" style=\"text-align: justify;\"><span class=\"FontStyle12\"><span style=\"font-size: 12.0pt; line-height: 115%; font-family: 'Arial','sans-serif';\">Bullmastif<\/span><\/span><\/p>\n<p class=\"MsoNormal\" style=\"text-align: justify;\"><span class=\"FontStyle12\"><span style=\"font-size: 12.0pt; line-height: 115%; font-family: 'Arial','sans-serif';\">Bull Terrier <\/span><\/span><\/p>\n<p class=\"MsoNormal\" style=\"text-align: justify;\"><span class=\"FontStyle12\"><span style=\"font-size: 12.0pt; line-height: 115%; font-family: 'Arial','sans-serif';\">Doberman<\/span><\/span><\/p>\n<p class=\"MsoNormal\" style=\"text-align: justify;\"><span class=\"FontStyle12\"><span style=\"font-size: 12.0pt; line-height: 115%; font-family: 'Arial','sans-serif';\">Dogo Argentino<\/span><\/span><\/p>\n<p class=\"MsoNormal\" style=\"text-align: justify;\"><span class=\"FontStyle12\"><span style=\"font-size: 12.0pt; line-height: 115%; font-family: 'Arial','sans-serif';\">Dogo de Burdeos<\/span><\/span><\/p>\n<p class=\"MsoNormal\" style=\"text-align: justify;\"><span class=\"FontStyle12\"><span style=\"font-size: 12.0pt; line-height: 115%; font-family: 'Arial','sans-serif';\">Fila Brasile\u00f1o<\/span><\/span><\/p>\n<p class=\"MsoNormal\" style=\"text-align: justify;\"><span class=\"FontStyle12\"><span style=\"font-size: 12.0pt; line-height: 115%; font-family: 'Arial','sans-serif';\">Gran Perro Japones<\/span><\/span><\/p>\n<p class=\"MsoNormal\" style=\"text-align: justify;\"><span class=\"FontStyle12\"><span style=\"font-size: 12.0pt; line-height: 115%; font-family: 'Arial','sans-serif';\">Mast\u00edn Napolitano<\/span><\/span><\/p>\n<p class=\"MsoNormal\" style=\"text-align: justify;\"><span class=\"FontStyle12\"><span style=\"font-size: 12.0pt; line-height: 115%; font-family: 'Arial','sans-serif';\">Pit Bull Terrier<\/span><\/span><\/p>\n<p class=\"MsoNormal\" style=\"text-align: justify;\"><span class=\"FontStyle12\"><span style=\"font-size: 12.0pt; line-height: 115%; font-family: 'Arial','sans-serif';\">Presa Canario<\/span><\/span><\/p>\n<p class=\"MsoNormal\" style=\"text-align: justify;\"><span class=\"FontStyle12\"><span style=\"font-size: 12.0pt; line-height: 115%; font-family: 'Arial','sans-serif';\">Rottweiler<\/span><\/span><\/p>\n<p class=\"MsoNormal\" style=\"text-align: justify;\"><span class=\"FontStyle12\"><span style=\"font-size: 12.0pt; line-height: 115%; font-family: 'Arial','sans-serif';\">Staffordshire Bull Terrier<\/span><\/span><\/p>\n<p class=\"MsoNormal\" style=\"text-align: justify;\"><span class=\"FontStyle12\"><span style=\"font-size: 12.0pt; line-height: 115%; font-family: 'Arial','sans-serif';\">Art. 21\u00b0.-LA autoridad de Aplicaci\u00f3n puede<\/span><\/span><\/p>\n<p class=\"MsoNormal\" style=\"text-align: justify;\"><span class=\"FontStyle12\"><span style=\"font-size: 12.0pt; line-height: 115%; font-family: 'Arial','sans-serif';\">1.- Incluir otras razas a la lista que se encuentra en esta ordenanza.<\/span><\/span><\/p>\n<p class=\"MsoNormal\" style=\"text-align: justify;\"><span class=\"FontStyle12\"><span style=\"font-size: 12.0pt; line-height: 115%; font-family: 'Arial','sans-serif';\">2.- Incluir otros m\u00e9todos de identificaci\u00f3n a los establecidos en la presente Ordenanza.<\/span><\/span><\/p>\n<p class=\"MsoNormal\" style=\"text-align: justify;\"><span class=\"FontStyle12\"><span style=\"font-size: 12.0pt; line-height: 115%; font-family: 'Arial','sans-serif';\">3.- Celebrar convenios con el colegio de Veterinarios de la Provincia de Corrientes, a los efectos de coordinar con las veterinarias la identificaci\u00f3n de los PPP.<\/span><\/span><\/p>\n<p class=\"MsoNormal\" style=\"text-align: justify;\"><span class=\"FontStyle12\"><span style=\"font-size: 12.0pt; line-height: 115%; font-family: 'Arial','sans-serif';\">Art. 22\u00b0.-Se considerar\u00e1n infracciones administrativas los actos u omisiones que contravengan las normas contenidas en la presente ser\u00e1n sancionadas con multas, seg\u00fan los procedimientos, montos y condiciones establecidas en el C\u00f3digo Municipal de Faltas aplicado por el Tribunal Municipal competente. Las infracciones se calificaran como leves, graves, y muy graves, de conformidad con lo establecido en las siguientes disposiciones:<\/span><\/span><\/p>\n<p class=\"MsoNormal\" style=\"text-align: justify;\"><span class=\"FontStyle12\"><span style=\"font-size: 12.0pt; line-height: 115%; font-family: 'Arial','sans-serif';\">a) Infracciones leves:<\/span><\/span><\/p>\n<p class=\"MsoNormal\" style=\"text-align: justify;\"><span class=\"FontStyle12\"><span style=\"font-size: 12.0pt; line-height: 115%; font-family: 'Arial','sans-serif';\">1. La tenencia de animales de compa\u00f1\u00eda cuando las condiciones de alojamiento, el n\u00famero de animales o cualquier otra circunstancia que impliquen riesgo higi\u00e9nicos-sanitarios, molestias para las personas, supongan peligro o amenaza , o no pueda ejercerse sobre ellos una adecuada vigilancia, ni se cuide de la salud de los mismos.-<\/span><\/span><\/p>\n<p class=\"MsoNormal\" style=\"text-align: justify;\"><span class=\"FontStyle12\"><span style=\"font-size: 12.0pt; line-height: 115%; font-family: 'Arial','sans-serif';\">2. La no adopci\u00f3n de medidas oportunas para evitar que los animales ensucien con sus deyecciones los espacios p\u00fablicos o privados de uso com\u00fan.-<\/span><\/span><\/p>\n<p class=\"MsoNormal\" style=\"text-align: justify;\"><span class=\"FontStyle12\"><span style=\"font-size: 12.0pt; line-height: 115%; font-family: 'Arial','sans-serif';\">3. La no adopci\u00f3n de medidas oportunas de evitar la entrada de animales en zonas de recreo infantil o en otras no autorizadas para ellos.-<\/span><\/span><\/p>\n<p class=\"MsoNormal\" style=\"text-align: justify;\"><span class=\"FontStyle12\"><span style=\"font-size: 12.0pt; line-height: 115%; font-family: 'Arial','sans-serif';\">4. Cualquier acci\u00f3n u omisi\u00f3n que constituya incumplimiento de los preceptos aglomerados en la presente y que no est\u00e9 tipificada como infracci\u00f3n grave o muy grave<\/span><\/span><\/p>\n<p class=\"MsoNormal\" style=\"text-align: justify;\"><span class=\"FontStyle12\"><span style=\"font-size: 12.0pt; line-height: 115%; font-family: 'Arial','sans-serif';\">5. La tenencia de animales en cantidad que produzcan ruidos u olores que afecten el descanso o atenten contra las condiciones de salubridad de los vecinos.-<\/span><\/span><\/p>\n<p class=\"MsoNormal\" style=\"text-align: justify;\"><span class=\"FontStyle12\"><span style=\"font-size: 12.0pt; line-height: 115%; font-family: 'Arial','sans-serif';\">6. La no renovaci\u00f3n del carnet identificatorio en tiempo y forma de paseadores de perros.-<\/span><\/span><\/p>\n<p class=\"MsoNormal\" style=\"text-align: justify;\"><span class=\"FontStyle12\"><span style=\"font-size: 12.0pt; line-height: 115%; font-family: 'Arial','sans-serif';\">b) Infracciones graves:<\/span><\/span><\/p>\n<p class=\"MsoNormal\" style=\"text-align: justify;\"><span class=\"FontStyle12\"><span style=\"font-size: 12.0pt; line-height: 115%; font-family: 'Arial','sans-serif';\">1. La tenencia de animales en condiciones higi\u00e9nico- sanitarias inadecuadas, no proporcionarles alojamiento adecuado a sus necesidades o no facilitarles la alimentaci\u00f3n y bebida necesaria para su normal desarrollo. &#8211;<\/span><\/span><\/p>\n<p class=\"MsoNormal\" style=\"text-align: justify;\"><span class=\"FontStyle12\"><span style=\"font-size: 12.0pt; line-height: 115%; font-family: 'Arial','sans-serif';\">2. El abandono de cualquier animal en la v\u00eda publica. &#8211;<\/span><\/span><\/p>\n<p class=\"MsoNormal\" style=\"text-align: justify;\"><span class=\"FontStyle12\"><span style=\"font-size: 12.0pt; line-height: 115%; font-family: 'Arial','sans-serif';\">3. La permanencia continuada de animales en el interior de veh\u00edculos que ponga en riesgo su salud. &#8211;<\/span><\/span><\/p>\n<p class=\"MsoNormal\" style=\"text-align: justify;\"><span class=\"FontStyle12\"><span style=\"font-size: 12.0pt; line-height: 115%; font-family: 'Arial','sans-serif';\">4. La no vacunaci\u00f3n antirr\u00e1bica o la no realizaci\u00f3n de tratamientos declarados obligatorios. &#8211;<\/span><\/span><\/p>\n<p class=\"MsoNormal\" style=\"text-align: justify;\"><span class=\"FontStyle12\"><span style=\"font-size: 12.0pt; line-height: 115%; font-family: 'Arial','sans-serif';\">\u00a0<\/span><\/span><span class=\"FontStyle12\"><span style=\"font-size: 12.0pt; line-height: 115%; font-family: 'Arial','sans-serif';\">5. La falta de inscripci\u00f3n en el Registro de Paseadores de Perros y de Perros peligrosos<\/span><\/span><\/p>\n<p class=\"MsoNormal\" style=\"text-align: justify;\"><span class=\"FontStyle12\"><span style=\"font-size: 12.0pt; line-height: 115%; font-family: 'Arial','sans-serif';\">6. La circulaci\u00f3n sin cadena, soga, cuerda, collar identificatorio de los perros.<\/span><\/span><\/p>\n<p class=\"MsoNormal\" style=\"text-align: justify;\"><span class=\"FontStyle12\"><span style=\"font-size: 12.0pt; line-height: 115%; font-family: 'Arial','sans-serif';\">7. La esterilizaci\u00f3n, mutilaci\u00f3n o sacrificios sin control veterinario.<\/span><\/span><\/p>\n<p class=\"MsoNormal\" style=\"text-align: justify;\"><span class=\"FontStyle12\"><span style=\"font-size: 12.0pt; line-height: 115%; font-family: 'Arial','sans-serif';\">8. El incumplimiento de cualesquiera de las obligaciones establecidas para los perros peligrosos.<\/span><\/span><\/p>\n<p class=\"MsoNormal\" style=\"text-align: justify;\"><span class=\"FontStyle12\"><span style=\"font-size: 12.0pt; line-height: 115%; font-family: 'Arial','sans-serif';\">9. Toda acci\u00f3n u omisi\u00f3n que impida o dificulte la tarea de los inspectores y\/o controladores.-<\/span><\/span><\/p>\n<p class=\"MsoNormal\" style=\"text-align: justify;\"><span class=\"FontStyle12\"><span style=\"font-size: 12.0pt; line-height: 115%; font-family: 'Arial','sans-serif';\">10. El incumplimiento de las Intimaciones o notificaciones de los agentes municipales. &#8211;<\/span><\/span><\/p>\n<p class=\"MsoNormal\" style=\"text-align: justify;\"><span class=\"FontStyle12\"><span style=\"font-size: 12.0pt; line-height: 115%; font-family: 'Arial','sans-serif';\">11. La concurrencia de infracciones leves. &#8211;<\/span><\/span><\/p>\n<p class=\"MsoNormal\" style=\"text-align: justify;\"><span class=\"FontStyle12\"><span style=\"font-size: 12.0pt; line-height: 115%; font-family: 'Arial','sans-serif';\">c) Infracciones muy graves: Ser\u00e1n consideradas las siguientes, sin perjuicio de las denuncias por violaci\u00f3n de la Ley No 14.346 en caso que correspondiere:<\/span><\/span><\/p>\n<p class=\"MsoNormal\" style=\"text-align: justify;\"><span class=\"FontStyle12\"><span style=\"font-size: 12.0pt; line-height: 115%; font-family: 'Arial','sans-serif';\">1. Suministrar por cualquier v\u00eda, sustancias nocivas que puedan causarle da\u00f1o o sufrimientos.<\/span><\/span><\/p>\n<p class=\"MsoNormal\" style=\"text-align: justify;\"><span class=\"FontStyle12\"><span style=\"font-size: 12.0pt; line-height: 115%; font-family: 'Arial','sans-serif';\">2. Estimularlos con drogas sin perseguir fines terap\u00e9uticos.<\/span><\/span><\/p>\n<p class=\"MsoNormal\" style=\"text-align: justify;\"><span class=\"FontStyle12\"><span style=\"font-size: 12.0pt; line-height: 115%; font-family: 'Arial','sans-serif';\">3. Maltratar, agredir f\u00edsicamente o someter a los animales a cualquier pr\u00e1ctica que les pueda producir da\u00f1o o sufrimiento.<\/span><\/span><\/p>\n<p class=\"MsoNormal\" style=\"text-align: justify;\"><span class=\"FontStyle12\"><span style=\"font-size: 12.0pt; line-height: 115%; font-family: 'Arial','sans-serif';\">4. Intervenir quir\u00fargicamente animales sin anestesia y sin poseer el T\u00edtulo de M\u00e9dico Veterinario.<\/span><\/span><\/p>\n<p class=\"MsoNormal\" style=\"text-align: justify;\"><span class=\"FontStyle12\"><span style=\"font-size: 12.0pt; line-height: 115%; font-family: 'Arial','sans-serif';\">5. El incumplimiento de las resoluciones emanadas por parte de la autoridad competente y la reiteraci\u00f3n de infracciones graves,<\/span><\/span><\/p>\n<p class=\"MsoNormal\" style=\"text-align: justify;\"><span class=\"FontStyle12\"><span style=\"font-size: 12.0pt; line-height: 115%; font-family: 'Arial','sans-serif';\">Art. 23\u00b0.-Responsabllldad solidaria. Los propietarios, responsables o tenedores de los animales a los que se refiere la presente Ordenanza ser\u00e1n solidariamente responsables del cumplimiento de la misma, como as\u00ed tambi\u00e9n de los da\u00f1os que pueda ocasionar e! animal seg\u00fan lo establece el C\u00f3digo Civil y Comercial de la Naci\u00f3n en sus art\u00edculos 1757, 1759 y concordantes.<\/span><\/span><\/p>\n<p class=\"MsoNormal\" style=\"text-align: justify;\"><span class=\"FontStyle12\"><span style=\"font-size: 12.0pt; line-height: 115%; font-family: 'Arial','sans-serif';\">Art. 24\u00b0.-DEROGAR la Ordenanza N\u00b0. 2926 y toda otra que se oponga a la presente, manteniendo la vigencia de la Ordenanza N\u00b0. 336 en cuanto dispone medidas sanitarias antirr\u00e1bicas.<\/span><\/span><\/p>\n<p class=\"MsoNormal\" style=\"text-align: justify;\"><span class=\"FontStyle12\"><span style=\"font-size: 12.0pt; line-height: 115%; font-family: 'Arial','sans-serif';\">DISPOSICION TRANSITORIA: A los fines del cumplimiento de lo dispuesto en el ARTICULO TERCERO, el D.E.M. podr\u00e1 remitir al H. Concejo Deliberante una propuesta de ubicaci\u00f3n de un inmueble con una dimensi\u00f3n m\u00ednima de una hect\u00e1rea para el \u00abHOGAR DE MASCOTAS\u00bb, el cual podr\u00e1 ser adquirido por compra, permuta o donaci\u00f3n con tal finalidad; conjuntamente con un anteproyecto de su organizaci\u00f3n y funcionamiento. A efectos de colaborar y aportar sugerencias para tal objetivo se convocar\u00e1 a las entidades y personas interesadas<\/span><\/span><\/p>\n<p class=\"MsoNormal\" style=\"text-align: justify;\"><span class=\"FontStyle12\"><span style=\"font-size: 12.0pt; line-height: 115%; font-family: 'Arial','sans-serif';\">Art. 25\u00b0.- DE FORMA.<\/span><\/span><\/p>\n<p class=\"MsoNormal\" style=\"text-align: justify;\"><span class=\"FontStyle12\"><span style=\"font-size: 12.0pt; line-height: 115%; font-family: 'Arial','sans-serif';\">\u00a0<img decoding=\"async\" src=\"images\/241122-sesion-3.JPG\" alt=\"\" \/><\/span><\/span><\/p>\n<p class=\"MsoNormal\" style=\"text-align: justify; line-height: normal;\"><span style=\"font-size: 12.0pt; font-family: 'Arial','sans-serif';\">Continuando con el orden del d\u00eda se trat\u00f3 el despacho de la comisi\u00f3n de presupuesto el Expte. N\u00b0 5771\/2.022 sobre la nota Privada, de la Sra. Lidia Trifona Ram\u00edrez, solicitando condonaci\u00f3n de deuda. Analizado en comisi\u00f3n la concejal Muller explic\u00f3 que no se autoriza la aprobaci\u00f3n del mismo debido a que ya se hab\u00eda solicitado una condonaci\u00f3n previa a la titular y se hab\u00eda aprobado por \u00fanica vez y que la actual deuda inicia con la condonaci\u00f3n anterior, puesto a consideraci\u00f3n se aprob\u00f3 de manera un\u00e1nime. <\/span><\/p>\n<p class=\"MsoNormal\" style=\"text-align: justify; line-height: normal;\"><span style=\"font-size: 12.0pt; font-family: 'Arial','sans-serif';\">Seguidamente se trat\u00f3 el Expte. N\u00b0 5786\/2.022 referido al proyecto de Ordenanza, del D.E.M, aprobar el Presupuesto para el per\u00edodo 2.023. La concejal Muller expres\u00f3 que se analiz\u00f3 con todos los concejales y se debieron realizar modificaciones. Puesto a consideraci\u00f3n por la presidente en general fue aprobado un\u00e1nimemente, puesto en particular se aprob\u00f3 9 votos positivos a 2 negativos. <\/span><\/p>\n<p class=\"MsoNormal\" style=\"text-align: justify; line-height: normal;\"><span style=\"font-size: 12.0pt; font-family: 'Arial','sans-serif';\">Luego se trataron los expedientes 5787\/2.022 sobre el proyecto de Ordenanza, del D.E.M, aprobar la Tarifaria para el a\u00f1o 2.023 y 5788\/2.022 sobre el proyecto de Ordenanza, del D.E.M, establecer las cuotas y porcentajes del Impuesto Automotor, Tasa y Servicio Generales para el a\u00f1o 2.023. Ambos despachos la concejal Muller explic\u00f3 sobre las modificaciones en algunos incrementos necesarios en los valores de las tasas y en relaci\u00f3n al del impuesto automotor se utilizar\u00e1 la tabla aplicada del a\u00f1o 2022. Puesto a votaci\u00f3n se aprobaron ambos despachos un\u00e1nimemente.<\/span><\/p>\n<p class=\"MsoNormal\" style=\"text-align: justify; line-height: normal;\"><span style=\"font-size: 12.0pt; font-family: 'Arial','sans-serif';\">El 3\u00b0 punto tratado fue el de los proyectos ingresados de Ordenanza de autorizar al D.E.M, la contrataci\u00f3n<span style=\"mso-spacerun: yes;\">\u00a0 <\/span>directa mediante adhesi\u00f3n a dos planes de ahorro, antes la raz\u00f3n social Ayala Automotores, para la adquisici\u00f3n de dos camionetas Ford Ranger, pas\u00f3 a comisiones de Gobierno y Presupuesto.<\/span><\/p>\n<p class=\"MsoNormal\" style=\"text-align: justify; line-height: normal;\"><span style=\"font-size: 12.0pt; font-family: 'Arial','sans-serif';\">El Proyecto de Resoluci\u00f3n de la presidente del H.C.D. de presentar Presupuesto General del H.C.D, para el ejercicio 2.023 y de establecer una suma fija para el personal del H.C.D, para el a\u00f1o 2.023. Para ambos proyectos la concejal Fabiana Ruiz solicit\u00f3 el tratamiento sobre tablas, el que se aprob\u00f3, y luego fueron sometidos a votaci\u00f3n por la presidente siendo aprobados un\u00e1nimemente. <\/span><\/p>\n<p class=\"MsoNoSpacing\"><span lang=\"ES-AR\"><img decoding=\"async\" src=\"images\/241122-sesion-4.JPG\" alt=\"\" \/><\/span><\/p>\n<p class=\"MsoNoSpacing\"><span lang=\"ES-AR\">El proyecto del bloque Frente de Todos de solicitar al D.E.M., informe en relaci\u00f3n a da\u00f1os y sustracci\u00f3n de elementos en el Cementerio Municipal pas\u00f3 a comisi\u00f3n de Gobierno. Y de solicitar al D.E.M, informe respecto del lugar de dep\u00f3sito y quema de basura por parte de la Municipalidad en el predio privado ubicado en cercan\u00eda de Ruta Nacional N\u00b0 119 pas\u00f3 a comisi\u00f3n de Medio Ambiente.<\/span><span lang=\"ES-AR\">\u00a0<\/span><\/p>\n<p class=\"MsoNoSpacing\"><span lang=\"ES-AR\">El Proyecto de declaraci\u00f3n del bloque Frente de Todos de declarar de inter\u00e9s municipal al D\u00eda Internacional de la eliminaci\u00f3n de la Violencia Contra la Mujer, los d\u00edas 25 de noviembre de cada a\u00f1o, la concejal Zakegian solicit\u00f3 el tratamiento sobre tablas el que fue aprobado, se puso a consideraci\u00f3n y fue aprobado un\u00e1nimemente como declaraci\u00f3n.<\/span><span lang=\"ES-AR\">\u00a0<\/span><\/p>\n<p class=\"MsoNoSpacing\"><span lang=\"ES-AR\">EL HONORABLE CONCEJO DELIBERANTE<\/span><\/p>\n<p class=\"MsoNoSpacing\"><span lang=\"ES-AR\">DE CURUZU CUATIA<\/span><\/p>\n<p class=\"MsoNoSpacing\"><span lang=\"ES-AR\">DECLARA<\/span><span lang=\"ES-AR\">\u00a0<\/span><\/p>\n<p class=\"MsoNoSpacing\"><span lang=\"ES-AR\">ARTICULO 1\u00b0: DECLARAR DE INTERES MUNICIPAL al D\u00cdA INTERNACIONAL DE LA ELIMINACI\u00d3N DE LA VIOLENCIA CONTRA LA MUJER, los d\u00edas 25 de noviembre de cada a\u00f1o, en reconocimiento a la promoci\u00f3n y defensa de los derechos de las mujeres y ni\u00f1as del mundo y por los antecedentes expuestos en el CONSIDERANDO de la presente.<\/span><\/p>\n<p class=\"MsoNoSpacing\"><span lang=\"ES-AR\">ARTICULO 2\u00b0. De Forma.<\/span><\/p>\n<p class=\"MsoNormal\" style=\"text-align: justify;\"><span style=\"font-size: 12.0pt; line-height: 115%; font-family: 'Arial','sans-serif';\">El 4\u00b0 punto fue el referido a notas oficiales, del D.E.M.<span style=\"mso-spacerun: yes;\">\u00a0 <\/span>Bolet\u00edn Oficial N\u00b0 3.431, qued\u00f3 en secretar\u00eda.<\/span><\/p>\n<p class=\"MsoNoSpacing\"><span lang=\"ES-AR\">Solicitando al H.C.D, designe a un personal del Concejo a cargo del Protocolo y Ceremonial del mismo pas\u00f3 a comisi\u00f3n de Control y Gesti\u00f3n.<\/span><\/p>\n<p class=\"MsoNoSpacing\"><span lang=\"ES-AR\">De la secretar\u00eda de Hacienda solicitando remisi\u00f3n de expediente Orden de Pago 104150 correspondiente a Desarrollo de Equipo Industriales (DEISA), se realiz\u00f3 por secretar\u00eda.<\/span><\/p>\n<p class=\"MsoNoSpacing\"><span lang=\"ES-AR\">Del Sr. Auditor Municipal presentando Nota N\u00b0 36\/2.022, informe de auditor\u00eda correspondiente al a\u00f1o 2.021. y nota N\u00b0 38\/2.022, informe de revisi\u00f3n sobre estado contable de periodo correspondiente al Primer Trimestre del a\u00f1o 2.022 e informe especial sobre controles correspondiente al Primer Trimestre del 2.022 pasaron a Control y Gesti\u00f3n.<\/span><\/p>\n<p class=\"MsoNoSpacing\"><span lang=\"ES-AR\">De presidencia del H.C.D. remitiendo expediente O.P 87290 Luis Adrian Frola y Mar\u00eda Graciela Gazzo. y remitiendo expediente O.P 104150 correspondiente a Desarrollo de Equipo Industriales (DEISA), ya fueron enviados por presidencia.<\/span><\/p>\n<p class=\"MsoNormal\" style=\"text-align: justify;\"><span lang=\"ES-AR\">El 5\u00b0 punto notas privadas del Sr. \u00c1ngel Vallejos, Pte. de la Comisi\u00f3n Vecinal Barrio H\u00e9roes de Malvinas, solicitando se declare patrimonio cultural de la ciudad, el muro ubicado en la plaza Honor y Gloria pas\u00f3 a comisi\u00f3n de Gobierno.<\/span><\/p>\n<p class=\"MsoNoSpacing\"><span lang=\"ES-AR\">De la Sra. Graciela Ben\u00edtez, D.N.I. N\u00b0 12.492.708, solicitando condonaci\u00f3n de deuda municipal pas\u00f3 a comisi\u00f3n de Presupuesto.<\/span><\/p>\n<p class=\"MsoNoSpacing\"><span lang=\"ES-AR\">De las autoridades del Instituto Superior de Curuz\u00fa Cuati\u00e1, solicitando la donaci\u00f3n del terreno del ex mercado central pas\u00f3 a comisi\u00f3n de Gobierno.<\/span><\/p>\n<p class=\"MsoNoSpacing\"><span lang=\"ES-AR\"><img decoding=\"async\" src=\"images\/241122-sesion-6.JPG\" alt=\"\" \/><\/span><\/p>\n<p class=\"MsoNormal\" style=\"text-align: justify;\"><span style=\"font-size: 12.0pt; line-height: 115%; font-family: 'Arial','sans-serif';\">El 6\u00b0 punto fue el de resoluciones del D.E.M.:<\/span><\/p>\n<p class=\"MsoNoSpacing\"><span lang=\"ES-AR\" style=\"mso-bidi-font-size: 11.0pt;\">N\u00b0505: <\/span><span lang=\"ES-AR\">Incorporar al presupuesto municipal del a\u00f1o 2.022 en la partida presupuestaria de ingresos \u201c1.2.3.17\u201d denominada \u201cPrograma limpieza y adecuaci\u00f3n de arroyos\u201d la remesa recibida por esta Municipalidad en la cuenta corriente N\u00b0132024-1 del Banco de Corrientes S.A sucursal local por la suma <\/span><\/p>\n<p class=\"MsoNoSpacing\"><span lang=\"ES-AR\">de Pesos Cinco millones doscientos once ciento doce con 72\/100 ($ 5.111.112,72) acreditada el 04 de noviembre del 2.022, realizada por el Gobierno de la Provincia de Corrientes a trav\u00e9s de fondos del TESORO PROVINCIAL<span style=\"mso-spacerun: yes;\">\u00a0 <\/span>que ser\u00e1 destinada a financiar<span style=\"mso-spacerun: yes;\">\u00a0 <\/span>la \u201cLOCACION DE OBRA LIMPIEZA Y ADECUACION DE ARROYOS\u201d.-<\/span><\/p>\n<p class=\"MsoNoSpacing\"><span lang=\"ES-AR\">N\u00b0506: Incorporar al presupuesto municipal del a\u00f1o 2.022 en la partida presupuestaria de ingresos \u201c1.2.2.62\u201d denominada \u201cPrograma Argentina Hace I\u201d la remesa recibida por esta Municipalidad en la cuenta corriente N\u00b0 225005321 del Banco de la Naci\u00f3n Argentina sucursal local por la suma de Pesos Tres millones Seiscientos Cuarenta y Un Mil Quinientos Cincuenta ($ 3.641.550) acreditada el 13 de octubre del 2.022, realizada por el Gobierno de <\/span><\/p>\n<p class=\"MsoNoSpacing\"><span lang=\"ES-AR\">la Naci\u00f3n Argentina a trav\u00e9s de fondos del Ministerio de Obras Publicas Nacional<span style=\"mso-spacerun: yes;\">\u00a0 <\/span>que ser\u00e1 destinada a financiar<span style=\"mso-spacerun: yes;\">\u00a0 <\/span>la obra \u201c10 CUADRAS DE CORDON CUNETAS Y BADENES CURUZ\u00da CUATI\u00c1\u201d.-<\/span><\/p>\n<p class=\"MsoNoSpacing\" style=\"line-height: 115%;\"><span lang=\"ES-AR\">N\u00b0507: <\/span><span lang=\"ES-AR\" style=\"mso-bidi-font-size: 11.0pt; line-height: 115%;\">Promulgar y Ordenar <\/span><span lang=\"ES-AR\">la publicaci\u00f3n en el Bolet\u00edn Oficial de la Ordenanza N\u00b03.410.-<\/span><\/p>\n<p class=\"MsoNormal\" style=\"margin-bottom: .0001pt;\"><span lang=\"ES-AR\" style=\"font-size: 12.0pt; line-height: 115%; font-family: 'Arial','sans-serif'; mso-fareast-font-family: 'Times New Roman'; mso-ansi-language: ES-AR; mso-fareast-language: ES-AR;\">N\u00b0508<\/span><span style=\"font-size: 12.0pt; line-height: 115%; font-family: 'Arial','sans-serif'; color: black;\">: Decl\u00e1rese Hu\u00e9sped de Honor al Dr. Gobernador de la Provincia de Corrientes, Dr. Gustavo Adolfo Vald\u00e9s.-<\/span><\/p>\n<p class=\"MsoNormal\" style=\"margin-bottom: .0001pt; text-align: justify;\"><span lang=\"ES-AR\" style=\"font-size: 12.0pt; line-height: 115%; font-family: 'Arial','sans-serif'; mso-fareast-font-family: 'Times New Roman'; mso-ansi-language: ES-AR; mso-fareast-language: ES-AR;\">N\u00b0508<\/span><span style=\"font-size: 12.0pt; line-height: 115%; font-family: 'Arial','sans-serif'; color: black;\">: Decl\u00e1rese Hu\u00e9sped de Honor al Dr. Gobernador de la Provincia de Corrientes, Dr. Gustavo Adolfo Vald\u00e9s.-<\/span><\/p>\n<p class=\"MsoNormal\" style=\"margin-bottom: .0001pt;\"><span style=\"font-size: 12.0pt; line-height: 115%; font-family: 'Arial','sans-serif'; color: black;\">N\u00b0509: Disminuir e Incrementar del Presupuesto del D.E.M correspondiente al Ejercicio 2.022.-<\/span><\/p>\n<p class=\"MsoNormal\" style=\"margin-bottom: .0001pt; text-align: justify;\"><span style=\"font-size: 12.0pt; line-height: 115%; font-family: 'Arial','sans-serif'; color: black;\">N\u00b0510: Aceptar el reclamo de condonaci\u00f3n de las personas que se identifican a continuaci\u00f3n, las cuales se detallan el o los tributos aceptados, los periodos incluidos y el monto a condonarse, en cumplimiento de la Ordenanza N\u00b0 3.349\/22.-<\/span><\/p>\n<p class=\"MsoNoSpacing\"><span lang=\"ES-AR\" style=\"color: black;\">N\u00b0511: <\/span><span lang=\"ES-AR\" style=\"mso-bidi-font-size: 11.0pt;\">Adjudicar <\/span><span lang=\"ES-AR\">a las empresas que se indican abajo, los producto que resultaron m\u00e1s conveniente, reuniendo los requisitos de calidad establecidos y que mejor satinasen las necesidades requeridas para los fines previstos, correspondientes al concurso de precios, que tiene por objeto la \u201ccompra de computadoras\u201d, la que ser\u00e1n destinadas para el uso por parte de las diversas \u00e1reas municipales que las requieran, cuya oferta se efectu\u00f3 conforme a lo previsto, a las 09:00 hs. del viernes 04 de noviembre del 2.022 siendo adjudicada al oferente Osacar Gustavo Daniel, CUIT: 20-21654665-3.-<\/span><\/p>\n<p class=\"MsoNoSpacing\"><span lang=\"ES-AR\" style=\"color: black;\">N\u00b0512: <\/span><span lang=\"ES-AR\" style=\"mso-bidi-font-size: 11.0pt;\">Adjudicar <\/span><span lang=\"ES-AR\">a las empresas que se indican abajo, los producto que resultaron m\u00e1s conveniente, reuniendo los requisitos de calidad establecidos y que mejor satinasen las necesidades requeridas para los fines previstos, correspondientes al concurso de precios, que tiene por objeto la \u201ccompra de sillas pl\u00e1sticas reforzadas\u201d, la que ser\u00e1n destinadas a la Direcci\u00f3n de Personal de la Municipalidad de Curuz\u00fa Cuati\u00e1, cuya oferta se efectu\u00f3 conforme a lo previsto, a las 09:00 hs. del viernes 04 de noviembre del 2.022 siendo adjudicada al oferente Fenelli Jorge Dante, CUIT: 20-10716568-2.-<\/span><\/p>\n<p class=\"MsoNoSpacing\"><span lang=\"ES-AR\">N\u00b0513: Incorporar al presupuesto municipal del a\u00f1o 2.022 en la partida presupuestaria de ingresos \u201c1.2.3.2\u201d denominada \u201cReforma y Revitalizaci\u00f3n del Parque Mit\u00e1 Rori\u201d la remesa recibida por esta Municipalidad en la cuenta corriente N\u00b0132024-1 del Banco de Corrientes S.A sucursal local por la suma de Pesos Cinco millones ($ 5.000.000) acreditada el 31 de Agosto del 2.022, realizada por el Gobierno de la Provincia de Corrientes a trav\u00e9s de fondos del TESORO PROVINCIAL<span style=\"mso-spacerun: yes;\">\u00a0 <\/span>que ser\u00e1 destinada a financiar<span style=\"mso-spacerun: yes;\">\u00a0 <\/span>la \u201cREFORMA Y REVITALIZACION DEL PARQUE MIT\u00c1 RORI\u201d.-<\/span><\/p>\n<p class=\"MsoNoSpacing\"><span lang=\"ES-AR\">N\u00b0514: Crear la partida presupuestaria de ingreso 1.2.3.2 denominada \u201cReforma y Revitalizaci\u00f3n del Parque Mit\u00e1 Rori\u201d, en el presupuesto del D.E.M correspondiente al ejercicio 2.022.-<\/span><\/p>\n<p class=\"MsoNoSpacing\"><span lang=\"ES-AR\">N\u00b0515: Otorgar el Visto Bueno, requerido por el art. 184 de la C.O.M de la Municipalidad de Curuz\u00fa Cuati\u00e1, a las liquidaciones de impuestos, tasas, contribuciones y dem\u00e1s recursos municipales, cuyos datos identificatorio se precisan en el Anexo a la presente y que forma parte integrante de la misma.-<\/span><\/p>\n<p class=\"MsoNoSpacing\"><span lang=\"ES-AR\">N\u00b0516: Otorgar el 1\u00b0 puesto del evento \u201cTorneo de Fuerza y Resistencia\u201d.-<\/span><\/p>\n<p class=\"MsoNoSpacing\" style=\"line-height: 115%;\"><span lang=\"ES-AR\">N\u00b0517: <\/span><span lang=\"ES-AR\" style=\"mso-bidi-font-size: 11.0pt; line-height: 115%;\">Promulgar y Ordenar <\/span><span lang=\"ES-AR\">la publicaci\u00f3n en el Bolet\u00edn Oficial de la Ordenanza N\u00b03.411.-<\/span><\/p>\n<p class=\"MsoNoSpacing\" style=\"line-height: 115%;\"><span lang=\"ES-AR\">N\u00b0518: Otorgar una ayuda econ\u00f3mica de $ 50.000 al Sr. Ricardo Davis Ocampo, D.N.I N\u00b0 33.001.808.-<\/span><\/p>\n<p class=\"MsoNoSpacing\" style=\"line-height: 115%;\"><span lang=\"ES-AR\">N\u00b0519: Otorgar una ayuda econ\u00f3mica de $ 50.000 al Sr. Ra\u00fal Federico Zamudio, D.N.I N\u00b0 37.593.966.-<\/span><\/p>\n<p class=\"MsoNoSpacing\" style=\"line-height: 115%;\"><span lang=\"ES-AR\">N\u00b0520: Otorgar una ayuda econ\u00f3mica de $ 30.000 a la Sra. Elena Etel Soto, D.N.I N\u00b0 27.327.596, en car\u00e1cter de Presidenta de la Biblioteca Popular Cuati\u00e1 Renda.-<\/span><\/p>\n<p class=\"MsoNoSpacing\" style=\"line-height: 115%;\"><span lang=\"ES-AR\">N\u00b0521: Otorgar una ayuda econ\u00f3mica de $ 20.000 a la Sra. Trifona G\u00f3mez, D.N.I N\u00b0 F6.156.925.-<\/span><\/p>\n<p class=\"MsoNoSpacing\" style=\"line-height: 115%;\"><span lang=\"ES-AR\">N\u00b0522: Otorgar una ayuda econ\u00f3mica de $ 35.000 al Sr. Sergio Ernesto Filandino, D.N.I N\u00b0 21.552.729, en car\u00e1cter de Presidente de la Asociaci\u00f3n Rinc\u00f3n de Luz.-<\/span><\/p>\n<p class=\"MsoNoSpacing\" style=\"line-height: 115%;\"><span lang=\"ES-AR\">N\u00b0523: Otorgar una ayuda econ\u00f3mica de $ 30.000 al Sr. Juan Manuel Grebe Caceres, D.N.I N\u00b0 42.737.801.-<\/span><\/p>\n<p class=\"MsoNoSpacing\" style=\"line-height: 115%;\"><span lang=\"ES-AR\">N\u00b0524: Otorgar licencia sin goce de haberes desde el 01 de noviembre del 2.022 hasta el 30 de abril del 2.023. al agente RAMON ESTIGARRIBIA, D.N.I N\u00b0 27.888.828.-<\/span><\/p>\n<p class=\"MsoNoSpacing\"><span lang=\"ES-AR\">N\u00b0525: <\/span><span lang=\"ES-AR\" style=\"mso-bidi-font-size: 11.0pt;\">Fijar el precio de venta del inmueble identificado en Pesos Cuatrocientos Veinte Mil ($ 420.000), adjudic\u00e1ndose una vez pago, en forma directa al Sr. Herrera Daniel An\u00edbal, D.N.I N\u00b0 21.646.753, en donde se solicitan en compra un lote de terreno municipal ubicado en la Mzna. N\u00b0 21, sobre calle Sarratea y Juan Pujol N\u00b0 209, Folio Real Matricula N\u00b0 13357, bajo partida inmobiliaria: E1-5691-1 (Parcela A).-<\/span><\/p>\n<p class=\"MsoNoSpacing\"><span lang=\"ES-AR\" style=\"mso-bidi-font-size: 11.0pt;\">N\u00b0526: Autorizar la Escritura P\u00fablica de compraventa a favor del Sr. Ram\u00edrez Ram\u00f3n Carlos, D.N.I N\u00b0 11.417.337, un terreno propiedad municipal ubicado en ubicado en Mzna. 255 de la Planta Urbana de la ciudad de Curuz\u00fa Cuati\u00e1, calle Martin Rodr\u00edguez N\u00b0 579 entre calle El Maestro y Podest\u00e1, inscripto en el Registro de la Propiedad Inmueble de la Provincia de Corrientes, Folio Real Matricula N\u00b0 12337 a nombre de la Municipalidad de Curuz\u00fa Cuati\u00e1, registro Direcci\u00f3n General de Catastro y Cartograf\u00eda bajo Partida Inmobiliaria: E1-16036-1 de la Mensura N\u00b0 8212-L, Agrimensor Emanuel Schweizer, con una sup. 405.17m2.-<\/span><\/p>\n<p class=\"MsoNoSpacing\"><span lang=\"ES-AR\" style=\"mso-bidi-font-size: 11.0pt;\">N\u00b0527: Autorizar la Escritura P\u00fablica de compraventa a favor del Sr. Mu\u00f1oz Gladis Ver\u00f3nica, D.N.I N\u00b0 26.063.279, un terreno propiedad municipal ubicado en ubicado en Mzna. 138 de la Planta Urbana de la ciudad de Curuz\u00fa Cuati\u00e1, calle Matheu N\u00b0 1.130 entre calle Sarmiento y Rodr\u00edguez Pe\u00f1a, inscripto en el Registro de la Propiedad Inmueble de la Provincia de Corrientes, Folio Real Matricula N\u00b0 8275 a nombre de la Municipalidad de Curuz\u00fa Cuati\u00e1, registro Direcci\u00f3n General de Catastro y Cartograf\u00eda bajo Partida Inmobiliaria: E1-12476-1 de la Mensura N\u00b0 1575-L, con una sup. 435.44m2.-<\/span><\/p>\n<p class=\"MsoNormal\"><span style=\"font-size: 12.0pt; line-height: 115%; font-family: 'Arial','sans-serif'; color: black;\">El 7\u00b0 punto Resoluci\u00f3n de presidencia N\u00b0 92\/2.022 referida a derogar la Resoluci\u00f3n N\u00b0 51 del 13 de noviembre del 2.020, puesto a consideraci\u00f3n fue aprobado un\u00e1nimemente.<\/span><\/p>\n<p class=\"MsoNormal\"><span style=\"font-size: 12.0pt; line-height: 115%; font-family: 'Arial','sans-serif'; color: black;\">Para finalizar se trat\u00f3 la solicitud de incorporaci\u00f3n del concejal Santini sobre la documentaci\u00f3n presentada por el Club Barracas y La Cantera sobre el convenio firmado entre ambos, el que fue anexado al expediente 5755\/22 existente en comisi\u00f3n. <\/span><\/p>\n<p class=\"MsoNormal\" style=\"text-align: justify;\"><span style=\"font-size: 12.0pt; line-height: 115%; font-family: 'Arial','sans-serif';\">No habiendo mas temas que tratar la presidente dio por finalizada la sesi\u00f3n del d\u00eda de la fecha.<\/span><\/p>\n","protected":false},"excerpt":{"rendered":"<p class=\"MsoNormal\" style=\"text-align: justify;\"><span style=\"font-size: 12.0pt; line-height: 115%; font-family: 'Arial','sans-serif';\"><img decoding=\"async\" src=\"images\/241122-sesion-5.JPG\" alt=\"\" \/><\/span><\/p>\n<p class=\"MsoNormal\" style=\"text-align: justify;\"><span style=\"font-size: 12.0pt; line-height: 115%; font-family: 'Arial','sans-serif';\">Pasadas las 20hs. del jueves 24 de noviembre del corriente, la presidente del cuerpo la Sra. Mariel Naya Yrigoyen y el secretario Dr. Fernando Dom\u00ednguez, con la totalidad de los Sres. concejales presentes dieron inicio a la sesi\u00f3n del d\u00eda de la fecha.<\/span><\/p>\n","protected":false},"author":1,"featured_media":1452,"comment_status":"open","ping_status":"open","sticky":false,"template":"","format":"standard","meta":{"footnotes":""},"categories":[3],"tags":[],"class_list":["post-1453","post","type-post","status-publish","format-standard","has-post-thumbnail","hentry","category-uncategorised"],"brizy_media":[],"_links":{"self":[{"href":"https:\/\/concejocuruzucuatia.gob.ar\/wp\/wp-json\/wp\/v2\/posts\/1453","targetHints":{"allow":["GET"]}}],"collection":[{"href":"https:\/\/concejocuruzucuatia.gob.ar\/wp\/wp-json\/wp\/v2\/posts"}],"about":[{"href":"https:\/\/concejocuruzucuatia.gob.ar\/wp\/wp-json\/wp\/v2\/types\/post"}],"author":[{"embeddable":true,"href":"https:\/\/concejocuruzucuatia.gob.ar\/wp\/wp-json\/wp\/v2\/users\/1"}],"replies":[{"embeddable":true,"href":"https:\/\/concejocuruzucuatia.gob.ar\/wp\/wp-json\/wp\/v2\/comments?post=1453"}],"version-history":[{"count":0,"href":"https:\/\/concejocuruzucuatia.gob.ar\/wp\/wp-json\/wp\/v2\/posts\/1453\/revisions"}],"wp:featuredmedia":[{"embeddable":true,"href":"https:\/\/concejocuruzucuatia.gob.ar\/wp\/wp-json\/wp\/v2\/media\/1452"}],"wp:attachment":[{"href":"https:\/\/concejocuruzucuatia.gob.ar\/wp\/wp-json\/wp\/v2\/media?parent=1453"}],"wp:term":[{"taxonomy":"category","embeddable":true,"href":"https:\/\/concejocuruzucuatia.gob.ar\/wp\/wp-json\/wp\/v2\/categories?post=1453"},{"taxonomy":"post_tag","embeddable":true,"href":"https:\/\/concejocuruzucuatia.gob.ar\/wp\/wp-json\/wp\/v2\/tags?post=1453"}],"curies":[{"name":"wp","href":"https:\/\/api.w.org\/{rel}","templated":true}]}}