{"id":1445,"date":"2022-11-16T00:47:22","date_gmt":"2022-11-16T00:47:22","guid":{"rendered":"https:\/\/concejocuruzucuatia.gob.ar\/wp\/2022\/11\/16\/el-concejo-acompano-la-visita-del-gobernador-de-la-provincia-en-la-vispera-de-un-nuevo-aniversario-de-curuzu-cuatia\/"},"modified":"2022-11-16T00:47:22","modified_gmt":"2022-11-16T00:47:22","slug":"el-concejo-acompano-la-visita-del-gobernador-de-la-provincia-en-la-vispera-de-un-nuevo-aniversario-de-curuzu-cuatia","status":"publish","type":"post","link":"https:\/\/concejocuruzucuatia.gob.ar\/wp\/2022\/11\/16\/el-concejo-acompano-la-visita-del-gobernador-de-la-provincia-en-la-vispera-de-un-nuevo-aniversario-de-curuzu-cuatia\/","title":{"rendered":"El concejo acompa\u00f1\u00f3 la visita del gobernador de la provincia en la v\u00edspera de un nuevo aniversario de Curuz\u00fa Cuati\u00e1"},"content":{"rendered":"<p><span style=\"color: #333333; font-family: sans-serif, Arial, Verdana, 'Trebuchet MS'; font-size: 13px;\"><img decoding=\"async\" src=\"images\/151122-hcd-gobernador-1.JPG\" alt=\"\" \/><\/span><\/p>\n<p><span style=\"color: #333333; font-family: sans-serif, Arial, Verdana, 'Trebuchet MS'; font-size: 13px;\">Este 15 de noviembre la ciudad cont\u00f3 con la visita del Gobernador Gustavo Vald\u00e9s, la presidente Mariel Naya Yrigoyen junto a los concejales acompa\u00f1aron la agenda que realiz\u00f3 el primer mandatario provincial.<\/span><\/p>\n<p><span style=\"color: #333333; font-family: sans-serif, Arial, Verdana, 'Trebuchet MS'; font-size: 13px;\">A primera hora aterriz\u00f3 cerca de las 9.30 Hs. en el aeroclub local e inaugur\u00f3 las refacciones y la nuevas instalaciones, luego se dirigieron\u00a0al<\/span><span style=\"color: #333333; font-family: sans-serif, Arial, Verdana, 'Trebuchet MS'; font-size: 13px;\">\u00a0edificio de la Escuela EFA \u00abMens\u00fa Peguara\u00bb (Escuela de la Familia Agr\u00edcola Mens\u00fa Peguara) sobre ruta 119 d\u00f3nde se inaugur\u00f3 las instalaciones y se hicieron entrega a los alumnos de notebooks y equipamientos.<\/span><br style=\"color: #333333; font-family: sans-serif, Arial, Verdana, 'Trebuchet MS'; font-size: 13px;\" \/><span style=\"color: #333333; font-family: sans-serif, Arial, Verdana, 'Trebuchet MS'; font-size: 13px;\">\u00a0<\/span><br style=\"color: #333333; font-family: sans-serif, Arial, Verdana, 'Trebuchet MS'; font-size: 13px;\" \/><span style=\"color: #333333; font-family: sans-serif, Arial, Verdana, 'Trebuchet MS'; font-size: 13px;\">Continuando con las inauguraciones se trasladaron al Club Hurac\u00e1n por calle Comandante Andresito para la inauguraci\u00f3n del SUM y obras de remodelaci\u00f3n del club.<\/span><\/p>\n<p><span style=\"color: #333333; font-family: sans-serif, Arial, Verdana, 'Trebuchet MS'; font-size: 13px;\">\u00a0<\/span><br style=\"color: #333333; font-family: sans-serif, Arial, Verdana, 'Trebuchet MS'; font-size: 13px;\" \/><span style=\"color: #333333; font-family: sans-serif, Arial, Verdana, 'Trebuchet MS'; font-size: 13px;\">En horas del mediod\u00eda se inaugur\u00f3 la repavimentaci\u00f3n de 9 cuadras de calle Ca\u00e1 Guaz\u00fa\u00a0 en la esquina de Ca\u00e1 Guaz\u00fa y Rodr\u00edguez Pe\u00f1a.<\/span><br style=\"color: #333333; font-family: sans-serif, Arial, Verdana, 'Trebuchet MS'; font-size: 13px;\" \/><span style=\"color: #333333; font-family: sans-serif, Arial, Verdana, 'Trebuchet MS'; font-size: 13px;\">\u00a0<\/span><br style=\"color: #333333; font-family: sans-serif, Arial, Verdana, 'Trebuchet MS'; font-size: 13px;\" \/><span style=\"color: #333333; font-family: sans-serif, Arial, Verdana, 'Trebuchet MS'; font-size: 13px;\">En horas de la tarde la presidente junto a los concejales acompa\u00f1aron a las autoridades a la Recreaci\u00f3n de la llegada de nuestros h\u00e9roes de Malvinas desde la Estaci\u00f3n de Trenes hasta las instalaciones de la Primera Divisi\u00f3n de Ej\u00e9rcito, acompa\u00f1ados por la Banda Sancti Spiritus, d\u00f3nde se realiz\u00f3 un emotivo acto junto a los Veteranos de Malvinas.<\/span><br style=\"color: #333333; font-family: sans-serif, Arial, Verdana, 'Trebuchet MS'; font-size: 13px;\" \/><span style=\"color: #333333; font-family: sans-serif, Arial, Verdana, 'Trebuchet MS'; font-size: 13px;\">\u00a0<\/span><br style=\"color: #333333; font-family: sans-serif, Arial, Verdana, 'Trebuchet MS'; font-size: 13px;\" \/><span style=\"color: #333333; font-family: sans-serif, Arial, Verdana, 'Trebuchet MS'; font-size: 13px;\">Ya sobre la noche se realiz\u00f3 la inauguraci\u00f3n de 5 cuadras de pavimento e iluminaci\u00f3n de calle Azcu\u00e9naga\u00a0 y posterior en el acceso Oeste a nuestra ciudad el espect\u00e1culo musical para recibir el aniversario n\u00famero 212 de Curuz\u00fa Cuati\u00e1.<\/span><\/p>\n<p><span style=\"color: #333333; font-family: sans-serif, Arial, Verdana, 'Trebuchet MS'; font-size: 13px;\"><img decoding=\"async\" src=\"images\/151122-hcd-gobernador-2.JPG\" alt=\"\" \/><img decoding=\"async\" src=\"images\/151122-hcd-gobernador-3.JPG\" alt=\"\" \/><img decoding=\"async\" src=\"images\/151122-hcd-gobernador-6.JPG\" alt=\"\" \/><img decoding=\"async\" src=\"images\/151122-hcd-gobernador-9.JPG\" alt=\"\" \/><\/span><\/p>\n<p>\u00a0<\/p>\n","protected":false},"excerpt":{"rendered":"<p><span style=\"color: #333333; font-family: sans-serif, Arial, Verdana, 'Trebuchet MS'; font-size: 13px;\"><img decoding=\"async\" src=\"images\/151122-hcd-gobernador-1.JPG\" alt=\"\" \/><\/span><\/p>\n<p><span style=\"color: #333333; font-family: sans-serif, Arial, Verdana, 'Trebuchet MS'; font-size: 13px;\">Este 15 de noviembre la ciudad cont\u00f3 con la visita del Gobernador Gustavo Vald\u00e9s, la presidente Mariel Naya Yrigoyen junto a los concejales acompa\u00f1aron la agenda que realiz\u00f3 el primer mandatario provincial.<\/span><\/p>\n","protected":false},"author":1,"featured_media":1444,"comment_status":"open","ping_status":"open","sticky":false,"template":"","format":"standard","meta":{"footnotes":""},"categories":[3],"tags":[],"class_list":["post-1445","post","type-post","status-publish","format-standard","has-post-thumbnail","hentry","category-uncategorised"],"brizy_media":[],"_links":{"self":[{"href":"https:\/\/concejocuruzucuatia.gob.ar\/wp\/wp-json\/wp\/v2\/posts\/1445","targetHints":{"allow":["GET"]}}],"collection":[{"href":"https:\/\/concejocuruzucuatia.gob.ar\/wp\/wp-json\/wp\/v2\/posts"}],"about":[{"href":"https:\/\/concejocuruzucuatia.gob.ar\/wp\/wp-json\/wp\/v2\/types\/post"}],"author":[{"embeddable":true,"href":"https:\/\/concejocuruzucuatia.gob.ar\/wp\/wp-json\/wp\/v2\/users\/1"}],"replies":[{"embeddable":true,"href":"https:\/\/concejocuruzucuatia.gob.ar\/wp\/wp-json\/wp\/v2\/comments?post=1445"}],"version-history":[{"count":0,"href":"https:\/\/concejocuruzucuatia.gob.ar\/wp\/wp-json\/wp\/v2\/posts\/1445\/revisions"}],"wp:featuredmedia":[{"embeddable":true,"href":"https:\/\/concejocuruzucuatia.gob.ar\/wp\/wp-json\/wp\/v2\/media\/1444"}],"wp:attachment":[{"href":"https:\/\/concejocuruzucuatia.gob.ar\/wp\/wp-json\/wp\/v2\/media?parent=1445"}],"wp:term":[{"taxonomy":"category","embeddable":true,"href":"https:\/\/concejocuruzucuatia.gob.ar\/wp\/wp-json\/wp\/v2\/categories?post=1445"},{"taxonomy":"post_tag","embeddable":true,"href":"https:\/\/concejocuruzucuatia.gob.ar\/wp\/wp-json\/wp\/v2\/tags?post=1445"}],"curies":[{"name":"wp","href":"https:\/\/api.w.org\/{rel}","templated":true}]}}