{"id":1421,"date":"2022-10-14T02:15:57","date_gmt":"2022-10-14T02:15:57","guid":{"rendered":"https:\/\/concejocuruzucuatia.gob.ar\/wp\/2022\/10\/14\/informe-de-prensa-hcd-sesion-13-de-octubre-de-2022\/"},"modified":"2022-10-14T02:15:57","modified_gmt":"2022-10-14T02:15:57","slug":"informe-de-prensa-hcd-sesion-13-de-octubre-de-2022","status":"publish","type":"post","link":"https:\/\/concejocuruzucuatia.gob.ar\/wp\/2022\/10\/14\/informe-de-prensa-hcd-sesion-13-de-octubre-de-2022\/","title":{"rendered":"Informe de Prensa HCD \/ Sesi\u00f3n 13 de octubre de 2022"},"content":{"rendered":"<p class=\"MsoNormal\" style=\"text-align: justify;\"><img decoding=\"async\" src=\"images\/131022-sesion-1.JPG\" alt=\"\" \/><\/p>\n<p class=\"MsoNormal\" style=\"text-align: justify;\"><span style=\"font-size: 12.0pt; line-height: 115%; font-family: 'Arial','sans-serif';\">Pasadas las 20.30hs. del jueves 13 de octubre del corriente, la presidente del cuerpo la Sra. Mariel Naya Yrigoyen y el secretario Dr. Fernando Dom\u00ednguez, con la ausencia justificada del concejal Arbelo, dieron inicio a la sesi\u00f3n del d\u00eda de la fecha. La presidente someti\u00f3 a votaci\u00f3n el orden del d\u00eda el que fue aprobado un\u00e1nimemente.<\/span><\/p>\n<p class=\"MsoNormal\" style=\"text-align: justify;\"><span style=\"font-size: 12.0pt; line-height: 115%; font-family: 'Arial','sans-serif';\">A continuaci\u00f3n se trat\u00f3 el primer punto referido a la lectura y consideraci\u00f3n del<span style=\"mso-spacerun: yes;\">\u00a0 <\/span>Acta<span style=\"mso-spacerun: yes;\">\u00a0 <\/span>N\u00b0 1615, la que omitiendo su lectura fue aprobada un\u00e1nimemente.<\/span><\/p>\n<p class=\"MsoNormal\" style=\"text-align: justify;\"><span style=\"font-size: 12.0pt; line-height: 115%; font-family: 'Arial','sans-serif';\">El 2\u00b0 punto tratado fue de los despachos de la comisi\u00f3n de gobierno, primero el Expte. N\u00b0 5774\/2.022 referido al proyecto de Declaraci\u00f3n del Bloque U.C.R, de Declarar a Mateo Villalba ciudadano Ilustre de Curuz\u00fa Cuati\u00e1. El concejal Santini realiz\u00f3 una breve rese\u00f1a de la extensa trayectoria del m\u00fasico y tambi\u00e9n por su parte la concejal Ruiz tuvo palabras de elogios hacia el maestro de las nuevas generaciones de artistas locales, adem\u00e1s solicit\u00f3 un cuarto intermedio para escuchar a Sebasti\u00e1n Gonz\u00e1lez que llev\u00f3 la palabra del grupo Las Guitarras de Curuz\u00fa que estaban presentes y destacar la labor del m\u00fasico curuzucuate\u00f1o. Luego de someter a votaci\u00f3n tuvo la aprobaci\u00f3n de manera un\u00e1nime.<\/span><\/p>\n<p class=\"MsoNormal\" style=\"text-align: justify;\"><span style=\"font-size: 12.0pt; line-height: 115%; font-family: 'Arial','sans-serif';\">El HONORABLE CONCEJO DELIBERANTE<\/span><\/p>\n<p class=\"MsoNormal\" style=\"text-align: justify;\"><span style=\"font-size: 12.0pt; line-height: 115%; font-family: 'Arial','sans-serif';\">DE CURUZU CUATIA<\/span><\/p>\n<p class=\"MsoNormal\" style=\"text-align: justify;\"><span style=\"font-size: 12.0pt; line-height: 115%; font-family: 'Arial','sans-serif';\"><span style=\"mso-spacerun: yes;\">\u00a0<\/span>DECLARA<\/span><\/p>\n<p class=\"MsoNormal\" style=\"text-align: justify;\"><span style=\"font-size: 12.0pt; line-height: 115%; font-family: 'Arial','sans-serif';\">Art1\u00b0 DECLARAR al artista Mateo Villalba \u201cCIUDADANO ILUSTRE\u201d de Curuz\u00fa Cuati\u00e1.<\/span><\/p>\n<p class=\"MsoNormal\" style=\"text-align: justify;\"><span style=\"font-size: 12.0pt; line-height: 115%; font-family: 'Arial','sans-serif';\">Art. 2\u00b0.- ENTREGAR al Sr. Mateo Villalba copia de la presente.<\/span><\/p>\n<p class=\"MsoNormal\" style=\"text-align: justify;\"><span style=\"font-size: 12.0pt; line-height: 115%; font-family: 'Arial','sans-serif';\">Art. 3\u00b0.- De forma.<\/span><\/p>\n<p class=\"MsoNormal\" style=\"text-align: justify;\"><span style=\"font-size: 12.0pt; line-height: 115%; font-family: 'Arial','sans-serif';\"><img decoding=\"async\" src=\"images\/131022-sesion-6.JPG\" alt=\"\" \/><\/span><\/p>\n<p class=\"MsoNormal\" style=\"text-align: justify;\"><span style=\"font-size: 12.0pt; line-height: 115%; font-family: 'Arial','sans-serif';\">Siguiendo con el orden del d\u00eda se trat\u00f3 el despacho de la comisi\u00f3n de obras el Expte. 5773\/2.022 referido al proyecto de Ordenanza, de traslado de la parada de colectivo de la l\u00ednea 2, la concejal Muller explic\u00f3 que luego de analizarlo en comisi\u00f3n se decidi\u00f3 la aprobaci\u00f3n de este traslado. La presidente puso a consideraci\u00f3n lo que fue aprobado un\u00e1nimemente.<\/span><\/p>\n<p class=\"MsoNormal\" style=\"text-align: justify;\"><span style=\"font-size: 12.0pt; line-height: 115%; font-family: 'Arial','sans-serif';\">EL HONORABLE CONCEJO DELIBERANTE <\/span><\/p>\n<p class=\"MsoNormal\" style=\"text-align: justify;\"><span style=\"font-size: 12.0pt; line-height: 115%; font-family: 'Arial','sans-serif';\">DE CURUZU CUATIA <\/span><\/p>\n<p class=\"MsoNormal\" style=\"text-align: justify;\"><span style=\"font-size: 12.0pt; line-height: 115%; font-family: 'Arial','sans-serif';\">SANCIONA CON FUERZA DE <\/span><\/p>\n<p class=\"MsoNormal\" style=\"text-align: justify;\"><span style=\"font-size: 12.0pt; line-height: 115%; font-family: 'Arial','sans-serif';\">ORDENANZA<\/span><\/p>\n<p class=\"MsoNormal\" style=\"text-align: justify;\"><span style=\"font-size: 12.0pt; line-height: 115%; font-family: 'Arial','sans-serif';\">Art. 1\u00b0.- TRASLADASE la parada de colectivo de la L\u00ednea 2, ubicada en la acera de la calle Gobernador G\u00f3mez al 533, unos 50 metros aproximadamente hacia la esquina de calle Castillo. &#8211;<\/span><\/p>\n<p class=\"MsoNormal\" style=\"text-align: justify;\"><span style=\"font-size: 12.0pt; line-height: 115%; font-family: 'Arial','sans-serif';\">Art.- 2\u00b0.- EL Departamento Ejecutivo Municipal proceder\u00e1 a realizar la tarea de demarcaci\u00f3n correspondiente. &#8211;<\/span><\/p>\n<p class=\"MsoNormal\" style=\"text-align: justify;\"><span style=\"font-size: 12.0pt; line-height: 115%; font-family: 'Arial','sans-serif';\">Art.- 3\u00b0.- DE FORMA.<\/span><\/p>\n<p class=\"MsoNormal\" style=\"text-align: justify;\"><span style=\"font-size: 12.0pt; line-height: 115%; font-family: 'Arial','sans-serif';\">Luego se trat\u00f3 el despacho de la comisi\u00f3n de presupuesto el Expte. N\u00b0 5630\/2.021 sobre la nota privada de la Asociaci\u00f3n Mountain Bike Curuz\u00fa, solicitando ayuda econ\u00f3mica para seguir trabajando en la sede social. Se solicit\u00f3 el pase a archivo debido al vencimiento del expediente el que fue aprobado el pase a archivo.<span style=\"mso-spacerun: yes;\">\u00a0\u00a0\u00a0\u00a0\u00a0 <\/span><\/span><\/p>\n<p class=\"MsoNormal\" style=\"text-align: justify;\"><span style=\"font-size: 12.0pt; line-height: 115%; font-family: 'Arial','sans-serif';\">Luego se trat\u00f3 el despacho de la comisi\u00f3n de medio ambiente el Expte. N\u00b0 5769\/2.022 sobre el proyecto de Ordenanza, Adhesi\u00f3n al D\u00eda Nacional del \u00c1rbol. El concejal Santini solicit\u00f3 el acompa\u00f1amiento de los concejales para la aprobaci\u00f3n del mismo, que fue un\u00e1nime.<span style=\"mso-spacerun: yes;\">\u00a0\u00a0\u00a0\u00a0\u00a0\u00a0\u00a0\u00a0 <\/span><\/span><\/p>\n<p class=\"MsoNormal\" style=\"text-align: justify;\"><span style=\"font-size: 12.0pt; line-height: 115%; font-family: 'Arial','sans-serif';\">EL HONORABLE CONCEJO DELIBERANTE<\/span><\/p>\n<p class=\"MsoNormal\" style=\"text-align: justify;\"><span style=\"font-size: 12.0pt; line-height: 115%; font-family: 'Arial','sans-serif';\">DE CURUZ\u00da CUATI\u00c1<\/span><\/p>\n<p class=\"MsoNormal\" style=\"text-align: justify;\"><span style=\"font-size: 12.0pt; line-height: 115%; font-family: 'Arial','sans-serif';\">SANCIONA CON FUERZA DE <\/span><\/p>\n<p class=\"MsoNormal\" style=\"text-align: justify;\"><span style=\"font-size: 12.0pt; line-height: 115%; font-family: 'Arial','sans-serif';\">ORDENANZA<\/span><\/p>\n<p class=\"MsoNormal\" style=\"text-align: justify;\"><span style=\"font-size: 12.0pt; line-height: 115%; font-family: 'Arial','sans-serif';\">Art. 1\u00b0.-<span style=\"mso-spacerun: yes;\">\u00a0 <\/span>ADHERIR a la Ley Nacional N\u00b0 27683 que instituye el d\u00eda 29 de agosto y a la semana en que est\u00e9 comprendido este d\u00eda de cada a\u00f1o como \u00abDIA Y SEMANA NACIONAL DEL ARBOL\u00bb respectivamente.<\/span><\/p>\n<p class=\"MsoNormal\" style=\"text-align: justify;\"><span style=\"font-size: 12.0pt; line-height: 115%; font-family: 'Arial','sans-serif';\">Art. 2\u00b0.- PROMOVER en el \u00e1mbito municipal, con mayor intensidad durante las fechas antes indicadas, la concientizaci\u00f3n sobre la importancia del \u00e1rbol para el desarrollo humano, su calidad de vida y su papel esencial en mitigar el cambio clim\u00e1tico.<\/span><\/p>\n<p class=\"MsoNormal\" style=\"text-align: justify;\"><span style=\"font-size: 12.0pt; line-height: 115%; font-family: 'Arial','sans-serif';\">Art. 3\u00b0.- EXHORTAR al D.E.M. a efectuar un relevamiento de especies y condiciones de las mismas en el \u00e1mbito urbano y en los espacios verdes de la ciudad de Curuz\u00fa Cuati\u00e1, adem\u00e1s de implementar una campa\u00f1a intensiva de reforestaci\u00f3n con especies aut\u00f3ctonas en toda la ciudad, especialmente en los Parques Mitre, Mit\u00e1 Rori, Zambrana, Martin Fierro y Jard\u00edn Bot\u00e1nico.<\/span><\/p>\n<p class=\"MsoNormal\" style=\"text-align: justify;\"><span style=\"font-size: 12.0pt; line-height: 115%; font-family: 'Arial','sans-serif';\">Art. 4\u00b0.- De Forma.<\/span><\/p>\n<p class=\"MsoNormal\" style=\"text-align: justify;\"><span style=\"font-size: 12.0pt; line-height: 115%; font-family: 'Arial','sans-serif';\"><img decoding=\"async\" src=\"images\/131022-sesion-2.JPG\" alt=\"\" \/><\/span><\/p>\n<p class=\"MsoNormal\" style=\"text-align: justify;\"><span style=\"font-size: 12.0pt; line-height: 115%; font-family: 'Arial','sans-serif';\">Prosiguiendo con el orden del d\u00eda se trat\u00f3 el despacho de la comisi\u00f3n de gobierno y medio ambiente el Expte. N\u00b0 5756\/2.022 sobre el proyecto de Ordenanza, del bloque Pro, programa de descontaminaci\u00f3n y compactaci\u00f3n de veh\u00edculos automotores y moto-veh\u00edculos. El concejal Santini expres\u00f3 su benepl\u00e1cito por seguir trabajando a favor del medio ambiente<span style=\"mso-spacerun: yes;\">\u00a0 <\/span>y esta ordenanza trae para el poder ejecutivo herramientas necesarias para desterrar la problem\u00e1tica de las chatarras y veh\u00edculos abandonados. Puesto a consideraci\u00f3n por la presidente se aprob\u00f3 un\u00e1nimemente el siguiente texto como ordenanza.<span style=\"mso-spacerun: yes;\">\u00a0 <\/span><\/span><\/p>\n<p class=\"MsoNormal\" style=\"text-align: justify;\"><span style=\"font-size: 12.0pt; line-height: 115%; font-family: 'Arial','sans-serif';\">EL HONORABLE CONCEJO DELIBERANTE <\/span><\/p>\n<p class=\"MsoNormal\" style=\"text-align: justify;\"><span style=\"font-size: 12.0pt; line-height: 115%; font-family: 'Arial','sans-serif';\">DE CURUZ\u00da CUATI\u00c1 <\/span><\/p>\n<p class=\"MsoNormal\" style=\"text-align: justify;\"><span style=\"font-size: 12.0pt; line-height: 115%; font-family: 'Arial','sans-serif';\">SANCIONA CON FUERZA DE <\/span><\/p>\n<p class=\"MsoNormal\" style=\"text-align: justify;\"><span style=\"font-size: 12.0pt; line-height: 115%; font-family: 'Arial','sans-serif';\">ORDENANZA<\/span><\/p>\n<p class=\"MsoNormal\" style=\"text-align: justify;\"><span style=\"font-size: 12.0pt; line-height: 115%; font-family: 'Arial','sans-serif';\">Art. 1\u00b0.- ESTABLECER en el \u00e1mbito de la Municipalidad de Curuz\u00fa Cuati\u00e1 el programa de descontaminaci\u00f3n y compactaci\u00f3n de veh\u00edculos automotores y moto-veh\u00edculos o sus partes provenientes del abandono en la v\u00eda p\u00fablica, que se encuentren en estado de deterioro, inmovilidad prolongada o que impliquen un peligro para la salud, la seguridad p\u00fablica y el medio ambiente. Se aplicar\u00e1 asimismo a los veh\u00edculos provenientes de secuestros realizados por la autoridad municipal y todos aquellos que actualmente se encuentren en dep\u00f3sitos a cargo del Municipio.<\/span><\/p>\n<p class=\"MsoNormal\" style=\"text-align: justify;\"><span style=\"font-size: 12.0pt; line-height: 115%; font-family: 'Arial','sans-serif';\">Art. 2\u00b0.- DISPONER que La Autoridad de Aplicaci\u00f3n de la presente Ordenanza ser\u00e1n el \u00e1rea de Tr\u00e1nsito y el Juzgado de Faltas de la Municipalidad de Curuz\u00fa Cuati\u00e1.<\/span><\/p>\n<p class=\"MsoNormal\" style=\"text-align: justify;\"><span style=\"font-size: 12.0pt; line-height: 115%; font-family: 'Arial','sans-serif';\">Art.3\u00b0.- PROCEDIMIENTO La descontaminaci\u00f3n y compactaci\u00f3n se cumplir\u00e1 en el siguiente orden:<\/span><\/p>\n<p class=\"MsoNormal\" style=\"text-align: justify;\"><span style=\"font-size: 12.0pt; line-height: 115%; font-family: 'Arial','sans-serif';\">Descontaminaci\u00f3n: Los rodados que se encuentren en condiciones de ser sometidos al programa, ser\u00e1n descontaminados, entendi\u00e9ndose por tal a la extracci\u00f3n de todos los elementos contaminantes para el medio ambiente, como bater\u00edas, fluidos, y dem\u00e1s elementos nocivos para la salud y el ambiente.<\/span><\/p>\n<p class=\"MsoNormal\" style=\"text-align: justify;\"><span style=\"font-size: 12.0pt; line-height: 115%; font-family: 'Arial','sans-serif';\">b) Desguace: Seg\u00fan el caso, se proceder\u00e1 al desguace de los rodados sometidos al programa de descontaminaci\u00f3n, el que implica la extracci\u00f3n de los elementos y materiales que deban ser extra\u00eddos previa compactaci\u00f3n.<\/span><\/p>\n<p class=\"MsoNormal\" style=\"text-align: justify;\"><span style=\"font-size: 12.0pt; line-height: 115%; font-family: 'Arial','sans-serif';\">c) Compactaci\u00f3n: Para cumplir con el procedimiento, los rodados en cuesti\u00f3n ser\u00e1n sometidos a un proceso de destrucci\u00f3n mec\u00e1nico que convierte en chatarra a los mismos<\/span><\/p>\n<p class=\"MsoNormal\" style=\"text-align: justify;\"><span style=\"font-size: 12.0pt; line-height: 115%; font-family: 'Arial','sans-serif';\">Art. 4\u00b0.- El procedimiento de descontaminaci\u00f3n y compactado se aplicar\u00e1 a los rodados retirados de la v\u00eda p\u00fablica en procedimientos por infracciones de tr\u00e1nsito o transporte, sean veh\u00edculos, moto-veh\u00edculos o sus partes; rodados abandonados en la v\u00eda p\u00fablica y chatarras.<\/span><\/p>\n<p class=\"MsoNormal\" style=\"text-align: justify;\"><span style=\"font-size: 12.0pt; line-height: 115%; font-family: 'Arial','sans-serif';\">Art. 5\u00b0.- CREAR el Sistema de Registro Inform\u00e1tico o Libro Especial; en el cual se proceder\u00e1 a la debida registraci\u00f3n de los referidos rodados y elementos, una vez que se haya cumplido con el ingreso al corral\u00f3n municipal. A fin de garantizar el procedimiento administrativo a cargo de la autoridad de aplicaci\u00f3n, se deber\u00e1 crear un expediente por cada retiro, el cual deber\u00e1 contener: <\/span><\/p>\n<p class=\"MsoNormal\" style=\"text-align: justify;\"><span style=\"font-size: 12.0pt; line-height: 115%; font-family: 'Arial','sans-serif';\">a- Acta de retiro de la v\u00eda p\u00fablica.<\/span><\/p>\n<p class=\"MsoNormal\" style=\"text-align: justify;\"><span style=\"font-size: 12.0pt; line-height: 115%; font-family: 'Arial','sans-serif';\">b- Acta de constataci\u00f3n de las condiciones del veh\u00edculo, moto-veh\u00edculo o sus partes o las que tengan la condici\u00f3n de chatarra, <\/span><\/p>\n<p class=\"MsoNormal\" style=\"text-align: justify;\"><span style=\"font-size: 12.0pt; line-height: 115%; font-family: 'Arial','sans-serif';\">c- En los casos de procederse a la compactaci\u00f3n se labrar\u00e1 un Acta de Verificaci\u00f3n Policial.<\/span><\/p>\n<p class=\"MsoNormal\" style=\"text-align: justify;\"><span style=\"font-size: 12.0pt; line-height: 115%; font-family: 'Arial','sans-serif';\">Art. 6\u00b0.- INTIMACION: El Acta de Retiro de la v\u00eda P\u00fablica deber\u00e1 contener la siguiente leyenda: \u201cSe lo intima a retirar el rodado infraccionado objeto del presente Acta en el t\u00e9rmino de cinco (5) d\u00edas bajo apercibimiento de que transcurrido seis (6) meses desde el ingreso al corral\u00f3n municipal ser\u00e1 sometido a subasta o compactaci\u00f3n conforme a la normativa vigente\u00bb.<\/span><\/p>\n<p class=\"MsoNormal\" style=\"text-align: justify;\"><span style=\"font-size: 12.0pt; line-height: 115%; font-family: 'Arial','sans-serif';\">Art. 7\u00b0.- INTIMACION PREVIA A SUBASTA O DESCONTAMINACION:<\/span><\/p>\n<p class=\"MsoNormal\" style=\"text-align: justify;\"><span style=\"font-size: 12.0pt; line-height: 115%; font-family: 'Arial','sans-serif';\">Transcurridos los seis (6) meses desde el ingreso del rodado al corral\u00f3n, y previo al inicio del proceso de subasta o descontaminaci\u00f3n y compactado, seg\u00fan corresponda, se proceder\u00e1 a intimar al titular dominial o al leg\u00edtimo tenedor a los efectos de que se presente en el t\u00e9rmino de cinco (5) d\u00edas a retirar el rodado en cuesti\u00f3n bajo apercibimiento de considerarlo haber renunciado a su derecho real en los t\u00e9rminos del C\u00f3digo Civil y Comercial de la Naci\u00f3n, Vencido dicho t\u00e9rmino y sin que se hayan presentado los interesados, se considerar\u00e1 que han sido abandonados y por lo tanto la autoridad de aplicaci\u00f3n proceder\u00e1 con el dictado del correspondiente acto administrativo que indique la disposici\u00f3n de los mismos.<\/span><\/p>\n<p class=\"MsoNormal\" style=\"text-align: justify;\"><span style=\"font-size: 12.0pt; line-height: 115%; font-family: 'Arial','sans-serif';\">Art. 8\u00b0.- CERTIFICACION: La autoridad de aplicaci\u00f3n de la presente ordenanza certificar\u00e1 mensualmente los veh\u00edculos que se encuentran en condiciones de ser subastados o sometidos al programa de descontaminaci\u00f3n y compactaci\u00f3n, cuando su condici\u00f3n as\u00ed lo amerita. Para lo que deber\u00e1 ordenar la verificaci\u00f3n policial de todos los rodados que se encuentran en tales condiciones a los efectos de determinar si los mismos no son objetos de investigaci\u00f3n en procesos judiciales, en cuyo caso deber\u00e1n ser puestos a disposici\u00f3n de los juzgados intervinientes para que estos ordenen la guarda o custodia en las instalaciones de los dep\u00f3sitos correspondientes a dichos organismos.<\/span><\/p>\n<p class=\"MsoNormal\" style=\"text-align: justify;\"><span style=\"font-size: 12.0pt; line-height: 115%; font-family: 'Arial','sans-serif';\">Art 9\u00b0.- PROCESO DE DESCONTAMINACION Y COMPACTADO: Una vez individualizado los rodados que ser\u00e1n puestos en proceso de descontaminaci\u00f3n y compactado, la autoridad de aplicaci\u00f3n deber\u00e1 cumplir con los siguientes recaudos:<\/span><\/p>\n<p class=\"MsoNormal\" style=\"text-align: justify;\"><span style=\"font-size: 12.0pt; line-height: 115%; font-family: 'Arial','sans-serif';\">a) Solicitar un informe de impacto ambiental ante quien corresponda a los fines de determinar el grado de afectaci\u00f3n que produce cada uno de los rodados individualizados, con la finalidad de fijar un criterio objetivo de clasificaci\u00f3n y el procedimiento bajo el cual se dispondr\u00e1 de los mismos.<\/span><\/p>\n<p class=\"MsoNormal\" style=\"text-align: justify;\"><span style=\"font-size: 12.0pt; line-height: 115%; font-family: 'Arial','sans-serif';\">b) Clasificar los rodados que se encuentran en condiciones de ser sometidos al proceso de descontaminaci\u00f3n, desguace y compactado.<\/span><\/p>\n<p class=\"MsoNormal\" style=\"text-align: justify;\"><span style=\"font-size: 12.0pt; line-height: 115%; font-family: 'Arial','sans-serif';\">c) Dictar el correspondiente acto administrativo por el cual se ordena disponer de los rodados, sus partes o las chatarras que ser\u00e1n puestas en proceso de descontaminaci\u00f3n y compactaci\u00f3n.<\/span><\/p>\n<p class=\"MsoNormal\" style=\"text-align: justify;\"><span style=\"font-size: 12.0pt; line-height: 115%; font-family: 'Arial','sans-serif';\">d) Informar a la autoridad a cargo el lugar, fecha y hora en que se proceder\u00e1 a cumplir con la compactaci\u00f3n, a efectos de que ordene la publicaci\u00f3n por el t\u00e9rmino de cinco (5) d\u00edas, mediante edicto en un diario local, en el Bolet\u00edn Oficial Municipal y P\u00e1gina Web del Municipio, el procedimiento a llevarse a cabo, para que de esta manera los interesados puedan tomar conocimiento y presentarse hasta antes de la ejecuci\u00f3n de compactaci\u00f3n, a ejercer su respectivo derecho.<\/span><\/p>\n<p class=\"MsoNormal\" style=\"text-align: justify;\"><span style=\"font-size: 12.0pt; line-height: 115%; font-family: 'Arial','sans-serif';\">e) Una vez cumplido con la compactaci\u00f3n se deber\u00e1 informar mediante nota a la Direcci\u00f3n Nacional de Propiedad Automotor y Cr\u00e9ditos Prendarios, el acto administrativo que ordena la compactaci\u00f3n, cuyo anexo deber\u00e1 contener la individualizaci\u00f3n de los rodados que se encuentren registrados, con descripci\u00f3n, dominio, n\u00famero de motor y n\u00famero de cuadro o chasis.<\/span><\/p>\n<p class=\"MsoNormal\" style=\"text-align: justify;\"><span style=\"font-size: 12.0pt; line-height: 115%; font-family: 'Arial','sans-serif';\">Art. 10\u00b0.- El proceso de descontaminaci\u00f3n y compactaci\u00f3n de los rodados no obstar\u00e1 a que los tribunales administrativos de faltas lleven adelante el tr\u00e1mite por las infracciones de tr\u00e1nsito o transporte que se encuentren investigando hasta obtener resoluci\u00f3n absolutoria o condenatoria. Por lo que en este \u00faltimo caso se proceder\u00e1 a su cobro voluntario o habilitando la v\u00eda del juicio de apremio.<\/span><\/p>\n<p class=\"MsoNormal\" style=\"text-align: justify;\"><span style=\"font-size: 12.0pt; line-height: 115%; font-family: 'Arial','sans-serif';\"><img decoding=\"async\" src=\"images\/131022-sesion-5.JPG\" alt=\"\" \/><\/span><\/p>\n<p class=\"MsoNormal\" style=\"text-align: justify;\"><span style=\"font-size: 12.0pt; line-height: 115%; font-family: 'Arial','sans-serif';\">Art. 11\u00b0.- Los veh\u00edculos automotores o moto-veh\u00edculos solo ser\u00e1n restituidos a sus titulares reg\u00edstrales, quienes deber\u00e1n acreditar su condici\u00f3n mediante el titulo correspondiente emitido por el Registro Nacional de la Propiedad Automotor y Cr\u00e9ditos Prendarios, salvo en los casos que acrediten su car\u00e1cter de leg\u00edtimos tenedores a quien se les requerir\u00e1 la acreditaci\u00f3n de su condici\u00f3n con la presentaci\u00f3n de las documentaciones originales o informe de dominio expedido por el registro Nacional de la Propiedad Automotor.<\/span><\/p>\n<p class=\"MsoNormal\" style=\"text-align: justify;\"><span style=\"font-size: 12.0pt; line-height: 115%; font-family: 'Arial','sans-serif';\">Art. 12\u00b0.- Veh\u00edculos abandonados en la v\u00eda p\u00fablica: cuando se confirmare de oficio o por medio de una denuncia que un veh\u00edculo se encuentra abandonado en la v\u00eda p\u00fablica, la autoridad interviniente labrar\u00e1 un acta dejando constancia del estado de la unidad y proceder\u00e1 a intimar en el caso de hallarse al propietario para que en el t\u00e9rmino de tres (3) d\u00edas corridos proceda a retirarlo de la v\u00eda p\u00fablica, en el caso de no encontrarse el mismo se proceder\u00e1 a colocar el duplicado del acta de intimaci\u00f3n en lugar visible del veh\u00edculo a los efectos de que su propietario tome conocimiento del mismo. En el caso de que no obstante ello, el rodado, sus partes o la chatarra contin\u00fae abandonado en la v\u00eda p\u00fablica se proceder\u00e1 a la remoci\u00f3n y posterior descontaminaci\u00f3n y compactaci\u00f3n, cuyos gastos ser\u00e1n a cargo del propietario del rodado.<\/span><\/p>\n<p class=\"MsoNormal\" style=\"text-align: justify;\"><span style=\"font-size: 12.0pt; line-height: 115%; font-family: 'Arial','sans-serif';\">Art. 13\u00b0.- ENTREGA voluntaria del rodado: todo propietario de veh\u00edculo automotor y\/o moto-veh\u00edculo o sus partes, puede someterse voluntariamente al procedimiento de descontaminaci\u00f3n y compactaci\u00f3n del mismo, manifest\u00e1ndose expresamente en tal sentido por escrito y con la firma certificada por escribano, para el cual previamente deber\u00e1 efectuar el tr\u00e1mite pertinente para obtener la baja del Registro Nacional del Automotor y Cr\u00e9ditos Prendarios.<\/span><\/p>\n<p class=\"MsoNormal\" style=\"text-align: justify;\"><span style=\"font-size: 12.0pt; line-height: 115%; font-family: 'Arial','sans-serif';\">Art. 14\u00b0.- AUTOMOTORES de valor hist\u00f3rico o cultural: Cuando un veh\u00edculo en condiciones de ser sometido al procedo de descontaminaci\u00f3n y compactaci\u00f3n pudiere ser considerado \u00abauto de colecci\u00f3n por su valor social o patrimonial, caracter\u00edsticas propias de fabricaci\u00f3n o antig\u00fcedad, al igual que las autopartes! repuestos o motores que as\u00ed pudieren calificar, la Autoridad de Aplicaci\u00f3n puede proceder a su debida identificaci\u00f3n y tomar todas las medidas pertinentes para el adecuado resguardo del veh\u00edculo o de las piezas as\u00ed calificadas.<\/span><\/p>\n<p class=\"MsoNormal\" style=\"text-align: justify;\"><span style=\"font-size: 12.0pt; line-height: 115%; font-family: 'Arial','sans-serif';\">Art. 15\u00b0.- AQUELLOS veh\u00edculos en los que por sus caracter\u00edsticas especiales no se justifique aplicar los procedimientos establecidos en la presente Ordenanza, previa regulaci\u00f3n en sus condiciones identificatorios y registrables, pueden ser vendidos en subasta p\u00fablica o donados a instituciones privadas de bien p\u00fablico para museos o instituciones oficiales con el fin de preservar su valor hist\u00f3rico, simb\u00f3lico o cultural.<\/span><\/p>\n<p class=\"MsoNormal\" style=\"text-align: justify;\"><span style=\"font-size: 12.0pt; line-height: 115%; font-family: 'Arial','sans-serif';\">Art. 16\u00b0.- FACULTAR al Departamento Ejecutivo a realizar todos los actos y acciones que sean necesarias para dar cumplimiento con la protecci\u00f3n del medio ambiente en los t\u00e9rminos de la Ley Nacional N\u00b025.675, cumpli\u00e9ndose con el adecuado proceso de descontaminaci\u00f3n y compactaci\u00f3n de los rodados y chatarras que se encuentren depositados en los dep\u00f3sitos municipales y que sean considerados nocivos o peligrosos para el medio ambiente.<\/span><\/p>\n<p class=\"MsoNormal\" style=\"text-align: justify;\"><span style=\"font-size: 12.0pt; line-height: 115%; font-family: 'Arial','sans-serif';\">Art. 17\u00b0.- El Ejecutivo Municipal para la aplicaci\u00f3n de la presente ordenanza de descontaminaci\u00f3n y compactado deber\u00e1 regular m\u00ednimamente los siguientes aspectos:<\/span><\/p>\n<p class=\"MsoNormal\" style=\"text-align: justify;\"><span style=\"font-size: 12.0pt; line-height: 115%; font-family: 'Arial','sans-serif';\">a) \u00c1mbitos para el desarrollo de las tareas;<\/span><\/p>\n<p class=\"MsoNormal\" style=\"text-align: justify;\"><span style=\"font-size: 12.0pt; line-height: 115%; font-family: 'Arial','sans-serif';\">b) Acondicionamiento del predio;<\/span><\/p>\n<p class=\"MsoNormal\" style=\"text-align: justify;\"><span style=\"font-size: 12.0pt; line-height: 115%; font-family: 'Arial','sans-serif';\">c) Equipamiento;<\/span><\/p>\n<p class=\"MsoNormal\" style=\"text-align: justify;\"><span style=\"font-size: 12.0pt; line-height: 115%; font-family: 'Arial','sans-serif';\">d) Medidas de seguridad e higiene en los predios;<\/span><\/p>\n<p class=\"MsoNormal\" style=\"text-align: justify;\"><span style=\"font-size: 12.0pt; line-height: 115%; font-family: 'Arial','sans-serif';\">e) Proceso<span style=\"mso-spacerun: yes;\">\u00a0\u00a0 <\/span>b\u00e1sico<span style=\"mso-spacerun: yes;\">\u00a0\u00a0 <\/span>de<span style=\"mso-spacerun: yes;\">\u00a0\u00a0 <\/span>descontaminaci\u00f3n,<span style=\"mso-spacerun: yes;\">\u00a0\u00a0 <\/span>desguace, clasificaci\u00f3n, compactaci\u00f3n y\/o destrucci\u00f3n;<\/span><\/p>\n<p class=\"MsoNormal\" style=\"text-align: justify;\"><span style=\"font-size: 12.0pt; line-height: 115%; font-family: 'Arial','sans-serif';\">f) Disposici\u00f3n final de los elementos y<\/span><\/p>\n<p class=\"MsoNormal\" style=\"text-align: justify;\"><span style=\"font-size: 12.0pt; line-height: 115%; font-family: 'Arial','sans-serif';\">g) Control de procesos y tareas<\/span><\/p>\n<p class=\"MsoNormal\" style=\"text-align: justify;\"><span style=\"font-size: 12.0pt; line-height: 115%; font-family: 'Arial','sans-serif';\">h) Tratamiento del material contaminante extra\u00eddo del<span style=\"mso-spacerun: yes;\">\u00a0 <\/span>proceso de descontaminaci\u00f3n y desguace.<\/span><\/p>\n<p class=\"MsoNormal\" style=\"text-align: justify;\"><span style=\"font-size: 12.0pt; line-height: 115%; font-family: 'Arial','sans-serif';\">Art. 18\u00b0.- RODADOS DEPOSITADOS CON ANTERIORIDAD A LA VIGENCIA DE LA NORMA: En los casos de los rodados, sus partes o chatarras que al momento de la entrada en vigor de la presente se encuentren en los dep\u00f3sitos municipales, se someter\u00e1 a subasta o proceso de descontaminaci\u00f3n y compactado, siempre que los mismos cuenten con una antig\u00fcedad de 6 meses desde que fue registrado su ingreso al corral\u00f3n municipal. En estos casos la autoridad de aplicaci\u00f3n, deber\u00e1 intimar previamente por el t\u00e9rmino de 5 d\u00edas para que sus titulares registrales o sus tenedores leg\u00edtimos se presenten a ejercer sus derechos. Vencido dicho t\u00e9rmino y sin que se hayan presentado los interesados, se considerar\u00e1 que han sido abandonados y por lo tanto la autoridad de aplicaci\u00f3n proceder\u00e1 con el dictado del correspondiente acto administrativo que indique la disposici\u00f3n de los mismos, en los t\u00e9rminos del Art. 7\u00b0.<\/span><\/p>\n<p class=\"MsoNormal\" style=\"text-align: justify;\"><span style=\"font-size: 12.0pt; line-height: 115%; font-family: 'Arial','sans-serif';\">Art. 19\u00b0.- Las disposiciones de la Ley Nacional No. 26.348, la norma provincial No. 5498 y sus reglamentaciones ser\u00e1n de aplicaci\u00f3n en forma complementaria, subsidiaria o interpretativa de la presente Ordenanza. Facultar al D.E.M. a suscribir los convenios de cooperaci\u00f3n sobre la tem\u00e1tica que considere convenientes, especialmente con el Ministerio de Seguridad de la Naci\u00f3n en el marco del Programa Nacional de Descontaminaci\u00f3n, Compactaci\u00f3n y Disposici\u00f3n Final de Automotores (PRO.DE.CO).<\/span><\/p>\n<p class=\"MsoNormal\" style=\"text-align: justify;\"><span style=\"font-size: 12.0pt; line-height: 115%; font-family: 'Arial','sans-serif';\">Art. 20\u00b0.- De Forma.-<\/span><\/p>\n<p class=\"MsoNormal\" style=\"text-align: justify;\"><span style=\"font-size: 12.0pt; line-height: 115%; font-family: 'Arial','sans-serif';\"><img decoding=\"async\" src=\"images\/131022-sesion-7.JPG\" alt=\"\" \/><\/span><\/p>\n<p class=\"MsoNormal\" style=\"text-align: justify;\"><span style=\"font-size: 12.0pt; line-height: 115%; font-family: 'Arial','sans-serif';\">El 3\u00b0 punto tratado fue el de los proyectos ingresados de ordenanza, del D.E.M. de aumentar partidas de Egreso e Ingresos del Presupuesto del D.E.M, correspondiente al ejercicio 2.022. La concejal Ruiz solicit\u00f3 el tratamiento sobre tablas el que fue aprobado y luego puesto a consideraci\u00f3n se aprob\u00f3 en general y en particular de manera un\u00e1nime.<span style=\"mso-spacerun: yes;\">\u00a0 <\/span><\/span><\/p>\n<p class=\"MsoNormal\" style=\"text-align: justify;\"><span style=\"font-size: 12.0pt; line-height: 115%; font-family: 'Arial','sans-serif';\">El Proyecto del bloque Frente de Todos de Adherir a la Leyes Provinciales N\u00b0 6.612 y 6.615, denominada de \u201cParidad de g\u00e9nero\u201d y \u201cVoto joven\u201d. Luego de las palabras del concejal Rubin explicando la presentaci\u00f3n del proyecto, la concejal Ruiz solicit\u00f3 la palabra y pidi\u00f3 el tratamiento sobre tablas del mismo el que fue aprobado un\u00e1nimemente. Luego se dio lectura del proyecto y puesto a votaci\u00f3n qued\u00f3 aprobado de manera un\u00e1nime como ordenanza.<\/span><\/p>\n<p class=\"MsoNormal\" style=\"text-align: justify;\"><span style=\"font-size: 12.0pt; line-height: 115%; font-family: 'Arial','sans-serif';\">EL HONORABLE CONCEJO DELIBERANTE <\/span><\/p>\n<p class=\"MsoNormal\" style=\"text-align: justify;\"><span style=\"font-size: 12.0pt; line-height: 115%; font-family: 'Arial','sans-serif';\">DE CURUZU CUATIA<\/span><\/p>\n<p class=\"MsoNormal\" style=\"text-align: justify;\"><span style=\"font-size: 12.0pt; line-height: 115%; font-family: 'Arial','sans-serif';\">SANCIONA CON FUERZA DE <\/span><\/p>\n<p class=\"MsoNormal\" style=\"text-align: justify;\"><span style=\"font-size: 12.0pt; line-height: 115%; font-family: 'Arial','sans-serif';\">ORDENANZA<\/span><\/p>\n<p class=\"MsoNormal\" style=\"text-align: justify;\"><span style=\"font-size: 12.0pt; line-height: 115%; font-family: 'Arial','sans-serif';\">Art. 1\u00b0.- ADHERIR a las Leyes Provinciales Nros. 6612 y 6615, denominadas \u00abparidad de g\u00e9nero\u00bb y \u00abvol\u00f3 joven\u00bb respectivamente; a los fines de implementar las mismas a nivel electoral municipal, de conformidad a las facultades otorgadas por la Carta Org\u00e1nica Municipal (Art\u00edculo 199).<\/span><\/p>\n<p class=\"MsoNormal\" style=\"text-align: justify;\"><span style=\"font-size: 12.0pt; line-height: 115%; font-family: 'Arial','sans-serif';\">Art. 2\u00b0.- De Forma. <\/span><\/p>\n<p class=\"MsoNormal\" style=\"text-align: justify;\"><span style=\"font-size: 12.0pt; line-height: 115%; font-family: 'Arial','sans-serif';\">Luego se trat\u00f3 el 4\u00b0 punto fue el referido a notas oficiales, primero del D.E.M. la presentaci\u00f3n de los boletines oficiales N\u00b0 3.425, 3.426 y 3.427. <\/span><\/p>\n<p class=\"MsoNormal\" style=\"text-align: justify;\"><span style=\"font-size: 12.0pt; line-height: 115%; font-family: 'Arial','sans-serif';\">Informando los miembros del D.E.M que formaran parte de la Comisi\u00f3n Redactora del Nuevo C\u00f3digo Municipal de Faltas, que ya est\u00e1n trabajando con la comisi\u00f3n respectiva.<\/span><\/p>\n<p class=\"MsoNormal\" style=\"text-align: justify;\"><span style=\"font-size: 12.0pt; line-height: 115%; font-family: 'Arial','sans-serif';\">Del auditor municipal remitiendo Informe Especial N\u00b0 30\/2.022, vale de caja correspondiente el segundo trimestre 2.022 pas\u00f3 a comisi\u00f3n de Control y Gesti\u00f3n.<\/span><\/p>\n<p class=\"MsoNormal\" style=\"text-align: justify;\"><span style=\"font-size: 12.0pt; line-height: 115%; font-family: 'Arial','sans-serif';\">Del juzgado municipal de faltas presentando informe de caja y planilla infractores del mes de septiembre 2.022 qued\u00f3 en secretar\u00eda.<\/span><\/p>\n<p class=\"MsoNormal\" style=\"text-align: justify;\"><span style=\"font-size: 12.0pt; line-height: 115%; font-family: 'Arial','sans-serif';\">El 5\u00b0 punto fue referido a notas privadas de la Sra. Norma Bernardez de Garc\u00eda, Presidente de ACYAC solicitando se declare de inter\u00e9s municipal el XII Sal\u00f3n Bienal 2.022 y I de Arte Contempor\u00e1neo de ACYAC-BPR, a llevarse a cabo en dicha instituci\u00f3n desde el 28 al 30 de Octubre de 2.022 pas\u00f3 a comisi\u00f3n de gobierno.<\/span><\/p>\n<p class=\"MsoNormal\" style=\"text-align: justify;\"><span style=\"font-size: 12.0pt; line-height: 115%; font-family: 'Arial','sans-serif';\">De la Sra. Mercedes Ojeda, solicitando condonaci\u00f3n de deuda municipal pas\u00f3 a comisi\u00f3n de Presupuesto. <\/span><\/p>\n<p class=\"MsoNormal\" style=\"text-align: justify;\"><span style=\"font-size: 12.0pt; line-height: 115%; font-family: 'Arial','sans-serif';\">Del Magister Carlos Enrique Podest\u00e1, Rector del Inst. Superior de Curuz\u00fa Cuati\u00e1, solicitando se declare de inter\u00e9s municipal a la Jornada Provincial de las Artes 2.022 pas\u00f3 a comisi\u00f3n de Gobierno.<\/span><\/p>\n<p class=\"MsoNormal\" style=\"text-align: justify;\"><span style=\"font-size: 12.0pt; line-height: 115%; font-family: 'Arial','sans-serif';\"><img decoding=\"async\" src=\"images\/131022-sesion-4.JPG\" alt=\"\" \/><\/span><\/p>\n<p class=\"MsoNormal\" style=\"text-align: justify;\"><span style=\"font-size: 12.0pt; line-height: 115%; font-family: 'Arial','sans-serif';\">El 6\u00b0 punto fue el de resoluciones del D.E.M.:<\/span><\/p>\n<p class=\"MsoNormal\" style=\"text-align: justify;\"><span style=\"font-size: 12.0pt; line-height: 115%; font-family: 'Arial','sans-serif';\">N\u00b0456: Adjudicar<span style=\"mso-spacerun: yes;\">\u00a0 <\/span>a las empresa que se indican m\u00e1s abajo,<span style=\"mso-spacerun: yes;\">\u00a0 <\/span>los productos que resultaron m\u00e1s convenientes, reuniendo los requisitos de calidad establecidos y que mejor satisfacen las necesidades requeridas para los fines previstos, correspondientes al concurso de precios; que tiene por objeto la \u201ccompra de materiales el\u00e9ctricos\u201d, la que ser\u00e1n destinada a la mejora y mantenimiento del alumbrado p\u00fablico en la \u201cPlazoleta Italia\u201d de la ciudad de Curuz\u00fa Cuati\u00e1, cuya apertura de ofertas se efectu\u00f3 conforme a lo previsto, a las 9 horas del jueves 29 de septiembre del 2.022, adjudicado a Pasarello Mat\u00edas Dami\u00e1n CUIT: 20-29991191-9.-<\/span><\/p>\n<p class=\"MsoNormal\" style=\"text-align: justify;\"><span style=\"font-size: 12.0pt; line-height: 115%; font-family: 'Arial','sans-serif';\">N\u00b0457: Otorgar el Visto Bueno, requerido por el art. 184 de la C.O.M de la Municipalidad de Curuz\u00fa Cuati\u00e1, a las liquidaciones de impuestos, tasas, contribuciones y dem\u00e1s recursos municipales, cuyos datos identificatorio se precisan en el Anexo a la presente y que forma parte integrante de la misma.-<\/span><\/p>\n<p class=\"MsoNormal\" style=\"text-align: justify;\"><span style=\"font-size: 12.0pt; line-height: 115%; font-family: 'Arial','sans-serif';\">N\u00b0458: Autorizar a la compra directa de un cami\u00f3n atmosf\u00e9rico usado identificado marca: Mercedes Benz, Modelo: L1218EL, Tipo: Chasis con cabina, Dominio: DXY-628, Motor: N\u00b0 90428550U0106214, Chasis: 9BM6940001B273629, equipo: cami\u00f3n atmosf\u00e9rico, tanque: 10.000 Litros (el mismo con sistema de bomba aspirante y expelente de alta succi\u00f3n nuevo) conforme \u201cinforme t\u00e9cnico\u201d que obra en anexo de la presente.-<\/span><\/p>\n<p class=\"MsoNormal\" style=\"text-align: justify;\"><span style=\"font-size: 12.0pt; line-height: 115%; font-family: 'Arial','sans-serif';\">N\u00b0459: Decl\u00e1rese de propiedad municipal al no haber reclamo de terceros y despu\u00e9s de la publicaci\u00f3n de edictos correspondientes y de acuerdo al Art. 236 del C\u00f3digo Civil y Comercial de la Naci\u00f3n el siguiente terreno a) Ubicado en la Mzna. N\u00b0 243 terreno con frente a calle Ca\u00e1 Guaz\u00fa N\u00b0 429, entre calle General Rodr\u00edguez y Saavedra del duplicado de mensura 8380-L del agrimensor Nacional Oscar Eduardo Gazzo, desde el B al punto C 20,17m de fondo sobre su lado Este, desde el punto C al punto D 15,90 m de contra frente al Sur y desde el punto D al punto E 9,80m, desde el punto E al punto F 5,70m t desde el punto F al punto A 10,40m su lado Oeste superficie 265,24 m2, seg\u00fan plano de mensura, Linderos: Norte: calle Ca\u00e1 Guaz\u00fa ; Sur: Terreno Municipal, posesi\u00f3n de Mar\u00eda Ram\u00edrez de Torres y terreno municipal posesi\u00f3n de Elsa Itat\u00ed Villalba, Este: Terreno Municipal y Oeste: terreno Municipal,<span style=\"mso-spacerun: yes;\">\u00a0 <\/span>bajo partida inmobiliaria: E1-16229-1.-<\/span><\/p>\n<p class=\"MsoNormal\" style=\"text-align: justify;\"><span style=\"font-size: 12.0pt; line-height: 115%; font-family: 'Arial','sans-serif';\"><img decoding=\"async\" src=\"images\/131022-sesion-9.JPG\" alt=\"\" \/><\/span><\/p>\n<p class=\"MsoNormal\" style=\"text-align: justify;\"><span style=\"font-size: 12.0pt; line-height: 115%; font-family: 'Arial','sans-serif';\">N\u00b0460: Decl\u00e1rese de propiedad municipal al no haber reclamo de terceros y despu\u00e9s de la publicaci\u00f3n de edictos correspondientes y de acuerdo al Art. 236 del C\u00f3digo Civil y Comercial de la Naci\u00f3n el siguiente terreno a) Ubicado en la Mzna. N\u00b0 257 terreno con frente a calle Rodr\u00edguez Pe\u00f1a N\u00b0 167, entre calle 25 de Mayo y Mar\u00eda Castello de Velazco del duplicado de mensura 8702-L del agrimensor Nacional Eduardo Edgar Robaina de fecha 01\/07\/2.020, que mide desde 10,25m de frente al Norte sobre calle Podest\u00e1. 10,10m de contrafrente al Sur, 40,00m de fondo al Este y 40,00m de contra fondo al Oeste, cerrando as\u00ed el pol\u00edgono A-B-C-D-A superficie 407,00 m2, seg\u00fan plano de mensura, Linderos: Norte: calle Podest\u00e1; Sur: Municipalidad de Curuz\u00fa Cuati\u00e1, Este: Municipalidad de Curuz\u00fa Cuati\u00e1 y Oeste: Juan Rodolfo Mariel,<span style=\"mso-spacerun: yes;\">\u00a0 <\/span>bajo partida inmobiliaria: E1-16539-1.-<\/span><\/p>\n<p class=\"MsoNormal\" style=\"text-align: justify;\"><span style=\"font-size: 12.0pt; line-height: 115%; font-family: 'Arial','sans-serif';\">N\u00b0461: Decl\u00e1rese de propiedad municipal al no haber reclamo de terceros y despu\u00e9s de la publicaci\u00f3n de edictos correspondientes y de acuerdo al Art. 236 del C\u00f3digo Civil y Comercial de la Naci\u00f3n el siguiente terreno a) Ubicado en la Mzna. N\u00b0 179<span style=\"mso-spacerun: yes;\">\u00a0 <\/span>terreno con frente a calle Vieytes N\u00b0 167, de la<span style=\"mso-spacerun: yes;\">\u00a0 <\/span>mensura 7506-L del agrimensor Nacional Eduardo Edgar Robaina Direcci\u00f3n General de Catastro y Cartograf\u00eda de Corrientes de fecha 26\/01\/2015, que mide partiendo del punto A al punto B 7,88m desde el punto B al punto C 1,05m, desde el punto C al punto D 19,44m, desde el punto D al punto E 5,19m, desde el punto E al punto F 5,83m, desde el punto F al punto G 12,80m, desde el punto G al punto H 21,82m y desde el punto H al punto A 18,40m, cerrando as\u00ed el pol\u00edgono B-C-D-E-F-G-H-A superficie 423,20m2, Linderos: Norte: Municipalidad de Curuz\u00fa Cuati\u00e1, Arturo David S\u00e1nchez; Sur: calle Vieytes, Este: \u00c1ngela Mar\u00eda Panozzo de S\u00e1nchez y Oeste: Pos de Calestina Ledesma,<span style=\"mso-spacerun: yes;\">\u00a0 <\/span>bajo partida inmobiliaria: E1-14996-1.-<\/span><\/p>\n<p class=\"MsoNormal\" style=\"text-align: justify;\"><span style=\"font-size: 12.0pt; line-height: 115%; font-family: 'Arial','sans-serif';\">N\u00b0462: Decl\u00e1rese de propiedad municipal al no haber reclamo de terceros y despu\u00e9s de la publicaci\u00f3n de edictos correspondientes y de acuerdo al Art. 236 del C\u00f3digo Civil y Comercial de la Naci\u00f3n el siguiente terreno a) Ubicado en la Mzna. N\u00b0 234<span style=\"mso-spacerun: yes;\">\u00a0 <\/span>terreno interno de entrada por calle Juan Jos\u00e9 Paso, de la<span style=\"mso-spacerun: yes;\">\u00a0 <\/span>mensura 8064-L de la agrimensora Nacional Mar\u00eda Teresa Galli de Spilere Direcci\u00f3n General de Catastro y Cartograf\u00eda de Corrientes de fecha 11\/08\/2.017, que mide 20,00m de frente al Este sobre calle p\u00fablica, 20,27m de contra frente al Oeste, 20,07m de fondo al Norte y 20,00m de contra fondo al Sur, cerrando as\u00ed el pol\u00edgono A-B-C-D-A, superficie 403,32m2, Linderos: Norte: Municipalidad de Curuz\u00fa Cuati\u00e1 posesi\u00f3n Ramona Isabel Soberon; Sur: Municipalidad de Curuz\u00fa Cuati\u00e1 posesi\u00f3n de Mar\u00eda Avalos de Niz, Este: Municipalidad de Curuz\u00fa Cuati\u00e1 ocupado por Hugo Ernesto Franco y H\u00e9ctor Leyes y pasillo p\u00fablico y Oeste: pasillo p\u00fablico,<span style=\"mso-spacerun: yes;\">\u00a0 <\/span>bajo partida inmobiliaria: E1-15665-1.-<\/span><\/p>\n<p class=\"MsoNormal\" style=\"text-align: justify;\"><span style=\"font-size: 12.0pt; line-height: 115%; font-family: 'Arial','sans-serif';\">N\u00b0463: Otorgar una ayuda econ\u00f3mica de $ 20.000 a la Sra. Ramona N\u00e9lida Centuri\u00f3n, D.N.I N\u00b0 16.953.997.-<\/span><\/p>\n<p class=\"MsoNormal\" style=\"text-align: justify;\"><span style=\"font-size: 12.0pt; line-height: 115%; font-family: 'Arial','sans-serif';\">N\u00b0464: Otorgar una ayuda econ\u00f3mica de $ 35.000 a la Sra. Estela Aurora del Carmen Bilibio, D.N.I N\u00b0 13.349.723, en car\u00e1cter de rectora del Colegio Barnibio A. Sorribe.-<\/span><\/p>\n<p class=\"MsoNormal\" style=\"text-align: justify;\"><span style=\"font-size: 12.0pt; line-height: 115%; font-family: 'Arial','sans-serif';\">N\u00b0465: Disminuir e incrementar egreso del Presupuesto del D.E.M correspondiente al ejercicio 2.022.-<\/span><\/p>\n<p class=\"MsoNormal\" style=\"text-align: justify;\"><span style=\"font-size: 12.0pt; line-height: 115%; font-family: 'Arial','sans-serif';\">N\u00b0466: Promulgar y Ordenar la publicaci\u00f3n en el Bolet\u00edn Oficial de la Ordenanza N\u00b03.401.-<\/span><\/p>\n<p class=\"MsoNormal\" style=\"text-align: justify;\"><span style=\"font-size: 12.0pt; line-height: 115%; font-family: 'Arial','sans-serif';\">N\u00b0467: Aceptar la renuncia al cargo de Director de Comisiones Barriales, al Sr. Ram\u00f3n \u00c1ngel Farinon, D.N.I 20.887.268.-<\/span><\/p>\n<p class=\"MsoNormal\" style=\"text-align: justify;\"><span style=\"font-size: 12.0pt; line-height: 115%; font-family: 'Arial','sans-serif';\">N\u00b0468: Otorgar una ayuda econ\u00f3mica de $ 100.000 al Sr. Magister Carlos Enrique Podest\u00e1 G\u00f3mez, D.N.I N\u00b0 12.970.235, en su car\u00e1cter de Rector del Instituto Superior de Curuz\u00fa Cuati\u00e1.-<\/span><\/p>\n<p class=\"MsoNormal\" style=\"text-align: justify;\"><span style=\"font-size: 12.0pt; line-height: 115%; font-family: 'Arial','sans-serif';\">N\u00b0469: Modificar el \u201cPlus Salarial\u201d a la suma de $ 20.000 (Pesos Veinte Mil)<span style=\"mso-spacerun: yes;\">\u00a0 <\/span>a partir del 01 de octubre de 2.022, como adicional mensual no remunerativo, ni bonificable que se abona a todos los agentes municipales una vez al mes, en forma proporcional a su asistencia al trabajo<\/span><\/p>\n<p class=\"MsoNormal\" style=\"text-align: justify;\"><span style=\"font-size: 12.0pt; line-height: 115%; font-family: 'Arial','sans-serif';\"><span style=\"mso-spacerun: yes;\">\u00a0<\/span>y con la formalidad que ser\u00e1 establecida por la Secretaria de Hacienda, ello de conformidad con lo dispuesto en el Articulo N\u00b0 5 de la Resoluci\u00f3n N\u00b0 67 del D.E.M, fechada el 16-01-2.018, que fuera homologada por Ordenanza N\u00b0 3.101 del H.C.D. La presente es Ad-Referendum del H.C.D. la presidente puso a votaci\u00f3n y fue aprobada un\u00e1nimemente.<\/span><\/p>\n<p class=\"MsoNormal\" style=\"text-align: justify;\"><span style=\"font-size: 12.0pt; line-height: 115%; font-family: 'Arial','sans-serif';\">N\u00b0470: Designar a partir del 11 de octubre del a\u00f1o 2.022, al Sr. Fidel Romero, D.N.I N\u00b0 11.183.728, como Director e Transito y Seguridad Vial, clase 24 del escalaf\u00f3n municipal.-<\/span><\/p>\n<p class=\"MsoNormal\" style=\"text-align: justify;\"><span style=\"font-size: 12.0pt; line-height: 115%; font-family: 'Arial','sans-serif';\">N\u00b0471: Otorgar el Visto Bueno, requerido por el art. 184 de la C.O.M de la Municipalidad de Curuz\u00fa Cuati\u00e1, a las liquidaciones de impuestos, tasas, contribuciones y dem\u00e1s recursos municipales, cuyos datos identificatorios se precisan en el Anexo a la presente y que forma parte integrante de la misma.-<\/span><\/p>\n<p class=\"MsoNormal\" style=\"text-align: justify;\"><span style=\"font-size: 12.0pt; line-height: 115%; font-family: 'Arial','sans-serif';\">No habiendo mas temas que tratar la presidente dio por finalizada la sesi\u00f3n del d\u00eda de la fecha.<\/span><\/p>\n<p class=\"MsoNormal\" style=\"text-align: justify;\"><span style=\"font-size: 12.0pt; line-height: 115%; font-family: 'Arial','sans-serif';\"><img decoding=\"async\" src=\"images\/131022-sesion-3.JPG\" alt=\"\" \/><\/span><\/p>\n","protected":false},"excerpt":{"rendered":"<p class=\"MsoNormal\" style=\"text-align: justify;\"><img decoding=\"async\" src=\"images\/131022-sesion-1.JPG\" alt=\"\" \/><\/p>\n<p class=\"MsoNormal\" style=\"text-align: justify;\"><span style=\"font-size: 12.0pt; line-height: 115%; font-family: 'Arial','sans-serif';\">Pasadas las 20.30hs. del jueves 13 de octubre del corriente, la presidente del cuerpo la Sra. Mariel Naya Yrigoyen y el secretario Dr. Fernando Dom\u00ednguez, con la ausencia justificada del concejal Arbelo, dieron inicio a la sesi\u00f3n del d\u00eda de la fecha. La presidente someti\u00f3 a votaci\u00f3n el orden del d\u00eda el que fue aprobado un\u00e1nimemente.<\/span><\/p>\n","protected":false},"author":1,"featured_media":1420,"comment_status":"open","ping_status":"open","sticky":false,"template":"","format":"standard","meta":{"footnotes":""},"categories":[3],"tags":[],"class_list":["post-1421","post","type-post","status-publish","format-standard","has-post-thumbnail","hentry","category-uncategorised"],"brizy_media":[],"_links":{"self":[{"href":"https:\/\/concejocuruzucuatia.gob.ar\/wp\/wp-json\/wp\/v2\/posts\/1421","targetHints":{"allow":["GET"]}}],"collection":[{"href":"https:\/\/concejocuruzucuatia.gob.ar\/wp\/wp-json\/wp\/v2\/posts"}],"about":[{"href":"https:\/\/concejocuruzucuatia.gob.ar\/wp\/wp-json\/wp\/v2\/types\/post"}],"author":[{"embeddable":true,"href":"https:\/\/concejocuruzucuatia.gob.ar\/wp\/wp-json\/wp\/v2\/users\/1"}],"replies":[{"embeddable":true,"href":"https:\/\/concejocuruzucuatia.gob.ar\/wp\/wp-json\/wp\/v2\/comments?post=1421"}],"version-history":[{"count":0,"href":"https:\/\/concejocuruzucuatia.gob.ar\/wp\/wp-json\/wp\/v2\/posts\/1421\/revisions"}],"wp:featuredmedia":[{"embeddable":true,"href":"https:\/\/concejocuruzucuatia.gob.ar\/wp\/wp-json\/wp\/v2\/media\/1420"}],"wp:attachment":[{"href":"https:\/\/concejocuruzucuatia.gob.ar\/wp\/wp-json\/wp\/v2\/media?parent=1421"}],"wp:term":[{"taxonomy":"category","embeddable":true,"href":"https:\/\/concejocuruzucuatia.gob.ar\/wp\/wp-json\/wp\/v2\/categories?post=1421"},{"taxonomy":"post_tag","embeddable":true,"href":"https:\/\/concejocuruzucuatia.gob.ar\/wp\/wp-json\/wp\/v2\/tags?post=1421"}],"curies":[{"name":"wp","href":"https:\/\/api.w.org\/{rel}","templated":true}]}}