{"id":1405,"date":"2022-09-23T15:43:29","date_gmt":"2022-09-23T15:43:29","guid":{"rendered":"https:\/\/concejocuruzucuatia.gob.ar\/wp\/2022\/09\/23\/camino-federal-hacia-la-cumbre\/"},"modified":"2022-09-23T15:43:29","modified_gmt":"2022-09-23T15:43:29","slug":"camino-federal-hacia-la-cumbre","status":"publish","type":"post","link":"https:\/\/concejocuruzucuatia.gob.ar\/wp\/2022\/09\/23\/camino-federal-hacia-la-cumbre\/","title":{"rendered":"Camino Federal hacia la Cumbre"},"content":{"rendered":"<p><img loading=\"lazy\" decoding=\"async\" src=\"images\/230922-cumbrectes.jpeg\" alt=\"\" width=\"931\" height=\"698\" \/><\/p>\n<p>El vicepresidente segundo Rodolfo Santini y el concejal Jos\u00edas Cerono fueron invitados por el Ejecutivo Municipal a participar en Corrientes Capital del Encuentro Nacional vinculado al medioambiente.<\/p>\n<p>Se trat\u00f3 del Camino Federal hacia la Cumbre Global de Alcaldes de C40 que se realiz\u00f3 en la ciudad capitalina el pasado viernes.\u00a0<\/p>\n<p>Del evento que reuni\u00f3 a municipios de todo el pa\u00eds para debatir sobre cambio clim\u00e1tico y financiamiento cont\u00f3 con una serie de reuniones itinerantes de preparaci\u00f3n llevadas a cabo en determinadas ciudades argentinas, con vistas a la cumbre internacional a realizarse del 19 al 21 de octubre en la Ciudad Aut\u00f3noma de Buenos Aires (CABA).<\/p>\n<p>El encuentro en la capital correntina fue el \u00faltimo del ciclo \u201cCamino Federal Hacia la Cumbre\u201d, el que se realiz\u00f3 en diferentes ciudades a lo largo de estos meses.\u00a0<\/p>\n","protected":false},"excerpt":{"rendered":"<p><img loading=\"lazy\" decoding=\"async\" src=\"images\/230922-cumbrectes.jpeg\" alt=\"\" width=\"931\" height=\"698\" \/><\/p>\n<p>El vicepresidente segundo Rodolfo Santini y el concejal Jos\u00edas Cerono fueron invitados por el Ejecutivo Municipal a participar en Corrientes Capital del Encuentro Nacional vinculado al medioambiente.<\/p>\n","protected":false},"author":1,"featured_media":1404,"comment_status":"open","ping_status":"open","sticky":false,"template":"","format":"standard","meta":{"footnotes":""},"categories":[3],"tags":[],"class_list":["post-1405","post","type-post","status-publish","format-standard","has-post-thumbnail","hentry","category-uncategorised"],"brizy_media":[],"_links":{"self":[{"href":"https:\/\/concejocuruzucuatia.gob.ar\/wp\/wp-json\/wp\/v2\/posts\/1405","targetHints":{"allow":["GET"]}}],"collection":[{"href":"https:\/\/concejocuruzucuatia.gob.ar\/wp\/wp-json\/wp\/v2\/posts"}],"about":[{"href":"https:\/\/concejocuruzucuatia.gob.ar\/wp\/wp-json\/wp\/v2\/types\/post"}],"author":[{"embeddable":true,"href":"https:\/\/concejocuruzucuatia.gob.ar\/wp\/wp-json\/wp\/v2\/users\/1"}],"replies":[{"embeddable":true,"href":"https:\/\/concejocuruzucuatia.gob.ar\/wp\/wp-json\/wp\/v2\/comments?post=1405"}],"version-history":[{"count":0,"href":"https:\/\/concejocuruzucuatia.gob.ar\/wp\/wp-json\/wp\/v2\/posts\/1405\/revisions"}],"wp:featuredmedia":[{"embeddable":true,"href":"https:\/\/concejocuruzucuatia.gob.ar\/wp\/wp-json\/wp\/v2\/media\/1404"}],"wp:attachment":[{"href":"https:\/\/concejocuruzucuatia.gob.ar\/wp\/wp-json\/wp\/v2\/media?parent=1405"}],"wp:term":[{"taxonomy":"category","embeddable":true,"href":"https:\/\/concejocuruzucuatia.gob.ar\/wp\/wp-json\/wp\/v2\/categories?post=1405"},{"taxonomy":"post_tag","embeddable":true,"href":"https:\/\/concejocuruzucuatia.gob.ar\/wp\/wp-json\/wp\/v2\/tags?post=1405"}],"curies":[{"name":"wp","href":"https:\/\/api.w.org\/{rel}","templated":true}]}}