{"id":1399,"date":"2022-09-12T15:12:32","date_gmt":"2022-09-12T15:12:32","guid":{"rendered":"https:\/\/concejocuruzucuatia.gob.ar\/wp\/2022\/09\/12\/inauguracion-del-mural-que-concientiza-la-lucha-contra-la-poliomielitis\/"},"modified":"2022-09-12T15:12:32","modified_gmt":"2022-09-12T15:12:32","slug":"inauguracion-del-mural-que-concientiza-la-lucha-contra-la-poliomielitis","status":"publish","type":"post","link":"https:\/\/concejocuruzucuatia.gob.ar\/wp\/2022\/09\/12\/inauguracion-del-mural-que-concientiza-la-lucha-contra-la-poliomielitis\/","title":{"rendered":"Inauguraci\u00f3n del mural que concientiza la lucha contra la poliomielitis"},"content":{"rendered":"<p><img decoding=\"async\" src=\"images\/100922-mural-poliomielitis-1.JPG\" alt=\"\" \/><\/p>\n<p>El s\u00e1bado en horas de la tarde sobre calle Ber\u00f3n de Astrada la presidente del Honorable Concejo Deliberante Mariel Naya Yrigoyen junto a los concejales Axel Toffoli, Rosa Muller, Oscar Arbelo, Natalia Zakegian, And\u00e9s Ortiz y Jos\u00edas Cerono participaron junto a socios del Rotary Club Curuz\u00fa, autoridades locales y provinciales de la inauguraci\u00f3n oficialmente el mural realizado por la artista Sonia Fern\u00e1ndez, mural que particip\u00f3 del concurso \u00abChau Polio\u00bb organizado por el Rotary Internacional Distrito 4845 obteniendo el primer premio.<\/p>\n<p>La obra se encuentra ubicada en calle Ber\u00f3n de Astrada al 700 en el muro perteneciente a la firma Musimundo y retrata sobre la vacunaci\u00f3n, el contagio y las consecuencias de la poliomielitis. En la oportunidad el presidente del Rotary Club Curuz\u00fa entreg\u00f3 un reconocimiento a la autora del mural Sonia Fern\u00e1ndez y al gerente local de la firma comercial.\u00a0<\/p>\n<p>El acto tuvo como oradores al ex presidente del Rotary Ra\u00fal Irigoyen, a la Dra. M\u00f3nica Gonz\u00e1lez, directora del Hospital Civil, al vice intendente Guillermo Morandini y cerr\u00f3 el mismo el presidente Eduardo Fracalossi.<\/p>\n<p><img decoding=\"async\" src=\"images\/100922-mural-poliomielitis-1.JPG\" alt=\"\" \/><img decoding=\"async\" src=\"images\/100922-mural-poliomielitis-2.JPG\" alt=\"\" \/><img decoding=\"async\" src=\"images\/100922-mural-poliomielitis-3.JPG\" alt=\"\" \/><\/p>\n","protected":false},"excerpt":{"rendered":"<p><img decoding=\"async\" src=\"images\/100922-mural-poliomielitis-1.JPG\" alt=\"\" \/><\/p>\n<p>El s\u00e1bado en horas de la tarde sobre calle Ber\u00f3n de Astrada la presidente del Honorable Concejo Deliberante Mariel Naya Yrigoyen junto a los concejales Axel Toffoli, Rosa Muller, Oscar Arbelo, Natalia Zakegian, And\u00e9s Ortiz y Jos\u00edas Cerono participaron junto a socios del Rotary Club Curuz\u00fa, autoridades locales y provinciales de la inauguraci\u00f3n oficialmente el mural realizado por la artista Sonia Fern\u00e1ndez, mural que particip\u00f3 del concurso \u00abChau Polio\u00bb organizado por el Rotary Internacional Distrito 4845 obteniendo el primer premio.<\/p>\n","protected":false},"author":1,"featured_media":1398,"comment_status":"open","ping_status":"open","sticky":false,"template":"","format":"standard","meta":{"footnotes":""},"categories":[3],"tags":[],"class_list":["post-1399","post","type-post","status-publish","format-standard","has-post-thumbnail","hentry","category-uncategorised"],"brizy_media":[],"_links":{"self":[{"href":"https:\/\/concejocuruzucuatia.gob.ar\/wp\/wp-json\/wp\/v2\/posts\/1399","targetHints":{"allow":["GET"]}}],"collection":[{"href":"https:\/\/concejocuruzucuatia.gob.ar\/wp\/wp-json\/wp\/v2\/posts"}],"about":[{"href":"https:\/\/concejocuruzucuatia.gob.ar\/wp\/wp-json\/wp\/v2\/types\/post"}],"author":[{"embeddable":true,"href":"https:\/\/concejocuruzucuatia.gob.ar\/wp\/wp-json\/wp\/v2\/users\/1"}],"replies":[{"embeddable":true,"href":"https:\/\/concejocuruzucuatia.gob.ar\/wp\/wp-json\/wp\/v2\/comments?post=1399"}],"version-history":[{"count":0,"href":"https:\/\/concejocuruzucuatia.gob.ar\/wp\/wp-json\/wp\/v2\/posts\/1399\/revisions"}],"wp:featuredmedia":[{"embeddable":true,"href":"https:\/\/concejocuruzucuatia.gob.ar\/wp\/wp-json\/wp\/v2\/media\/1398"}],"wp:attachment":[{"href":"https:\/\/concejocuruzucuatia.gob.ar\/wp\/wp-json\/wp\/v2\/media?parent=1399"}],"wp:term":[{"taxonomy":"category","embeddable":true,"href":"https:\/\/concejocuruzucuatia.gob.ar\/wp\/wp-json\/wp\/v2\/categories?post=1399"},{"taxonomy":"post_tag","embeddable":true,"href":"https:\/\/concejocuruzucuatia.gob.ar\/wp\/wp-json\/wp\/v2\/tags?post=1399"}],"curies":[{"name":"wp","href":"https:\/\/api.w.org\/{rel}","templated":true}]}}