{"id":1345,"date":"2022-07-05T20:21:44","date_gmt":"2022-07-05T20:21:44","guid":{"rendered":"https:\/\/concejocuruzucuatia.gob.ar\/wp\/2022\/07\/05\/6-de-julio-dia-del-empleado-legislativo-3\/"},"modified":"2022-07-05T20:21:44","modified_gmt":"2022-07-05T20:21:44","slug":"6-de-julio-dia-del-empleado-legislativo-3","status":"publish","type":"post","link":"https:\/\/concejocuruzucuatia.gob.ar\/wp\/2022\/07\/05\/6-de-julio-dia-del-empleado-legislativo-3\/","title":{"rendered":"6 de julio \u201cD\u00eda del Empleado Legislativo\u201d"},"content":{"rendered":"<p style=\"text-align: justify; background: white;\"><img decoding=\"async\" src=\"images\/060722-empleados.jpeg\" alt=\"\" \/><\/p>\n<p style=\"text-align: justify; background: white;\"><span style=\"font-size: 11.5pt; font-family: 'Open Sans',sans-serif; color: black; mso-color-alt: windowtext;\">Este 6 de julio se celebra el D\u00eda del Empleado Legislativo, y la presidente Mariel Naya Yrigoyen junto a los concejales agasajaron al personal del Poder Legislativo Curuzucuate\u00f1o, estuvo acompa\u00f1\u00e1ndolos el Sr. Intendente Jose Irigoyen.\u00a0 \u00a0<\/span><\/p>\n<p style=\"text-align: justify; background: white;\"><span style=\"font-size: 11.5pt; font-family: 'Open Sans',sans-serif; color: black; mso-color-alt: windowtext;\">Se instituye esta celebraci\u00f3n en conmemoraci\u00f3n a la fecha en que se realizara en la ciudad de Salta el Primer Congreso Nacional de Empleados Legislativos, en esa oportunidad se resolvi\u00f3 dedicar esta fecha a quienes con su trabajo contribuyen a mejorar la vida institucional del pa\u00eds. <\/span><\/p>\n<p style=\"text-align: justify; background: white;\"><span style=\"font-size: 11.5pt; font-family: 'Open Sans',sans-serif; color: black; mso-color-alt: windowtext;\">Para la provincia de Corrientes la fecha fue establecida por la Ley 4003 del 4 de julio de 1985 y publicada el 29 de julio del mismo a\u00f1o.<span style=\"mso-spacerun: yes;\">\u00a0 <\/span><\/span><\/p>\n<p style=\"text-align: justify; background: white;\"><span style=\"font-size: 11.5pt; font-family: 'Open Sans',sans-serif; color: black; mso-color-alt: windowtext;\"><span style=\"mso-spacerun: yes;\">\u00a0<\/span>\u201cEn este d\u00eda tan importante para nosotros quiero brindar un fraternal abrazo a los trabajadores legislativos de la instituci\u00f3n que represento y saludarlos por el esfuerzo y empe\u00f1o que ponen para ayudarnos a desempe\u00f1ar nuestra labor\u201d. <\/span><\/p>\n<p style=\"text-align: justify; background: white; margin: 0cm 0cm 7.5pt 0cm;\"><span style=\"font-size: 11.5pt; font-family: 'Open Sans',sans-serif; color: black; mso-color-alt: windowtext;\">\u201cEs mi ferviente deseo que sigamos construyendo juntos este camino de crecimiento, de trabajo y de logros\u201d, expres\u00f3 Mariel Naya Yrigoyen, presidente del Honorable Concejo Deliberante de Curuz\u00fa Cuati\u00e1.<\/span><\/p>\n","protected":false},"excerpt":{"rendered":"<p style=\"text-align: justify; background: white;\"><img decoding=\"async\" src=\"images\/060722-empleados.jpeg\" alt=\"\" \/><\/p>\n","protected":false},"author":1,"featured_media":1344,"comment_status":"open","ping_status":"open","sticky":false,"template":"","format":"standard","meta":{"footnotes":""},"categories":[3],"tags":[],"class_list":["post-1345","post","type-post","status-publish","format-standard","has-post-thumbnail","hentry","category-uncategorised"],"brizy_media":[],"_links":{"self":[{"href":"https:\/\/concejocuruzucuatia.gob.ar\/wp\/wp-json\/wp\/v2\/posts\/1345","targetHints":{"allow":["GET"]}}],"collection":[{"href":"https:\/\/concejocuruzucuatia.gob.ar\/wp\/wp-json\/wp\/v2\/posts"}],"about":[{"href":"https:\/\/concejocuruzucuatia.gob.ar\/wp\/wp-json\/wp\/v2\/types\/post"}],"author":[{"embeddable":true,"href":"https:\/\/concejocuruzucuatia.gob.ar\/wp\/wp-json\/wp\/v2\/users\/1"}],"replies":[{"embeddable":true,"href":"https:\/\/concejocuruzucuatia.gob.ar\/wp\/wp-json\/wp\/v2\/comments?post=1345"}],"version-history":[{"count":0,"href":"https:\/\/concejocuruzucuatia.gob.ar\/wp\/wp-json\/wp\/v2\/posts\/1345\/revisions"}],"wp:featuredmedia":[{"embeddable":true,"href":"https:\/\/concejocuruzucuatia.gob.ar\/wp\/wp-json\/wp\/v2\/media\/1344"}],"wp:attachment":[{"href":"https:\/\/concejocuruzucuatia.gob.ar\/wp\/wp-json\/wp\/v2\/media?parent=1345"}],"wp:term":[{"taxonomy":"category","embeddable":true,"href":"https:\/\/concejocuruzucuatia.gob.ar\/wp\/wp-json\/wp\/v2\/categories?post=1345"},{"taxonomy":"post_tag","embeddable":true,"href":"https:\/\/concejocuruzucuatia.gob.ar\/wp\/wp-json\/wp\/v2\/tags?post=1345"}],"curies":[{"name":"wp","href":"https:\/\/api.w.org\/{rel}","templated":true}]}}