{"id":1343,"date":"2022-07-02T01:15:43","date_gmt":"2022-07-02T01:15:43","guid":{"rendered":"https:\/\/concejocuruzucuatia.gob.ar\/wp\/2022\/07\/02\/informe-de-prensa-hcd-sesion-1-de-julio-de-2022\/"},"modified":"2022-07-02T01:15:43","modified_gmt":"2022-07-02T01:15:43","slug":"informe-de-prensa-hcd-sesion-1-de-julio-de-2022","status":"publish","type":"post","link":"https:\/\/concejocuruzucuatia.gob.ar\/wp\/2022\/07\/02\/informe-de-prensa-hcd-sesion-1-de-julio-de-2022\/","title":{"rendered":"Informe de Prensa HCD \/ Sesi\u00f3n 1 de julio de 2022"},"content":{"rendered":"<p><img decoding=\"async\" src=\"images\/010722-sesion-2.JPG\" alt=\"\" \/><\/p>\n<p>Pasadas las 19hs. del viernes 1 de julio del corriente, la presidente del cuerpo la Sra. Mariel Naya Yrigoyen y el secretario Dr. Fernando Dom\u00ednguez, con la ausencia justificada de los concejales Rosa Muller y Carlos Rubin dieron inicio a la sesi\u00f3n del d\u00eda de la fecha.<\/p>\n<p>Primeramente la concejal Zakegian solicito hacer uso del art\u00edculo 132 del reglamento interno para expresar su contento por la aprobaci\u00f3n de la Ley Nacional Oncopedi\u00e1trica el d\u00eda jueves 30 de junio. Utilizando el mismo art\u00edculo la concejal Ruiz adhiriendo a las palabras de la concejal anterior agreg\u00f3 la felicitaci\u00f3n para la Fundaci\u00f3n Vero Luque por su lucha para que esta ley salga como lo hicieron en la provincia de Corrientes, adem\u00e1s agreg\u00f3 su satisfacci\u00f3n por la aprobaci\u00f3n de la ley nacional de respuesta integral al VIH, las hepatitis virales, otras infecciones de transmisi\u00f3n sexual y la tuberculosis. Seguidamente el concejal Arbelo hizo lo mismo desde su visi\u00f3n como m\u00e9dico y dio detalles del funcionamiento y mantenimiento del Centro Oncol\u00f3gico de nuestra ciudad. Luego el concejal Toffoli solicitando el uso del art\u00edculo 132 del R. I. expres\u00f3 su felicidad por la aprobaci\u00f3n de la Ley Oncopedi\u00e1trica y la lucha de la familia Luque y coment\u00f3 sobre la Ley provincial Oncopedi\u00e1trica que fue aprobada hace un tiempo que faltar\u00eda la reglamentaci\u00f3n y que\u00a0 ser\u00eda de mucha ayuda para estas familias que se reglamente.<\/p>\n<p>\u00a0A continuaci\u00f3n de las palabras de los concejales, la presidente someti\u00f3 a votaci\u00f3n el orden del d\u00eda el que fue aprobado un\u00e1nimemente.<\/p>\n<p>A continuaci\u00f3n se trat\u00f3 el primer punto referido a lectura y consideraci\u00f3n del\u00a0 Acta\u00a0 N\u00b0 1607, la que omitiendo su lectura fue aprobada un\u00e1nimemente.<\/p>\n<p>El 2\u00b0 punto tratado fue de los despachos, primero de la comisi\u00f3n de gobierno el Expte. N\u00b0 5579\/2.021 referido al proyecto de Ordenanza de modificar la Ordenanza N\u00b0 1533\/98 el art. 1\u00b0, punto 28. La concejal Crespi explic\u00f3 que el expediente venci\u00f3 su plazo de tratamiento por ello solicit\u00f3 el pase a archivo el que fue aprobado un\u00e1nimemente.<\/p>\n<p>Luego se trat\u00f3 el Expte. 5721\/2.022 sobre el proyecto de Ordenanza del bloque Partido Liberal de declarar ciudadano ilustre al Sr. Roberto Ram\u00f3n Romero. La concejal Crespi dio una breve rese\u00f1a sobre el importante artista curuzucuate\u00f1o y solicit\u00f3 el acompa\u00f1amiento de los concejales para su aprobaci\u00f3n el que fue un\u00e1nime.<\/p>\n<p>EL HONORABLE CONCEJO DELIBERANTE\u00a0<\/p>\n<p>DE CURUZU CUATIA\u00a0<\/p>\n<p>SANCIONA CON FUERZA DE<\/p>\n<p>ORDENANZA<\/p>\n<p>Art.1\u00b0.- DECLARAR Ciudadano Ilustre de la ciudad de Curuz\u00fa Cuati\u00e1 al M\u00fasico Curuzucuate\u00f1o, acordeonista y pianista ROBERTO RAM\u00d3N ROMERO.\u00a0<\/p>\n<p>Art2\u00b0.- ENTREGAR diploma de CIUDADANO ILUSTRE DE LA CIUDAD DE CURUZU CUATIA y una copia de la presente en el recinto del HONORABLE CONCEJO DELIBERANTE.\u00a0<\/p>\n<p>Art. 3\u00b0 De Forma.-<\/p>\n<p>El expediente N\u00b0 5735\/2.022 sobre el proyecto de ordenanza de modificar la ordenanza N\u00b0 978\/92 sobre comisiones vecinales, luego de su lectura por secretar\u00eda, el concejal Santini solicit\u00f3 un cuarto intermedio y luego del mismo el concejal Toffoli pidi\u00f3 que vuelva a comisi\u00f3n de gobierno para un nuevo an\u00e1lisis de la misma lo que fue aprobado un\u00e1nimemente.<\/p>\n<p><img decoding=\"async\" src=\"images\/010722-sesion-3.JPG\" alt=\"\" \/><\/p>\n<p>Luego se trataron los despachos de la comisi\u00f3n de presupuesto, el Expte. N\u00b0 5740\/2.022 referido a la nota privada solicitando el incremento del boleto de colectivos, el concejal Toffoli explic\u00f3 que se mantuvo una reuni\u00f3n con la empresa solicitando un monto y luego de estudiar se aprob\u00f3 darle un incremento en julio y posteriormente en octubre. Puesto a consideraci\u00f3n por la presidente fue aprobado un\u00e1nimemente.<\/p>\n<p>EL HONORABLE CONCEJO DELIBERANTE<\/p>\n<p>DE CURUZU CUATIA\u00a0<\/p>\n<p>SANCIONA CON FUERZA DE<\/p>\n<p>ORDENANZA<\/p>\n<p>Art.1\u00b0.- DEROGAR la Ordenanza N\u00b0 3355\/2022.<\/p>\n<p>Art.2\u00b0.- ESTABLECER que, a partir del 1 de julio, el costo del boleto com\u00fan de pasajeros ser\u00e1 de PESOS SESENTA ($60), quedando en la mitad PESOS TREINTA ($30) para estudiantes, jubilados y ex combatientes. Y desde el 1 de octubre el mismo ser\u00e1 de PESOS SETENTA ($70), quedando en la mitad PESOS TREINTA Y CINCO ($35) para estudiantes, jubilados y ex combatientes.<\/p>\n<p>Art. 3\u00b0.- De Forma.<\/p>\n<p>Seguidamente se trat\u00f3 el despacho de la comisi\u00f3n de obras el Expte. N\u00b0 5737\/2.022 sobre el proyecto de Resoluci\u00f3n del Bloque Partido Liberal de solicitar al D.E.M la colocaci\u00f3n de un cartel con se\u00f1al de tr\u00e1nsito \u201cCeda el paso\u201d en el parque Mitre en calle Ej\u00e9rcito Argentino, el concejal Arbelo explic\u00f3 que es una zona conflictiva\u00a0 y con esto se quiere lograr prevenci\u00f3n y orden en el tr\u00e1nsito en el sector. Puesto a consideraci\u00f3n se aprob\u00f3 un\u00e1nimemente.<\/p>\n<p>EL HONORABLE CONCEJO DELIBERANTE<\/p>\n<p>DE CURUZU CUATIA\u00a0<\/p>\n<p>RESUELVE<\/p>\n<p>Art. 1\u00b0.- SOLICITAR al D.E.M. que en la calle Ej\u00e9rcito Argentino, seg\u00fan el anexo que se adjunta a la presente, se coloque un cartel con la se\u00f1al de tr\u00e1nsito \u00abCeda el Paso\u00bb.<\/p>\n<p>ArL2\u00b0. -De Forma.\u00a0<\/p>\n<p>Seguidamente se trataron los despachos de la comisi\u00f3n de medio ambiente, primero el Expte. N\u00b0 5723\/2.022 referido al proyecto de Resoluci\u00f3n del bloque Frente de Todos de adherir al programa Nacional Ambiental \u201cCasa Com\u00fan\u201d. El concejal Santini explic\u00f3 que \u201cCasa Com\u00fan\u201d es un plan integral que brinda asistencia t\u00e9cnica y financiera a gobiernos locales y organizaciones comunitarias para la realizaci\u00f3n de proyectos ambientales con impacto social y que ser\u00eda una muy buena herramienta para el municipio la utilice por ello solicit\u00f3 el acompa\u00f1amiento de los concejales el que se aprob\u00f3 un\u00e1nimemente.<\/p>\n<p>EL HONORABLE CONCEJO DELIBERANTE\u00a0<\/p>\n<p>DE CURUZ\u00da CUATI\u00c1\u00a0<\/p>\n<p>RESUELVE<\/p>\n<p>Art. 1\u00b0.- DIRIGIRSE al Ministerio de Ambiente y Desarrollo Sostenible de la Naci\u00f3n a fin de solicitar la inclusi\u00f3n de la MUNICIPALIDAD DE CURUZU CUATIA en el PROGRAMA AMBIENTAL \u00abCASA COMUN PARA LOS GOBIERNOS LOCALES\u00bb, creado por Resoluci\u00f3n N\u00b0 8\/2020, con el objetivo de obtener asistencia t\u00e9cnica y financiera para planes ambientales tendientes a lograr una ciudad ecol\u00f3gicamente sostenible. &#8211;<\/p>\n<p>Art 2\u00b0.- AUTORIZAR al D.E.M. a realizar las gestiones necesarias para a suscripci\u00f3n de convenios y todas las gestiones necesarias para la implementaci\u00f3n del PROGRAMA NACIONAL referenciado en el art\u00edculo anterior.<\/p>\n<p>Art. 3\u00b0.- De Forma. &#8211;<\/p>\n<p>Luego el Expte. N\u00b0 5736\/2.022 sobre el proyecto de Resoluci\u00f3n del bloque Partido Liberal de solicitar al D.E.M que en el sector de la Av. Mariano Moreno, se planten especies de \u00e1rboles aut\u00f3ctonos. La concejal Crespi expres\u00f3 la importancia de la plantaci\u00f3n de \u00e1rboles en la ciudad y solicit\u00f3 el acompa\u00f1amiento para la aprobaci\u00f3n del despacho el que fue un\u00e1nime.<\/p>\n<p>EL HONORABLE CONCEJO DELIBERANTE\u00a0<\/p>\n<p>DE CURUZ\u00da CUATI\u00c1\u00a0<\/p>\n<p>RESUELVE<\/p>\n<p>Art 1\u00b0.- SOLICITAR al D.E.M. que en el sector de la Avenida Moreno entre la ruta provincial 126 y calle Berutti se planten especies de \u00e1rboles aut\u00f3ctonas.\u00a0<\/p>\n<p>Art. 2\u00b0.- De Forma.<\/p>\n<p>Para finalizar los despachos se trat\u00f3 el de las comisiones de gobierno y peticiones, referido al Expte. N\u00b0 5717\/2.022 sobre el proyecto de Ordenanza del bloque Frente de Todos, regulaci\u00f3n de la actividad de realizaci\u00f3n de tatuajes, piercing y similares. La concejal Zakegian el acompa\u00f1amiento de los concejales para la aprobaci\u00f3n de este despacho debido a la importancia del mismo en el control de las medidas de higiene y seguridad en la intervenci\u00f3n en el cuerpo de las personas, el concejal Arbelo agreg\u00f3 que este proyecto viene a llenar un vac\u00edo legal en el municipio y solicit\u00f3 que la copia de la ordenanza sea remitida al \u00e1rea de Fiscalizaci\u00f3n del Ministerio de Salud de la provincia de Corrientes. Puesto a consideraci\u00f3n se aprob\u00f3 un\u00e1nimemente el despacho y la solicitud del concejal Arbelo.<\/p>\n<p>EL HONORABLE CONCEJO DELIBERANTE<\/p>\n<p>DE CURUZ\u00da CUATI\u00c1\u00a0<\/p>\n<p>SANCIONA CON FUERZA DE\u00a0<\/p>\n<p>ORDENANZA<\/p>\n<p>Art.1\u00b0.- La presente Ordenanza regula la actividad de todo comercio, empresa o persona cuyo ramo de actividad principal o accesoria sea la de realizar tatuajes, micropigmentaci\u00f3n o acciones invasivas en la piel, de tipo transitorios, permanentes y cualquier t\u00e9cnica de perforaci\u00f3n de cualquier parte del cuerpo con la finalidad de prender en la misma objetos met\u00e1licos o de otros materiales.<\/p>\n<p>Art.2\u00b0.- SER\u00c1 obligaci\u00f3n para ejercer la actividad la inscripci\u00f3n en la repartici\u00f3n que el D.E M. establezca, independiente que cuente con local propio o domicilios privados.<\/p>\n<p>Art.3\u00b0.- La actividad que regula la presente Ordenanza deber\u00e1 efectuarse con las siguientes condiciones m\u00ednimas de higiene y seguridad, bajo apercibimiento de las sanciones establecidas en el C\u00f3digo Municipal de Faltas:<\/p>\n<p>a) La utilizaci\u00f3n de material descartable homologado por la autoridad competente, consider\u00e1ndose a los mismos desechos pat\u00f3genos luego de su utilizaci\u00f3n.<\/p>\n<p>b) Deber\u00e1n contar, para los materiales no descartables, con m\u00e9todos de esterilizaci\u00f3n acordes a los determinados por las Normas de Bio-Seguridad recomendados por la O M S, el Programa Nacional de Transmisi\u00f3n Sexual y Sida del Ministerio de Salud y Acci\u00f3n Social y toda otra medida que evite cualquier tipo de contaminaci\u00f3n, transmisi\u00f3n de enfermedades y da\u00f1o en la salud.<\/p>\n<p>c) Para el desarrollo de la actividad deber\u00e1n utilizarse guardapolvos o chaquetas, guantes descartables. barbijos y cualquier otro elemento que se considere necesario.<\/p>\n<p>d) Los productos y\/o pigmentos que se utilicen deber\u00e1n estar autorizados por la autoridad competente y habilitados para su utilizaci\u00f3n en el cuerpo humano.<\/p>\n<p>e) Los titulares del comercio y\/o local donde se desarrolle la actividad descripta en el ART\u00cdCULO 1, deber\u00e1n exponer al p\u00fablico, de manera visible, los posibles riesgos derivados de la misma. Asimismo, antes de proceder a la pr\u00e1ctica establecida el aplicador informar\u00e1 al usuario acerca de las caracter\u00edsticas y riesgos de la t\u00e9cnica que va a emplear, advirti\u00e9ndose al cliente acerca de la imposibilidad de donar sangre u \u00f3rganos durante uno y cinco a\u00f1os, respectivamente. El usuario a la vista de la informaci\u00f3n recibida, deber\u00e1 prestar su consentimiento a la realizaci\u00f3n de cualquiera de estas pr\u00e1cticas.<\/p>\n<p>f) Los menores de 16 a\u00f1os deber\u00e1n contar con autorizaci\u00f3n expresa y escrita del progenitor, tutor o quien ostente la responsabilidad parental; cuya constancia deber\u00e1 ser conservada por tres a\u00f1os como m\u00ednimo.<\/p>\n<p>g) Todo operador, ayudante o auxiliar deber\u00e1 contar con la correspondiente libreta sanitaria, en raz\u00f3n de la complejidad y alto riesgo de la pr\u00e1ctica que se pretende habilitar, asimismo haber cumplimentado con el calendario de vacunaci\u00f3n, incluyendo contra Hepatitis B y t\u00e9tanos.<\/p>\n<p>h) Deber\u00e1 contar con un botiqu\u00edn de primeros auxilios y todos los elementos b\u00e1sicos de curaciones.<\/p>\n<p>i) Se utilizar\u00e1 una zona exclusiva de trabajo entre tatuador y cliente, con instalaciones de f\u00e1cil higiene, superficies lavables y sanitarios; asimismo los pisos deber\u00e1n ser de un material no poroso, sin alfombras o maderas.<\/p>\n<p>Art.4\u00b0.- El responsable del establecimiento deber\u00e1 exhibir en un lugar visible un cartel informativo sobre las advertencias referentes al cuidado, complicaciones y remoci\u00f3n de los tatuajes y\/o piercing, que ser\u00e1 confeccionado por el D.E.M. y entregado al responsable del establecimiento en el momento de otorg\u00e1rsele la habilitaci\u00f3n; como as\u00ed tambi\u00e9n una copia de la constancia de habilitaci\u00f3n municipal del establecimiento y de la licencia habilitante de la persona que realice las pr\u00e1cticas de tatuaje y\/o piercing.<\/p>\n<p>Art. 5\u00b0.- PROH\u00cdBESE la realizaci\u00f3n en forma ambulatoria de las actividades descriptas y en caso de ferias o eventos especiales solo podr\u00e1n efectuarlos las personas autorizadas e inscriptas conforme la presente Ordenanza.<\/p>\n<p>Art. 6\u00b0.- El D.E.M. efectuar\u00e1 una campa\u00f1a de difusi\u00f3n, dirigida especialmente a los j\u00f3venes y adolescentes, sobre el contenido de la presente ordenanza, resaltando la importancia de someterse a pr\u00e1cticas de tatuaje y\/o piercing \u00fanicamente en establecimientos habilitados, con personas que hayan obtenido la licencia pertinente y en condiciones sanitarias adecuadas, con el objetivo de prevenir el contagio de enfermedades.<\/p>\n<p>Art. 7\u00b0.- SER\u00c1 autoridad de aplicaci\u00f3n la Direcci\u00f3n de Bromatolog\u00eda y Calidad Ambiental o la que determine el D.E.M.<\/p>\n<p>Art. 8\u00b0.- De forma.-<\/p>\n<p><img decoding=\"async\" src=\"images\/010722-sesion-4.JPG\" alt=\"\" \/><\/p>\n<p>El 3\u00b0 punto tratado fue el de los proyectos ingresados, primero de Ordenanza del Bloque Uni\u00f3n Popular-Ucr-Pro, de adherir a la Ley Nacional 26.958, que establece como \u201cD\u00eda Mundial en Recuerdo de las V\u00edctimas de Accidentes de Tr\u00e1nsito\u201d pas\u00f3 a comisi\u00f3n de Gobierno.<\/p>\n<p>Proyectos de Resoluci\u00f3n del bloque Frente de Todos de solicitar al D.E.M que acompa\u00f1e copia de los expediente de los subsidios y aportes no reintegrables pas\u00f3 a comisi\u00f3n de gobierno.-<\/p>\n<p>El Proyecto de Declaraci\u00f3n del Frente de Todos de declarar de Inter\u00e9s Municipal la 27\u00b0 edici\u00f3n del Festival Guitarras del Mundo pas\u00f3 a comisi\u00f3n de Gobierno.-<\/p>\n<p>El 4\u00b0 punto fue el referido a notas oficiales del D.E.M., el Bolet\u00edn Oficial N\u00b0 3.413 qued\u00f3 en secretar\u00eda.<\/p>\n<p>Del Sr. Auditor Municipal presentando informe sobre el estado contable del cuarto trimestre del a\u00f1o 2021 e informe sobre controles del cuarto trimestre del a\u00f1o 2021 pas\u00f3 a comisi\u00f3n de Control y gesti\u00f3n.<\/p>\n<p>El 5\u00b0 punto referido a notas privadas, de la Sociedad Rural, solicitando se declare de Inter\u00e9s Municipal la 100\u00b0 Exposici\u00f3n Feria Nacional de Ganader\u00eda, Granja, Industria y Comercio pas\u00f3 a comisi\u00f3n de gobierno.<\/p>\n<p>Del Sr. Jos\u00e9 Ledesma solicitando un cartel de parada de remises en calle Rivadavia N\u00b0 659 frente al supermercado D\u00eda pas\u00f3 a comisiones de obras y al expediente existente en comisi\u00f3n de gobierno.<\/p>\n<p>De la Sra. Beatriz Villalba, solicitando una ayuda econ\u00f3mica para el grupo de equinoterapia Trotes de Vida pas\u00f3 a comisi\u00f3n de Presupuesto.<\/p>\n<p><img decoding=\"async\" src=\"images\/010722-sesion-1.JPG\" alt=\"\" \/><\/p>\n<p>El 6\u00b0 punto fue el de resoluciones del D.E.M.:<\/p>\n<p>N\u00b0 312: Otorgar una ayuda econ\u00f3mica de $ 25.000 a la Sra. Dahiana Gabriela Guti\u00e9rrez, D.N.I N\u00b0 37.884.113.-<\/p>\n<p>N\u00b0 313: Decl\u00e1rese de propiedad municipal al no haber reclamo de terceros y despu\u00e9s de la publicaci\u00f3n de edictos correspondientes y de acuerdo al Art. 236 del C\u00f3digo Civil y Comercial de la Naci\u00f3n el siguiente terreno a) Ubicado en la Mzana. 30 calle Juan Pujol N\u00b0 337 de la mensura 8582-L del agrimensor Cesar H. Kouri, Direcci\u00f3n General de Catastro y Cartograf\u00eda de Corrientes\u00a0 de fecha 17\/10\/2.019, que mide 9.83 m de frente norte sobre calle Ca\u00e1 Guaz\u00fa, 10.47 m de contra frente en su lado sur, 49.83 m de fondo al este y 49.94 m de\u00a0 fondo lado oeste cerrando as\u00ed el pol\u00edgono A-B-C-D-A, sup. 506.30m2, Linderos: Norte: calle Ca\u00e1 Guaz\u00fa, Sur: terreno municipal, este Duarte Valentina y oeste: Obreg\u00f3n Elvio y Garc\u00eda Yanina Soledad. Bajo partida inmobiliaria: E1-16444-1.-<\/p>\n<p>N\u00b0 314: Incorporar al Presupuesto Municipal del a\u00f1o 2.022 en la Partida 1.2.3.4. \u201cPlan Sumar\u201d. La remesa recibida por esta Municipalidad en la cuenta corriente N\u00b0 22500247\/32, del Banco de la Naci\u00f3n Argentina Sucursal Curuz\u00fa Cuati\u00e1, por la suma de PESOS QUINIENTO CINCUENTA Y SIETE MIL VEINTE 00\/100 ($ 557.020,00), acreditadas el 10 y 21 de junio de 2.022, correspondiente al \u201cPlan Sumar\u201d y destinado a atender las erogaciones que demande la ejecuci\u00f3n del mencionado plan.-<\/p>\n<p>N\u00b0 315: Promulgar y ordenar la publicaci\u00f3n en el bolet\u00edn oficial de la Ordenanza N\u00b0 3384.-<\/p>\n<p>N\u00b0 316: Promulgar y ordenar la publicaci\u00f3n en el bolet\u00edn oficial de la Ordenanza N\u00b0 3385.-<\/p>\n<p>N\u00b0 317: Promulgar y ordenar la publicaci\u00f3n en el bolet\u00edn oficial de la Ordenanza N\u00b0 3386.-<\/p>\n<p>N\u00b0 318: Otorgar como premio al primer puesto de la competencia de destreza a caballo del \u201cFestival G\u00fcemes 200+1\u201d.-<\/p>\n<p>N\u00b0 319: Renovar la Comisi\u00f3n Municipal de Box en nuestra ciudad.-<\/p>\n<p>N\u00b0 320: Otorgar una ayuda econ\u00f3mica de $ 60.000 al Sr. H\u00e9ctor Martin Trinidad, D.N.I N\u00b0 29.792.857.-<\/p>\n<p>N\u00b0 321: Otorgar una ayuda econ\u00f3mica de $ 30.000 a la Sra. Florencia Cecilia Ayala, D.N.I N\u00b0 41.412.928.-<\/p>\n<p>N\u00b0 322: Otorgar una ayuda econ\u00f3mica de $ 30.000 al Sr. Sergio Alejandro Mancuello, D.N.I N\u00b0 32.411.496.-<\/p>\n<p>No habiendo mas temas que tratar la presidente dio por finalizada la sesi\u00f3n del d\u00eda de la fecha.<\/p>\n","protected":false},"excerpt":{"rendered":"<p><img decoding=\"async\" src=\"images\/010722-sesion-2.JPG\" alt=\"\" \/><\/p>\n<p>Pasadas las 19hs. del viernes 1 de julio del corriente, la presidente del cuerpo la Sra. Mariel Naya Yrigoyen y el secretario Dr. Fernando Dom\u00ednguez, con la ausencia justificada de los concejales Rosa Muller y Carlos Rubin dieron inicio a la sesi\u00f3n del d\u00eda de la fecha.<\/p>\n","protected":false},"author":1,"featured_media":1342,"comment_status":"open","ping_status":"open","sticky":false,"template":"","format":"standard","meta":{"footnotes":""},"categories":[3],"tags":[],"class_list":["post-1343","post","type-post","status-publish","format-standard","has-post-thumbnail","hentry","category-uncategorised"],"brizy_media":[],"_links":{"self":[{"href":"https:\/\/concejocuruzucuatia.gob.ar\/wp\/wp-json\/wp\/v2\/posts\/1343","targetHints":{"allow":["GET"]}}],"collection":[{"href":"https:\/\/concejocuruzucuatia.gob.ar\/wp\/wp-json\/wp\/v2\/posts"}],"about":[{"href":"https:\/\/concejocuruzucuatia.gob.ar\/wp\/wp-json\/wp\/v2\/types\/post"}],"author":[{"embeddable":true,"href":"https:\/\/concejocuruzucuatia.gob.ar\/wp\/wp-json\/wp\/v2\/users\/1"}],"replies":[{"embeddable":true,"href":"https:\/\/concejocuruzucuatia.gob.ar\/wp\/wp-json\/wp\/v2\/comments?post=1343"}],"version-history":[{"count":0,"href":"https:\/\/concejocuruzucuatia.gob.ar\/wp\/wp-json\/wp\/v2\/posts\/1343\/revisions"}],"wp:featuredmedia":[{"embeddable":true,"href":"https:\/\/concejocuruzucuatia.gob.ar\/wp\/wp-json\/wp\/v2\/media\/1342"}],"wp:attachment":[{"href":"https:\/\/concejocuruzucuatia.gob.ar\/wp\/wp-json\/wp\/v2\/media?parent=1343"}],"wp:term":[{"taxonomy":"category","embeddable":true,"href":"https:\/\/concejocuruzucuatia.gob.ar\/wp\/wp-json\/wp\/v2\/categories?post=1343"},{"taxonomy":"post_tag","embeddable":true,"href":"https:\/\/concejocuruzucuatia.gob.ar\/wp\/wp-json\/wp\/v2\/tags?post=1343"}],"curies":[{"name":"wp","href":"https:\/\/api.w.org\/{rel}","templated":true}]}}