{"id":1323,"date":"2022-06-09T12:22:08","date_gmt":"2022-06-09T12:22:08","guid":{"rendered":"https:\/\/concejocuruzucuatia.gob.ar\/wp\/2022\/06\/09\/informe-de-prensa-hcd-sesion-8-de-junio-de-2022\/"},"modified":"2022-06-09T12:22:08","modified_gmt":"2022-06-09T12:22:08","slug":"informe-de-prensa-hcd-sesion-8-de-junio-de-2022","status":"publish","type":"post","link":"https:\/\/concejocuruzucuatia.gob.ar\/wp\/2022\/06\/09\/informe-de-prensa-hcd-sesion-8-de-junio-de-2022\/","title":{"rendered":"Informe de Prensa HCD \/ Sesi\u00f3n 8 de junio de 2022"},"content":{"rendered":"<p class=\"MsoNormal\" style=\"text-align: justify;\"><span style=\"font-size: 12.0pt; line-height: 115%; font-family: 'Arial','sans-serif';\"><img decoding=\"async\" src=\"images\/090622-sesion-6.JPG\" alt=\"\" \/><\/span><\/p>\n<p class=\"MsoNormal\" style=\"text-align: justify;\"><span style=\"font-size: 12.0pt; line-height: 115%; font-family: 'Arial','sans-serif';\">Pasadas las 20.30hs. del mi\u00e9rcoles 8 de junio del corriente, la presidente del cuerpo la Sra. Mariel Naya Yrigoyen y el secretario Dr. Fernando Dom\u00ednguez, con la totalidad de los concejales presentes dieron inicio a la sesi\u00f3n del d\u00eda de la fecha.<\/span><\/p>\n<p class=\"MsoNormal\" style=\"text-align: justify;\"><span style=\"font-size: 12.0pt; line-height: 115%; font-family: 'Arial','sans-serif';\">Primeramente se someti\u00f3 a votaci\u00f3n el orden del d\u00eda el que fue aprobado un\u00e1nimemente.<\/span><\/p>\n<p class=\"MsoNormal\" style=\"text-align: justify;\"><span style=\"font-size: 12.0pt; line-height: 115%; font-family: 'Arial','sans-serif';\">A continuaci\u00f3n se trat\u00f3 el primer punto referido a lectura y consideraci\u00f3n del<span style=\"mso-spacerun: yes;\">\u00a0 <\/span>Acta<span style=\"mso-spacerun: yes;\">\u00a0 <\/span>N\u00b0 1604, la que omitiendo su lectura fue aprobada un\u00e1nimemente.<\/span><\/p>\n<p class=\"MsoNormal\" style=\"text-align: justify;\"><span style=\"font-size: 12.0pt; line-height: 115%; font-family: 'Arial','sans-serif';\">El 2\u00b0 punto tratado fue de los despachos, primero de la comisi\u00f3n de gobierno, el concejal Santini solicit\u00f3 tratar juntos los Expte. N\u00b0 5589\/2.021, sobre el proyecto de Ordenanza del bloque Proyecto Corrientes de autorizar el uso del espacio p\u00fablico en el Parque Martin Fierro para la construcci\u00f3n de un monolito en homenaje a los Chamameceros Curuzucuate\u00f1os y el Expte. N\u00b0 5648\/2.021 referido a la comunicaci\u00f3n privada de los vecinos del Camping Villa del Sol solicitando informe. Ambos expedientes ya pasaron su tiempo de tratamiento por ello solicit\u00f3 Santini su archivo utilizando el Art. 69 del Reglamento Interno, caducidad por omisi\u00f3n de tratamiento, puesto a consideraci\u00f3n se aprob\u00f3 un\u00e1nime el pase a archivo.<span style=\"mso-spacerun: yes;\">\u00a0\u00a0 <\/span><\/span><\/p>\n<p class=\"MsoNormal\" style=\"text-align: justify;\"><span style=\"font-size: 12.0pt; line-height: 115%; font-family: 'Arial','sans-serif';\">Continuando con el orden del d\u00eda se trat\u00f3 el expediente N\u00b0 5669\/2.022 sobre el proyecto de Ordenanza del Bloque ELI de modificar el art. 1\u00b0 de la Ordenanza N\u00b0 3.151 la que designa con el nombre de Barrio Victoria al grupo habitacional de 150 viviendas ubicado al sur de nuestra ciudad. El concejal Santini explica que con este despacho se quiere ampliar los l\u00edmites del Barrio teniendo en cuenta ya nuevas viviendas construidas y edificaciones en la zona, por ello solicit\u00f3 el acompa\u00f1amiento de los concejales el que fue aprobado de manera un\u00e1nime. <\/span><\/p>\n<p class=\"MsoNormal\" style=\"text-align: center;\" align=\"center\"><b style=\"mso-bidi-font-weight: normal;\"><span style=\"font-size: 12.0pt; line-height: 115%; font-family: 'Arial','sans-serif';\">EL HONORABLE CONCEJO DELIBERANTE<\/span><\/b><\/p>\n<p class=\"MsoNormal\" style=\"text-align: center;\" align=\"center\"><b style=\"mso-bidi-font-weight: normal;\"><span style=\"font-size: 12.0pt; line-height: 115%; font-family: 'Arial','sans-serif';\">DE CURUZ\u00da CUATI\u00c1<\/span><\/b><\/p>\n<p class=\"MsoNormal\" style=\"text-align: center;\" align=\"center\"><b style=\"mso-bidi-font-weight: normal;\"><span style=\"font-size: 12.0pt; line-height: 115%; font-family: 'Arial','sans-serif';\">SANCIONA CON FUERZA DE<\/span><\/b><\/p>\n<p class=\"MsoNormal\" style=\"text-align: center;\" align=\"center\"><b style=\"mso-bidi-font-weight: normal;\"><span style=\"font-size: 12.0pt; line-height: 115%; font-family: 'Arial','sans-serif';\">ORDENANZA<\/span><\/b><\/p>\n<p class=\"MsoNormal\" style=\"text-align: justify;\"><span style=\"font-size: 12.0pt; line-height: 115%; font-family: 'Arial','sans-serif';\">Art 1\u00b0.- MODIFICAR el art\u00edculo 1\u00b0 de la Ordenanza N\u00b0 3.151, el que quedar\u00e1 redactado de la siguiente manera:<\/span><\/p>\n<p class=\"MsoNormal\" style=\"text-align: justify;\"><span style=\"font-size: 12.0pt; line-height: 115%; font-family: 'Arial','sans-serif';\">\u00abART. 1\u00b0 DESIGNAR con el nombre de Barrio Victoria, el sector de nuestra ciudad comprendido entre el Arroyo Castillo al Sur, V\u00edas del Ferrocarril al Norte, Ex Ruta 14 al Este y Ruta Nacional 119 al Oeste.\u201d<\/span><\/p>\n<p class=\"MsoNormal\" style=\"text-align: justify;\"><span style=\"font-size: 12.0pt; line-height: 115%; font-family: 'Arial','sans-serif';\">Art. 2\u00b0.- De Forma.<\/span><\/p>\n<p class=\"MsoNormal\" style=\"text-align: justify;\"><span style=\"font-size: 12.0pt; line-height: 115%; font-family: 'Arial','sans-serif';\"><img decoding=\"async\" src=\"images\/090622-sesion-5.JPG\" alt=\"\" \/><\/span><\/p>\n<p class=\"MsoNormal\" style=\"text-align: justify;\"><span style=\"font-size: 12.0pt; line-height: 115%; font-family: 'Arial','sans-serif';\">Seguidamente se trat\u00f3 el Expte. N\u00b0 5716\/2.022 sobre el proyecto de Ordenanza de modificar el art. 2\u00b0 de la Ord. N\u00b0 3.302 que se refiere al Monolito construido en Plaza General Belgrano en homenaje a los 64 pobladores originarios de nuestra ciudad. El concejal Rub\u00edn expres\u00f3 que este despacho trata de agregar en el texto de la ordenanza el nombre del Juez comisionado Jos\u00e9 Ignacio Ledesma que en el texto de la ordenanza<span style=\"mso-spacerun: yes;\">\u00a0 <\/span>3.302 no fue incluido y seg\u00fan el texto presentado por la Directora de Cultura Municipal se ha solicitado la inclusi\u00f3n. Puesto a consideraci\u00f3n se aprob\u00f3 un\u00e1nimemente.<\/span><\/p>\n<p class=\"MsoNormal\" style=\"text-align: center;\" align=\"center\"><b style=\"mso-bidi-font-weight: normal;\"><span style=\"font-size: 12.0pt; line-height: 115%; font-family: 'Arial','sans-serif';\">EL HONORABLE CONCEJO DELIBERANTE<\/span><\/b><\/p>\n<p class=\"MsoNormal\" style=\"text-align: center;\" align=\"center\"><b style=\"mso-bidi-font-weight: normal;\"><span style=\"font-size: 12.0pt; line-height: 115%; font-family: 'Arial','sans-serif';\">De CURUZU CUATIA<\/span><\/b><\/p>\n<p class=\"MsoNormal\" style=\"text-align: center;\" align=\"center\"><b style=\"mso-bidi-font-weight: normal;\"><span style=\"font-size: 12.0pt; line-height: 115%; font-family: 'Arial','sans-serif';\">SANCIONA CON FUERZA de<\/span><\/b><\/p>\n<p class=\"MsoNormal\" style=\"text-align: center;\" align=\"center\"><b style=\"mso-bidi-font-weight: normal;\"><span style=\"font-size: 12.0pt; line-height: 115%; font-family: 'Arial','sans-serif';\">ORDENANZA<\/span><\/b><\/p>\n<p class=\"MsoNormal\" style=\"text-align: justify;\"><span style=\"font-size: 12.0pt; line-height: 115%; font-family: 'Arial','sans-serif';\">Art. 1\u00b0. &#8211; MODIFICAR el Art 2\u00b0 de la Ordenanza N\u00b0 3.302, el que quedar\u00e1 redactado de la siguiente manera:<\/span><\/p>\n<p class=\"MsoNormal\" style=\"text-align: justify;\"><span style=\"font-size: 12.0pt; line-height: 115%; font-family: 'Arial','sans-serif';\">\u201cEn dichas placas estar\u00e1n los nombres que se detallan a continuaci\u00f3n, los cuales pertenecen a hombres y mujeres que resid\u00edan en Nuestra Se\u00f1ora del Pilar de Curuz\u00fa Cuati\u00e1 en el a\u00f1o 1800, fueron ellos los que sentaron las bases de nuestra sociedad, cuyas autoridades fueron:<\/span><\/p>\n<p class=\"MsoNormal\" style=\"text-align: justify;\"><span style=\"font-size: 12.0pt; line-height: 115%; font-family: 'Arial','sans-serif';\">Don Jos\u00e9 Zambrana, Comandante Don Tom\u00e1s Castillo, Capit\u00e1n Retirado Don Jos\u00e9 Andr\u00e9s Casco de Mendoza, Capit\u00e1n Don \u00c1ngel Escobar y C\u00f3rdova Alf\u00e9rez.<\/span><\/p>\n<p class=\"MsoNormal\" style=\"text-align: justify;\"><span style=\"font-size: 12.0pt; line-height: 115%; font-family: 'Arial','sans-serif';\">El 16 de noviembre de 1810 el Gral. Manuel Belgrano funda nuestra ciudad y dispone, entre varias medidas ejemplificadoras, las nuevas autoridades:<\/span><\/p>\n<p class=\"MsoNormal\" style=\"text-align: justify;\"><span style=\"font-size: 12.0pt; line-height: 115%; font-family: 'Arial','sans-serif';\">Juez comisionado Jos\u00e9 Ignacio Ledesma, Comandante del Escuadr\u00f3n de Milicias Patri\u00f3ticas de Curuz\u00fa Cuati\u00e1 Don Jos\u00e9 Andr\u00e9s Casco y Mendoza.<\/span><\/p>\n<p class=\"MsoNormal\" style=\"text-align: justify;\"><span style=\"font-size: 12.0pt; line-height: 115%; font-family: 'Arial','sans-serif';\">Don Jos\u00e9 Zambrana, Comandante Don Tom\u00e1s Castillo, Capit\u00e1n Retirado Don Jos\u00e9 Andr\u00e9 Casco de Mendoza, Capit\u00e1n Don \u00c1ngel Escobar y C\u00f3rdova Alf\u00e9rez<\/span><\/p>\n<p class=\"MsoNormal\" style=\"text-align: justify;\"><span style=\"font-size: 12.0pt; line-height: 115%; font-family: 'Arial','sans-serif';\">Don Laureano Acu\u00f1a<\/span><\/p>\n<p class=\"MsoNormal\" style=\"text-align: justify;\"><span style=\"font-size: 12.0pt; line-height: 115%; font-family: 'Arial','sans-serif';\">Do\u00f1a Catalina Abalos<\/span><\/p>\n<p class=\"MsoNormal\" style=\"text-align: justify;\"><span style=\"font-size: 12.0pt; line-height: 115%; font-family: 'Arial','sans-serif';\">Don Don Ignacio Acevedo<\/span><\/p>\n<p class=\"MsoNormal\" style=\"text-align: justify;\"><span style=\"font-size: 12.0pt; line-height: 115%; font-family: 'Arial','sans-serif';\">Don Pascual Acevedo<\/span><\/p>\n<p class=\"MsoNormal\" style=\"text-align: justify;\"><span style=\"font-size: 12.0pt; line-height: 115%; font-family: 'Arial','sans-serif';\">Don Claudio Aguilar<\/span><\/p>\n<p class=\"MsoNormal\" style=\"text-align: justify;\"><span style=\"font-size: 12.0pt; line-height: 115%; font-family: 'Arial','sans-serif';\">Don Juan Alvarez<\/span><\/p>\n<p class=\"MsoNormal\" style=\"text-align: justify;\"><span style=\"font-size: 12.0pt; line-height: 115%; font-family: 'Arial','sans-serif';\">Don Francisco Amaro<\/span><\/p>\n<p class=\"MsoNormal\" style=\"text-align: justify;\"><span style=\"font-size: 12.0pt; line-height: 115%; font-family: 'Arial','sans-serif';\">Don Domingo Angel<\/span><\/p>\n<p class=\"MsoNormal\" style=\"text-align: justify;\"><span style=\"font-size: 12.0pt; line-height: 115%; font-family: 'Arial','sans-serif';\">Don Jos\u00e9 Arebalos<\/span><\/p>\n<p class=\"MsoNormal\" style=\"text-align: justify;\"><span style=\"font-size: 12.0pt; line-height: 115%; font-family: 'Arial','sans-serif';\">Sgto. Don Andr\u00e9s Ben\u00edtez<\/span><\/p>\n<p class=\"MsoNormal\" style=\"text-align: justify;\"><span style=\"font-size: 12.0pt; line-height: 115%; font-family: 'Arial','sans-serif';\">Don Hilario Ben\u00edtez<\/span><\/p>\n<p class=\"MsoNormal\" style=\"text-align: justify;\"><span style=\"font-size: 12.0pt; line-height: 115%; font-family: 'Arial','sans-serif';\">Capit\u00e1n Reformado Don Mateo Berm\u00fadez<\/span><\/p>\n<p class=\"MsoNormal\" style=\"text-align: justify;\"><span style=\"font-size: 12.0pt; line-height: 115%; font-family: 'Arial','sans-serif';\">Don Buenaventura Blanco<\/span><\/p>\n<p class=\"MsoNormal\" style=\"text-align: justify;\"><span style=\"font-size: 12.0pt; line-height: 115%; font-family: 'Arial','sans-serif';\">Don Juan Lat\u00edn Bogado<\/span><\/p>\n<p class=\"MsoNormal\" style=\"text-align: justify;\"><span style=\"font-size: 12.0pt; line-height: 115%; font-family: 'Arial','sans-serif';\">Don Miguel Borda<\/span><\/p>\n<p class=\"MsoNormal\" style=\"text-align: justify;\"><span style=\"font-size: 12.0pt; line-height: 115%; font-family: 'Arial','sans-serif';\">Don Ram\u00f3n Burgos<\/span><\/p>\n<p class=\"MsoNormal\" style=\"text-align: justify;\"><span style=\"font-size: 12.0pt; line-height: 115%; font-family: 'Arial','sans-serif';\">Don Mariano de C\u00e1ceres<\/span><\/p>\n<p class=\"MsoNormal\" style=\"text-align: justify;\"><span style=\"font-size: 12.0pt; line-height: 115%; font-family: 'Arial','sans-serif';\">Don Miguel Ger\u00f3nimo Canteros<\/span><\/p>\n<p class=\"MsoNormal\" style=\"text-align: justify;\"><span style=\"font-size: 12.0pt; line-height: 115%; font-family: 'Arial','sans-serif';\">Don Hilario Cabrera<\/span><\/p>\n<p class=\"MsoNormal\" style=\"text-align: justify;\"><span style=\"font-size: 12.0pt; line-height: 115%; font-family: 'Arial','sans-serif';\">Don Bartolom\u00e9 Castillo<\/span><\/p>\n<p class=\"MsoNormal\" style=\"text-align: justify;\"><span style=\"font-size: 12.0pt; line-height: 115%; font-family: 'Arial','sans-serif';\">Don Jos\u00e9 Castillo<\/span><\/p>\n<p class=\"MsoNormal\" style=\"text-align: justify;\"><span style=\"font-size: 12.0pt; line-height: 115%; font-family: 'Arial','sans-serif';\">Sgto. Don Juan Ignacio Christaldo<\/span><\/p>\n<p class=\"MsoNormal\" style=\"text-align: justify;\"><span style=\"font-size: 12.0pt; line-height: 115%; font-family: 'Arial','sans-serif';\">Don Andr\u00e9s Cuenca<\/span><\/p>\n<p class=\"MsoNormal\" style=\"text-align: justify;\"><span style=\"font-size: 12.0pt; line-height: 115%; font-family: 'Arial','sans-serif';\">Don Vicente Delgado Rodr\u00edguez<\/span><\/p>\n<p class=\"MsoNormal\" style=\"text-align: justify;\"><span style=\"font-size: 12.0pt; line-height: 115%; font-family: 'Arial','sans-serif';\">Don Silvestre Duarte<\/span><\/p>\n<p class=\"MsoNormal\" style=\"text-align: justify;\"><span style=\"font-size: 12.0pt; line-height: 115%; font-family: 'Arial','sans-serif';\">Don Jos\u00e9 Escudero<\/span><\/p>\n<p class=\"MsoNormal\" style=\"text-align: justify;\"><span style=\"font-size: 12.0pt; line-height: 115%; font-family: 'Arial','sans-serif';\">Don Manuel Esp\u00edndola<\/span><\/p>\n<p class=\"MsoNormal\" style=\"text-align: justify;\"><span style=\"font-size: 12.0pt; line-height: 115%; font-family: 'Arial','sans-serif';\">Don Pascual Fern\u00e1ndez<\/span><\/p>\n<p class=\"MsoNormal\" style=\"text-align: justify;\"><span style=\"font-size: 12.0pt; line-height: 115%; font-family: 'Arial','sans-serif';\">Don Justo Inzaurralde<\/span><\/p>\n<p class=\"MsoNormal\" style=\"text-align: justify;\"><span style=\"font-size: 12.0pt; line-height: 115%; font-family: 'Arial','sans-serif';\">Don Pascual Irala<\/span><\/p>\n<p class=\"MsoNormal\" style=\"text-align: justify;\"><span style=\"font-size: 12.0pt; line-height: 115%; font-family: 'Arial','sans-serif';\">Don Lucas Jurado<\/span><\/p>\n<p class=\"MsoNormal\" style=\"text-align: justify;\"><span style=\"font-size: 12.0pt; line-height: 115%; font-family: 'Arial','sans-serif';\">Don Antonio Lescano<\/span><\/p>\n<p class=\"MsoNormal\" style=\"text-align: justify;\"><span style=\"font-size: 12.0pt; line-height: 115%; font-family: 'Arial','sans-serif';\">Don Gaspar L\u00f3pez<\/span><\/p>\n<p class=\"MsoNormal\" style=\"text-align: justify;\"><span style=\"font-size: 12.0pt; line-height: 115%; font-family: 'Arial','sans-serif';\">Don Jos\u00e9 Mayor<\/span><\/p>\n<p class=\"MsoNormal\" style=\"text-align: justify;\"><span style=\"font-size: 12.0pt; line-height: 115%; font-family: 'Arial','sans-serif';\">Don Rafael Mefr\u00e9m<\/span><\/p>\n<p class=\"MsoNormal\" style=\"text-align: justify;\"><span style=\"font-size: 12.0pt; line-height: 115%; font-family: 'Arial','sans-serif';\">Don Francisco Mendiz\u00e1bal<\/span><\/p>\n<p class=\"MsoNormal\" style=\"text-align: justify;\"><span style=\"font-size: 12.0pt; line-height: 115%; font-family: 'Arial','sans-serif';\">Don Sebasti\u00e1n Mesa<\/span><\/p>\n<p class=\"MsoNormal\" style=\"text-align: justify;\"><span style=\"font-size: 12.0pt; line-height: 115%; font-family: 'Arial','sans-serif';\">Don Pedro Juan Mi\u00f1o<\/span><\/p>\n<p class=\"MsoNormal\" style=\"text-align: justify;\"><span style=\"font-size: 12.0pt; line-height: 115%; font-family: 'Arial','sans-serif';\">Don Silvestre Mi\u00f1o<\/span><\/p>\n<p class=\"MsoNormal\" style=\"text-align: justify;\"><span style=\"font-size: 12.0pt; line-height: 115%; font-family: 'Arial','sans-serif';\">Don Jos\u00e9 Montenegro<\/span><\/p>\n<p class=\"MsoNormal\" style=\"text-align: justify;\"><span style=\"font-size: 12.0pt; line-height: 115%; font-family: 'Arial','sans-serif';\">Don Sebasti\u00e1n Moreyra<\/span><\/p>\n<p class=\"MsoNormal\" style=\"text-align: justify;\"><span style=\"font-size: 12.0pt; line-height: 115%; font-family: 'Arial','sans-serif';\">Don Francisco de Ordu\u00f1a<\/span><\/p>\n<p class=\"MsoNormal\" style=\"text-align: justify;\"><span style=\"font-size: 12.0pt; line-height: 115%; font-family: 'Arial','sans-serif';\">Don Jos\u00e9 Ortiaga<\/span><\/p>\n<p class=\"MsoNormal\" style=\"text-align: justify;\"><span style=\"font-size: 12.0pt; line-height: 115%; font-family: 'Arial','sans-serif';\">Tte. Don Tom\u00e1s Or\u00fae<\/span><\/p>\n<p class=\"MsoNormal\" style=\"text-align: justify;\"><span style=\"font-size: 12.0pt; line-height: 115%; font-family: 'Arial','sans-serif';\">Don Antonio Pardo<\/span><\/p>\n<p class=\"MsoNormal\" style=\"text-align: justify;\"><span style=\"font-size: 12.0pt; line-height: 115%; font-family: 'Arial','sans-serif';\">Don Felipe Santiago Quiros<\/span><\/p>\n<p class=\"MsoNormal\" style=\"text-align: justify;\"><span style=\"font-size: 12.0pt; line-height: 115%; font-family: 'Arial','sans-serif';\">Don Pedro Nolasco Quir\u00f3s<\/span><\/p>\n<p class=\"MsoNormal\" style=\"text-align: justify;\"><span style=\"font-size: 12.0pt; line-height: 115%; font-family: 'Arial','sans-serif';\">Don Jos\u00e9 Rafael Ram\u00edrez<\/span><\/p>\n<p class=\"MsoNormal\" style=\"text-align: justify;\"><span style=\"font-size: 12.0pt; line-height: 115%; font-family: 'Arial','sans-serif';\">Don Cayetano Rodr\u00edguez<\/span><\/p>\n<p class=\"MsoNormal\" style=\"text-align: justify;\"><span style=\"font-size: 12.0pt; line-height: 115%; font-family: 'Arial','sans-serif';\">Don Juan Esteban<\/span><\/p>\n<p class=\"MsoNormal\" style=\"text-align: justify;\"><span style=\"font-size: 12.0pt; line-height: 115%; font-family: 'Arial','sans-serif';\">Don Miguel Rodr\u00edguez<\/span><\/p>\n<p class=\"MsoNormal\" style=\"text-align: justify;\"><span style=\"font-size: 12.0pt; line-height: 115%; font-family: 'Arial','sans-serif';\">Don Inocencio Rom\u00e1n<\/span><\/p>\n<p class=\"MsoNormal\" style=\"text-align: justify;\"><span style=\"font-size: 12.0pt; line-height: 115%; font-family: 'Arial','sans-serif';\">Don Eugenio Fern\u00e1ndez<\/span><\/p>\n<p class=\"MsoNormal\" style=\"text-align: justify;\"><span style=\"font-size: 12.0pt; line-height: 115%; font-family: 'Arial','sans-serif';\">Don Faustino Jos\u00e9 Fern\u00e1ndez<\/span><\/p>\n<p class=\"MsoNormal\" style=\"text-align: justify;\"><span style=\"font-size: 12.0pt; line-height: 115%; font-family: 'Arial','sans-serif';\">Don Juan Bautista Fern\u00e1ndez<\/span><\/p>\n<p class=\"MsoNormal\" style=\"text-align: justify;\"><span style=\"font-size: 12.0pt; line-height: 115%; font-family: 'Arial','sans-serif';\">Don Antonio Romero<\/span><\/p>\n<p class=\"MsoNormal\" style=\"text-align: justify;\"><span style=\"font-size: 12.0pt; line-height: 115%; font-family: 'Arial','sans-serif';\">Don Juan Antonio Romero<\/span><\/p>\n<p class=\"MsoNormal\" style=\"text-align: justify;\"><span style=\"font-size: 12.0pt; line-height: 115%; font-family: 'Arial','sans-serif';\">Don Juan Francisco Soler<\/span><\/p>\n<p class=\"MsoNormal\" style=\"text-align: justify;\"><span style=\"font-size: 12.0pt; line-height: 115%; font-family: 'Arial','sans-serif';\">Don Bartolom\u00e9 Sosa.\u201d<\/span><\/p>\n<p class=\"MsoNormal\" style=\"text-align: justify;\"><span style=\"font-size: 12.0pt; line-height: 115%; font-family: 'Arial','sans-serif';\">\u00a0<img decoding=\"async\" src=\"images\/090622-sesion-1.JPG\" alt=\"\" \/><\/span><\/p>\n<p class=\"MsoNormal\" style=\"text-align: justify;\"><span style=\"font-size: 12.0pt; line-height: 115%; font-family: 'Arial','sans-serif';\">Siguiendo con el tratamiento del punto segundo del orden del d\u00eda se trat\u00f3 el Expte. N\u00b0 5722\/2.022 sobre el proyecto de Ordenanza de donar un inmueble al Estado de la Provincia de la Provincia de Corrientes, para la construcci\u00f3n del Centro de Educaci\u00f3n Fisca N\u00b0 11. El concejal Santini coment\u00f3 que esta instituci\u00f3n ha pasado por varios lugares y actualmente se encuentra en el Club San Lorenzo d\u00f3nde se practican diferentes actividades para j\u00f3venes y ni\u00f1os y que a su vez pronto se licitar\u00e1 la obra para la construcci\u00f3n del edificio para este Centro por ello la solicitud de donaci\u00f3n del inmueble municipal. Expuesto esto la presidente puso a consideraci\u00f3n<span style=\"mso-spacerun: yes;\">\u00a0 <\/span>y fue aprobado un\u00e1nimemente EN PRIMERA LECTURA, la fecha de la audiencia p\u00fablica y tratamiento en segunda lectura ser\u00e1 notificada por la presidencia.<\/span><\/p>\n<p class=\"MsoNormal\" style=\"text-align: center;\" align=\"center\"><b style=\"mso-bidi-font-weight: normal;\"><span style=\"font-size: 12.0pt; line-height: 115%; font-family: 'Arial','sans-serif';\">ORDENANZA APROBADA EN PRIMERA LECTURA<\/span><\/b><\/p>\n<p class=\"MsoNormal\" style=\"text-align: center;\" align=\"center\"><b style=\"mso-bidi-font-weight: normal;\"><span style=\"font-size: 12.0pt; line-height: 115%; font-family: 'Arial','sans-serif';\">EL HONORABLE CONCEJO DELIBERANTE<\/span><\/b><\/p>\n<p class=\"MsoNormal\" style=\"text-align: center;\" align=\"center\"><b style=\"mso-bidi-font-weight: normal;\"><span style=\"font-size: 12.0pt; line-height: 115%; font-family: 'Arial','sans-serif';\">DE CURUZ\u00da CUATI\u00c1<\/span><\/b><\/p>\n<p class=\"MsoNormal\" style=\"text-align: center;\" align=\"center\"><b style=\"mso-bidi-font-weight: normal;\"><span style=\"font-size: 12.0pt; line-height: 115%; font-family: 'Arial','sans-serif';\">SANCIONA CON FUERZA DE<\/span><\/b><\/p>\n<p class=\"MsoNormal\" style=\"text-align: center;\" align=\"center\"><b style=\"mso-bidi-font-weight: normal;\"><span style=\"font-size: 12.0pt; line-height: 115%; font-family: 'Arial','sans-serif';\">ORDENANZA<\/span><\/b><\/p>\n<p class=\"MsoNormal\" style=\"text-align: justify;\"><span style=\"font-size: 12.0pt; line-height: 115%; font-family: 'Arial','sans-serif';\">Art. 1\u00b0.- DONAR al Estado de la Provincia de Corrientes para el Ministerio de Educaci\u00f3n, el siguiente inmueble de propiedad de esta Municipalidad de Curuz\u00fa Cuati\u00e1:<\/span><\/p>\n<p class=\"MsoNormal\" style=\"text-align: justify;\"><span style=\"font-size: 12.0pt; line-height: 115%; font-family: 'Arial','sans-serif';\">1. Inmueble identificado en el croquis intitulado \u00abDIVISI\u00d3N DEL LOTE III\u00bb DE LA MENSURA N&#8217;6186-L.<\/span><\/p>\n<p class=\"MsoNormal\" style=\"text-align: justify;\"><span style=\"font-size: 12.0pt; line-height: 115%; font-family: 'Arial','sans-serif';\">Art 2\u00b0.-IMPONER a la presente donaci\u00f3n los siguientes cargos:<\/span><\/p>\n<p class=\"MsoNormal\" style=\"text-align: justify;\"><span style=\"font-size: 12.0pt; line-height: 115%; font-family: 'Arial','sans-serif';\">1. El inmueble ser\u00e1 destinado para la construcci\u00f3n del \u201cCENTRO DE EDUCACI\u00d3N FISICA N\u00b0 11&#8243;.<\/span><\/p>\n<p class=\"MsoNormal\" style=\"text-align: justify;\"><span style=\"font-size: 12.0pt; line-height: 115%; font-family: 'Arial','sans-serif';\">2. En el plazo de 2 (dos) a\u00f1os, a partir de la promulgaci\u00f3n de la presente deber\u00e1 la DONATARIA concluir la obra.<\/span><\/p>\n<p class=\"MsoNormal\" style=\"text-align: justify;\"><span style=\"font-size: 12.0pt; line-height: 115%; font-family: 'Arial','sans-serif';\">3. La DONATARIA no podr\u00e1 modificar el fin para el que fue dispuesta la donaci\u00f3n<\/span><\/p>\n<p class=\"MsoNormal\" style=\"text-align: justify;\"><span style=\"font-size: 12.0pt; line-height: 115%; font-family: 'Arial','sans-serif';\">Art. 3.- ESTABLECER que el incumplimiento de los cargos impuestos provocar\u00e1 la revocaci\u00f3n autom\u00e1tica de la donaci\u00f3n, sin otro requerimiento que la notificaci\u00f3n por medio fehaciente que el DEM cursar\u00e1 a la DONATARIA quedando facultado para recobrar la propiedad del terreno con todo lo clavado y edificado sin deber de indemnizaci\u00f3n de ning\u00fan tipo.<\/span><\/p>\n<p class=\"MsoNormal\" style=\"text-align: justify;\"><span style=\"font-size: 12.0pt; line-height: 115%; font-family: 'Arial','sans-serif';\">Art 4\u00b0.- ESTABLECER que los gastos notariales y todo otro gasto que demande la escrituraci\u00f3n, inscripci\u00f3n y regularizaci\u00f3n del inmueble sujeto a la presente donaci\u00f3n correr\u00e1 por exclusiva cuenta del Gobierno de la Provincia de Corrientes. &#8211;<\/span><\/p>\n<p class=\"MsoNormal\" style=\"text-align: justify;\"><span style=\"font-size: 12.0pt; line-height: 115%; font-family: 'Arial','sans-serif';\">Art 5\u00b0.- De Forma.-<\/span><\/p>\n<p class=\"MsoNormal\" style=\"text-align: justify;\"><span style=\"font-size: 12.0pt; line-height: 115%; font-family: 'Arial','sans-serif';\">Luego se trat\u00f3 el Expte. N\u00b0 5725\/2.022 referido a la nota privada solicitando se declare de inter\u00e9s municipal la creaci\u00f3n y funcionamiento de la Cooperativa El\u00e9ctrica de servicio Cruz de Papel. Santini expres\u00f3 que esta cooperativa surge desde la necesidad de solucionar el mal servicio de la DPEC en la zona rural, adem\u00e1s agreg\u00f3 que ya est\u00e1 formada legalmente y que con este servicio privado se podr\u00e1 solucionar este tema, por ello solicit\u00f3 a los concejales el acompa\u00f1amiento con esta declaraci\u00f3n la que fue un\u00e1nime.<\/span><\/p>\n<p class=\"MsoNormal\" style=\"text-align: center;\" align=\"center\"><b style=\"mso-bidi-font-weight: normal;\"><span style=\"font-size: 12.0pt; line-height: 115%; font-family: 'Arial','sans-serif';\">EL HONORABLE CONCEJO DELIBERANTE<\/span><\/b><\/p>\n<p class=\"MsoNormal\" style=\"text-align: center;\" align=\"center\"><b style=\"mso-bidi-font-weight: normal;\"><span style=\"font-size: 12.0pt; line-height: 115%; font-family: 'Arial','sans-serif';\">DE CURUZ\u00da CUATI\u00c1<\/span><\/b><\/p>\n<p class=\"MsoNormal\" style=\"text-align: center;\" align=\"center\"><b style=\"mso-bidi-font-weight: normal;\"><span style=\"font-size: 12.0pt; line-height: 115%; font-family: 'Arial','sans-serif';\">DECLARA<\/span><\/b><\/p>\n<p class=\"MsoNormal\" style=\"text-align: justify;\"><span style=\"font-size: 12.0pt; line-height: 115%; font-family: 'Arial','sans-serif';\">Art. 1\u00b0.- Declarar de INTER\u00c9S MUNICIPAL, la Creaci\u00f3n y Funcionamiento de la Cooperativa El\u00e9ctrica de Servicios Cruz de Papel de nuestra ciudad.-.<\/span><\/p>\n<p class=\"MsoNormal\" style=\"text-align: justify;\"><span style=\"font-size: 12.0pt; line-height: 115%; font-family: 'Arial','sans-serif';\">Art. 2\u00b0.- De forma.<\/span><\/p>\n<p class=\"MsoNormal\" style=\"text-align: justify;\"><span style=\"font-size: 12.0pt; line-height: 115%; font-family: 'Arial','sans-serif';\"><img decoding=\"async\" src=\"images\/090622-sesion-2.JPG\" alt=\"\" \/><\/span><\/p>\n<p class=\"MsoNormal\" style=\"text-align: justify;\"><span style=\"font-size: 12.0pt; line-height: 115%; font-family: 'Arial','sans-serif';\">Seguidamente se trat\u00f3 el Expte. N\u00b0 5726\/2.022 sobre la nota privada de Declarar de Inter\u00e9s Municipal el \u201cD\u00eda Mundial del Donante de Sangre\u201d, bajo el lema \u201cDonar Sangre es un acto de Solidaridad\u201d. Nuevamente el concejal Santini fundament\u00f3 este despacho sobre la importancia de la donaci\u00f3n de sangre y recordando que el 14 de junio se celebra el D\u00eda Mundial del Donante de Sangre, tambi\u00e9n se expres\u00f3 sobre el tema el concejal Arbelo como profesional de la salud explicando a lo que se refiere al donar sange, la solidaridad, el amor y el involucrarse en algo tan importante para trasmitirle esta acci\u00f3n al resto de la sociedad. Antes de ser aprobada de manera un\u00e1nime, la concejal Muller acot\u00f3 que es donante de sangre y que hacerlo es dar un buen ejemplo<span style=\"mso-spacerun: yes;\">\u00a0\u00a0 <\/span><\/span><\/p>\n<p class=\"MsoNormal\" style=\"text-align: center;\" align=\"center\"><b style=\"mso-bidi-font-weight: normal;\"><span style=\"font-size: 12.0pt; line-height: 115%; font-family: 'Arial','sans-serif';\">EL HONORABLE CONCEJO DELIBERANTE<\/span><\/b><\/p>\n<p class=\"MsoNormal\" style=\"text-align: center;\" align=\"center\"><b style=\"mso-bidi-font-weight: normal;\"><span style=\"font-size: 12.0pt; line-height: 115%; font-family: 'Arial','sans-serif';\">DE CURUZ\u00da CUATI\u00c1<\/span><\/b><\/p>\n<p class=\"MsoNormal\" style=\"text-align: center;\" align=\"center\"><b style=\"mso-bidi-font-weight: normal;\"><span style=\"font-size: 12.0pt; line-height: 115%; font-family: 'Arial','sans-serif';\">DECLARA<\/span><\/b><\/p>\n<p class=\"MsoNormal\" style=\"text-align: justify;\"><span style=\"font-size: 12.0pt; line-height: 115%; font-family: 'Arial','sans-serif';\">Art. 1\u00b0.- Declarar de Inter\u00e9s Municipal el &#8216;D\u00eda Mundial del Donante de Sangre&#8217;, bajo el lema \u00abDonar Sangre es un acto de solidaridad. <\/span><\/p>\n<p class=\"MsoNormal\" style=\"text-align: justify;\"><span style=\"font-size: 12.0pt; line-height: 115%; font-family: 'Arial','sans-serif';\">Art. 2\u00b0.- De Forma.<\/span><\/p>\n<p class=\"MsoNormal\" style=\"text-align: justify;\"><span style=\"font-size: 12.0pt; line-height: 115%; font-family: 'Arial','sans-serif';\">Continuando los despachos, se trat\u00f3 el Expte. N\u00b0 5720\/2.022 de la comisi\u00f3n de gobierno y presupuesto sobre la Resoluci\u00f3n de Presidencia N\u00b0 42\/2.022 referida a someter a consideraci\u00f3n de los Sres. Concejales la Resoluci\u00f3n del D.E.M 224\/2.022, la concejal Ruiz solicit\u00f3 la palabra y explic\u00f3 que se trata de la licitaci\u00f3n p\u00fablica realizada en el a\u00f1o 2021 para los carnavales que se iban a realizar en el a\u00f1o 2022, se siguieron con los requisitos pertinentes pero debido a la suspensi\u00f3n de los carnavales por el crecimiento de los casos de Covid en nuestra ciudad en ese momento no se realiz\u00f3. Puesto a consideraci\u00f3n por la presidente es aprobado por 9 votos positivos a 2 negativos de los ediles Rubin y Zakegian.<span style=\"mso-spacerun: yes;\">\u00a0\u00a0 <\/span><\/span><\/p>\n<p class=\"MsoNormal\" style=\"text-align: center;\" align=\"center\"><b style=\"mso-bidi-font-weight: normal;\"><span style=\"font-size: 12.0pt; line-height: 115%; font-family: 'Arial','sans-serif';\">EL HONORABLE CONCEJO DELIBERANTE<\/span><\/b><\/p>\n<p class=\"MsoNormal\" style=\"text-align: center;\" align=\"center\"><b style=\"mso-bidi-font-weight: normal;\"><span style=\"font-size: 12.0pt; line-height: 115%; font-family: 'Arial','sans-serif';\">DE CURUZU CUATIA<\/span><\/b><\/p>\n<p class=\"MsoNormal\" style=\"text-align: center;\" align=\"center\"><b style=\"mso-bidi-font-weight: normal;\"><span style=\"font-size: 12.0pt; line-height: 115%; font-family: 'Arial','sans-serif';\">RESUELVE<\/span><\/b><\/p>\n<p class=\"MsoNormal\" style=\"text-align: justify;\"><span style=\"font-size: 12.0pt; line-height: 115%; font-family: 'Arial','sans-serif';\">Art.1\u00b0.- APROBAR la Resoluci\u00f3n N\u00b0 224\/2022 del D E.M de fecha 29 de abril del 2.022.<\/span><\/p>\n<p class=\"MsoNormal\" style=\"text-align: justify;\"><span style=\"font-size: 12.0pt; line-height: 115%; font-family: 'Arial','sans-serif';\">Art.2\u00b0.- AUTORIZAR al DEM a una actualizaci\u00f3n del monto del contrato aprobado en el Articulo 1\u00b0, en caso de ser necesario.-<\/span><\/p>\n<p class=\"MsoNormal\" style=\"text-align: justify;\"><span style=\"font-size: 12.0pt; line-height: 115%; font-family: 'Arial','sans-serif';\">Art.3\u00b0.- DE FORMA. &#8211;<\/span><\/p>\n<p class=\"MsoNormal\" style=\"text-align: justify;\"><span style=\"font-size: 12.0pt; line-height: 115%; font-family: 'Arial','sans-serif';\">Luego se trat\u00f3 el despacho de la comisi\u00f3n de gobierno y obras el Expte. N\u00b0 5727\/2.022 sobre la Resoluci\u00f3n del D.E.M. N\u00b0 265 sobre el Contrato de Locaci\u00f3n de Obra en la Plaza San Mart\u00edn. El concejal Arbelo solicit\u00f3 el pase a archivo de este expediente ya que el procedimiento se lo tiene que hacer a trav\u00e9s de un proyecto de ordenanza y lo que se puede anexar al expediente cuando se presente el proyecto son los anexos que acompa\u00f1an, puesto a consideraci\u00f3n es aprobado el pase a archivo de forma un\u00e1nime.<\/span><\/p>\n<p class=\"MsoNormal\" style=\"text-align: justify;\"><span style=\"font-size: 12.0pt; line-height: 115%; font-family: 'Arial','sans-serif';\"><img decoding=\"async\" src=\"images\/090622-sesion-3.JPG\" alt=\"\" \/><\/span><\/p>\n<p class=\"MsoNormal\" style=\"text-align: justify;\"><span style=\"font-size: 12.0pt; line-height: 115%; font-family: 'Arial','sans-serif';\">El 3\u00b0 punto tratado fue el de los proyectos ingresados, de Ordenanza de interbloque de autorizar al D.E.M, al uso del espacio p\u00fablico en la Plaza General San Martin. La concejal Ruiz luego de solicitar su lectura del proyecto en la que solicita la construcci\u00f3n de un n\u00facleo sanitario en la plaza San Martin, siendo esta una necesidad reclamada de hace tiempo, pidi\u00f3 que se trate sobre tablas el proyecto ingresado y sea aprobado. Puesto a consideraci\u00f3n por la presidente se aprueba un\u00e1nimemente.<span style=\"mso-spacerun: yes;\">\u00a0 <\/span><\/span><\/p>\n<p class=\"MsoNormal\" style=\"text-align: center;\" align=\"center\"><b style=\"mso-bidi-font-weight: normal;\"><span style=\"font-size: 12.0pt; line-height: 115%; font-family: 'Arial','sans-serif';\">EL HONORABLE CONCEJO DELIBERANTE<\/span><\/b><\/p>\n<p class=\"MsoNormal\" style=\"text-align: center;\" align=\"center\"><b style=\"mso-bidi-font-weight: normal;\"><span style=\"font-size: 12.0pt; line-height: 115%; font-family: 'Arial','sans-serif';\">DE CURUZ\u00da CUATI\u00c1<\/span><\/b><\/p>\n<p class=\"MsoNormal\" style=\"text-align: center;\" align=\"center\"><b style=\"mso-bidi-font-weight: normal;\"><span style=\"font-size: 12.0pt; line-height: 115%; font-family: 'Arial','sans-serif';\">SANCIONA CON FUERZA DE<\/span><\/b><\/p>\n<p class=\"MsoNormal\" style=\"text-align: center;\" align=\"center\"><b style=\"mso-bidi-font-weight: normal;\"><span style=\"font-size: 12.0pt; line-height: 115%; font-family: 'Arial','sans-serif';\">ORDENANZA<\/span><\/b><\/p>\n<p class=\"MsoNormal\" style=\"text-align: justify;\"><span style=\"font-size: 12.0pt; line-height: 115%; font-family: 'Arial','sans-serif';\">Art. 1\u00b0.- AUTORIZAR al DEM el uso del espacio p\u00fablico en la Plaza General San Mart\u00edn, para la ejecuci\u00f3n de la obra de CONSTRUCCI\u00d3N DE UN NUCLEO SANITARIO de acuerdo al plano de obra que se adjunta al mismo.<\/span><\/p>\n<p class=\"MsoNormal\" style=\"text-align: justify;\"><span style=\"font-size: 12.0pt; line-height: 115%; font-family: 'Arial','sans-serif';\">Art. 2\u00b0.- De Forma.<span style=\"mso-spacerun: yes;\">\u00a0 <\/span><\/span><\/p>\n<p class=\"MsoNormal\" style=\"text-align: justify;\"><span style=\"font-size: 12.0pt; line-height: 115%; font-family: 'Arial','sans-serif';\">Continuando con proyectos ingresados se trat\u00f3 el de resoluci\u00f3n de los bloques; U.C.R- Uni\u00f3n Popular, PRO, ELI, Partido Liberal, Acci\u00f3n Por Corrientes Y Partido Conservador Popular de solicitar a la Secretaria de Comercio Interior de la Naci\u00f3n Argentina la urgente adopci\u00f3n de las medidas tendientes a garantizar tanto la provisi\u00f3n como la venta de gasoil en igualdad de condiciones en nuestra ciudad, como as\u00ed tambi\u00e9n al resto de los consumidores de la regi\u00f3n. Solicitada la lectura y el tratamiento sobre tablas por la concejal Ruiz y luego de expresiones de los ediles sobre el tema, luego de haber solicitado un cuarto intermedio por el concejal Arbelo, se realiza una modificaci\u00f3n en el texto y es puesta a consideraci\u00f3n por la presidente la que es aprobada un\u00e1nimemente.<\/span><\/p>\n<p class=\"MsoNormal\" style=\"text-align: center;\" align=\"center\"><b style=\"mso-bidi-font-weight: normal;\"><span style=\"font-size: 12.0pt; line-height: 115%; font-family: 'Arial','sans-serif';\">EL HONORABLE CONCEJO DELIBERANTE<\/span><\/b><\/p>\n<p class=\"MsoNormal\" style=\"text-align: center;\" align=\"center\"><b style=\"mso-bidi-font-weight: normal;\"><span style=\"font-size: 12.0pt; line-height: 115%; font-family: 'Arial','sans-serif';\">DE CURUZ\u00da CUATI\u00c1<\/span><\/b><\/p>\n<p class=\"MsoNormal\" style=\"text-align: center;\" align=\"center\"><b style=\"mso-bidi-font-weight: normal;\"><span style=\"font-size: 12.0pt; line-height: 115%; font-family: 'Arial','sans-serif';\">RESUELVE<\/span><\/b><\/p>\n<p class=\"MsoNormal\" style=\"text-align: justify;\"><span style=\"font-size: 12.0pt; line-height: 115%; font-family: 'Arial','sans-serif';\">Art. 1\u00b0.- SOLICITAR a la Secretaria de Comercio Interior de la Naci\u00f3n la urgente adopci\u00f3n de medidas tendientes a garantizar tanto la provisi\u00f3n como la venta de gasoil para los consumidores de la regi\u00f3n y el sector agropecuario.<\/span><\/p>\n<p class=\"MsoNormal\" style=\"text-align: justify;\"><span style=\"font-size: 12.0pt; line-height: 115%; font-family: 'Arial','sans-serif';\">Art. 2\u00b0.- REMITIR copia de la presente a la Asociaci\u00f3n de Comercio de Curuz\u00fa Cuati\u00e1 y a la Sociedad Rural de Curuz\u00fa Cuati\u00e1. <\/span><\/p>\n<p class=\"MsoNormal\" style=\"text-align: justify;\"><span style=\"font-size: 12.0pt; line-height: 115%; font-family: 'Arial','sans-serif';\">Art. 3\u00b0.- REMITIR copia de la presente a los Legisladores Provinciales y Nacionales en representaci\u00f3n de la Provincia de Comentes<\/span><\/p>\n<p class=\"MsoNormal\" style=\"text-align: justify;\"><span style=\"font-size: 12.0pt; line-height: 115%; font-family: 'Arial','sans-serif';\">Art. 4\u00b0.- De Forma.<\/span><\/p>\n<p class=\"MsoNormal\" style=\"text-align: justify;\"><span style=\"font-size: 12.0pt; line-height: 115%; font-family: 'Arial','sans-serif';\">En relaci\u00f3n a proyectos ingresados de Declaraci\u00f3n de la Concejal Fabiana Ruiz de Declarar de inter\u00e9s municipal y cultural, a las bibliotecas populares Cuati\u00e1 Rend\u00e1 y Rivadavia pas\u00f3 a comisi\u00f3n de Gobierno.<\/span><\/p>\n<p class=\"MsoNormal\" style=\"text-align: justify;\"><span style=\"font-size: 12.0pt; line-height: 115%; font-family: 'Arial','sans-serif';\">\u00a0<img decoding=\"async\" src=\"images\/090622-sesion-4.JPG\" alt=\"\" \/><\/span><\/p>\n<p class=\"MsoNormal\" style=\"text-align: justify;\"><span style=\"font-size: 12.0pt; line-height: 115%; font-family: 'Arial','sans-serif';\">El 4\u00b0 punto fue referido a comunicaciones oficiales, primeramente del DEM<span style=\"mso-spacerun: yes;\">\u00a0 <\/span>Bolet\u00edn Oficial N\u00b0 3.411 qued\u00f3 en secretar\u00eda.<\/span><\/p>\n<p class=\"MsoNormal\" style=\"text-align: justify;\"><span style=\"font-size: 12.0pt; line-height: 115%; font-family: 'Arial','sans-serif';\">Del Director de asuntos barriales presentando acta fundacional y elecci\u00f3n de autoridades de las comisiones barriales del B\u00b0 Las Flores y 246 Viv. pasaron a comisi\u00f3n de Gobierno.<\/span><\/p>\n<p class=\"MsoNormal\" style=\"text-align: justify;\"><span style=\"font-size: 12.0pt; line-height: 115%; font-family: 'Arial','sans-serif';\">Del auditor municipal la nota N\u00b0 22\/2.022 remitiendo informe especial pas\u00f3 a comisi\u00f3n de Control. <\/span><\/p>\n<p class=\"MsoNormal\" style=\"text-align: justify;\"><span style=\"font-size: 12.0pt; line-height: 115%; font-family: 'Arial','sans-serif';\">El 5\u00b0 punto fue el referido a notas privadas de los vecinos de la Primera Secci\u00f3n Norte, Paraje Paso de las Piedras: Poniendo en conocimiento que se encuentra sin servicio el\u00e9ctrico hace dos meses. Pas\u00f3 a comisi\u00f3n de Obras.<\/span><\/p>\n<p class=\"MsoNormal\" style=\"text-align: justify;\"><span style=\"font-size: 12.0pt; line-height: 115%; font-family: 'Arial','sans-serif';\">6\u00b0.- RESOLUCION DEL DEM:<\/span><\/p>\n<p class=\"MsoNormal\" style=\"text-align: justify;\"><span style=\"font-size: 12.0pt; line-height: 115%; font-family: 'Arial','sans-serif';\">N\u00b0 268: Rectificar el primer p\u00e1rrafo del considerando de la resoluci\u00f3n N\u00b0 262\/2.022 donde en su parte pertinente se dispone \u201cQue resulta necesario aumentar las partidas de ingreso y egreso del presupuesto Municipal 2020, a fin de receptar el saldo pendiente de inversi\u00f3n al 31 de diciembre de 2.019\u201d.-<\/span><\/p>\n<p class=\"MsoNormal\" style=\"text-align: justify;\"><span style=\"font-size: 12.0pt; line-height: 115%; font-family: 'Arial','sans-serif';\">Deber\u00e1 leerse lo siguiente<span style=\"mso-spacerun: yes;\">\u00a0 <\/span>\u201cQue resulta necesario aumentar las partidas de ingreso y egreso del presupuesto Municipal 2022, a fin de receptar el saldo pendiente de inversi\u00f3n al 31 de diciembre de 2.021\u201d.-<\/span><\/p>\n<p class=\"MsoNormal\" style=\"text-align: justify;\"><span style=\"font-size: 12.0pt; line-height: 115%; font-family: 'Arial','sans-serif';\">No habiendo mas temas que tratar la presidente dio por finalizada la sesi\u00f3n del d\u00eda de la fecha.<\/span><\/p>\n","protected":false},"excerpt":{"rendered":"<p class=\"MsoNormal\" style=\"text-align: justify;\"><span style=\"font-size: 12.0pt; line-height: 115%; font-family: 'Arial','sans-serif';\"><img decoding=\"async\" src=\"images\/090622-sesion-6.JPG\" alt=\"\" \/><\/span><\/p>\n<p class=\"MsoNormal\" style=\"text-align: justify;\"><span style=\"font-size: 12.0pt; line-height: 115%; font-family: 'Arial','sans-serif';\">Pasadas las 20.30hs. del mi\u00e9rcoles 8 de junio del corriente, la presidente del cuerpo la Sra. Mariel Naya Yrigoyen y el secretario Dr. Fernando Dom\u00ednguez, con la totalidad de los concejales presentes dieron inicio a la sesi\u00f3n del d\u00eda de la fecha.<\/span><\/p>\n","protected":false},"author":1,"featured_media":1322,"comment_status":"open","ping_status":"open","sticky":false,"template":"","format":"standard","meta":{"footnotes":""},"categories":[3],"tags":[],"class_list":["post-1323","post","type-post","status-publish","format-standard","has-post-thumbnail","hentry","category-uncategorised"],"brizy_media":[],"_links":{"self":[{"href":"https:\/\/concejocuruzucuatia.gob.ar\/wp\/wp-json\/wp\/v2\/posts\/1323","targetHints":{"allow":["GET"]}}],"collection":[{"href":"https:\/\/concejocuruzucuatia.gob.ar\/wp\/wp-json\/wp\/v2\/posts"}],"about":[{"href":"https:\/\/concejocuruzucuatia.gob.ar\/wp\/wp-json\/wp\/v2\/types\/post"}],"author":[{"embeddable":true,"href":"https:\/\/concejocuruzucuatia.gob.ar\/wp\/wp-json\/wp\/v2\/users\/1"}],"replies":[{"embeddable":true,"href":"https:\/\/concejocuruzucuatia.gob.ar\/wp\/wp-json\/wp\/v2\/comments?post=1323"}],"version-history":[{"count":0,"href":"https:\/\/concejocuruzucuatia.gob.ar\/wp\/wp-json\/wp\/v2\/posts\/1323\/revisions"}],"wp:featuredmedia":[{"embeddable":true,"href":"https:\/\/concejocuruzucuatia.gob.ar\/wp\/wp-json\/wp\/v2\/media\/1322"}],"wp:attachment":[{"href":"https:\/\/concejocuruzucuatia.gob.ar\/wp\/wp-json\/wp\/v2\/media?parent=1323"}],"wp:term":[{"taxonomy":"category","embeddable":true,"href":"https:\/\/concejocuruzucuatia.gob.ar\/wp\/wp-json\/wp\/v2\/categories?post=1323"},{"taxonomy":"post_tag","embeddable":true,"href":"https:\/\/concejocuruzucuatia.gob.ar\/wp\/wp-json\/wp\/v2\/tags?post=1323"}],"curies":[{"name":"wp","href":"https:\/\/api.w.org\/{rel}","templated":true}]}}