{"id":1265,"date":"2022-03-07T14:20:26","date_gmt":"2022-03-07T14:20:26","guid":{"rendered":"https:\/\/concejocuruzucuatia.gob.ar\/wp\/2022\/03\/07\/asueto-administrativo-para-las-empleadas-del-poder-legislativo-local-para-este-8-de-marzo\/"},"modified":"2022-03-07T14:20:26","modified_gmt":"2022-03-07T14:20:26","slug":"asueto-administrativo-para-las-empleadas-del-poder-legislativo-local-para-este-8-de-marzo","status":"publish","type":"post","link":"https:\/\/concejocuruzucuatia.gob.ar\/wp\/2022\/03\/07\/asueto-administrativo-para-las-empleadas-del-poder-legislativo-local-para-este-8-de-marzo\/","title":{"rendered":"Asueto administrativo para las empleadas del Poder Legislativo local para este 8 de Marzo"},"content":{"rendered":"<p><span class=\"FontStyle14\"><span lang=\"ES-TRAD\">Que con motivos de celebrarse este 08 de marzo el d\u00eda Internacional de la Mujer, el Sr. Gobernador de la Provincia mediante el Decreto N\u00b0 394\/22 declar\u00f3 asueto administrativo y escolar para las mujeres de la administraci\u00f3n p\u00fablica provincial- centralizada, descentralizada y entes aut\u00e1rquicos.<\/span><\/span><\/p>\n<p class=\"Style7\" style=\"text-align: justify; text-justify: inter-ideograph; line-height: 12.0pt; mso-line-height-rule: exactly; mso-pagination: widow-orphan;\"><span style=\"font-size: 10.0pt;\">Por ello por Resoluci\u00f3n de Presidencia 15\/2022 el Honorable Concejo Deliberante adhiere al Decreto provincial.\u00a0\u00a0<\/span><\/p>\n<p class=\"Style7\" style=\"line-height: 12pt; text-align: center;\"><span class=\"FontStyle15\"><u><span lang=\"ES-TRAD\">LA PRESIDENTE DEL HONORABLE CONCEJO<\/span><\/u><\/span><\/p>\n<p class=\"Style7\" style=\"line-height: 12pt; text-align: center;\"><span class=\"FontStyle15\"><u><span lang=\"ES-TRAD\">DELIBERANTE DE CURUZU CUATIA<\/span><\/u><\/span><\/p>\n<p class=\"Style7\" style=\"line-height: 12pt; text-align: center;\"><span class=\"FontStyle15\"><u><span lang=\"ES-TRAD\">RESUELVE<\/span><\/u><\/span><\/p>\n<p class=\"Style10\" style=\"line-height: 12pt;\"><span style=\"font-size: 10.0pt;\">\u00a0<\/span><span class=\"FontStyle15\"><span lang=\"ES-TRAD\">Art.1<sup>0<\/sup>.- Adherir <\/span><\/span><span class=\"FontStyle14\"><span lang=\"ES-TRAD\">en el \u00e1mbito del Honorable Concejo Deliberante de Curuz\u00fa Cuati\u00e1, al Decreto 394\/22 establecido por el Sr. Gobernador de la Provincia de Corrientes, el cual alcanzar\u00e1 a todas las mujeres del H.C.D.-<\/span><\/span><\/p>\n<p class=\"Style10\" style=\"margin-top: 12.0pt; line-height: normal; mso-pagination: widow-orphan;\"><span class=\"FontStyle15\"><span lang=\"ES-TRAD\">Art.2\u00b0.-COMUNIQUESE, <\/span><\/span><span class=\"FontStyle14\"><span lang=\"ES-TRAD\">reg\u00edstrese y arch\u00edvese.-<\/span><\/span><\/p>\n<p class=\"MsoNormal\">\u00a0<\/p>\n<p class=\"Style7\" style=\"margin-top: 11.75pt; text-align: justify; text-justify: inter-ideograph; mso-pagination: widow-orphan;\"><span class=\"FontStyle15\"><span lang=\"ES-TRAD\">CURUZU CUATIA CORRI\u00c9N\/TES, 07 marzo de 2022.-<\/span><\/span><\/p>\n","protected":false},"excerpt":{"rendered":"<p>Que con motivos de celebrarse este 08 de marzo el d\u00eda Internacional de la Mujer, el Sr. Gobernador de la Provincia mediante el Decreto N\u00b0 394\/22 declar\u00f3 asueto administrativo y escolar para las mujeres de la administraci\u00f3n p\u00fablica provincial- centralizada, descentralizada y entes aut\u00e1rquicos. Por ello por Resoluci\u00f3n de Presidencia 15\/2022 el Honorable Concejo Deliberante [&hellip;]<\/p>\n","protected":false},"author":1,"featured_media":0,"comment_status":"open","ping_status":"open","sticky":false,"template":"","format":"standard","meta":{"footnotes":""},"categories":[3],"tags":[],"class_list":["post-1265","post","type-post","status-publish","format-standard","hentry","category-uncategorised"],"brizy_media":[],"_links":{"self":[{"href":"https:\/\/concejocuruzucuatia.gob.ar\/wp\/wp-json\/wp\/v2\/posts\/1265","targetHints":{"allow":["GET"]}}],"collection":[{"href":"https:\/\/concejocuruzucuatia.gob.ar\/wp\/wp-json\/wp\/v2\/posts"}],"about":[{"href":"https:\/\/concejocuruzucuatia.gob.ar\/wp\/wp-json\/wp\/v2\/types\/post"}],"author":[{"embeddable":true,"href":"https:\/\/concejocuruzucuatia.gob.ar\/wp\/wp-json\/wp\/v2\/users\/1"}],"replies":[{"embeddable":true,"href":"https:\/\/concejocuruzucuatia.gob.ar\/wp\/wp-json\/wp\/v2\/comments?post=1265"}],"version-history":[{"count":0,"href":"https:\/\/concejocuruzucuatia.gob.ar\/wp\/wp-json\/wp\/v2\/posts\/1265\/revisions"}],"wp:attachment":[{"href":"https:\/\/concejocuruzucuatia.gob.ar\/wp\/wp-json\/wp\/v2\/media?parent=1265"}],"wp:term":[{"taxonomy":"category","embeddable":true,"href":"https:\/\/concejocuruzucuatia.gob.ar\/wp\/wp-json\/wp\/v2\/categories?post=1265"},{"taxonomy":"post_tag","embeddable":true,"href":"https:\/\/concejocuruzucuatia.gob.ar\/wp\/wp-json\/wp\/v2\/tags?post=1265"}],"curies":[{"name":"wp","href":"https:\/\/api.w.org\/{rel}","templated":true}]}}